{"id":89854,"date":"2024-10-06T14:02:13","date_gmt":"2024-10-06T18:02:13","guid":{"rendered":"https:\/\/lasprimeras.com.do\/?p=89854"},"modified":"2024-10-06T14:02:14","modified_gmt":"2024-10-06T18:02:14","slug":"dio-astacio-apoya-plan-de-deportacion-de-extranjeros-ilegales","status":"publish","type":"post","link":"https:\/\/lasprimeras.com.do\/index.php\/2024\/10\/06\/dio-astacio-apoya-plan-de-deportacion-de-extranjeros-ilegales\/","title":{"rendered":"Dio Astacio apoya plan de deportaci\u00f3n de extranjeros ilegales"},"content":{"rendered":"\n<p><strong>Alcalde Dio Astacio:\u00a0\u201cSi usted ama y defiende a un haitiano, ayude a que se legalice\u201d<\/strong><\/p>\n\n\n\n<p>El alcalde del municipio Santo Domingo Este, Dio Astacio, respald\u00f3 el plan de deportaciones masivas que lleva a cabo el gobierno dominicano a trav\u00e9s de la Direcci\u00f3n General de Migraci\u00f3n.<\/p>\n\n\n\n<p>Astacio revel\u00f3 que a diario recibe llamadas de dominicanos para que intervenga por un haitiano detenido en los operativos de Migraci\u00f3n y cuando se le pregunta que hizo la solicitud,&nbsp;si el haitiano est\u00e1 legal, le responden que no.<\/p>\n\n\n\n<p>\u201cHay mucha gente que ama a los haitianos, pero no los legaliza. Todo el que quiere a un haitiano de verdad, que lo ayude para que se legalice en el pa\u00eds, porque Rep\u00fablica Dominicana no puede seguir lleno de ilegales. As\u00ed que todo el que ame a un haitiano y lo defienda que me certifique que \u00e9l lo ayuda a legalizarlo\u201d, afirm\u00f3 el alcalde Dio Astacio al ser entrevistado por Mois\u00e9s Gonz\u00e1lez del peri\u00f3dico digital y programa de televisi\u00f3n Despertar Nacional.&nbsp;&nbsp;<\/p>\n\n\n\n<p>Agreg\u00f3 que todos los extranjeros que se encuentren en la Rep\u00fablica Dominicana deben andar legalmente y pagar sus impuestos, para evitar que la Direcci\u00f3n General de Migraci\u00f3n, lo deporte a su territorio por la falta de documentaci\u00f3n.<\/p>\n\n\n\n<p>El Consejo de Seguridad y Defensa Nacional,&nbsp;que encabeza el presidente de la Rep\u00fablica,&nbsp;Luis Abinader, orden\u00f3 la&nbsp;ejecuci\u00f3n inmediata&nbsp;de un&nbsp;operativo&nbsp;con el objetivo de&nbsp;repatriar hasta 10,000 migrantes por semana.&nbsp;<\/p>\n\n\n\n<p>Este operativo busca reducir el&nbsp;exceso de poblaci\u00f3n migrante&nbsp;que se percibe en las comunidades dominicanas y se llevar\u00e1 a cabo bajo&nbsp;estrictos protocolos&nbsp;que aseguren el respeto a los&nbsp;derechos humanos&nbsp;y la&nbsp;dignidad&nbsp;de los repatriados.<\/p>\n\n\n\n<p><strong>Viajar\u00e1 a Corea del Sur<\/strong><\/p>\n\n\n\n<p>El alcalde Dio Aatacio anunci\u00f3 que en los pr\u00f3ximos d\u00edas viajar\u00e1 a Corea del Sur como parte de su promesa de campa\u00f1a de convertir a Santo Domingo Este en un destino tur\u00edstico.<\/p>\n","protected":false},"excerpt":{"rendered":"<p>Alcalde Dio Astacio:\u00a0\u201cSi usted ama y defiende a un haitiano, ayude a que se legalice\u201d El alcalde del municipio Santo Domingo Este, Dio Astacio, respald\u00f3 el plan de deportaciones masivas&hellip;<\/p>\n","protected":false},"author":2,"featured_media":89855,"comment_status":"open","ping_status":"open","sticky":false,"template":"","format":"standard","meta":{"content-type":"","jetpack_post_was_ever_published":false,"_jetpack_newsletter_access":"","_jetpack_dont_email_post_to_subs":false,"_jetpack_newsletter_tier_id":0,"_jetpack_memberships_contains_paywalled_content":false,"_jetpack_memberships_contains_paid_content":false,"footnotes":""},"categories":[35,25],"tags":[4402,5987,263,930],"class_list":["post-89854","post","type-post","status-publish","format-standard","has-post-thumbnail","hentry","category-nacionales","category-portada","tag-deportacion","tag-dio-astacio","tag-haitianos","tag-migracion"],"jetpack_featured_media_url":"https:\/\/lasprimeras.com.do\/wp-content\/uploads\/2024\/10\/Dio-Astacio.jpg","jetpack-related-posts":[{"id":100262,"url":"https:\/\/lasprimeras.com.do\/index.php\/2025\/06\/04\/luis-el-gallo-felicita-a-migracion-por-deportar-a-cientos-de-miles-de-haitianos\/","url_meta":{"origin":89854,"position":0},"title":"Luis \u201cEl Gallo\u201d felicita a Migraci\u00f3n por deportar a cientos de miles de haitianos","author":"Nelson Feliz","date":"4 de junio de 2025","format":false,"excerpt":"El presidente de la Uni\u00f3n Dem\u00f3crata Cristiana \u2013UDC-, Luis Acosta Moreta, Luis \u201cEl Gallo\u201d, dio hoy su respaldo a la Direcci\u00f3n General de Migraci\u00f3n, por el excelente trabajo que realiza con la deportaci\u00f3n de indocumentados. Destac\u00f3 que el vicealmirante Luis Rafael Lee Ballester ejecuta una gran labor al frente de\u2026","rel":"","context":"En \u00abPOLITICA\u00bb","block_context":{"text":"POLITICA","link":"https:\/\/lasprimeras.com.do\/index.php\/category\/politica\/"},"img":{"alt_text":"Luis Acosta Moreta","src":"https:\/\/i0.wp.com\/lasprimeras.com.do\/wp-content\/uploads\/2025\/06\/Luis-Acosta-Moreta.jpg?resize=350%2C200&ssl=1","width":350,"height":200,"srcset":"https:\/\/i0.wp.com\/lasprimeras.com.do\/wp-content\/uploads\/2025\/06\/Luis-Acosta-Moreta.jpg?resize=350%2C200&ssl=1 1x, https:\/\/i0.wp.com\/lasprimeras.com.do\/wp-content\/uploads\/2025\/06\/Luis-Acosta-Moreta.jpg?resize=525%2C300&ssl=1 1.5x, https:\/\/i0.wp.com\/lasprimeras.com.do\/wp-content\/uploads\/2025\/06\/Luis-Acosta-Moreta.jpg?resize=700%2C400&ssl=1 2x"},"classes":[]},{"id":120102,"url":"https:\/\/lasprimeras.com.do\/index.php\/2026\/01\/20\/alcalde-dio-astacio-firma-acuerdo-con-la-universidad-spain-business-school\/","url_meta":{"origin":89854,"position":1},"title":"Alcalde Dio Astacio firma acuerdo con la universidad Spain Business School","author":"Nelson Feliz","date":"20 de enero de 2026","format":false,"excerpt":"El alcalde de Santo Domingo Este, D\u00edo Astacio, en representaci\u00f3n del Ayuntamiento, y Miguel \u00c1ngel Blanco Cedr\u00fan, rector de Spain Business School.","rel":"","context":"En \u00abNACIONALES\u00bb","block_context":{"text":"NACIONALES","link":"https:\/\/lasprimeras.com.do\/index.php\/category\/nacionales\/"},"img":{"alt_text":"El alcalde de Santo Domingo Este, D\u00edo Astacio, en representaci\u00f3n del Ayuntamiento, y Miguel \u00c1ngel Blanco Cedr\u00fan, rector de Spain Business School.","src":"https:\/\/i0.wp.com\/lasprimeras.com.do\/wp-content\/uploads\/2026\/01\/Dio-Astacio-1.jpg?resize=350%2C200&ssl=1","width":350,"height":200,"srcset":"https:\/\/i0.wp.com\/lasprimeras.com.do\/wp-content\/uploads\/2026\/01\/Dio-Astacio-1.jpg?resize=350%2C200&ssl=1 1x, https:\/\/i0.wp.com\/lasprimeras.com.do\/wp-content\/uploads\/2026\/01\/Dio-Astacio-1.jpg?resize=525%2C300&ssl=1 1.5x, https:\/\/i0.wp.com\/lasprimeras.com.do\/wp-content\/uploads\/2026\/01\/Dio-Astacio-1.jpg?resize=700%2C400&ssl=1 2x"},"classes":[]},{"id":115683,"url":"https:\/\/lasprimeras.com.do\/index.php\/2025\/11\/24\/alcalde-dio-astacio-destaca-apoyo-historico-del-gobierno-durante-lanzamiento-de-navidad-360\/","url_meta":{"origin":89854,"position":2},"title":"Alcalde D\u00edo Astacio destaca apoyo hist\u00f3rico del Gobierno durante lanzamiento de Navidad 360","author":"Nelson Feliz","date":"24 de noviembre de 2025","format":false,"excerpt":"El alcalde de Santo Domingo Este, D\u00edo Astacio, particip\u00f3 en el lanzamiento oficial del programa Navidad 360, encabezado por el presidente Luis Abinader, una iniciativa que distribuir\u00e1 m\u00e1s de 15 millones de raciones de almuerzos y cenas navide\u00f1as para garantizar unas festividades dignas y felices a las familias dominicanas. El\u2026","rel":"","context":"En \u00abNACIONALES\u00bb","block_context":{"text":"NACIONALES","link":"https:\/\/lasprimeras.com.do\/index.php\/category\/nacionales\/"},"img":{"alt_text":"D\u00edo Astacio","src":"https:\/\/i0.wp.com\/lasprimeras.com.do\/wp-content\/uploads\/2025\/11\/Dio-Astacio.jpg?resize=350%2C200&ssl=1","width":350,"height":200,"srcset":"https:\/\/i0.wp.com\/lasprimeras.com.do\/wp-content\/uploads\/2025\/11\/Dio-Astacio.jpg?resize=350%2C200&ssl=1 1x, https:\/\/i0.wp.com\/lasprimeras.com.do\/wp-content\/uploads\/2025\/11\/Dio-Astacio.jpg?resize=525%2C300&ssl=1 1.5x, https:\/\/i0.wp.com\/lasprimeras.com.do\/wp-content\/uploads\/2025\/11\/Dio-Astacio.jpg?resize=700%2C400&ssl=1 2x"},"classes":[]},{"id":101908,"url":"https:\/\/lasprimeras.com.do\/index.php\/2025\/06\/29\/fp-pide-al-gobierno-dominicano-tomar-medidas-con-la-deportacion-500-mil-haitianos-desde-ee-uu\/","url_meta":{"origin":89854,"position":3},"title":"FP pide al Gobierno dominicano tomar medidas con la deportaci\u00f3n 500 mil haitianos desde EE. UU","author":"Nelson Feliz","date":"29 de junio de 2025","format":false,"excerpt":"El secretario de la Juventud de Fuerza del Pueblo (FP), Jos\u00e9 Ernesto Abud, exhort\u00f3 al Gobierno dominicano a redoblar las medidas migratorias en la frontera, ya que el \u00e9xodo de haitianos de forma ilegal podr\u00eda aumentar en el pa\u00eds, tras el anuncio de la Administraci\u00f3n del presidente de Estados Unidos,\u2026","rel":"","context":"En \u00abPOLITICA\u00bb","block_context":{"text":"POLITICA","link":"https:\/\/lasprimeras.com.do\/index.php\/category\/politica\/"},"img":{"alt_text":"Jos\u00e9 Ernesto Abud","src":"https:\/\/i0.wp.com\/lasprimeras.com.do\/wp-content\/uploads\/2025\/06\/Jose-Ernesto-Abud.jpg?resize=350%2C200&ssl=1","width":350,"height":200,"srcset":"https:\/\/i0.wp.com\/lasprimeras.com.do\/wp-content\/uploads\/2025\/06\/Jose-Ernesto-Abud.jpg?resize=350%2C200&ssl=1 1x, https:\/\/i0.wp.com\/lasprimeras.com.do\/wp-content\/uploads\/2025\/06\/Jose-Ernesto-Abud.jpg?resize=525%2C300&ssl=1 1.5x, https:\/\/i0.wp.com\/lasprimeras.com.do\/wp-content\/uploads\/2025\/06\/Jose-Ernesto-Abud.jpg?resize=700%2C400&ssl=1 2x"},"classes":[]},{"id":54149,"url":"https:\/\/lasprimeras.com.do\/index.php\/2023\/07\/08\/luis-el-gallo-respalda-politica-oficial-deportacion-haitianos-indocumentados\/","url_meta":{"origin":89854,"position":4},"title":"Luis \u201cEl Gallo\u201d respalda pol\u00edtica oficial deportaci\u00f3n haitianos indocumentados","author":"Nelson Feliz","date":"8 de julio de 2023","format":false,"excerpt":"El presidente de la Uni\u00f3n Dem\u00f3crata Cristiana \u2013UDC-, Luis Acosta Moreta, Luis \u201cEl Gallo\u201d, dijo hoy que es necesario que el gobierno contin\u00fae con la deportaci\u00f3n de haitianos ilegales, y establezca m\u00e1s controles en la llegada de las parturientas. Destac\u00f3 que las deportaciones se llevan a cabo en orden y\u2026","rel":"","context":"En \u00abPORTADA\u00bb","block_context":{"text":"PORTADA","link":"https:\/\/lasprimeras.com.do\/index.php\/category\/portada\/"},"img":{"alt_text":"haitianos ilegales","src":"https:\/\/i0.wp.com\/lasprimeras.com.do\/wp-content\/uploads\/2023\/07\/WhatsApp-Image-2023-07-07-at-9.06.09-AM-1.jpeg?resize=350%2C200&ssl=1","width":350,"height":200,"srcset":"https:\/\/i0.wp.com\/lasprimeras.com.do\/wp-content\/uploads\/2023\/07\/WhatsApp-Image-2023-07-07-at-9.06.09-AM-1.jpeg?resize=350%2C200&ssl=1 1x, https:\/\/i0.wp.com\/lasprimeras.com.do\/wp-content\/uploads\/2023\/07\/WhatsApp-Image-2023-07-07-at-9.06.09-AM-1.jpeg?resize=525%2C300&ssl=1 1.5x"},"classes":[]},{"id":125707,"url":"https:\/\/lasprimeras.com.do\/index.php\/2026\/03\/25\/alcalde-dio-astacio-respalda-expo-feria-inmobiliaria-acosde-2026-en-sde\/","url_meta":{"origin":89854,"position":5},"title":"Alcalde D\u00edo Astacio respalda Expo feria Inmobiliaria ACOSDE 2026 en SDE","author":"Nelson Feliz","date":"25 de marzo de 2026","format":false,"excerpt":"El alcalde de Santo Domingo Este, D\u00edo Astacio, anunci\u00f3 el respaldo formal del Ayuntamiento a la primera Expoferia Inmobiliaria ACOSDE 2026. El evento, organizado por la Asociaci\u00f3n de Constructores de Santo Domingo Este (ACOSDE), se llevar\u00e1 a cabo del 14 al 17 de mayo en el sector Alma Rosa I.\u2026","rel":"","context":"En \u00abECONOM\u00cdA\u00bb","block_context":{"text":"ECONOM\u00cdA","link":"https:\/\/lasprimeras.com.do\/index.php\/category\/economia\/"},"img":{"alt_text":"D\u00edo Astacio","src":"https:\/\/i0.wp.com\/lasprimeras.com.do\/wp-content\/uploads\/2026\/03\/Dio-Astacio.jpg?resize=350%2C200&ssl=1","width":350,"height":200,"srcset":"https:\/\/i0.wp.com\/lasprimeras.com.do\/wp-content\/uploads\/2026\/03\/Dio-Astacio.jpg?resize=350%2C200&ssl=1 1x, https:\/\/i0.wp.com\/lasprimeras.com.do\/wp-content\/uploads\/2026\/03\/Dio-Astacio.jpg?resize=525%2C300&ssl=1 1.5x, https:\/\/i0.wp.com\/lasprimeras.com.do\/wp-content\/uploads\/2026\/03\/Dio-Astacio.jpg?resize=700%2C400&ssl=1 2x"},"classes":[]}],"jetpack_sharing_enabled":true,"_links":{"self":[{"href":"https:\/\/lasprimeras.com.do\/index.php\/wp-json\/wp\/v2\/posts\/89854","targetHints":{"allow":["GET"]}}],"collection":[{"href":"https:\/\/lasprimeras.com.do\/index.php\/wp-json\/wp\/v2\/posts"}],"about":[{"href":"https:\/\/lasprimeras.com.do\/index.php\/wp-json\/wp\/v2\/types\/post"}],"author":[{"embeddable":true,"href":"https:\/\/lasprimeras.com.do\/index.php\/wp-json\/wp\/v2\/users\/2"}],"replies":[{"embeddable":true,"href":"https:\/\/lasprimeras.com.do\/index.php\/wp-json\/wp\/v2\/comments?post=89854"}],"version-history":[{"count":1,"href":"https:\/\/lasprimeras.com.do\/index.php\/wp-json\/wp\/v2\/posts\/89854\/revisions"}],"predecessor-version":[{"id":89856,"href":"https:\/\/lasprimeras.com.do\/index.php\/wp-json\/wp\/v2\/posts\/89854\/revisions\/89856"}],"wp:featuredmedia":[{"embeddable":true,"href":"https:\/\/lasprimeras.com.do\/index.php\/wp-json\/wp\/v2\/media\/89855"}],"wp:attachment":[{"href":"https:\/\/lasprimeras.com.do\/index.php\/wp-json\/wp\/v2\/media?parent=89854"}],"wp:term":[{"taxonomy":"category","embeddable":true,"href":"https:\/\/lasprimeras.com.do\/index.php\/wp-json\/wp\/v2\/categories?post=89854"},{"taxonomy":"post_tag","embeddable":true,"href":"https:\/\/lasprimeras.com.do\/index.php\/wp-json\/wp\/v2\/tags?post=89854"}],"curies":[{"name":"wp","href":"https:\/\/api.w.org\/{rel}","templated":true}]}}