{"id":89857,"date":"2024-10-06T14:40:26","date_gmt":"2024-10-06T18:40:26","guid":{"rendered":"https:\/\/lasprimeras.com.do\/?p=89857"},"modified":"2024-10-06T14:40:28","modified_gmt":"2024-10-06T18:40:28","slug":"coordinador-de-pc-extincion-de-los-procesos-judiciales-representa-una-gran-preocupacion","status":"publish","type":"post","link":"https:\/\/lasprimeras.com.do\/index.php\/2024\/10\/06\/coordinador-de-pc-extincion-de-los-procesos-judiciales-representa-una-gran-preocupacion\/","title":{"rendered":"Coordinador de PC: \u201cExtinci\u00f3n de los procesos judiciales representa una gran preocupaci\u00f3n\u201d"},"content":{"rendered":"\n<p><strong>Advierte que unificar elecciones conllevar\u00eda un costo mayor para el Estado.<\/strong><\/p>\n\n\n\n<p>El coordinador general de Participaci\u00f3n Ciudadana, Erick Hern\u00e1ndez Machado, expres\u00f3 que en lo que concierne a los casos de corrupci\u00f3n administrativa en el pa\u00eds, la preocupaci\u00f3n principal de la entidad es el tiempo tan prolongado para la extinci\u00f3n de esos procesos.<\/p>\n\n\n\n<p>\u201cLa gran preocupaci\u00f3n es la extinci\u00f3n de los procesos. Ya vimos la sentencia de Odebrecht, la misma Corte de Justicia refrend\u00f3 que el proceso estaba extinguido y que, por tanto, los dos \u00faltimos imputados no ten\u00edan ning\u00fan tipo de responsabilidad\u201d, explic\u00f3 Hern\u00e1ndez Machado.<\/p>\n\n\n\n<p>En este sentido, record\u00f3 que los \u00faltimos casos de presunta corrupci\u00f3n administrativa, como los casos de \u201cAntipulpo\u201d, \u201cMedusa\u201d, \u201cCoral\u201d y \u201cCoral 5G\u201d est\u00e1n pr\u00f3ximo a cumplir los cuatro a\u00f1os, tiempo de extinci\u00f3n de los procesos.<\/p>\n\n\n\n<p>El exjuez Hern\u00e1ndez Machado explic\u00f3 que el C\u00f3digo Penal establece el tiempo de los procesos judiciales, el cual se calcula en base a los aplazamientos.<\/p>\n\n\n\n<p>\u201cSiempre que el aplazamiento no haya sido provocado por el imputado, se computa ese tiempo\u201d, dijo, al agregar que en caso de ser sometido por el imputado \u201cno se aplica a los cuatros a\u00f1os y se saca del c\u00f3mputo\u201d.<\/p>\n\n\n\n<p>Durante su participaci\u00f3n en el programa Rese\u00f1as, que conducen los periodistas Rafael N\u00fa\u00f1ez y Adelaida Mart\u00ednez R., el coordinador general de Participaci\u00f3n Ciudadana alent\u00f3 al tren judicial a definir sus pol\u00edticas con responsabilidad para evitar que los procesos no se extiendan.<\/p>\n\n\n\n<p>Consider\u00f3 que \u201cdesde la cabeza hasta quienes est\u00e1n impartiendo justicia en primer grado deben vigilar que los procesos judiciales no se extingan.<\/p>\n\n\n\n<p><strong>MP debe fortalecer m\u00e1s fase de investigaci\u00f3n<\/strong><\/p>\n\n\n\n<p>En cuanto al Ministerio P\u00fablico, Hern\u00e1ndez Machado asegur\u00f3 que el \u00f3rgano persecutor carece de recursos y capacidad t\u00e9cnica para hacer frente a las investigaciones para poder presentar expedientes eficientes, es decir, que el mismo expediente no sea un problema para el proceso y que este pueda fluir sin la necesidad de leer 12,000 p\u00e1ginas.<\/p>\n\n\n\n<p>\u201cNo decimos esto pensando que no es especializado ahora, sino que debe fortalecerse a\u00fan m\u00e1s en la fase inicial de investigaci\u00f3n y de acusaci\u00f3n\u201d, detall\u00f3.<\/p>\n\n\n\n<p><strong>PC apoya reformas; alerta unificar elecciones ser\u00eda m\u00e1s costoso&nbsp;<\/strong><\/p>\n\n\n\n<p>En cuanto al proyecto del Poder Ejecutivo de reforma constitucional y la reforma fiscal, Hern\u00e1ndez Machado, afirm\u00f3 que Participaci\u00f3n Ciudadana est\u00e1 de acuerdo con la propuesta de reforma, especialmente con la de fortalecer la no reelecci\u00f3n presidencial y la independencia del Ministerio P\u00fablico.<\/p>\n\n\n\n<p>La entidad ve positiva la ola de reformas, sin embargo, entiende que unificar las elecciones ser\u00eda m\u00e1s costoso para el Estado, en el entendido de que separadas fortalecen el liderazgo municipal.<\/p>\n\n\n\n<p>\u201cLos candidatos municipales y locales en sus elecciones deben trabajar su liderazgo evitando de tal manera el arrastre\u201d, afirm\u00f3 Hern\u00e1ndez Machado.<\/p>\n\n\n\n<p>La unificaci\u00f3n de las elecciones es uno de los temas centrales de debate en el Congreso Nacional en las \u00faltimas semanas, opci\u00f3n a la que se opone el movimiento no partidista, debido al alto costo que supondr\u00eda para el Estado dominicano.<\/p>\n\n\n\n<p>\u201cSe van a unificar las elecciones para te\u00f3ricamente ahorrar dinero, eso est\u00e1 muy lejos de ser real. Para la JCE dar el mismo resultado que dio en las elecciones pasadas tiene que duplicar su personal\u201d, enfatiz\u00f3 Hern\u00e1ndez Machado.<\/p>\n\n\n\n<p>Ante la propuesta de algunos legisladores de reducir costos con la unificaci\u00f3n del proceso, record\u00f3 que la eficiencia requiere mayor inversi\u00f3n, elemento que no se debe negociar, sobre el entendido de que la \u201cdemocracia no tiene costo\u201d.<\/p>\n\n\n\n<p>Detall\u00f3 que, tal como explic\u00f3 el Pleno de la JCE, una de las recomendaciones es ampliar el horario para las elecciones, a fin de garantizar el voto a todos los ciudadanos, as\u00ed como las indicaciones t\u00e9cnicas recomendadas por el \u00f3rgano electoral ante el Congreso.<\/p>\n\n\n\n<p>Adem\u00e1s, reconoci\u00f3 la ardua labor y desempe\u00f1o de los miembros actuales de la Junta Central Electoral, presidida por Rom\u00e1n J\u00e1quez Liranzo.<\/p>\n\n\n\n<p>\u201cHemos felicitado y reconocido p\u00fablicamente la excelente labor de los actuales miembros de la Junta Central, especialmente la prontitud de los datos, el dar espacio a otros actores como es el fiscal electoral, respetar y ejecutar de manera inmediata las sentencias que salieron del Tribunal Superior Electoral (TSE)\u201d, detall\u00f3 Hern\u00e1ndez Machado.<\/p>\n","protected":false},"excerpt":{"rendered":"<p>Advierte que unificar elecciones conllevar\u00eda un costo mayor para el Estado. El coordinador general de Participaci\u00f3n Ciudadana, Erick Hern\u00e1ndez Machado, expres\u00f3 que en lo que concierne a los casos de&hellip;<\/p>\n","protected":false},"author":2,"featured_media":89858,"comment_status":"open","ping_status":"open","sticky":false,"template":"","format":"standard","meta":{"content-type":"","jetpack_post_was_ever_published":false,"_jetpack_newsletter_access":"","_jetpack_dont_email_post_to_subs":false,"_jetpack_newsletter_tier_id":0,"_jetpack_memberships_contains_paywalled_content":false,"_jetpack_memberships_contains_paid_content":false,"footnotes":""},"categories":[35,25],"tags":[15849,7520,6158,829,916],"class_list":["post-89857","post","type-post","status-publish","format-standard","has-post-thumbnail","hentry","category-nacionales","category-portada","tag-coordinador-de-pc","tag-extincion","tag-judiciales","tag-preocupacion","tag-procesos"],"jetpack_featured_media_url":"https:\/\/lasprimeras.com.do\/wp-content\/uploads\/2024\/10\/Erick-Hernandez-Machado-2.jpg","jetpack-related-posts":[{"id":110364,"url":"https:\/\/lasprimeras.com.do\/index.php\/2025\/09\/28\/procuradora-general-recibe-una-comision-de-participacion-ciudadana\/","url_meta":{"origin":89857,"position":0},"title":"Procuradora general recibe una comisi\u00f3n de Participaci\u00f3n Ciudadana","author":"Nelson Feliz","date":"28 de septiembre de 2025","format":false,"excerpt":"\u00a0Explica el Plan Operativo de su gesti\u00f3n en diversas \u00e1reas, los avances y desaf\u00edos en materia de lucha contra la corrupci\u00f3n administrativa y la necesidad de que la poblaci\u00f3n se mantenga vigilante por la transparencia y una cultura de cero impunidad. La procuradora general de la Rep\u00fablica, Yeni Berenice Reynoso,\u2026","rel":"","context":"En \u00abJUSTICIA\u00bb","block_context":{"text":"JUSTICIA","link":"https:\/\/lasprimeras.com.do\/index.php\/category\/justicia\/"},"img":{"alt_text":"","src":"https:\/\/i0.wp.com\/lasprimeras.com.do\/wp-content\/uploads\/2025\/09\/procuradora.jpg?resize=350%2C200&ssl=1","width":350,"height":200,"srcset":"https:\/\/i0.wp.com\/lasprimeras.com.do\/wp-content\/uploads\/2025\/09\/procuradora.jpg?resize=350%2C200&ssl=1 1x, https:\/\/i0.wp.com\/lasprimeras.com.do\/wp-content\/uploads\/2025\/09\/procuradora.jpg?resize=525%2C300&ssl=1 1.5x, https:\/\/i0.wp.com\/lasprimeras.com.do\/wp-content\/uploads\/2025\/09\/procuradora.jpg?resize=700%2C400&ssl=1 2x"},"classes":[]},{"id":79066,"url":"https:\/\/lasprimeras.com.do\/index.php\/2024\/03\/23\/erick-hernandez-machado-es-el-nuevo-coordinador-general-de-pc\/","url_meta":{"origin":89857,"position":1},"title":"Erick Hern\u00e1ndez Machado es el nuevo coordinador general de PC","author":"BIMARY DE JES\u00daS Matos","date":"23 de marzo de 2024","format":false,"excerpt":"Santo Domingo.-El Consejo Nacional del movimiento c\u00edvico y cap\u00edtulo dominicano de Transparencia Internacional, Participaci\u00f3n Ciudadana (PC), eligi\u00f3 a Erick Hern\u00e1ndez Machado, como el nuevo coordinador general de la instituci\u00f3n para el periodo 2024-2025. Machado es Doctor en Derecho, con una maestr\u00eda en Legislaci\u00f3n Empresarial y Econ\u00f3mica y en Derecho Inmobiliario,\u2026","rel":"","context":"En \u00abSin categor\u00eda\u00bb","block_context":{"text":"Sin categor\u00eda","link":"https:\/\/lasprimeras.com.do\/index.php\/category\/sin-categoria\/"},"img":{"alt_text":"","src":"","width":0,"height":0},"classes":[]},{"id":127652,"url":"https:\/\/lasprimeras.com.do\/index.php\/2026\/04\/14\/pc-sigue-casos-de-corrupcion-en-el-sector-publico-principalmente-el-de-jean-alain\/","url_meta":{"origin":89857,"position":2},"title":"PC sigue casos de corrupci\u00f3n en el sector p\u00fablico principalmente el de Jean Alain","author":"Nelson Feliz","date":"14 de abril de 2026","format":false,"excerpt":"El movimiento c\u00edvico Participaci\u00f3n Ciudadana, contin\u00faa dando seguimiento a los casos de gran corrupci\u00f3n en el sector p\u00fablico que se conocen en los tribunales de la Rep\u00fablica Dominicana. En esta ocasi\u00f3n presentamos nuestro octavo informe, dedicado exclusivamente al caso de Jean Alain Rodr\u00edguez y compartes.\u00a0 Las medidas de coerci\u00f3n contra\u2026","rel":"","context":"En \u00abJUSTICIA\u00bb","block_context":{"text":"JUSTICIA","link":"https:\/\/lasprimeras.com.do\/index.php\/category\/justicia\/"},"img":{"alt_text":"","src":"https:\/\/i0.wp.com\/lasprimeras.com.do\/wp-content\/uploads\/2024\/05\/PC.jpg?resize=350%2C200&ssl=1","width":350,"height":200,"srcset":"https:\/\/i0.wp.com\/lasprimeras.com.do\/wp-content\/uploads\/2024\/05\/PC.jpg?resize=350%2C200&ssl=1 1x, https:\/\/i0.wp.com\/lasprimeras.com.do\/wp-content\/uploads\/2024\/05\/PC.jpg?resize=525%2C300&ssl=1 1.5x, https:\/\/i0.wp.com\/lasprimeras.com.do\/wp-content\/uploads\/2024\/05\/PC.jpg?resize=700%2C400&ssl=1 2x"},"classes":[]},{"id":59052,"url":"https:\/\/lasprimeras.com.do\/index.php\/2023\/08\/30\/senado-aprueba-en-primera-lectura-el-proyecto-de-ley-de-bienes-incautados\/","url_meta":{"origin":89857,"position":3},"title":"Senado aprueba en primera lectura el proyecto de ley de bienes incautados","author":"Nelson Feliz","date":"30 de agosto de 2023","format":false,"excerpt":"Tras su reintroducci\u00f3n en esta legislatura, el Senado de la Rep\u00fablica aprob\u00f3 este martes en primera lectura el proyecto de Ley para la Administraci\u00f3n y Disposici\u00f3n de Bienes Incautados, Decomisados y Abandonados en los Procesos Penales y en los Juicios de Extinci\u00f3n de Dominio. La iniciativa de los senadores de\u2026","rel":"","context":"En \u00abECONOM\u00cdA\u00bb","block_context":{"text":"ECONOM\u00cdA","link":"https:\/\/lasprimeras.com.do\/index.php\/category\/economia\/"},"img":{"alt_text":"F\u00e9lix Bautista","src":"https:\/\/i0.wp.com\/lasprimeras.com.do\/wp-content\/uploads\/2023\/08\/Felix-Bautista.jpg?resize=350%2C200&ssl=1","width":350,"height":200,"srcset":"https:\/\/i0.wp.com\/lasprimeras.com.do\/wp-content\/uploads\/2023\/08\/Felix-Bautista.jpg?resize=350%2C200&ssl=1 1x, https:\/\/i0.wp.com\/lasprimeras.com.do\/wp-content\/uploads\/2023\/08\/Felix-Bautista.jpg?resize=525%2C300&ssl=1 1.5x, https:\/\/i0.wp.com\/lasprimeras.com.do\/wp-content\/uploads\/2023\/08\/Felix-Bautista.jpg?resize=700%2C400&ssl=1 2x"},"classes":[]},{"id":100339,"url":"https:\/\/lasprimeras.com.do\/index.php\/2025\/06\/05\/comision-que-estudia-proyecto-de-ley-sobre-libertad-de-expresion-escucho-a-representantes-de-pc\/","url_meta":{"origin":89857,"position":4},"title":"Comisi\u00f3n que estudia proyecto de ley sobre libertad de expresi\u00f3n escuch\u00f3 a representantes de PC","author":"Nelson Feliz","date":"5 de junio de 2025","format":false,"excerpt":"Por: Adalgisa S\u00e1nchez La Comisi\u00f3n Especial que tiene a su cargo analizar y estudiar el Proyecto de Ley Org\u00e1nica de Libertad de Expresi\u00f3n y Medios Audiovisuales, recibi\u00f3 este mi\u00e9rcoles a representantes de Participaci\u00f3n Ciudadana, quienes afirmaron est\u00e1r de acuerdo con la creaci\u00f3n de esta ley, sin embargo, expusieron su preocupaci\u00f3n\u2026","rel":"","context":"En \u00abNACIONALES\u00bb","block_context":{"text":"NACIONALES","link":"https:\/\/lasprimeras.com.do\/index.php\/category\/nacionales\/"},"img":{"alt_text":"Comisi\u00f3n Especial","src":"https:\/\/i0.wp.com\/lasprimeras.com.do\/wp-content\/uploads\/2025\/06\/Comision-Especial.jpg?resize=350%2C200&ssl=1","width":350,"height":200,"srcset":"https:\/\/i0.wp.com\/lasprimeras.com.do\/wp-content\/uploads\/2025\/06\/Comision-Especial.jpg?resize=350%2C200&ssl=1 1x, https:\/\/i0.wp.com\/lasprimeras.com.do\/wp-content\/uploads\/2025\/06\/Comision-Especial.jpg?resize=525%2C300&ssl=1 1.5x, https:\/\/i0.wp.com\/lasprimeras.com.do\/wp-content\/uploads\/2025\/06\/Comision-Especial.jpg?resize=700%2C400&ssl=1 2x"},"classes":[]},{"id":54482,"url":"https:\/\/lasprimeras.com.do\/index.php\/2023\/07\/11\/ocabid-participa-entrenamiento-con-the-u-s-marshals-service-de-los-ee-uu\/","url_meta":{"origin":89857,"position":5},"title":"OCABID participa entrenamiento con The U.S. Marshals Service de los EE.UU.","author":"Nelson Feliz","date":"11 de julio de 2023","format":false,"excerpt":"Funcionarios de la Oficina de Custodia y Administraci\u00f3n de Bienes Incautados y Decomisados (OCABID) participaron en un entrenamiento con la agencia federal The U.S. Marshals Service de los Estados Unidos, sobre procesos y sistemas de gesti\u00f3n de bienes incautados y decomisados. El adiestramiento, realizado en la ciudad de Washington, forma\u2026","rel":"","context":"En \u00abNACIONALES\u00bb","block_context":{"text":"NACIONALES","link":"https:\/\/lasprimeras.com.do\/index.php\/category\/nacionales\/"},"img":{"alt_text":"Manuel Oviedo Estrada","src":"https:\/\/i0.wp.com\/lasprimeras.com.do\/wp-content\/uploads\/2023\/07\/Manuel-Oviedo-director-OCABID.jpg?resize=350%2C200&ssl=1","width":350,"height":200,"srcset":"https:\/\/i0.wp.com\/lasprimeras.com.do\/wp-content\/uploads\/2023\/07\/Manuel-Oviedo-director-OCABID.jpg?resize=350%2C200&ssl=1 1x, https:\/\/i0.wp.com\/lasprimeras.com.do\/wp-content\/uploads\/2023\/07\/Manuel-Oviedo-director-OCABID.jpg?resize=525%2C300&ssl=1 1.5x, https:\/\/i0.wp.com\/lasprimeras.com.do\/wp-content\/uploads\/2023\/07\/Manuel-Oviedo-director-OCABID.jpg?resize=700%2C400&ssl=1 2x"},"classes":[]}],"jetpack_sharing_enabled":true,"_links":{"self":[{"href":"https:\/\/lasprimeras.com.do\/index.php\/wp-json\/wp\/v2\/posts\/89857","targetHints":{"allow":["GET"]}}],"collection":[{"href":"https:\/\/lasprimeras.com.do\/index.php\/wp-json\/wp\/v2\/posts"}],"about":[{"href":"https:\/\/lasprimeras.com.do\/index.php\/wp-json\/wp\/v2\/types\/post"}],"author":[{"embeddable":true,"href":"https:\/\/lasprimeras.com.do\/index.php\/wp-json\/wp\/v2\/users\/2"}],"replies":[{"embeddable":true,"href":"https:\/\/lasprimeras.com.do\/index.php\/wp-json\/wp\/v2\/comments?post=89857"}],"version-history":[{"count":1,"href":"https:\/\/lasprimeras.com.do\/index.php\/wp-json\/wp\/v2\/posts\/89857\/revisions"}],"predecessor-version":[{"id":89859,"href":"https:\/\/lasprimeras.com.do\/index.php\/wp-json\/wp\/v2\/posts\/89857\/revisions\/89859"}],"wp:featuredmedia":[{"embeddable":true,"href":"https:\/\/lasprimeras.com.do\/index.php\/wp-json\/wp\/v2\/media\/89858"}],"wp:attachment":[{"href":"https:\/\/lasprimeras.com.do\/index.php\/wp-json\/wp\/v2\/media?parent=89857"}],"wp:term":[{"taxonomy":"category","embeddable":true,"href":"https:\/\/lasprimeras.com.do\/index.php\/wp-json\/wp\/v2\/categories?post=89857"},{"taxonomy":"post_tag","embeddable":true,"href":"https:\/\/lasprimeras.com.do\/index.php\/wp-json\/wp\/v2\/tags?post=89857"}],"curies":[{"name":"wp","href":"https:\/\/api.w.org\/{rel}","templated":true}]}}