{"id":89865,"date":"2024-10-06T15:31:09","date_gmt":"2024-10-06T19:31:09","guid":{"rendered":"https:\/\/lasprimeras.com.do\/?p=89865"},"modified":"2024-10-06T15:31:10","modified_gmt":"2024-10-06T19:31:10","slug":"raquel-pena-entrega-escuela-campo-de-beisbol-y-da-palazo-para-ampliacion-de-hospital-en-el-sur","status":"publish","type":"post","link":"https:\/\/lasprimeras.com.do\/index.php\/2024\/10\/06\/raquel-pena-entrega-escuela-campo-de-beisbol-y-da-palazo-para-ampliacion-de-hospital-en-el-sur\/","title":{"rendered":"Raquel Pe\u00f1a entrega escuela, campo de b\u00e9isbol y da palazo para ampliaci\u00f3n de hospital en el Sur"},"content":{"rendered":"\n<p><strong>Inversi\u00f3n en estas obras sobrepasa los RD$ 220 MM.<\/strong><\/p>\n\n\n\n<p>La vicepresidenta de la Rep\u00fablica, Raquel Pe\u00f1a, entreg\u00f3 este domingo importantes obras para beneficio de comunidades del Sur del pa\u00eds, en materia de educaci\u00f3n, salud y deporte; pilares del Gobierno dominicano para la transformaci\u00f3n de cada localidad.<\/p>\n\n\n\n<p>La primera parada del d\u00eda fue para dejar formalmente iniciados los trabajos de remozamiento y ampliaci\u00f3n del Hospital Municipal de Vicente Noble, en la provincia Barahona.<\/p>\n\n\n\n<p>La intervenci\u00f3n se realizar\u00e1 con una inversi\u00f3n de RD$ 134,166,654 para garantizar la seguridad hospitalaria y el derecho a la salud de todos los comunitarios de Vicente Noble, Bombita, Fondo Negro, Arroyo Grande, Quita Coraza y Canoa, donde residen m\u00e1s de 25,000 habitantes.<\/p>\n\n\n\n<p>Mientras, el director ejecutivo del Servicio Nacional de Salud (SNS), doctor Mario Lama, se\u00f1al\u00f3 que estas inversiones son fundamentales para el bienestar de la poblaci\u00f3n y para el desarrollo integral de la regi\u00f3n.<\/p>\n\n\n\n<p>Adem\u00e1s, Lama resalt\u00f3 otras intervenciones que se est\u00e1n desarrollando en las provincias del sur para reforzar la salud de sus habitantes, tales como la construcci\u00f3n por primera vez de un hospital materno infantil en Barahona, un traumatol\u00f3gico en Azua y la Unidad de Pie Diab\u00e9tico en Bahoruco.<\/p>\n\n\n\n<p>De la inversi\u00f3n total, RD$ 26,500,000 se destinar\u00e1n para equipamiento, RD$ 75,492,547 se utilizar\u00e1 para el remozamiento y los RD$ 32,174,107 restantes se invertir\u00e1n en la sala de emergencias del hospital.<\/p>\n\n\n\n<p>Posteriormente, Raquel Pe\u00f1a se traslad\u00f3 a San Juan, para entregar el Centro Educativo Desiderio Morillo M\u00e9ndez, en el distrito municipal Batista, El Cercado.<\/p>\n\n\n\n<p>Durante el acto, Pe\u00f1a indico que este plantel simboliza el firme compromiso del gobierno que encabeza el presidente Luis Abinader, con la educaci\u00f3n como pilar fundamental para el desarrollo de toda la Rep\u00fablica Dominicana.<\/p>\n\n\n\n<p>&#8220;Nuestros esfuerzos est\u00e1n dirigidos a que nuestros j\u00f3venes tengan todas las herramientas que necesitan para triunfar, y hacer de este municipio un referente de desarrollo en toda la regi\u00f3n&#8221;, ponder\u00f3 la vicepresidenta de la Rep\u00fablica.<\/p>\n\n\n\n<p>El centro educativo de nivel medio, que beneficiar\u00e1 a unos 280 estudiantes, fue construido pensando en la educaci\u00f3n de calidad que merecen los ni\u00f1os y las ni\u00f1as de la comunicada de Batista, con una inversi\u00f3n de RD$ 59,322,363 y posee ocho aulas, laboratorio de ciencias y otro de c\u00f3mputo; enfermer\u00eda biblioteca, espacios de recreaci\u00f3n, cancha, \u00e1reas verdes y plaza c\u00edvica.<\/p>\n\n\n\n<p>Tambi\u00e9n sal\u00f3n multiusos, oficina de orientaci\u00f3n, ba\u00f1os, conserjer\u00eda, dep\u00f3sitos y vertederos, cocina, comedor, verjas de seguridad, adem\u00e1s los profesores tienen un espacio donde podr\u00e1n realizar sus planificaciones.<\/p>\n\n\n\n<p>En tanto, con el objetivo de aumentar la tasa de participaci\u00f3n recreativa, Raquel Pena entrego el campo de b\u00e9isbol de Batista, con un \u00e1rea de juego de 4,500 m2, gradas de 35.6 m2, 208 ml aceras y contenes, 2 dugout, 2 ba\u00f1os y 227.36 ml de verja perimetral.<\/p>\n\n\n\n<p>&#8220;Esta es una plataforma donde nuestros j\u00f3venes pueden seguir so\u00f1ando en grande, llegando tan lejos como lo hicieron grandes figuras del b\u00e9isbol como Gerson Bautista, o Jean Segura, nacidas en esta provincia de San Juan&#8221;, augur\u00f3 Pe\u00f1a.<\/p>\n\n\n\n<p>Expreso adem\u00e1s que, desde hoy, los j\u00f3venes no solo podr\u00e1n practicar el b\u00e9isbol en las mejores condiciones, sino tambi\u00e9n desarrollar su talento, y convertirse en mejores ciudadanos, aprendiendo de la importancia de la disciplina, la constancia y el trabajo en equipo como valores esenciales no solo en el campo de juego, sino en la vida.<\/p>\n\n\n\n<p>El campo para practicar esta disciplina deportiva cont\u00f3 con un monto de inversi\u00f3n RD$ 29,621,170.85, el cual beneficiar\u00e1 a 2,000 j\u00f3venes, ni\u00f1os y adolescentes en edad de practicar alg\u00fan deporte en la comunidad de Batista.<\/p>\n\n\n\n<p>Acompa\u00f1aron a la vicepresidenta tambi\u00e9n \u00c1ngel de la Cruz, Presidente de la Comisi\u00f3n Presidencial de Apoyo al Desarrollo Provincial; Ana Mar\u00eda Castillo, gobernadora civil y provincial de San Juan; Pedro S\u00e1nchez, alcalde distrital de Batista; entre otras autoridades nacionales y locales.<\/p>\n","protected":false},"excerpt":{"rendered":"<p>Inversi\u00f3n en estas obras sobrepasa los RD$ 220 MM. La vicepresidenta de la Rep\u00fablica, Raquel Pe\u00f1a, entreg\u00f3 este domingo importantes obras para beneficio de comunidades del Sur del pa\u00eds, en&hellip;<\/p>\n","protected":false},"author":2,"featured_media":89866,"comment_status":"open","ping_status":"open","sticky":false,"template":"","format":"standard","meta":{"content-type":"","jetpack_post_was_ever_published":false,"_jetpack_newsletter_access":"","_jetpack_dont_email_post_to_subs":false,"_jetpack_newsletter_tier_id":0,"_jetpack_memberships_contains_paywalled_content":false,"_jetpack_memberships_contains_paid_content":false,"footnotes":""},"categories":[39,25],"tags":[15851,853,15852,15046,2873],"class_list":["post-89865","post","type-post","status-publish","format-standard","has-post-thumbnail","hentry","category-economia","category-portada","tag-campo-de-beisbol-2","tag-escuela","tag-hospital-en-el-sur","tag-palazo","tag-raquel-pena"],"jetpack_featured_media_url":"https:\/\/lasprimeras.com.do\/wp-content\/uploads\/2024\/10\/Raquel-Pena-6.jpg","jetpack-related-posts":[{"id":123922,"url":"https:\/\/lasprimeras.com.do\/index.php\/2026\/03\/06\/raquel-pena-entrega-dos-centros-de-salud-en-santiago-y-la-vega-deja-iniciados-el-de-pantoja\/","url_meta":{"origin":89865,"position":0},"title":"Raquel Pe\u00f1a entrega dos centros de salud en Santiago y La Vega; deja iniciados el de Pantoja","author":"Nelson Feliz","date":"6 de marzo de 2026","format":false,"excerpt":"Las obras suman una inversi\u00f3n superior a RD$348 millones y beneficiar\u00e1n a miles de familias. La vicepresidenta de la Rep\u00fablica, Raquel Pe\u00f1a, encabez\u00f3 este viernes la entrega de dos Centros de Primer Nivel renovados en Santiago y La Vega y dej\u00f3 iniciados los trabajos de readecuaci\u00f3n del edificio que albergar\u00e1\u2026","rel":"","context":"En \u00abSALUD\u00bb","block_context":{"text":"SALUD","link":"https:\/\/lasprimeras.com.do\/index.php\/category\/salud\/"},"img":{"alt_text":"Raquel Pena","src":"https:\/\/i0.wp.com\/lasprimeras.com.do\/wp-content\/uploads\/2026\/03\/Raquel-Pena-1.jpg?resize=350%2C200&ssl=1","width":350,"height":200,"srcset":"https:\/\/i0.wp.com\/lasprimeras.com.do\/wp-content\/uploads\/2026\/03\/Raquel-Pena-1.jpg?resize=350%2C200&ssl=1 1x, https:\/\/i0.wp.com\/lasprimeras.com.do\/wp-content\/uploads\/2026\/03\/Raquel-Pena-1.jpg?resize=525%2C300&ssl=1 1.5x, https:\/\/i0.wp.com\/lasprimeras.com.do\/wp-content\/uploads\/2026\/03\/Raquel-Pena-1.jpg?resize=700%2C400&ssl=1 2x"},"classes":[]},{"id":93663,"url":"https:\/\/lasprimeras.com.do\/index.php\/2025\/02\/16\/raquel-pena-entrega-ocho-obras-en-santiago-rodriguez-y-dajabon\/","url_meta":{"origin":89865,"position":1},"title":"Raquel Pe\u00f1a entrega ocho obras en Santiago Rodr\u00edguez y Dajab\u00f3n","author":"Nelson Feliz","date":"16 de febrero de 2025","format":false,"excerpt":"\u201cCada inauguraci\u00f3n es una victoria para el pa\u00eds, y un paso hacia el desarrollo integral\u201d. La vicepresidenta de la Rep\u00fablica, Raquel Pe\u00f1a, entreg\u00f3 este domingo ocho obras que impactar\u00e1n la calidad de vida de la poblaci\u00f3n de las provincias Santiago Rodr\u00edguez y Dajab\u00f3n. Se trata de las carretera Martin Garc\u00eda-\u2026","rel":"","context":"En \u00abECONOM\u00cdA\u00bb","block_context":{"text":"ECONOM\u00cdA","link":"https:\/\/lasprimeras.com.do\/index.php\/category\/economia\/"},"img":{"alt_text":"Raquel Pe\u00f1a","src":"https:\/\/i0.wp.com\/lasprimeras.com.do\/wp-content\/uploads\/2025\/02\/Raquel-Pena-4.jpg?resize=350%2C200&ssl=1","width":350,"height":200,"srcset":"https:\/\/i0.wp.com\/lasprimeras.com.do\/wp-content\/uploads\/2025\/02\/Raquel-Pena-4.jpg?resize=350%2C200&ssl=1 1x, https:\/\/i0.wp.com\/lasprimeras.com.do\/wp-content\/uploads\/2025\/02\/Raquel-Pena-4.jpg?resize=525%2C300&ssl=1 1.5x, https:\/\/i0.wp.com\/lasprimeras.com.do\/wp-content\/uploads\/2025\/02\/Raquel-Pena-4.jpg?resize=700%2C400&ssl=1 2x"},"classes":[]},{"id":105547,"url":"https:\/\/lasprimeras.com.do\/index.php\/2025\/08\/04\/barahona-dispone-este-ano-de-rd319-8-millones-para-construccion-de-escuelas-que-todavia-no-se-ejecutan\/","url_meta":{"origin":89865,"position":2},"title":"Barahona dispone este a\u00f1o de RD$319.8 millones para construcci\u00f3n de escuelas que todav\u00eda no se ejecutan","author":"Nelson Feliz","date":"4 de agosto de 2025","format":false,"excerpt":"En proyectos de ampliaci\u00f3n, hay 19 planteles educativos a los cuales deben hacerle el \u00e1rea de inicial; el dinero est\u00e1, pero no se han hecho las obras Por Esteban DelgadoEl Dinero Este a\u00f1o, el Gobierno tiene una asignaci\u00f3n presupuestaria de RD$319.8 millones para la \u201cconstrucci\u00f3n de planteles escolares\u201d en la\u2026","rel":"","context":"En \u00abECONOM\u00cdA\u00bb","block_context":{"text":"ECONOM\u00cdA","link":"https:\/\/lasprimeras.com.do\/index.php\/category\/economia\/"},"img":{"alt_text":"","src":"https:\/\/i0.wp.com\/lasprimeras.com.do\/wp-content\/uploads\/2025\/08\/Escuela-Barahona.jpg?resize=350%2C200&ssl=1","width":350,"height":200,"srcset":"https:\/\/i0.wp.com\/lasprimeras.com.do\/wp-content\/uploads\/2025\/08\/Escuela-Barahona.jpg?resize=350%2C200&ssl=1 1x, https:\/\/i0.wp.com\/lasprimeras.com.do\/wp-content\/uploads\/2025\/08\/Escuela-Barahona.jpg?resize=525%2C300&ssl=1 1.5x, https:\/\/i0.wp.com\/lasprimeras.com.do\/wp-content\/uploads\/2025\/08\/Escuela-Barahona.jpg?resize=700%2C400&ssl=1 2x"},"classes":[]},{"id":107580,"url":"https:\/\/lasprimeras.com.do\/index.php\/2025\/08\/28\/la-vicepresidenta-raquel-pena-junto-al-senador-ricardo-de-los-santos-entregan-obras-en-sanchez-ramirez\/","url_meta":{"origin":89865,"position":3},"title":"La vicepresidenta Raquel Pe\u00f1a junto al senador Ricardo de los Santos entregan obras en S\u00e1nchez Ram\u00edrez","author":"Nelson Feliz","date":"28 de agosto de 2025","format":false,"excerpt":"Entre las obras inauguradas se destaca una nueva Unidad de Pie Diab\u00e9tico y Oncolog\u00eda en el Hospital Inmaculada Concepci\u00f3n, as\u00ed como varias carreteras en distintos municipios de la provincia. El Senador por la provincia S\u00e1nchez Ram\u00edrez, Ricardo de los Santos, y la vicepresidenta Raquel Pe\u00f1a encabezaron la entrega de varias\u2026","rel":"","context":"En \u00abNACIONALES\u00bb","block_context":{"text":"NACIONALES","link":"https:\/\/lasprimeras.com.do\/index.php\/category\/nacionales\/"},"img":{"alt_text":"","src":"https:\/\/i0.wp.com\/lasprimeras.com.do\/wp-content\/uploads\/2025\/08\/Raquel-Pena-1.jpg?resize=350%2C200&ssl=1","width":350,"height":200,"srcset":"https:\/\/i0.wp.com\/lasprimeras.com.do\/wp-content\/uploads\/2025\/08\/Raquel-Pena-1.jpg?resize=350%2C200&ssl=1 1x, https:\/\/i0.wp.com\/lasprimeras.com.do\/wp-content\/uploads\/2025\/08\/Raquel-Pena-1.jpg?resize=525%2C300&ssl=1 1.5x, https:\/\/i0.wp.com\/lasprimeras.com.do\/wp-content\/uploads\/2025\/08\/Raquel-Pena-1.jpg?resize=700%2C400&ssl=1 2x"},"classes":[]},{"id":114927,"url":"https:\/\/lasprimeras.com.do\/index.php\/2025\/11\/15\/raquel-pena-inaugura-remozamiento-hospital-municipal-de-piedra-blanca\/","url_meta":{"origin":89865,"position":4},"title":"Raquel Pe\u00f1a inaugura remozamiento Hospital Municipal de Piedra Blanca","author":"Nelson Feliz","date":"15 de noviembre de 2025","format":false,"excerpt":"El Servicio Nacional de Salud (SNS) entreg\u00f3 este s\u00e1bado el remozamiento del Hospital Municipal de Piedra Blanca, durante un acto encabezado por la vicepresidenta Raquel Pe\u00f1a, una intervenci\u00f3n estructural que beneficiar\u00e1 a los m\u00e1s de 26,000 habitantes de Piedra Blanca, Monse\u00f1or Nouel. Los trabajos representaron una inversi\u00f3n total de RD$45,004,572.09,\u2026","rel":"","context":"En \u00abPORTADA\u00bb","block_context":{"text":"PORTADA","link":"https:\/\/lasprimeras.com.do\/index.php\/category\/portada\/"},"img":{"alt_text":"","src":"https:\/\/i0.wp.com\/lasprimeras.com.do\/wp-content\/uploads\/2025\/11\/Raquel-Pena.jpg?resize=350%2C200&ssl=1","width":350,"height":200,"srcset":"https:\/\/i0.wp.com\/lasprimeras.com.do\/wp-content\/uploads\/2025\/11\/Raquel-Pena.jpg?resize=350%2C200&ssl=1 1x, https:\/\/i0.wp.com\/lasprimeras.com.do\/wp-content\/uploads\/2025\/11\/Raquel-Pena.jpg?resize=525%2C300&ssl=1 1.5x, https:\/\/i0.wp.com\/lasprimeras.com.do\/wp-content\/uploads\/2025\/11\/Raquel-Pena.jpg?resize=700%2C400&ssl=1 2x"},"classes":[]},{"id":114560,"url":"https:\/\/lasprimeras.com.do\/index.php\/2025\/07\/04\/vicepresidenta-raquel-pena-entrega-unidad-de-pie-diabetico-en-hospital-municipal-de-imbert\/","url_meta":{"origin":89865,"position":5},"title":"Vicepresidenta Raquel Pe\u00f1a entrega Unidad de Pie Diab\u00e9tico en Hospital Municipal de Imbert","author":"Nelson Feliz","date":"4 de julio de 2025","format":false,"excerpt":"Segunda, de diez que construye el Gobierno en distintos puntos del pa\u00eds. La vicepresidenta de la Rep\u00fablica, Raquel Pe\u00f1a, junto al director del Servicio Nacional de Salud (SNS), Mario Lama, entreg\u00f3 este viernes la segunda Unidad de Pie Diab\u00e9tico, en el Hospital Municipal de Imbert, provincia Puerto Plata, como parte\u2026","rel":"","context":"En \u00abPORTADA\u00bb","block_context":{"text":"PORTADA","link":"https:\/\/lasprimeras.com.do\/index.php\/category\/portada\/"},"img":{"alt_text":"","src":"https:\/\/i0.wp.com\/lasprimeras.com.do\/wp-content\/uploads\/2025\/11\/Raquel-Pena-2.jpg?resize=350%2C200&ssl=1","width":350,"height":200,"srcset":"https:\/\/i0.wp.com\/lasprimeras.com.do\/wp-content\/uploads\/2025\/11\/Raquel-Pena-2.jpg?resize=350%2C200&ssl=1 1x, https:\/\/i0.wp.com\/lasprimeras.com.do\/wp-content\/uploads\/2025\/11\/Raquel-Pena-2.jpg?resize=525%2C300&ssl=1 1.5x, https:\/\/i0.wp.com\/lasprimeras.com.do\/wp-content\/uploads\/2025\/11\/Raquel-Pena-2.jpg?resize=700%2C400&ssl=1 2x"},"classes":[]}],"jetpack_sharing_enabled":true,"_links":{"self":[{"href":"https:\/\/lasprimeras.com.do\/index.php\/wp-json\/wp\/v2\/posts\/89865","targetHints":{"allow":["GET"]}}],"collection":[{"href":"https:\/\/lasprimeras.com.do\/index.php\/wp-json\/wp\/v2\/posts"}],"about":[{"href":"https:\/\/lasprimeras.com.do\/index.php\/wp-json\/wp\/v2\/types\/post"}],"author":[{"embeddable":true,"href":"https:\/\/lasprimeras.com.do\/index.php\/wp-json\/wp\/v2\/users\/2"}],"replies":[{"embeddable":true,"href":"https:\/\/lasprimeras.com.do\/index.php\/wp-json\/wp\/v2\/comments?post=89865"}],"version-history":[{"count":1,"href":"https:\/\/lasprimeras.com.do\/index.php\/wp-json\/wp\/v2\/posts\/89865\/revisions"}],"predecessor-version":[{"id":89867,"href":"https:\/\/lasprimeras.com.do\/index.php\/wp-json\/wp\/v2\/posts\/89865\/revisions\/89867"}],"wp:featuredmedia":[{"embeddable":true,"href":"https:\/\/lasprimeras.com.do\/index.php\/wp-json\/wp\/v2\/media\/89866"}],"wp:attachment":[{"href":"https:\/\/lasprimeras.com.do\/index.php\/wp-json\/wp\/v2\/media?parent=89865"}],"wp:term":[{"taxonomy":"category","embeddable":true,"href":"https:\/\/lasprimeras.com.do\/index.php\/wp-json\/wp\/v2\/categories?post=89865"},{"taxonomy":"post_tag","embeddable":true,"href":"https:\/\/lasprimeras.com.do\/index.php\/wp-json\/wp\/v2\/tags?post=89865"}],"curies":[{"name":"wp","href":"https:\/\/api.w.org\/{rel}","templated":true}]}}