{"id":89886,"date":"2024-10-06T17:08:09","date_gmt":"2024-10-06T21:08:09","guid":{"rendered":"https:\/\/lasprimeras.com.do\/?p=89886"},"modified":"2024-10-06T17:08:11","modified_gmt":"2024-10-06T21:08:11","slug":"charles-mariotti-el-pld-seguira-creciendo-en-la-provincia-espaillat","status":"publish","type":"post","link":"https:\/\/lasprimeras.com.do\/index.php\/2024\/10\/06\/charles-mariotti-el-pld-seguira-creciendo-en-la-provincia-espaillat\/","title":{"rendered":"Charles Mariotti: El PLD seguir\u00e1 creciendo en la provincia Espaillat"},"content":{"rendered":"\n<p><strong>Charles Mariotti, Sec.Gral., se re\u00fane con la direcci\u00f3n del PLD en la provincia Espaillat, confirma la determinaci\u00f3n de sus dirigentes de fortalecer el Partido.&nbsp;<\/strong><strong><\/strong><\/p>\n\n\n\n<p>De los&nbsp;33 miembros del Comit\u00e9 Central&nbsp;del Partido de la Liberaci\u00f3n Dominicana en la provincia Espaillat, 25 siguen en total y absoluta disposici\u00f3n de trabajar por su Partido.<\/p>\n\n\n\n<p>La aseveraci\u00f3n es del Secretario General del Partido de la Liberaci\u00f3n Dominicana, Charles Mariotti, quien se reuni\u00f3 con la direcci\u00f3n del PLD en&nbsp;la norte\u00f1a provincia realizando una evaluaci\u00f3n municipio por municipio y distrito municipal por distrito municipal.<\/p>\n\n\n\n<p>\u201cRealizamos una evaluaci\u00f3n exhaustiva municipio por municipio y distrito por distrito, nos dice que hay PLD\u201d, dijo Mariotti en unas declaraciones en el encuentro realizado la tarde del s\u00e1bado en Moca.<\/p>\n\n\n\n<p>El Secretario General se hizo acompa\u00f1ar de Andr\u00e9s Navarro, miembro del Comit\u00e9 Pol\u00edtico, en el encuentro realizado con los representantes de las diferentes demarcaciones de la provincia Espaillat, dentro del esquema de la Secretar\u00eda General Itinerante.<\/p>\n\n\n\n<p>\u201cEn la reuni\u00f3n con la Direcci\u00f3n de nuestro Partido en&nbsp;la provincia Espaillat confirmamos que de 33 miembros del Comit\u00e9 Central 25 siguen en total y absoluta disposici\u00f3n de trabajar por su partido\u201d, declar\u00f3 Mariotti.<\/p>\n\n\n\n<p>Los dirigentes locales declararon la provincia en sesi\u00f3n permanente, asumiendo el compromiso de mantener la actividad pol\u00edtica en cada rinc\u00f3n.<\/p>\n\n\n\n<p>Uno de los participantes,&nbsp;en una intervenci\u00f3n simb\u00f3lica, expres\u00f3: \u201cCuando uno tiene un corral de gallinas y les corta un ala, es para que no vuelen\u201d, enfatizando la unidad y disciplina que caracteriza a la militancia en la provincia&nbsp;Espaillat.<\/p>\n\n\n\n<p>Al conocer de la reuni\u00f3n Darihana Ovalles,&nbsp;ex candidata a Diputada,&nbsp;dej\u00f3 un mensaje a Charles Mariotti reafirmando su compromiso con el PLD y rechazando una propuesta que le hicieron de abandonar las filas moradas.<\/p>\n\n\n\n<p>&nbsp;\u201cNo&nbsp;me ir\u00e9 a frente opositor alguno,&nbsp;yo me quedar\u00e9 en mi Partido, har\u00e9 p\u00fablico que me quedo en mi partido, porque no pude asistir&nbsp;a la reuni\u00f3n. Atentamente,&nbsp;Darihana Ovalles\u201d, mensaje que acompa\u00f1\u00f3 de una imagen fotogr\u00e1fica suya.<\/p>\n","protected":false},"excerpt":{"rendered":"<p>Charles Mariotti, Sec.Gral., se re\u00fane con la direcci\u00f3n del PLD en la provincia Espaillat, confirma la determinaci\u00f3n de sus dirigentes de fortalecer el Partido.&nbsp; De los&nbsp;33 miembros del Comit\u00e9 Central&nbsp;del&hellip;<\/p>\n","protected":false},"author":2,"featured_media":89887,"comment_status":"open","ping_status":"open","sticky":false,"template":"","format":"standard","meta":{"content-type":"","jetpack_post_was_ever_published":false,"_jetpack_newsletter_access":"","_jetpack_dont_email_post_to_subs":false,"_jetpack_newsletter_tier_id":0,"_jetpack_memberships_contains_paywalled_content":false,"_jetpack_memberships_contains_paid_content":false,"footnotes":""},"categories":[1],"tags":[735,15862,8292,269],"class_list":["post-89886","post","type-post","status-publish","format-standard","has-post-thumbnail","hentry","category-sin-categoria","tag-charles-mariotti","tag-creciendo","tag-espaillat","tag-pld"],"jetpack_featured_media_url":"https:\/\/lasprimeras.com.do\/wp-content\/uploads\/2024\/10\/CM-moca.jpg","jetpack-related-posts":[{"id":90111,"url":"https:\/\/lasprimeras.com.do\/index.php\/2024\/10\/13\/charles-mariotti-un-pueblo-indignado-con-una-mayor-carga-de-impuestos\/","url_meta":{"origin":89886,"position":0},"title":"Charles Mariotti: Un pueblo indignado con una mayor carga de impuestos","author":"Nelson Feliz","date":"13 de octubre de 2024","format":false,"excerpt":"El Gobierno del PRM carece de moral para cargarle al pueblo el dispendio y derroche de una gesti\u00f3n ineficiente mediante un paquete fiscal. El Secretario General del Partido de la Liberaci\u00f3n Dominicana (PLD),Charles Mariotti, le enrostr\u00f3 al Gobierno que carece de moral para cargarle a los sectores de clase media\u2026","rel":"","context":"En \u00abPORTADA\u00bb","block_context":{"text":"PORTADA","link":"https:\/\/lasprimeras.com.do\/index.php\/category\/portada\/"},"img":{"alt_text":"Charles Mariotti","src":"https:\/\/i0.wp.com\/lasprimeras.com.do\/wp-content\/uploads\/2024\/10\/secretario2.jpg?resize=350%2C200&ssl=1","width":350,"height":200,"srcset":"https:\/\/i0.wp.com\/lasprimeras.com.do\/wp-content\/uploads\/2024\/10\/secretario2.jpg?resize=350%2C200&ssl=1 1x, https:\/\/i0.wp.com\/lasprimeras.com.do\/wp-content\/uploads\/2024\/10\/secretario2.jpg?resize=525%2C300&ssl=1 1.5x, https:\/\/i0.wp.com\/lasprimeras.com.do\/wp-content\/uploads\/2024\/10\/secretario2.jpg?resize=700%2C400&ssl=1 2x"},"classes":[]},{"id":49060,"url":"https:\/\/lasprimeras.com.do\/index.php\/2023\/05\/07\/charles-mariotti-define-de-precaria-situacion-del-gobierno-y-del-prm\/","url_meta":{"origin":89886,"position":1},"title":"Charles Mariotti define de precaria situaci\u00f3n del Gobierno y del PRM","author":"prenxa100","date":"7 de mayo de 2023","format":false,"excerpt":"Santo Domingo.-. El Secretario General del Partido de la Liberaci\u00f3n Dominicana (PLD), Charles Mariotti, ponder\u00f3 las cualidades del candidato Presidencial de esa organizaci\u00f3n, Abel Mart\u00ednez, invit\u00f3 a los miembros y dirigentes de esa organizaci\u00f3n a mantenerse en las calles en contacto con la gente para fidelizar la simpat\u00eda hacia la\u2026","rel":"","context":"En \u00abPORTADA\u00bb","block_context":{"text":"PORTADA","link":"https:\/\/lasprimeras.com.do\/index.php\/category\/portada\/"},"img":{"alt_text":"","src":"","width":0,"height":0},"classes":[]},{"id":84599,"url":"https:\/\/lasprimeras.com.do\/index.php\/2024\/06\/11\/charles-mariotti-x-congreso-del-pld-usara-mes-de-julio-para-las-sugeridas-evaluaciones\/","url_meta":{"origin":89886,"position":2},"title":"Charles Mariotti: X Congreso del PLD usar\u00e1 mes de julio para las sugeridas evaluaciones","author":"Nelson Feliz","date":"11 de junio de 2024","format":false,"excerpt":"Charles Mariotti sobre reforma fiscal: \u201cEl PLD tiene que definir una l\u00ednea clara en favor de los sectores nacionales, sin caer en la irracionalidad\u201d. El secretario general del Partido de la Liberaci\u00f3n Dominicana (PLD), Charles Mariotti, consider\u00f3 atinada la decisi\u00f3n del Comit\u00e9 Central de la organizaci\u00f3n al ratificar el cronograma\u2026","rel":"","context":"En \u00abPORTADA\u00bb","block_context":{"text":"PORTADA","link":"https:\/\/lasprimeras.com.do\/index.php\/category\/portada\/"},"img":{"alt_text":"Charles Mariotti","src":"https:\/\/i0.wp.com\/lasprimeras.com.do\/wp-content\/uploads\/2024\/06\/Charles-Mariotti.jpg?resize=350%2C200&ssl=1","width":350,"height":200,"srcset":"https:\/\/i0.wp.com\/lasprimeras.com.do\/wp-content\/uploads\/2024\/06\/Charles-Mariotti.jpg?resize=350%2C200&ssl=1 1x, https:\/\/i0.wp.com\/lasprimeras.com.do\/wp-content\/uploads\/2024\/06\/Charles-Mariotti.jpg?resize=525%2C300&ssl=1 1.5x, https:\/\/i0.wp.com\/lasprimeras.com.do\/wp-content\/uploads\/2024\/06\/Charles-Mariotti.jpg?resize=700%2C400&ssl=1 2x"},"classes":[]},{"id":87868,"url":"https:\/\/lasprimeras.com.do\/index.php\/2024\/08\/18\/pld-asume-compromiso-de-revivir-la-gran-obra-de-gobierno-del-partido\/","url_meta":{"origin":89886,"position":3},"title":"PLD asume compromiso de revivir la gran obra de gobierno del Partido","author":"Nelson Feliz","date":"18 de agosto de 2024","format":false,"excerpt":"El Secretario General del Partido de la Liberaci\u00f3n Dominicana (PLD), Charles Mariotti, manifest\u00f3 que \u201cnada bueno le espera a Rep\u00fablica Dominicana\u201d, en este nuevo mandato del Presidente Luis Abinader. \u201cSi los cuatro a\u00f1os que pasaron fueron malos, lo pr\u00f3ximos cuatro ser\u00e1n peores, tal y como se aprecia en el discurso\u2026","rel":"","context":"En \u00abPORTADA\u00bb","block_context":{"text":"PORTADA","link":"https:\/\/lasprimeras.com.do\/index.php\/category\/portada\/"},"img":{"alt_text":"Charles Mariotti","src":"https:\/\/i0.wp.com\/lasprimeras.com.do\/wp-content\/uploads\/2024\/08\/Charles-Mariotti-2.jpg?resize=350%2C200&ssl=1","width":350,"height":200,"srcset":"https:\/\/i0.wp.com\/lasprimeras.com.do\/wp-content\/uploads\/2024\/08\/Charles-Mariotti-2.jpg?resize=350%2C200&ssl=1 1x, https:\/\/i0.wp.com\/lasprimeras.com.do\/wp-content\/uploads\/2024\/08\/Charles-Mariotti-2.jpg?resize=525%2C300&ssl=1 1.5x, https:\/\/i0.wp.com\/lasprimeras.com.do\/wp-content\/uploads\/2024\/08\/Charles-Mariotti-2.jpg?resize=700%2C400&ssl=1 2x"},"classes":[]},{"id":75848,"url":"https:\/\/lasprimeras.com.do\/index.php\/2024\/02\/05\/mariotti-advierte-que-el-prm-se-propone-ganar-elecciones-con-los-recursos-del-gobierno\/","url_meta":{"origin":89886,"position":4},"title":"Mariotti advierte que el PRM se propone ganar elecciones con los recursos del Gobierno","author":"Nelson Feliz","date":"5 de febrero de 2024","format":false,"excerpt":"El secretario general del Partido de la Liberaci\u00f3n Dominicana (PLD), Charles Mariotti, advirti\u00f3 que el oficialismo y el PRM se proponen apabullar los candidatos y candidatas de esa organizaci\u00f3n con el dinero del Gobierno, objetivo que debe ser enfrentado con el trabajo y vigilancia del Partido de la Liberaci\u00f3n Dominicana\u2026","rel":"","context":"En \u00abPORTADA\u00bb","block_context":{"text":"PORTADA","link":"https:\/\/lasprimeras.com.do\/index.php\/category\/portada\/"},"img":{"alt_text":"Charles Mariotti","src":"https:\/\/i0.wp.com\/lasprimeras.com.do\/wp-content\/uploads\/2024\/02\/Charles-Mariotti-1.jpg?resize=350%2C200&ssl=1","width":350,"height":200,"srcset":"https:\/\/i0.wp.com\/lasprimeras.com.do\/wp-content\/uploads\/2024\/02\/Charles-Mariotti-1.jpg?resize=350%2C200&ssl=1 1x, https:\/\/i0.wp.com\/lasprimeras.com.do\/wp-content\/uploads\/2024\/02\/Charles-Mariotti-1.jpg?resize=525%2C300&ssl=1 1.5x, https:\/\/i0.wp.com\/lasprimeras.com.do\/wp-content\/uploads\/2024\/02\/Charles-Mariotti-1.jpg?resize=700%2C400&ssl=1 2x"},"classes":[]},{"id":63053,"url":"https:\/\/lasprimeras.com.do\/index.php\/2023\/10\/09\/charles-mariotti-dice-pld-culmino-exitosa-asambleas-de-delegados\/","url_meta":{"origin":89886,"position":5},"title":"Charles Mariotti dice PLD culmino exitosa Asambleas de Delegados","author":"Nelson Feliz","date":"9 de octubre de 2023","format":false,"excerpt":"Charles Mariotti elogia el trabajo de la Comisi\u00f3n Nacional Electoral del PLD. Resalta alta participaci\u00f3n en las Asambleas de Delegados. El secretario general del Partido de la Liberaci\u00f3n Dominicana, Charles Mariotti, dijo que esa organizaci\u00f3n pol\u00edtica sali\u00f3 por la puerta grande con la realizaci\u00f3n de las Asambleas de Delegados el\u2026","rel":"","context":"En \u00abPORTADA\u00bb","block_context":{"text":"PORTADA","link":"https:\/\/lasprimeras.com.do\/index.php\/category\/portada\/"},"img":{"alt_text":"Charles-Mariotti","src":"https:\/\/i0.wp.com\/lasprimeras.com.do\/wp-content\/uploads\/2023\/10\/Charles-Mariotti.jpg?resize=350%2C200&ssl=1","width":350,"height":200,"srcset":"https:\/\/i0.wp.com\/lasprimeras.com.do\/wp-content\/uploads\/2023\/10\/Charles-Mariotti.jpg?resize=350%2C200&ssl=1 1x, https:\/\/i0.wp.com\/lasprimeras.com.do\/wp-content\/uploads\/2023\/10\/Charles-Mariotti.jpg?resize=525%2C300&ssl=1 1.5x"},"classes":[]}],"jetpack_sharing_enabled":true,"_links":{"self":[{"href":"https:\/\/lasprimeras.com.do\/index.php\/wp-json\/wp\/v2\/posts\/89886","targetHints":{"allow":["GET"]}}],"collection":[{"href":"https:\/\/lasprimeras.com.do\/index.php\/wp-json\/wp\/v2\/posts"}],"about":[{"href":"https:\/\/lasprimeras.com.do\/index.php\/wp-json\/wp\/v2\/types\/post"}],"author":[{"embeddable":true,"href":"https:\/\/lasprimeras.com.do\/index.php\/wp-json\/wp\/v2\/users\/2"}],"replies":[{"embeddable":true,"href":"https:\/\/lasprimeras.com.do\/index.php\/wp-json\/wp\/v2\/comments?post=89886"}],"version-history":[{"count":1,"href":"https:\/\/lasprimeras.com.do\/index.php\/wp-json\/wp\/v2\/posts\/89886\/revisions"}],"predecessor-version":[{"id":89888,"href":"https:\/\/lasprimeras.com.do\/index.php\/wp-json\/wp\/v2\/posts\/89886\/revisions\/89888"}],"wp:featuredmedia":[{"embeddable":true,"href":"https:\/\/lasprimeras.com.do\/index.php\/wp-json\/wp\/v2\/media\/89887"}],"wp:attachment":[{"href":"https:\/\/lasprimeras.com.do\/index.php\/wp-json\/wp\/v2\/media?parent=89886"}],"wp:term":[{"taxonomy":"category","embeddable":true,"href":"https:\/\/lasprimeras.com.do\/index.php\/wp-json\/wp\/v2\/categories?post=89886"},{"taxonomy":"post_tag","embeddable":true,"href":"https:\/\/lasprimeras.com.do\/index.php\/wp-json\/wp\/v2\/tags?post=89886"}],"curies":[{"name":"wp","href":"https:\/\/api.w.org\/{rel}","templated":true}]}}