{"id":89891,"date":"2024-10-06T23:13:35","date_gmt":"2024-10-07T03:13:35","guid":{"rendered":"https:\/\/lasprimeras.com.do\/?p=89891"},"modified":"2024-10-06T23:13:36","modified_gmt":"2024-10-07T03:13:36","slug":"jose-horacio-es-elegido-presidente-del-partido-opcion-democratica","status":"publish","type":"post","link":"https:\/\/lasprimeras.com.do\/index.php\/2024\/10\/06\/jose-horacio-es-elegido-presidente-del-partido-opcion-democratica\/","title":{"rendered":"Jos\u00e9 Horacio es elegido presidente del partido Opci\u00f3n Democr\u00e1tica"},"content":{"rendered":"\n<p>El dirigente pol\u00edtico Jos\u00e9 Horacio Rodr\u00edguez fue electo presidente del partido Opci\u00f3n Democr\u00e1tica (OD) para el periodo 2024-2028 este domingo 6 de octubre por la Asamblea Nacional de esta organizaci\u00f3n progresista, estar\u00e1 acompa\u00f1ado por Alexandra Sued como vicepresidente y Miguel Alejandro Mart\u00ednez, como secretario general.<\/p>\n\n\n\n<p>De igual manera fue elegida mediante el voto directo por parte de los m\u00e1s de 400 delegados presentes la Direcci\u00f3n Pol\u00edtica y la Comisi\u00f3n de Garant\u00edas Democr\u00e1ticas de este partido que busca convertirse en una fuerza mayoritaria.<\/p>\n\n\n\n<p>&#8220;Hace 10 a\u00f1os, cuando Minou nos hizo el llamado a organizarnos, era claro que exist\u00eda un vac\u00edo. Pero hoy, la presencia de Opci\u00f3n Democr\u00e1tica en las elecciones dominicanas se hace mucho m\u00e1s que necesaria, se hace imprescindible, en tiempos donde se ha perdido el sentido com\u00fan y nos faltan muchos m\u00e1s tomadores de decisi\u00f3n portadores de empat\u00eda&#8221;, expres\u00f3 Jos\u00e9 Horacio durante las palabras de cierre del evento.<\/p>\n\n\n\n<p>Seg\u00fan una nota de la organizaci\u00f3n, Rodr\u00edguez indic\u00f3 adem\u00e1s que dedicar\u00e1 sus energ\u00edas estos cuatro a\u00f1os como presidente de Opci\u00f3n Democr\u00e1tica a fortalecer la organizaci\u00f3n en \u00e1reas como la institucionalidad, el crecimiento territorial, la comunicaci\u00f3n y la vinculaci\u00f3n con la sociedad, pero sobre todo, a convertir a OD en un referente de la buena pol\u00edtica como una fuerza mayoritaria en el sistema de partidos de la Rep\u00fablica Dominicana.<\/p>\n\n\n\n<p>La Asamblea Nacional ordinaria de Opci\u00f3n Democr\u00e1tica tambi\u00e9n escogi\u00f3 los integrantes de la nueva Direcci\u00f3n Pol\u00edtica de OD, quienes son Minou Tav\u00e1rez Mirabal, Virginia Antares Rodr\u00edguez, Samuel Bonilla, Eric Ortiz, Alexander Germoso, Nicole Pichardo, Darys Estrella Mord\u00e1n y Natalia M\u00e1rmol Candelario.<\/p>\n\n\n\n<p>Tambi\u00e9n Nidia Guzm\u00e1n, Stayci Toribio, Horacio L\u00f3pez, Christian Steffano Gonz\u00e1lez, Angel Bogaert, Luz Mar Vargas , Estephany Encarnaci\u00f3n y Felipe Gavil\u00e1n.<\/p>\n\n\n\n<p>En sus palabras de despedida como presidenta saliente Minou expres\u00f3 que &#8220;tengo confianza absoluta en las manos que asumen la responsabilidad de dirigir, de hacer crecer, y fortalecer este instrumento pol\u00edtico esperanzador para nuestro pa\u00eds que es nuestro partido Opci\u00f3n Democr\u00e1tica&#8221;.<\/p>\n\n\n\n<p>En el encuentro ordinario de esta organizaci\u00f3n, como est\u00e1 establecido en sus normas estatutarias, tambi\u00e9n se presentaron y aprobaron los informes de gesti\u00f3n por parte de la Secretar\u00eda General saliente a cargo de Franiel Genao, as\u00ed como el informe financiero de la organizaci\u00f3n para el periodo 2022-2024, documentos que fueron aprobados y validados por los delegados presentes.<\/p>\n","protected":false},"excerpt":{"rendered":"<p>El dirigente pol\u00edtico Jos\u00e9 Horacio Rodr\u00edguez fue electo presidente del partido Opci\u00f3n Democr\u00e1tica (OD) para el periodo 2024-2028 este domingo 6 de octubre por la Asamblea Nacional de esta organizaci\u00f3n&hellip;<\/p>\n","protected":false},"author":2,"featured_media":89892,"comment_status":"open","ping_status":"open","sticky":false,"template":"","format":"standard","meta":{"content-type":"","jetpack_post_was_ever_published":false,"_jetpack_newsletter_access":"","_jetpack_dont_email_post_to_subs":false,"_jetpack_newsletter_tier_id":0,"_jetpack_memberships_contains_paywalled_content":false,"_jetpack_memberships_contains_paid_content":false,"footnotes":""},"categories":[1],"tags":[7129,3495,694,935],"class_list":["post-89891","post","type-post","status-publish","format-standard","has-post-thumbnail","hentry","category-sin-categoria","tag-jose-horacio","tag-opcion-democratica","tag-partido","tag-presidente"],"jetpack_featured_media_url":"https:\/\/lasprimeras.com.do\/wp-content\/uploads\/2024\/10\/Jose-Horacio-Rodriguez.jpg","jetpack-related-posts":[{"id":59567,"url":"https:\/\/lasprimeras.com.do\/index.php\/2023\/09\/05\/jose-horacio-aspira-a-reelegirse-como-diputado-por-el-distrito-nacional\/","url_meta":{"origin":89891,"position":0},"title":"Jos\u00e9 Horacio aspira a reelegirse como diputado por el Distrito Nacional","author":"Nelson Feliz","date":"5 de septiembre de 2023","format":false,"excerpt":"El diputado Jos\u00e9 Horacio Rodr\u00edguez, de Opci\u00f3n Democr\u00e1tica, anunci\u00f3 que iniciar\u00e1 una campa\u00f1a para ser reelegido como diputado por la ciudadan\u00eda, como representante de la Circunscripci\u00f3n No. 1 del Distrito Nacional. Rodr\u00edguez ofreci\u00f3 esta informaci\u00f3n al concluir un acto de rendici\u00f3n de cuentas junto a simpatizantes y militantes. El evento\u2026","rel":"","context":"En \u00abSin categor\u00eda\u00bb","block_context":{"text":"Sin categor\u00eda","link":"https:\/\/lasprimeras.com.do\/index.php\/category\/sin-categoria\/"},"img":{"alt_text":"Jos\u00e9 Horacio Rodr\u00edguez","src":"https:\/\/i0.wp.com\/lasprimeras.com.do\/wp-content\/uploads\/2023\/09\/Jose-Horacio-Rodriguez.jpg?resize=350%2C200&ssl=1","width":350,"height":200},"classes":[]},{"id":129335,"url":"https:\/\/lasprimeras.com.do\/index.php\/2026\/05\/01\/jose-horacio-el-trabajo-en-rd-no-puede-seguir-siendo-sinonimo-de-sobrevivir\/","url_meta":{"origin":89891,"position":1},"title":"Jos\u00e9 Horacio: \u201cEl trabajo en RD no puede seguir siendo sin\u00f3nimo de sobrevivir\u201d","author":"Nelson Feliz","date":"1 de mayo de 2026","format":false,"excerpt":"En el marco de la conmemoraci\u00f3n del D\u00eda Internacional del Trabajo, el presidente del partido Opci\u00f3n Democr\u00e1tica (OD), Jos\u00e9 Horacio Rodr\u00edguez, hizo un llamado a transformar las condiciones laborales en el pa\u00eds a trav\u00e9s de reformas profundas al C\u00f3digo de Trabajo y al sistema de Seguridad Social. \u201c\u00bfCu\u00e1nto vale tu\u2026","rel":"","context":"En \u00abPOLITICA\u00bb","block_context":{"text":"POLITICA","link":"https:\/\/lasprimeras.com.do\/index.php\/category\/politica\/"},"img":{"alt_text":"Jos\u00e9 Horacio Rodr\u00edguez","src":"https:\/\/i0.wp.com\/lasprimeras.com.do\/wp-content\/uploads\/2026\/05\/Jose-Horacio-Rodriguez-1.jpg?resize=350%2C200&ssl=1","width":350,"height":200,"srcset":"https:\/\/i0.wp.com\/lasprimeras.com.do\/wp-content\/uploads\/2026\/05\/Jose-Horacio-Rodriguez-1.jpg?resize=350%2C200&ssl=1 1x, https:\/\/i0.wp.com\/lasprimeras.com.do\/wp-content\/uploads\/2026\/05\/Jose-Horacio-Rodriguez-1.jpg?resize=525%2C300&ssl=1 1.5x, https:\/\/i0.wp.com\/lasprimeras.com.do\/wp-content\/uploads\/2026\/05\/Jose-Horacio-Rodriguez-1.jpg?resize=700%2C400&ssl=1 2x"},"classes":[]},{"id":124262,"url":"https:\/\/lasprimeras.com.do\/index.php\/2026\/03\/10\/jose-horacio-llama-a-lograr-la-independencia-energetica-en-rd-con-renovables\/","url_meta":{"origin":89891,"position":2},"title":"Jos\u00e9 Horacio llama a lograr la independencia energ\u00e9tica en RD con renovables","author":"Nelson Feliz","date":"10 de marzo de 2026","format":false,"excerpt":"El presidente del partido Opci\u00f3n Democr\u00e1tica (OD), Jos\u00e9 Horacio Rodr\u00edguez, destac\u00f3 este martes la importancia de avanzar hacia la soberan\u00eda energ\u00e9tica en la Rep\u00fablica Dominicana, al advertir que el pa\u00eds mantiene una alta dependencia de los combustibles f\u00f3siles importados, lo que lo hace vulnerable ante la volatilidad de los precios\u2026","rel":"","context":"En \u00abPOLITICA\u00bb","block_context":{"text":"POLITICA","link":"https:\/\/lasprimeras.com.do\/index.php\/category\/politica\/"},"img":{"alt_text":"Jos\u00e9 Horacio Rodr\u00edguez","src":"https:\/\/i0.wp.com\/lasprimeras.com.do\/wp-content\/uploads\/2026\/03\/Jose-Horacio-Rodriguez.jpg?resize=350%2C200&ssl=1","width":350,"height":200,"srcset":"https:\/\/i0.wp.com\/lasprimeras.com.do\/wp-content\/uploads\/2026\/03\/Jose-Horacio-Rodriguez.jpg?resize=350%2C200&ssl=1 1x, https:\/\/i0.wp.com\/lasprimeras.com.do\/wp-content\/uploads\/2026\/03\/Jose-Horacio-Rodriguez.jpg?resize=525%2C300&ssl=1 1.5x, https:\/\/i0.wp.com\/lasprimeras.com.do\/wp-content\/uploads\/2026\/03\/Jose-Horacio-Rodriguez.jpg?resize=700%2C400&ssl=1 2x"},"classes":[]},{"id":123324,"url":"https:\/\/lasprimeras.com.do\/index.php\/2026\/02\/27\/jose-horacio-rodriguez-prm-prometio-un-cambio-pero-hoy-reproduce-los-mismos-discursos\/","url_meta":{"origin":89891,"position":3},"title":"Jos\u00e9 Horacio Rodr\u00edguez: PRM prometi\u00f3 un cambio, pero hoy reproduce los mismos discursos","author":"Nelson Feliz","date":"27 de febrero de 2026","format":false,"excerpt":"El presidente del partido Opci\u00f3n Democr\u00e1tica (OD), Jos\u00e9 Horacio Rodr\u00edguez sostuvo que el gobierno del PRM prometi\u00f3 un cambio, pero hoy reproduce los mismos discursos e intereses de siempre. El presidente del partido Opci\u00f3n Democr\u00e1tica (OD), Jos\u00e9 Horacio Rodr\u00edguez, calific\u00f3 como \u201cun d\u00e9j\u00e0 vu\u201d el discurso de rendici\u00f3n de cuentas\u2026","rel":"","context":"En \u00abPOLITICA\u00bb","block_context":{"text":"POLITICA","link":"https:\/\/lasprimeras.com.do\/index.php\/category\/politica\/"},"img":{"alt_text":"Jose Horacio Rodriguez","src":"https:\/\/i0.wp.com\/lasprimeras.com.do\/wp-content\/uploads\/2026\/02\/Jose-Horacio-Rodriguez.jpeg?resize=350%2C200&ssl=1","width":350,"height":200,"srcset":"https:\/\/i0.wp.com\/lasprimeras.com.do\/wp-content\/uploads\/2026\/02\/Jose-Horacio-Rodriguez.jpeg?resize=350%2C200&ssl=1 1x, https:\/\/i0.wp.com\/lasprimeras.com.do\/wp-content\/uploads\/2026\/02\/Jose-Horacio-Rodriguez.jpeg?resize=525%2C300&ssl=1 1.5x, https:\/\/i0.wp.com\/lasprimeras.com.do\/wp-content\/uploads\/2026\/02\/Jose-Horacio-Rodriguez.jpeg?resize=700%2C400&ssl=1 2x"},"classes":[]},{"id":57832,"url":"https:\/\/lasprimeras.com.do\/index.php\/2023\/08\/16\/opcion-democratica-apuesta-por-el-empresariado-en-santo-domingo-este\/","url_meta":{"origin":89891,"position":4},"title":"Opci\u00f3n Democr\u00e1tica apuesta por el empresariado en Santo Domingo Este","author":"Nelson Feliz","date":"16 de agosto de 2023","format":false,"excerpt":"El Partido Opci\u00f3n Democr\u00e1tica (OD) present\u00f3 como su candidato a diputado por la circunscripci\u00f3n 3 de Santo Domingo Este a Richard Santana, un destacado empresario con una formaci\u00f3n en Administraci\u00f3n e Ingeniero en Comunicaci\u00f3n y Redes,salud e infraestructuras. Santana, present\u00f3 sus propuestas orientadas a mejorar el sistema de seguridad social\u2026","rel":"","context":"En \u00abPORTADA\u00bb","block_context":{"text":"PORTADA","link":"https:\/\/lasprimeras.com.do\/index.php\/category\/portada\/"},"img":{"alt_text":"Jos\u00e9 Horacio Rodr\u00edguez, Jenny Berroa, Richard Santana y Virginia Antares","src":"https:\/\/i0.wp.com\/lasprimeras.com.do\/wp-content\/uploads\/2023\/08\/Jose-Horacio-Rodriguez-Jenny-Berroa-Richard-Santana-y-Virginia-Antares.jpg?resize=350%2C200&ssl=1","width":350,"height":200,"srcset":"https:\/\/i0.wp.com\/lasprimeras.com.do\/wp-content\/uploads\/2023\/08\/Jose-Horacio-Rodriguez-Jenny-Berroa-Richard-Santana-y-Virginia-Antares.jpg?resize=350%2C200&ssl=1 1x, https:\/\/i0.wp.com\/lasprimeras.com.do\/wp-content\/uploads\/2023\/08\/Jose-Horacio-Rodriguez-Jenny-Berroa-Richard-Santana-y-Virginia-Antares.jpg?resize=525%2C300&ssl=1 1.5x, https:\/\/i0.wp.com\/lasprimeras.com.do\/wp-content\/uploads\/2023\/08\/Jose-Horacio-Rodriguez-Jenny-Berroa-Richard-Santana-y-Virginia-Antares.jpg?resize=700%2C400&ssl=1 2x"},"classes":[]},{"id":125282,"url":"https:\/\/lasprimeras.com.do\/index.php\/2026\/03\/21\/opcion-democratica-entrega-vehiculo-a-ganadora-de-sorteo-recaudacion-de-fondos-montate-con-od\/","url_meta":{"origin":89891,"position":5},"title":"Opci\u00f3n Democr\u00e1tica entrega veh\u00edculo a ganadora de sorteo recaudaci\u00f3n de fondos \u201cM\u00f3ntate con OD\u201d","author":"Nelson Feliz","date":"21 de marzo de 2026","format":false,"excerpt":"El presidente del partido Opci\u00f3n Democr\u00e1tica (OD) Jos\u00e9 Horacio Rodr\u00edguez, encabez\u00f3 este s\u00e1bado la entrega formal del veh\u00edculo a la ganadora del sorteo \u201cM\u00f3ntate con Opci\u00f3n Democr\u00e1tica\u201d, una iniciativa anual de recaudaci\u00f3n de fondos impulsada por la organizaci\u00f3n pol\u00edtica con el objetivo de recaudar fondos para financiar el trabajo de\u2026","rel":"","context":"En \u00abPOLITICA\u00bb","block_context":{"text":"POLITICA","link":"https:\/\/lasprimeras.com.do\/index.php\/category\/politica\/"},"img":{"alt_text":"Opci\u00f3n Democr\u00e1tica","src":"https:\/\/i0.wp.com\/lasprimeras.com.do\/wp-content\/uploads\/2026\/03\/Opcion-Democratica.jpg?resize=350%2C200&ssl=1","width":350,"height":200,"srcset":"https:\/\/i0.wp.com\/lasprimeras.com.do\/wp-content\/uploads\/2026\/03\/Opcion-Democratica.jpg?resize=350%2C200&ssl=1 1x, https:\/\/i0.wp.com\/lasprimeras.com.do\/wp-content\/uploads\/2026\/03\/Opcion-Democratica.jpg?resize=525%2C300&ssl=1 1.5x, https:\/\/i0.wp.com\/lasprimeras.com.do\/wp-content\/uploads\/2026\/03\/Opcion-Democratica.jpg?resize=700%2C400&ssl=1 2x"},"classes":[]}],"jetpack_sharing_enabled":true,"_links":{"self":[{"href":"https:\/\/lasprimeras.com.do\/index.php\/wp-json\/wp\/v2\/posts\/89891","targetHints":{"allow":["GET"]}}],"collection":[{"href":"https:\/\/lasprimeras.com.do\/index.php\/wp-json\/wp\/v2\/posts"}],"about":[{"href":"https:\/\/lasprimeras.com.do\/index.php\/wp-json\/wp\/v2\/types\/post"}],"author":[{"embeddable":true,"href":"https:\/\/lasprimeras.com.do\/index.php\/wp-json\/wp\/v2\/users\/2"}],"replies":[{"embeddable":true,"href":"https:\/\/lasprimeras.com.do\/index.php\/wp-json\/wp\/v2\/comments?post=89891"}],"version-history":[{"count":1,"href":"https:\/\/lasprimeras.com.do\/index.php\/wp-json\/wp\/v2\/posts\/89891\/revisions"}],"predecessor-version":[{"id":89893,"href":"https:\/\/lasprimeras.com.do\/index.php\/wp-json\/wp\/v2\/posts\/89891\/revisions\/89893"}],"wp:featuredmedia":[{"embeddable":true,"href":"https:\/\/lasprimeras.com.do\/index.php\/wp-json\/wp\/v2\/media\/89892"}],"wp:attachment":[{"href":"https:\/\/lasprimeras.com.do\/index.php\/wp-json\/wp\/v2\/media?parent=89891"}],"wp:term":[{"taxonomy":"category","embeddable":true,"href":"https:\/\/lasprimeras.com.do\/index.php\/wp-json\/wp\/v2\/categories?post=89891"},{"taxonomy":"post_tag","embeddable":true,"href":"https:\/\/lasprimeras.com.do\/index.php\/wp-json\/wp\/v2\/tags?post=89891"}],"curies":[{"name":"wp","href":"https:\/\/api.w.org\/{rel}","templated":true}]}}