{"id":89969,"date":"2024-10-10T23:26:50","date_gmt":"2024-10-11T03:26:50","guid":{"rendered":"https:\/\/lasprimeras.com.do\/?p=89969"},"modified":"2024-10-10T23:26:52","modified_gmt":"2024-10-11T03:26:52","slug":"comision-del-senado-preparada-para-evaluar-postulantes-junta-central-electoral","status":"publish","type":"post","link":"https:\/\/lasprimeras.com.do\/index.php\/2024\/10\/10\/comision-del-senado-preparada-para-evaluar-postulantes-junta-central-electoral\/","title":{"rendered":"Comisi\u00f3n del Senado preparada para evaluar postulantes Junta Central Electoral"},"content":{"rendered":"\n<p class=\"wp-block-paragraph\">&nbsp;<br>La Comisi\u00f3n designada para la elecci\u00f3n de los aspirantes a miembros, titulares y suplentes de la Junta Central Electoral (JCE), dio los toques finales a los aprestos para el proceso de entrevistas, evaluaci\u00f3n y selecci\u00f3n de los postulantes a dirigir el &nbsp;organismo comicial.<br>&nbsp;<br>En la reuni\u00f3n de este martes, la comisi\u00f3n abord\u00f3 t\u00f3picos concernientes a la log\u00edstica, calendario de trabajo, protocolo, y criterios de valoraci\u00f3n para establecer las puntuaciones.<br>&nbsp;<br>El presidente de la comisi\u00f3n, senador Julito Fulcar, destac\u00f3 que, 103 personas completaron sus expedientes con los documentos establecidos para poder someterse a la entrevista.<br>&nbsp;<br>\u201cEsta comisi\u00f3n trabajar\u00e1 de manera di\u00e1fana, siempre dando cumpliendo con el mandato constitucional y de la ley de la Junta Central Electoral (JCE)\u201d, dijo el representante dijo de Peravia.<\/p>\n\n\n\n<p class=\"wp-block-paragraph\">El legislador reiter\u00f3 que el proceso de evaluaci\u00f3n inicia el pr\u00f3ximo martes 15 de octubre en el Sal\u00f3n Polivalente del Senado de la Rep\u00fablica, y estar\u00e1 dividido en dos tandas, de 9:00 de la ma\u00f1ana a 12:00 del mediod\u00eda y de 1:30 de la tarde en adelante.<\/p>\n\n\n\n<p class=\"wp-block-paragraph\">Adem\u00e1s de Julito Fulcar (Peravia), estuvieron en la reuni\u00f3n los senadores Daniel Rivera (Santiago); Mar\u00eda Mercedes Ortiz Dilon\u00e9 (Hermanas Mirabal); Antonio Taveras Guzm\u00e1n (Santo Domingo); Pedro Catrain (Saman\u00e1); F\u00e9lix Bautista (San Juan).<\/p>\n","protected":false},"excerpt":{"rendered":"<p>&nbsp;La Comisi\u00f3n designada para la elecci\u00f3n de los aspirantes a miembros, titulares y suplentes de la Junta Central Electoral (JCE), dio los toques finales a los aprestos para el proceso&hellip;<\/p>\n","protected":false},"author":2,"featured_media":89970,"comment_status":"open","ping_status":"open","sticky":false,"template":"","format":"standard","meta":{"content-type":"","_jetpack_newsletter_access":"","_jetpack_dont_email_post_to_subs":false,"_jetpack_newsletter_tier_id":0,"_jetpack_memberships_contains_paywalled_content":false,"_jetpack_feature_clip_id":0,"_jetpack_memberships_contains_paid_content":false,"footnotes":"","jetpack_post_was_ever_published":false},"categories":[35],"tags":[15904,1550,5268,8895],"class_list":["post-89969","post","type-post","status-publish","format-standard","has-post-thumbnail","hentry","category-nacionales","tag-comision-del-senado","tag-evaluar","tag-junta-central-electoral","tag-postulantes"],"jetpack-related-posts":[{"id":88938,"url":"https:\/\/lasprimeras.com.do\/index.php\/2024\/09\/10\/senado-evaluara-documentos-postulantes-a-miembros-titulares-y-suplentes-de-la-jce\/","url_meta":{"origin":89969,"position":0},"title":"Senado evaluar\u00e1 documentos postulantes a miembros, titulares y suplentes de la JCE","author":"Nelson Feliz","date":"10 de septiembre de 2024","format":false,"excerpt":"\u00a0La Comisi\u00f3n Especial designada para analizar, estudiar y evaluar los expedientes de los aspirantes a miembros titulares y suplentes de la Junta Central Electoral (JCE), acordaron este martes la metodolog\u00eda de trabajo, entrevistas en las tandas matutinas y vespertinas, y entrevistar 30 postulantes por d\u00eda. \u00a0\u00a0El senador Julito Fulcar, dijo\u2026","rel":"","context":"En \u00abNACIONALES\u00bb","block_context":{"text":"NACIONALES","link":"https:\/\/lasprimeras.com.do\/index.php\/category\/nacionales\/"},"img":{"alt_text":"","src":"https:\/\/i0.wp.com\/lasprimeras.com.do\/wp-content\/uploads\/2024\/09\/Julito-Fulcar.jpg?resize=350%2C200&ssl=1","width":350,"height":200,"srcset":"https:\/\/i0.wp.com\/lasprimeras.com.do\/wp-content\/uploads\/2024\/09\/Julito-Fulcar.jpg?resize=350%2C200&ssl=1 1x, https:\/\/i0.wp.com\/lasprimeras.com.do\/wp-content\/uploads\/2024\/09\/Julito-Fulcar.jpg?resize=525%2C300&ssl=1 1.5x, https:\/\/i0.wp.com\/lasprimeras.com.do\/wp-content\/uploads\/2024\/09\/Julito-Fulcar.jpg?resize=700%2C400&ssl=1 2x"},"classes":[]},{"id":90310,"url":"https:\/\/lasprimeras.com.do\/index.php\/2024\/10\/19\/comision-especial-de-senadores-finaliza-entrevistas-aspirantes-a-integrar-jce\/","url_meta":{"origin":89969,"position":1},"title":"Comisi\u00f3n Especial de Senadores finaliza entrevistas aspirantes a integrar JCE","author":"Nelson Feliz","date":"19 de octubre de 2024","format":false,"excerpt":"La Comisi\u00f3n Especial del Senado de la Rep\u00fablica, conformada para estudiar las propuestas de candidaturas para la escogencia de los miembros de la Junta Central Electoral (JCE), para el per\u00edodo 2024-2028, finaliz\u00f3 este viernes las entrevistas a 102 aspirantes a integrar el organismo electoral. Seg\u00fan explic\u00f3 el presidente de la\u2026","rel":"","context":"En \u00abNACIONALES\u00bb","block_context":{"text":"NACIONALES","link":"https:\/\/lasprimeras.com.do\/index.php\/category\/nacionales\/"},"img":{"alt_text":"","src":"https:\/\/i0.wp.com\/lasprimeras.com.do\/wp-content\/uploads\/2024\/10\/SENA.jpg?resize=350%2C200&ssl=1","width":350,"height":200,"srcset":"https:\/\/i0.wp.com\/lasprimeras.com.do\/wp-content\/uploads\/2024\/10\/SENA.jpg?resize=350%2C200&ssl=1 1x, https:\/\/i0.wp.com\/lasprimeras.com.do\/wp-content\/uploads\/2024\/10\/SENA.jpg?resize=525%2C300&ssl=1 1.5x, https:\/\/i0.wp.com\/lasprimeras.com.do\/wp-content\/uploads\/2024\/10\/SENA.jpg?resize=700%2C400&ssl=1 2x"},"classes":[]},{"id":90201,"url":"https:\/\/lasprimeras.com.do\/index.php\/2024\/10\/15\/comision-especial-de-senadores-entrevista-a-30-aspirantes-a-miembros-jce\/","url_meta":{"origin":89969,"position":2},"title":"Comisi\u00f3n Especial de Senadores entrevista a 30 aspirantes a miembros JCE","author":"Nelson Feliz","date":"15 de octubre de 2024","format":false,"excerpt":"La Comisi\u00f3n Especial del Senado de la Rep\u00fablica, conformada para estudiar las propuestas de candidaturas para la escogencia de los miembros de la Junta Central Electoral (JCE), para el per\u00edodo 2024-2028, entrevist\u00f3 este martes a 30 de los 103 aspirantes inscritos a desempe\u00f1ar las funciones de titular, miembro, y suplente\u2026","rel":"","context":"En \u00abNACIONALES\u00bb","block_context":{"text":"NACIONALES","link":"https:\/\/lasprimeras.com.do\/index.php\/category\/nacionales\/"},"img":{"alt_text":"","src":"https:\/\/i0.wp.com\/lasprimeras.com.do\/wp-content\/uploads\/2024\/10\/comision-1.jpg?resize=350%2C200&ssl=1","width":350,"height":200,"srcset":"https:\/\/i0.wp.com\/lasprimeras.com.do\/wp-content\/uploads\/2024\/10\/comision-1.jpg?resize=350%2C200&ssl=1 1x, https:\/\/i0.wp.com\/lasprimeras.com.do\/wp-content\/uploads\/2024\/10\/comision-1.jpg?resize=525%2C300&ssl=1 1.5x"},"classes":[]},{"id":89565,"url":"https:\/\/lasprimeras.com.do\/index.php\/2024\/09\/28\/comision-para-eleccion-de-la-jce-extiende-hasta-el-2-de-octubre-plazo-inscripcion-aspirantes\/","url_meta":{"origin":89969,"position":3},"title":"Comisi\u00f3n para elecci\u00f3n de la JCE extiende hasta el 2 de octubre plazo inscripci\u00f3n aspirantes","author":"Nelson Feliz","date":"28 de septiembre de 2024","format":false,"excerpt":"La Comisi\u00f3n designada para la elecci\u00f3n de los aspirantes a miembros, titulares y suplentes de la Junta Central Electoral (JCE), acord\u00f3 este viernes extender, desde el d\u00eda 28 de septiembre hasta el 2 de octubre, el plazo de inscripci\u00f3n de los aspirantes a formar parte del organismo comicial. El presidente\u2026","rel":"","context":"En \u00abNACIONALES\u00bb","block_context":{"text":"NACIONALES","link":"https:\/\/lasprimeras.com.do\/index.php\/category\/nacionales\/"},"img":{"alt_text":"Comisi\u00f3n","src":"https:\/\/i0.wp.com\/lasprimeras.com.do\/wp-content\/uploads\/2024\/09\/Comision-1-1.jpg?resize=350%2C200&ssl=1","width":350,"height":200,"srcset":"https:\/\/i0.wp.com\/lasprimeras.com.do\/wp-content\/uploads\/2024\/09\/Comision-1-1.jpg?resize=350%2C200&ssl=1 1x, https:\/\/i0.wp.com\/lasprimeras.com.do\/wp-content\/uploads\/2024\/09\/Comision-1-1.jpg?resize=525%2C300&ssl=1 1.5x, https:\/\/i0.wp.com\/lasprimeras.com.do\/wp-content\/uploads\/2024\/09\/Comision-1-1.jpg?resize=700%2C400&ssl=1 2x"},"classes":[]},{"id":91027,"url":"https:\/\/lasprimeras.com.do\/index.php\/2024\/11\/06\/senado-escoge-a-unanimidad-titulares-y-suplentes-de-la-jce-para-el-periodo-2024-2028\/","url_meta":{"origin":89969,"position":4},"title":"Senado escoge a unanimidad titulares y suplentes de la JCE para el periodo 2024-2028","author":"Nelson Feliz","date":"6 de noviembre de 2024","format":false,"excerpt":"El presidente de la C\u00e1mara Alta, Ricardo de los Santos convoc\u00f3 al pleno de los senadores para la juramentaci\u00f3n de los titulares, miembros y suplentes de la Junta Central Electoral (JCE), para el pr\u00f3ximo mi\u00e9rcoles a las 10:00 am. El Senado de la Rep\u00fablica escogi\u00f3 a unanimidad los nuevos miembros\u2026","rel":"","context":"En \u00abNACIONALES\u00bb","block_context":{"text":"NACIONALES","link":"https:\/\/lasprimeras.com.do\/index.php\/category\/nacionales\/"},"img":{"alt_text":"Senado","src":"https:\/\/i0.wp.com\/lasprimeras.com.do\/wp-content\/uploads\/2024\/10\/Senado-2.jpg?resize=350%2C200&ssl=1","width":350,"height":200,"srcset":"https:\/\/i0.wp.com\/lasprimeras.com.do\/wp-content\/uploads\/2024\/10\/Senado-2.jpg?resize=350%2C200&ssl=1 1x, https:\/\/i0.wp.com\/lasprimeras.com.do\/wp-content\/uploads\/2024\/10\/Senado-2.jpg?resize=525%2C300&ssl=1 1.5x, https:\/\/i0.wp.com\/lasprimeras.com.do\/wp-content\/uploads\/2024\/10\/Senado-2.jpg?resize=700%2C400&ssl=1 2x"},"classes":[]},{"id":88721,"url":"https:\/\/lasprimeras.com.do\/index.php\/2024\/09\/04\/senado-escoge-comision-evaluara-aspirantes-a-miembros-de-jce\/","url_meta":{"origin":89969,"position":5},"title":"Senado escoge comisi\u00f3n evaluar\u00e1 aspirantes a miembros de JCE","author":"Nelson Feliz","date":"4 de septiembre de 2024","format":false,"excerpt":"El senador por la provincia Peravia, Julito Fulcar, ser\u00e1 quien la presida. El presidente del Senado, Ricardo de los Santos, anunci\u00f3 este martes los nueve miembros que integrar\u00e1n la comisi\u00f3n especial que se encargar\u00e1 de estudiar los expedientes y entrevistar a los aspirantes a ser parte del pleno de la\u2026","rel":"","context":"En \u00abPORTADA\u00bb","block_context":{"text":"PORTADA","link":"https:\/\/lasprimeras.com.do\/index.php\/category\/portada\/"},"img":{"alt_text":"","src":"https:\/\/i0.wp.com\/lasprimeras.com.do\/wp-content\/uploads\/2024\/09\/Ricardo-de-los-Santos.jpeg?resize=350%2C200&ssl=1","width":350,"height":200,"srcset":"https:\/\/i0.wp.com\/lasprimeras.com.do\/wp-content\/uploads\/2024\/09\/Ricardo-de-los-Santos.jpeg?resize=350%2C200&ssl=1 1x, https:\/\/i0.wp.com\/lasprimeras.com.do\/wp-content\/uploads\/2024\/09\/Ricardo-de-los-Santos.jpeg?resize=525%2C300&ssl=1 1.5x, https:\/\/i0.wp.com\/lasprimeras.com.do\/wp-content\/uploads\/2024\/09\/Ricardo-de-los-Santos.jpeg?resize=700%2C400&ssl=1 2x, https:\/\/i0.wp.com\/lasprimeras.com.do\/wp-content\/uploads\/2024\/09\/Ricardo-de-los-Santos.jpeg?resize=1050%2C600&ssl=1 3x, https:\/\/i0.wp.com\/lasprimeras.com.do\/wp-content\/uploads\/2024\/09\/Ricardo-de-los-Santos.jpeg?resize=1400%2C800&ssl=1 4x"},"classes":[]}],"jetpack_sharing_enabled":true,"jetpack_featured_media_url":"https:\/\/lasprimeras.com.do\/wp-content\/uploads\/2024\/10\/jce.jpg","_links":{"self":[{"href":"https:\/\/lasprimeras.com.do\/index.php\/wp-json\/wp\/v2\/posts\/89969","targetHints":{"allow":["GET"]}}],"collection":[{"href":"https:\/\/lasprimeras.com.do\/index.php\/wp-json\/wp\/v2\/posts"}],"about":[{"href":"https:\/\/lasprimeras.com.do\/index.php\/wp-json\/wp\/v2\/types\/post"}],"author":[{"embeddable":true,"href":"https:\/\/lasprimeras.com.do\/index.php\/wp-json\/wp\/v2\/users\/2"}],"replies":[{"embeddable":true,"href":"https:\/\/lasprimeras.com.do\/index.php\/wp-json\/wp\/v2\/comments?post=89969"}],"version-history":[{"count":1,"href":"https:\/\/lasprimeras.com.do\/index.php\/wp-json\/wp\/v2\/posts\/89969\/revisions"}],"predecessor-version":[{"id":89971,"href":"https:\/\/lasprimeras.com.do\/index.php\/wp-json\/wp\/v2\/posts\/89969\/revisions\/89971"}],"wp:featuredmedia":[{"embeddable":true,"href":"https:\/\/lasprimeras.com.do\/index.php\/wp-json\/wp\/v2\/media\/89970"}],"wp:attachment":[{"href":"https:\/\/lasprimeras.com.do\/index.php\/wp-json\/wp\/v2\/media?parent=89969"}],"wp:term":[{"taxonomy":"category","embeddable":true,"href":"https:\/\/lasprimeras.com.do\/index.php\/wp-json\/wp\/v2\/categories?post=89969"},{"taxonomy":"post_tag","embeddable":true,"href":"https:\/\/lasprimeras.com.do\/index.php\/wp-json\/wp\/v2\/tags?post=89969"}],"curies":[{"name":"wp","href":"https:\/\/api.w.org\/{rel}","templated":true}]}}