{"id":89981,"date":"2024-10-10T23:41:32","date_gmt":"2024-10-11T03:41:32","guid":{"rendered":"https:\/\/lasprimeras.com.do\/?p=89981"},"modified":"2024-10-10T23:41:34","modified_gmt":"2024-10-11T03:41:34","slug":"caasd-optimiza-suministro-de-agua-en-sectores-de-sdo-luego-de-trabajos-en-pintura","status":"publish","type":"post","link":"https:\/\/lasprimeras.com.do\/index.php\/2024\/10\/10\/caasd-optimiza-suministro-de-agua-en-sectores-de-sdo-luego-de-trabajos-en-pintura\/","title":{"rendered":"CAASD optimiza suministro de agua en sectores de SDO luego de trabajos en \u201cPintura\u201d"},"content":{"rendered":"\n<p><strong>La entidad concluy\u00f3 los trabajos de recolocaci\u00f3n de dos tuber\u00edas intervenidas por el paso a desnivel que construye el ministerio de Obras P\u00fablicas en esa zona.<\/strong><\/p>\n\n\n\n<p>La Corporaci\u00f3n del Acueducto y Alcantarillado de Santo Domingo (CAASD) inform\u00f3 que concluy\u00f3 los trabajos de interconexi\u00f3n de dos tuber\u00edas de agua potable de 60 y 48 pulgadas en la prolongaci\u00f3n 27 de Febrero, por lo que el servicio comenz\u00f3 a ser normalizado.<\/p>\n\n\n\n<p>Desde ayer, martes 8, sectores como Residencial Santo Domingo, La Altagracia y el Caf\u00e9 de Herrera comenzaron a recibir el preciado l\u00edquido, y durante el transcurso de la semana, los dem\u00e1s sectores, tambi\u00e9n recibir\u00e1n agua potable, inform\u00f3 el ingeniero Luis Salcedo, del \u00e1rea de Operaciones de la instituci\u00f3n.<\/p>\n\n\n\n<p>El servicio de agua fue limitado la pasada semana para recolocar dos tuber\u00edas que fueron removidas por la construcci\u00f3n del paso a desnivel que dirige el ministerio de Obras P\u00fablicas en la intersecci\u00f3n formada por la prolongaci\u00f3n 27 de Febrero e Isabel Aguiar.<\/p>\n\n\n\n<p>Entre los sectores que se les normalizar\u00e1 el servicio de agua potable durante esta semana se encuentran, adem\u00e1s: Zona Industrial de Herrera, La Mina, Guajim\u00eda, Para\u00edso, Engombe, residencial Iv\u00e1n Guzm\u00e1n, El Abanico, El Palmar, Colinas de Engombe, residenciales Loyola y Ure\u00f1a, Altos de Engombe y Palacio de Engombe.<\/p>\n\n\n\n<p>Los trabajos se iniciaron el mi\u00e9rcoles 2 octubre para interconectar las tuber\u00edas en el lado sur de la 27 de Febrero, y fueron concluidos en tiempo r\u00e9cord este lunes 7, mucho antes de lo previsto, fruto del arduo trabajo de las brigadas y los equipos de supervisi\u00f3n de la CAASD y de la empresa contratista por parte de Obras P\u00fablicas, explic\u00f3 Salcedo.<\/p>\n\n\n\n<p>Durante ese tiempo, la CAASD dispuso una flotilla de 150 camiones cisterna para suplir de agua potable a los sectores evitando que los mismos sintieran las limitaciones que pudieron haber causado los trabajos para la construcci\u00f3n del paso a desnivel, los cuales tambi\u00e9n sirvieron para intervenciones y mejoras para optimizar el suministro del l\u00edquido.<\/p>\n\n\n\n<p>Salcedo agradeci\u00f3 la comprensi\u00f3n de los residentes de SDO durante la intervenci\u00f3n que limit\u00f3 el suministro. \u201cEsta intervenci\u00f3n era necesaria para facilitar a Obras P\u00fablicas la construcci\u00f3n de la trinchera que dar\u00e1 paso al importante viaducto.<\/p>\n","protected":false},"excerpt":{"rendered":"<p>La entidad concluy\u00f3 los trabajos de recolocaci\u00f3n de dos tuber\u00edas intervenidas por el paso a desnivel que construye el ministerio de Obras P\u00fablicas en esa zona. La Corporaci\u00f3n del Acueducto&hellip;<\/p>\n","protected":false},"author":2,"featured_media":89849,"comment_status":"open","ping_status":"open","sticky":false,"template":"","format":"standard","meta":{"content-type":"","jetpack_post_was_ever_published":false,"_jetpack_newsletter_access":"","_jetpack_dont_email_post_to_subs":false,"_jetpack_newsletter_tier_id":0,"_jetpack_memberships_contains_paywalled_content":false,"_jetpack_memberships_contains_paid_content":false,"footnotes":""},"categories":[35,25],"tags":[697,13496,2474,8095,5187,15906,452],"class_list":["post-89981","post","type-post","status-publish","format-standard","has-post-thumbnail","hentry","category-nacionales","category-portada","tag-caasd","tag-optimiza","tag-pintura","tag-sdo","tag-sectores","tag-suministro-de-agua","tag-trabajos"],"jetpack_featured_media_url":"https:\/\/lasprimeras.com.do\/wp-content\/uploads\/2024\/10\/caasd-1.jpg","jetpack-related-posts":[{"id":102360,"url":"https:\/\/lasprimeras.com.do\/index.php\/2025\/07\/03\/caasd-trabaja-en-solucion-de-averia-en-sdo\/","url_meta":{"origin":89981,"position":0},"title":"CAASD trabaja en soluci\u00f3n de aver\u00eda en SDO","author":"Nelson Feliz","date":"3 de julio de 2025","format":false,"excerpt":"CAASD mantiene limitado parcialmente el servicio de agua potable. La Corporaci\u00f3n del Acueducto y Alcantarillado de Santo Domingo (CAASD) inform\u00f3 que el servicio de agua potable est\u00e1 parcialmente interrumpido en varios sectores del municipio Santo Domingo Oeste, debido a los trabajos de reparaci\u00f3n en una tuber\u00eda en la zona. De\u2026","rel":"","context":"En \u00abNACIONALES\u00bb","block_context":{"text":"NACIONALES","link":"https:\/\/lasprimeras.com.do\/index.php\/category\/nacionales\/"},"img":{"alt_text":"","src":"https:\/\/i0.wp.com\/lasprimeras.com.do\/wp-content\/uploads\/2025\/07\/SDO3.jpg?resize=350%2C200&ssl=1","width":350,"height":200,"srcset":"https:\/\/i0.wp.com\/lasprimeras.com.do\/wp-content\/uploads\/2025\/07\/SDO3.jpg?resize=350%2C200&ssl=1 1x, https:\/\/i0.wp.com\/lasprimeras.com.do\/wp-content\/uploads\/2025\/07\/SDO3.jpg?resize=525%2C300&ssl=1 1.5x, https:\/\/i0.wp.com\/lasprimeras.com.do\/wp-content\/uploads\/2025\/07\/SDO3.jpg?resize=700%2C400&ssl=1 2x"},"classes":[]},{"id":115853,"url":"https:\/\/lasprimeras.com.do\/index.php\/2025\/11\/25\/caasd-corrige-averia-en-tuberia-de-30-pulgadas-en-la-autopista-duarte-sdo\/","url_meta":{"origin":89981,"position":1},"title":"CAASD corrige aver\u00eda en tuber\u00eda de 30 pulgadas en la autopista Duarte, SDO","author":"Nelson Feliz","date":"25 de noviembre de 2025","format":false,"excerpt":"La Corporaci\u00f3n del Acueducto y Alcantarillado de Santo Domingo (CAASD) solucion\u00f3 la aver\u00eda registrada en una tuber\u00eda de 30 pulgadas ubicada en la autopista Duarte, a la altura del kil\u00f3metro 11 de Santo Domingo Oeste, la cual afect\u00f3 el suministro de agua potable en los sectores La Venta, Don Honorio,\u2026","rel":"","context":"En \u00abNACIONALES\u00bb","block_context":{"text":"NACIONALES","link":"https:\/\/lasprimeras.com.do\/index.php\/category\/nacionales\/"},"img":{"alt_text":"","src":"https:\/\/i0.wp.com\/lasprimeras.com.do\/wp-content\/uploads\/2025\/11\/CAASD-1-scaled.jpeg?resize=350%2C200&ssl=1","width":350,"height":200,"srcset":"https:\/\/i0.wp.com\/lasprimeras.com.do\/wp-content\/uploads\/2025\/11\/CAASD-1-scaled.jpeg?resize=350%2C200&ssl=1 1x, https:\/\/i0.wp.com\/lasprimeras.com.do\/wp-content\/uploads\/2025\/11\/CAASD-1-scaled.jpeg?resize=525%2C300&ssl=1 1.5x, https:\/\/i0.wp.com\/lasprimeras.com.do\/wp-content\/uploads\/2025\/11\/CAASD-1-scaled.jpeg?resize=700%2C400&ssl=1 2x, https:\/\/i0.wp.com\/lasprimeras.com.do\/wp-content\/uploads\/2025\/11\/CAASD-1-scaled.jpeg?resize=1050%2C600&ssl=1 3x, https:\/\/i0.wp.com\/lasprimeras.com.do\/wp-content\/uploads\/2025\/11\/CAASD-1-scaled.jpeg?resize=1400%2C800&ssl=1 4x"},"classes":[]},{"id":120619,"url":"https:\/\/lasprimeras.com.do\/index.php\/2026\/01\/26\/caasd-informa-sobre-operativos-de-drenado-en-la-avenida-luperon-para-optimizar-el-suministro-de-agua-potable\/","url_meta":{"origin":89981,"position":2},"title":"CAASD informa sobre operativos de drenado en la avenida Luper\u00f3n para optimizar el suministro de agua potable","author":"Nelson Feliz","date":"26 de enero de 2026","format":false,"excerpt":"La Corporaci\u00f3n del Acueducto y Alcantarillado de Santo Domingo (CAASD) inform\u00f3 este lunes 26 de enero de 2026 que brigadas t\u00e9cnicas realizan el drenado de una l\u00ednea de distribuci\u00f3n de 36 pulgadas de di\u00e1metro en la avenida General Gregorio Luper\u00f3n. Estos trabajos son fundamentales para garantizar la operatividad del sistema\u2026","rel":"","context":"En \u00abNACIONALES\u00bb","block_context":{"text":"NACIONALES","link":"https:\/\/lasprimeras.com.do\/index.php\/category\/nacionales\/"},"img":{"alt_text":"Felipe \u201cFellito\u201d Suberv\u00ed","src":"https:\/\/i0.wp.com\/lasprimeras.com.do\/wp-content\/uploads\/2026\/01\/Felipe-Fellito-Subervi-1.jpg?resize=350%2C200&ssl=1","width":350,"height":200,"srcset":"https:\/\/i0.wp.com\/lasprimeras.com.do\/wp-content\/uploads\/2026\/01\/Felipe-Fellito-Subervi-1.jpg?resize=350%2C200&ssl=1 1x, https:\/\/i0.wp.com\/lasprimeras.com.do\/wp-content\/uploads\/2026\/01\/Felipe-Fellito-Subervi-1.jpg?resize=525%2C300&ssl=1 1.5x, https:\/\/i0.wp.com\/lasprimeras.com.do\/wp-content\/uploads\/2026\/01\/Felipe-Fellito-Subervi-1.jpg?resize=700%2C400&ssl=1 2x"},"classes":[]},{"id":100342,"url":"https:\/\/lasprimeras.com.do\/index.php\/2025\/06\/05\/caasd-concluye-trabajos-en-el-km-8-para-optimizar-servicio-de-agua\/","url_meta":{"origin":89981,"position":3},"title":"CAASD concluye trabajos en el KM 8 para optimizar servicio de agua","author":"Nelson Feliz","date":"5 de junio de 2025","format":false,"excerpt":"La Corporaci\u00f3n del Acueducto y Alcantarillado de Santo Domingo (CAASD) inform\u00f3 fue restablecido el servicio de agua potable en el sector del Kil\u00f3metro 8, tras concluir con los trabajos de reparaci\u00f3n y optimizaci\u00f3n realizados en la avenida Cayetano Germos\u00e9n, esquina Antonio \u00c1lvarez, del Distrito Nacional. La instituci\u00f3n explic\u00f3 que el\u2026","rel":"","context":"En \u00abNACIONALES\u00bb","block_context":{"text":"NACIONALES","link":"https:\/\/lasprimeras.com.do\/index.php\/category\/nacionales\/"},"img":{"alt_text":"","src":"https:\/\/i0.wp.com\/lasprimeras.com.do\/wp-content\/uploads\/2025\/06\/CAASD.jpg?resize=350%2C200&ssl=1","width":350,"height":200,"srcset":"https:\/\/i0.wp.com\/lasprimeras.com.do\/wp-content\/uploads\/2025\/06\/CAASD.jpg?resize=350%2C200&ssl=1 1x, https:\/\/i0.wp.com\/lasprimeras.com.do\/wp-content\/uploads\/2025\/06\/CAASD.jpg?resize=525%2C300&ssl=1 1.5x, https:\/\/i0.wp.com\/lasprimeras.com.do\/wp-content\/uploads\/2025\/06\/CAASD.jpg?resize=700%2C400&ssl=1 2x"},"classes":[]},{"id":119318,"url":"https:\/\/lasprimeras.com.do\/index.php\/2026\/01\/10\/caasd-realizara-este-sabado-trabajos-de-mantenimiento-en-el-acueducto-la-isabela\/","url_meta":{"origin":89981,"position":4},"title":"CAASD realizar\u00e1 este s\u00e1bado trabajos de mantenimiento en el acueducto La Isabela","author":"Nelson Feliz","date":"10 de enero de 2026","format":false,"excerpt":"El servicio de agua potable se ver\u00e1 limitado de manera temporal en algunos sectores durante la ejecuci\u00f3n de los trabajos La Corporaci\u00f3n del Acueducto y Alcantarillado de Santo Domingo (CAASD) inform\u00f3 que a partir de ma\u00f1ana s\u00e1bado 10 de enero de 2026 el acueducto Isabela estar\u00e1 fuera de servicio debido\u2026","rel":"","context":"En \u00abNACIONALES\u00bb","block_context":{"text":"NACIONALES","link":"https:\/\/lasprimeras.com.do\/index.php\/category\/nacionales\/"},"img":{"alt_text":"","src":"https:\/\/i0.wp.com\/lasprimeras.com.do\/wp-content\/uploads\/2025\/04\/CAASD-2.jpg?resize=350%2C200&ssl=1","width":350,"height":200,"srcset":"https:\/\/i0.wp.com\/lasprimeras.com.do\/wp-content\/uploads\/2025\/04\/CAASD-2.jpg?resize=350%2C200&ssl=1 1x, https:\/\/i0.wp.com\/lasprimeras.com.do\/wp-content\/uploads\/2025\/04\/CAASD-2.jpg?resize=525%2C300&ssl=1 1.5x, https:\/\/i0.wp.com\/lasprimeras.com.do\/wp-content\/uploads\/2025\/04\/CAASD-2.jpg?resize=700%2C400&ssl=1 2x"},"classes":[]},{"id":108426,"url":"https:\/\/lasprimeras.com.do\/index.php\/2025\/09\/07\/caasd-repara-averia-en-tuberia-de-agua-potable-en-avenida-maximo-gomez-con-nicolas-de-ovando\/","url_meta":{"origin":89981,"position":5},"title":"CAASD repara aver\u00eda en tuber\u00eda de agua potable en avenida M\u00e1ximo G\u00f3mez con Nicol\u00e1s de Ovando","author":"Nelson Feliz","date":"7 de septiembre de 2025","format":false,"excerpt":"La Corporaci\u00f3n del Acueducto y Alcantarillado de Santo Domingo (CAASD) inform\u00f3 que fue solucionada una aver\u00eda en una tuber\u00eda de 16 pulgadas de la red de agua potable, ubicada en la intersecci\u00f3n de las avenidas M\u00e1ximo G\u00f3mez y Nicol\u00e1s de Ovando, en el Distrito Nacional. En un comunicado, la entidad\u2026","rel":"","context":"En \u00abNACIONALES\u00bb","block_context":{"text":"NACIONALES","link":"https:\/\/lasprimeras.com.do\/index.php\/category\/nacionales\/"},"img":{"alt_text":"","src":"https:\/\/i0.wp.com\/lasprimeras.com.do\/wp-content\/uploads\/2025\/09\/CAASD-1-1.jpg?resize=350%2C200&ssl=1","width":350,"height":200,"srcset":"https:\/\/i0.wp.com\/lasprimeras.com.do\/wp-content\/uploads\/2025\/09\/CAASD-1-1.jpg?resize=350%2C200&ssl=1 1x, https:\/\/i0.wp.com\/lasprimeras.com.do\/wp-content\/uploads\/2025\/09\/CAASD-1-1.jpg?resize=525%2C300&ssl=1 1.5x, https:\/\/i0.wp.com\/lasprimeras.com.do\/wp-content\/uploads\/2025\/09\/CAASD-1-1.jpg?resize=700%2C400&ssl=1 2x"},"classes":[]}],"jetpack_sharing_enabled":true,"_links":{"self":[{"href":"https:\/\/lasprimeras.com.do\/index.php\/wp-json\/wp\/v2\/posts\/89981","targetHints":{"allow":["GET"]}}],"collection":[{"href":"https:\/\/lasprimeras.com.do\/index.php\/wp-json\/wp\/v2\/posts"}],"about":[{"href":"https:\/\/lasprimeras.com.do\/index.php\/wp-json\/wp\/v2\/types\/post"}],"author":[{"embeddable":true,"href":"https:\/\/lasprimeras.com.do\/index.php\/wp-json\/wp\/v2\/users\/2"}],"replies":[{"embeddable":true,"href":"https:\/\/lasprimeras.com.do\/index.php\/wp-json\/wp\/v2\/comments?post=89981"}],"version-history":[{"count":1,"href":"https:\/\/lasprimeras.com.do\/index.php\/wp-json\/wp\/v2\/posts\/89981\/revisions"}],"predecessor-version":[{"id":89982,"href":"https:\/\/lasprimeras.com.do\/index.php\/wp-json\/wp\/v2\/posts\/89981\/revisions\/89982"}],"wp:featuredmedia":[{"embeddable":true,"href":"https:\/\/lasprimeras.com.do\/index.php\/wp-json\/wp\/v2\/media\/89849"}],"wp:attachment":[{"href":"https:\/\/lasprimeras.com.do\/index.php\/wp-json\/wp\/v2\/media?parent=89981"}],"wp:term":[{"taxonomy":"category","embeddable":true,"href":"https:\/\/lasprimeras.com.do\/index.php\/wp-json\/wp\/v2\/categories?post=89981"},{"taxonomy":"post_tag","embeddable":true,"href":"https:\/\/lasprimeras.com.do\/index.php\/wp-json\/wp\/v2\/tags?post=89981"}],"curies":[{"name":"wp","href":"https:\/\/api.w.org\/{rel}","templated":true}]}}