{"id":90064,"date":"2024-10-12T12:56:00","date_gmt":"2024-10-12T16:56:00","guid":{"rendered":"https:\/\/lasprimeras.com.do\/?p=90064"},"modified":"2024-10-12T19:59:35","modified_gmt":"2024-10-12T23:59:35","slug":"presidente-abinader-encabeza-consejo-de-ministros-y-directores-en-puerto-plata","status":"publish","type":"post","link":"https:\/\/lasprimeras.com.do\/index.php\/2024\/10\/12\/presidente-abinader-encabeza-consejo-de-ministros-y-directores-en-puerto-plata\/","title":{"rendered":"Presidente Abinader encabeza consejo de Ministros y Directores, en Puerto Plata"},"content":{"rendered":"\n<p class=\"wp-block-paragraph\">El presidente de la Rep\u00fablica, Luis Abinader, junto a la vicepresidenta, Raquel Pe\u00f1a, encabeza en estos momentos el cuadrag\u00e9simo tercer consejo de Gobierno con una representaci\u00f3n de sus principales Ministros y Directores Generales.<\/p>\n\n\n\n<p class=\"wp-block-paragraph\">En el encuentro, que busca poner en conocimiento del mandatario los logros y avances de la provincia durante el cuatrienio 2020-2024; as\u00ed como las obras y proyectos sociales y comunitarios que se consideran necesarios para continuar impactando el desarrollo de esta regi\u00f3n, la apertura de sesi\u00f3n est\u00e1 a cargo del ministro de la Presidencia, Jos\u00e9 Ignacio Paliza.<\/p>\n\n\n\n<p class=\"wp-block-paragraph\">Las palabras de bienvenida corresponden a la senadora de Puerto Plata, Ginette Bournigal y la lectura de la agenda del d\u00eda la har\u00e1 el viceministro del Ministerio de la Presidencia, Luis Madera Sued.<\/p>\n\n\n\n<p class=\"wp-block-paragraph\">Entre los temas a abordar para continuar el impulso de la provincia y la regi\u00f3n se encuentran los principales determinantes para el desarrollo mostrado por Puerto Plata, a cargo del viceministro del Ministerio de Econom\u00eda, Planificaci\u00f3n y Desarrollo, Domingo Mat\u00edas.<\/p>\n\n\n\n<p class=\"wp-block-paragraph\">Las intervenciones abarcan tambi\u00e9n el tema &#8220;Puerto Plata: logros y avances del cuatrienio 2020-2024&#8221;, a cargo de los titulares del Servicio Nacional de Salud; los ministerios de Interior y Polic\u00eda; Administrativo de la Presidencia; de Obras P\u00fablicas y Comunicaciones; de Turismo y de Agricultura.<\/p>\n\n\n\n<p class=\"wp-block-paragraph\">Tambi\u00e9n, Instituto Nacional de Aguas Potables y Alcantarillados (INAPA); Autoridad Portuaria Dominicana; Comisi\u00f3n Presidencial de Apoyo al Desarrollo Barrial; Instituto Nacional de Formaci\u00f3n T\u00e9cnico Profesional y Banreservas.<\/p>\n\n\n\n<p class=\"wp-block-paragraph\">A la convocatoria, tambi\u00e9n asiste una representaci\u00f3n local que har\u00e1 sus intervenciones; entre ellas: la presidenta de la C\u00e1mara de Comercio de Puerto Plata, Mileyka Brugal; la empresaria Liza Brugal y la representante de la sociedad civil, Carmen Cid.<\/p>\n\n\n\n<p class=\"wp-block-paragraph\">El obispo de la Di\u00f3cesis de Puerto Plata, monse\u00f1or Julio C\u00e9sar Corniel Amaro, bendijo el acto.<\/p>\n","protected":false},"excerpt":{"rendered":"<p>El presidente de la Rep\u00fablica, Luis Abinader, junto a la vicepresidenta, Raquel Pe\u00f1a, encabeza en estos momentos el cuadrag\u00e9simo tercer consejo de Gobierno con una representaci\u00f3n de sus principales Ministros&hellip;<\/p>\n","protected":false},"author":2,"featured_media":90065,"comment_status":"open","ping_status":"open","sticky":false,"template":"","format":"standard","meta":{"content-type":"","_jetpack_newsletter_access":"","_jetpack_dont_email_post_to_subs":false,"_jetpack_newsletter_tier_id":0,"_jetpack_memberships_contains_paywalled_content":false,"_jetpack_feature_clip_id":0,"_jetpack_memberships_contains_paid_content":false,"footnotes":"","jetpack_post_was_ever_published":false},"categories":[35,25],"tags":[1144,1376,67,1847,687],"class_list":["post-90064","post","type-post","status-publish","format-standard","has-post-thumbnail","hentry","category-nacionales","category-portada","tag-consejo","tag-directores","tag-luis-abinader","tag-ministros","tag-puerto-plata"],"jetpack-related-posts":[{"id":51455,"url":"https:\/\/lasprimeras.com.do\/index.php\/2023\/05\/31\/abinader-encabeza-trigesimo-consejo-de-ministros-y-directores-en-el-palacio-nacional\/","url_meta":{"origin":90064,"position":0},"title":"Abinader encabeza trig\u00e9simo Consejo de Ministros y Directores en el Palacio Nacional","author":"prenxa100","date":"31 de mayo de 2023","format":false,"excerpt":"Por Wilson P\u00e9rez Santo Domingo. - En estos momentos el presidente Luis Abinader y la vicepresidenta Raquel Pe\u00f1a, encabezan el trig\u00e9simo Consejo de Ministros y Directores en el Palacio Nacional, donde se tratan importantes temas sobre la marcha del gobierno. https:\/\/youtu.be\/q-2y6XvR6F8","rel":"","context":"En \u00abNACIONALES\u00bb","block_context":{"text":"NACIONALES","link":"https:\/\/lasprimeras.com.do\/index.php\/category\/nacionales\/"},"img":{"alt_text":"","src":"https:\/\/i0.wp.com\/img.youtube.com\/vi\/q-2y6XvR6F8\/0.jpg?resize=350%2C200","width":350,"height":200},"classes":[]},{"id":88205,"url":"https:\/\/lasprimeras.com.do\/index.php\/2024\/08\/23\/abinader-y-vicepresidenta-encabezan-consejo-de-ministros-y-directores-y-tratan-sobre-la-etica\/","url_meta":{"origin":90064,"position":1},"title":"Abinader y vicepresidenta encabezan Consejo de Ministros y Directores y tratan sobre la \u00e9tica","author":"Nelson Feliz","date":"23 de agosto de 2024","format":false,"excerpt":"Fue un llamado general a continuar con m\u00e1s transparencia, m\u00e1s compromiso, y m\u00e1s identificaci\u00f3n del funcionario p\u00fablico con las mejores pr\u00e1cticas y el mejor de los comportamientos en el devenir de sus funciones. El presidente Luis Abinader y la vicepresidenta Raquel Pe\u00f1a encabezaron este viernes el primer Consejo de Ministros\u2026","rel":"","context":"En \u00abNACIONALES\u00bb","block_context":{"text":"NACIONALES","link":"https:\/\/lasprimeras.com.do\/index.php\/category\/nacionales\/"},"img":{"alt_text":"Luis Abinader","src":"https:\/\/i0.wp.com\/lasprimeras.com.do\/wp-content\/uploads\/2024\/08\/Luis-Abinader-2-1.jpg?resize=350%2C200&ssl=1","width":350,"height":200,"srcset":"https:\/\/i0.wp.com\/lasprimeras.com.do\/wp-content\/uploads\/2024\/08\/Luis-Abinader-2-1.jpg?resize=350%2C200&ssl=1 1x, https:\/\/i0.wp.com\/lasprimeras.com.do\/wp-content\/uploads\/2024\/08\/Luis-Abinader-2-1.jpg?resize=525%2C300&ssl=1 1.5x, https:\/\/i0.wp.com\/lasprimeras.com.do\/wp-content\/uploads\/2024\/08\/Luis-Abinader-2-1.jpg?resize=700%2C400&ssl=1 2x"},"classes":[]},{"id":90060,"url":"https:\/\/lasprimeras.com.do\/index.php\/2024\/10\/12\/abinader-entrega-de-remozado-estadio-jose-briceno-de-puerto-plata\/","url_meta":{"origin":90064,"position":2},"title":"Abinader entrega de remozado Estadio Jos\u00e9 Brice\u00f1o de Puerto Plata","author":"Nelson Feliz","date":"12 de octubre de 2024","format":false,"excerpt":"Tambi\u00e9n, realiza lanzamiento de honor previo al inicio del partido entre Tigres del Licey y Gigantes del Cibao. El presidente Luis Abinader encabez\u00f3 la inauguraci\u00f3n del remozado el Estadio Jos\u00e9 Brice\u00f1o en Puerto Plata con una inversi\u00f3n que supera los RD$200 millones de pesos, d\u00e1ndole a los puertoplate\u00f1os la tan\u2026","rel":"","context":"En \u00abECONOM\u00cdA\u00bb","block_context":{"text":"ECONOM\u00cdA","link":"https:\/\/lasprimeras.com.do\/index.php\/category\/economia\/"},"img":{"alt_text":"","src":"https:\/\/i0.wp.com\/lasprimeras.com.do\/wp-content\/uploads\/2024\/10\/Luis-Abinader-pp-2.jpg?resize=350%2C200&ssl=1","width":350,"height":200,"srcset":"https:\/\/i0.wp.com\/lasprimeras.com.do\/wp-content\/uploads\/2024\/10\/Luis-Abinader-pp-2.jpg?resize=350%2C200&ssl=1 1x, https:\/\/i0.wp.com\/lasprimeras.com.do\/wp-content\/uploads\/2024\/10\/Luis-Abinader-pp-2.jpg?resize=525%2C300&ssl=1 1.5x, https:\/\/i0.wp.com\/lasprimeras.com.do\/wp-content\/uploads\/2024\/10\/Luis-Abinader-pp-2.jpg?resize=700%2C400&ssl=1 2x"},"classes":[]},{"id":91476,"url":"https:\/\/lasprimeras.com.do\/index.php\/2024\/11\/24\/propeep-desarrolla-amplia-agenda-de-acciones-sociales-en-puerto-plata\/","url_meta":{"origin":90064,"position":3},"title":"Propeep desarrolla amplia agenda de acciones sociales en Puerto Plata","author":"Nelson Feliz","date":"24 de noviembre de 2024","format":false,"excerpt":"Actividades fueron encabezadas por Jos\u00e9 Ignacio Paliza, ministro de la Presidencia, y Roberto \u00c1ngel Salcedo, director de Propeep; miles de personas resultan beneficiadas. El Gobierno, en su continuo esfuerzo por fortalecer las pol\u00edticas p\u00fablicas, realiz\u00f3 este fin de semana importantes jornadas de inclusi\u00f3n y acciones sociales en diversos sectores y\u2026","rel":"","context":"En \u00abNACIONALES\u00bb","block_context":{"text":"NACIONALES","link":"https:\/\/lasprimeras.com.do\/index.php\/category\/nacionales\/"},"img":{"alt_text":"Roberto \u00c1ngel Salcedo","src":"https:\/\/i0.wp.com\/lasprimeras.com.do\/wp-content\/uploads\/2024\/11\/Roberto-Angel-Salcedo-13.jpg?resize=350%2C200&ssl=1","width":350,"height":200,"srcset":"https:\/\/i0.wp.com\/lasprimeras.com.do\/wp-content\/uploads\/2024\/11\/Roberto-Angel-Salcedo-13.jpg?resize=350%2C200&ssl=1 1x, https:\/\/i0.wp.com\/lasprimeras.com.do\/wp-content\/uploads\/2024\/11\/Roberto-Angel-Salcedo-13.jpg?resize=525%2C300&ssl=1 1.5x, https:\/\/i0.wp.com\/lasprimeras.com.do\/wp-content\/uploads\/2024\/11\/Roberto-Angel-Salcedo-13.jpg?resize=700%2C400&ssl=1 2x"},"classes":[]},{"id":82172,"url":"https:\/\/lasprimeras.com.do\/index.php\/2024\/04\/29\/gobierno-entrega-ayudas-a-afectados-por-las-lluvias-en-puerto-plata\/","url_meta":{"origin":90064,"position":4},"title":"Gobierno entrega ayudas a afectados por las lluvias en Puerto Plata","author":"Nelson Feliz","date":"29 de abril de 2024","format":false,"excerpt":"Junto a las autoridades locales visitaron los municipios Villa Montellano, Imbert y el distrito municipal Y\u00e1sica Arriba. El ministro administrativo de la Presidencia, Igor Rodr\u00edguez Dur\u00e1n, se encuentra en Puerto Plata desde ayer para hacer entrega de m\u00e1s ayudas a las familias afectadas por el paso de una vaguada sobre\u2026","rel":"","context":"En \u00abNACIONALES\u00bb","block_context":{"text":"NACIONALES","link":"https:\/\/lasprimeras.com.do\/index.php\/category\/nacionales\/"},"img":{"alt_text":"Igor Rodr\u00edguez Dur\u00e1n","src":"https:\/\/i0.wp.com\/lasprimeras.com.do\/wp-content\/uploads\/2024\/04\/ayudas.jpg?resize=350%2C200&ssl=1","width":350,"height":200,"srcset":"https:\/\/i0.wp.com\/lasprimeras.com.do\/wp-content\/uploads\/2024\/04\/ayudas.jpg?resize=350%2C200&ssl=1 1x, https:\/\/i0.wp.com\/lasprimeras.com.do\/wp-content\/uploads\/2024\/04\/ayudas.jpg?resize=525%2C300&ssl=1 1.5x"},"classes":[]},{"id":82924,"url":"https:\/\/lasprimeras.com.do\/index.php\/2024\/05\/09\/presidente-dominicano-encabeza-reunion-de-emergencia-por-lluvias\/","url_meta":{"origin":90064,"position":5},"title":"Presidente dominicano encabeza reuni\u00f3n de emergencia por lluvias","author":"BIMARY DE JES\u00daS Matos","date":"9 de mayo de 2024","format":false,"excerpt":"RD.-El mandatario dominicano, Luis Abinader, convoc\u00f3 esta noche a una reuni\u00f3n de emergencia para conocer detalles de la situaci\u00f3n pluvial debido a las fuertes lluvias provocadas por varias vaguadas, inform\u00f3 hoy el sitio de la Presidencia. Abinader cit\u00f3 en el Palacio Nacional a su regreso de Washington, Estados Unidos, a\u2026","rel":"","context":"En \u00abNACIONALES\u00bb","block_context":{"text":"NACIONALES","link":"https:\/\/lasprimeras.com.do\/index.php\/category\/nacionales\/"},"img":{"alt_text":"","src":"https:\/\/i0.wp.com\/lasprimeras.com.do\/wp-content\/uploads\/2024\/05\/65f3a7703e1eb_jce2-1-4.jpg?resize=350%2C200&ssl=1","width":350,"height":200,"srcset":"https:\/\/i0.wp.com\/lasprimeras.com.do\/wp-content\/uploads\/2024\/05\/65f3a7703e1eb_jce2-1-4.jpg?resize=350%2C200&ssl=1 1x, https:\/\/i0.wp.com\/lasprimeras.com.do\/wp-content\/uploads\/2024\/05\/65f3a7703e1eb_jce2-1-4.jpg?resize=525%2C300&ssl=1 1.5x, https:\/\/i0.wp.com\/lasprimeras.com.do\/wp-content\/uploads\/2024\/05\/65f3a7703e1eb_jce2-1-4.jpg?resize=700%2C400&ssl=1 2x, https:\/\/i0.wp.com\/lasprimeras.com.do\/wp-content\/uploads\/2024\/05\/65f3a7703e1eb_jce2-1-4.jpg?resize=1050%2C600&ssl=1 3x"},"classes":[]}],"jetpack_sharing_enabled":true,"jetpack_featured_media_url":"https:\/\/lasprimeras.com.do\/wp-content\/uploads\/2024\/10\/Luis-Abinader-pp-4.jpg","_links":{"self":[{"href":"https:\/\/lasprimeras.com.do\/index.php\/wp-json\/wp\/v2\/posts\/90064","targetHints":{"allow":["GET"]}}],"collection":[{"href":"https:\/\/lasprimeras.com.do\/index.php\/wp-json\/wp\/v2\/posts"}],"about":[{"href":"https:\/\/lasprimeras.com.do\/index.php\/wp-json\/wp\/v2\/types\/post"}],"author":[{"embeddable":true,"href":"https:\/\/lasprimeras.com.do\/index.php\/wp-json\/wp\/v2\/users\/2"}],"replies":[{"embeddable":true,"href":"https:\/\/lasprimeras.com.do\/index.php\/wp-json\/wp\/v2\/comments?post=90064"}],"version-history":[{"count":1,"href":"https:\/\/lasprimeras.com.do\/index.php\/wp-json\/wp\/v2\/posts\/90064\/revisions"}],"predecessor-version":[{"id":90066,"href":"https:\/\/lasprimeras.com.do\/index.php\/wp-json\/wp\/v2\/posts\/90064\/revisions\/90066"}],"wp:featuredmedia":[{"embeddable":true,"href":"https:\/\/lasprimeras.com.do\/index.php\/wp-json\/wp\/v2\/media\/90065"}],"wp:attachment":[{"href":"https:\/\/lasprimeras.com.do\/index.php\/wp-json\/wp\/v2\/media?parent=90064"}],"wp:term":[{"taxonomy":"category","embeddable":true,"href":"https:\/\/lasprimeras.com.do\/index.php\/wp-json\/wp\/v2\/categories?post=90064"},{"taxonomy":"post_tag","embeddable":true,"href":"https:\/\/lasprimeras.com.do\/index.php\/wp-json\/wp\/v2\/tags?post=90064"}],"curies":[{"name":"wp","href":"https:\/\/api.w.org\/{rel}","templated":true}]}}