{"id":90123,"date":"2024-10-13T22:33:10","date_gmt":"2024-10-14T02:33:10","guid":{"rendered":"https:\/\/lasprimeras.com.do\/?p=90123"},"modified":"2024-10-13T22:33:10","modified_gmt":"2024-10-14T02:33:10","slug":"danilo-y-luis-unicos-no-pueden-volver-a-presidencia-en-republica-dominicana","status":"publish","type":"post","link":"https:\/\/lasprimeras.com.do\/index.php\/2024\/10\/13\/danilo-y-luis-unicos-no-pueden-volver-a-presidencia-en-republica-dominicana\/","title":{"rendered":"Danilo y Luis, \u00fanicos no pueden volver a presidencia en Rep\u00fablica Dominicana"},"content":{"rendered":"\n<p>Yanessi Espinal<\/p>\n\n\n\n<p>Las reformas constitucionales constantes desde 1994 para permitir la reelecci\u00f3n presidencial o prohibirla en distintas modalidades han generado crispaci\u00f3n pol\u00edtica y divisi\u00f3n en los partidos.<\/p>\n\n\n\n<p>El presidente Luis Abinader, cuando se convierta en expresidente a partir de 2028, ser\u00e1 el segundo dominicano que luego de haber ocupado la Presidencia de la Rep\u00fablica queda vetado para aspirar de nuevo al cargo o la vicepresidencia. El primero fue Danilo Medina, presidente de la Rep\u00fablica de 2012 a 2020.<\/p>\n\n\n\n<p>Ambos pol\u00edticos promovieron art\u00edculos transitorios en el marco de las modificaciones a la Constituci\u00f3n con la finalidad de generar confianza en la palabra empe\u00f1ada de que no intentar\u00e1n cambiar la Constituci\u00f3n para habilitarse pol\u00edticamente, o para quitar la veda que les pone el art\u00edculo 124 de la Carta Magna para volver a ser candidatos presidenciales o vicepresidenciales.<\/p>\n\n\n\n<p>El transitorio redactado para Danilo Medina en la reforma de 2015 fue ratificado en el actual proceso de reforma a la Constituci\u00f3n: \u201cEn el caso de que el Presidente de la Rep\u00fablica correspondiente al per\u00edodo constitucional 2012-2016 sea candidato al mismo cargo para el per\u00edodo constitucional 2016-2020, no podr\u00e1 presentarse para el siguiente per\u00edodo ni a ning\u00fan otro per\u00edodo, as\u00ed como tampoco a la Vicepresidencia de la Rep\u00fablica\u201d.<\/p>\n\n\n\n<p>Esa cl\u00e1usula fue introducida en un contexto de dudas que gener\u00f3 la posibilidad de que el cambio al art\u00edculo 124 de la Constituci\u00f3n en 2015, le permitiera a Medina postularse a un tercer periodo.<\/p>\n\n\n\n<p>Luego en el pa\u00eds, entre 2016 y 2019, se gener\u00f3 un intenso debate sobre si esa cl\u00e1usula afectar\u00eda los derechos fundamentales de un solo dominicano al que afectar\u00eda el derecho de ser elegible. De hecho, con ese argumento fue sometido un recurso directo de inconstitucionalidad contra esa cl\u00e1usula, lo que fue rechazado por el Tribunal Constitucional ante la \u201cimposibilidad de declarar inconstitucional la Constituci\u00f3n\u201d.<\/p>\n\n\n\n<p>El contexto en que se ha incluido en la Carta Magna el transitorio que veda para siempre a Luis Abinader para volver a la Presidencia de la Rep\u00fablica, es muy distinto al de Medina.<\/p>\n\n\n\n<p>Abinader gan\u00f3 la presidencia de la Rep\u00fablica en 2020 y el art\u00edculo 124 de la Constituci\u00f3n le permite una reelecci\u00f3n, sin la posibilidad de volver a presentarse nunca m\u00e1s al cargo. Por tanto, est\u00e1 fuera de discusi\u00f3n la jubilaci\u00f3n pol\u00edtica que le impone el art\u00edculo 124 que no ha sido reformulado en el marco de la actual reforma a la Constituci\u00f3n.<\/p>\n\n\n\n<p>De hecho, en el debate sobre el tema hay quienes han planteado que esa medida es innecesaria. \u201cEl presidente electo el tercer domingo de mayo de 2024, nunca m\u00e1s podr\u00e1 presentarse al mismo cargo ni a la vicepresidencia de la Rep\u00fablica\u201d, reza.<\/p>\n\n\n\n<p>Hip\u00f3lito y Leonel pueden volver a ser candidatos<\/p>\n\n\n\n<p>De los dominicanos que han ocupado la presidencia de la Rep\u00fablica, hay tres vivos, adem\u00e1s de Danilo Medina, se trata de Hip\u00f3lito Mej\u00eda y Leonel Fern\u00e1ndez.<\/p>\n\n\n\n<p>En los casos de Mej\u00eda y Fern\u00e1ndez est\u00e1n habilitados para volver a aspirar a la presidencia o vicepresidencia de la Rep\u00fablica.<\/p>\n\n\n\n<p>Mej\u00eda ocup\u00f3 el cargo en un periodo y Fern\u00e1ndez en tres, dos consecutivos (2004\/2012). El tema de la reelecci\u00f3n presidencial hist\u00f3ricamente ha generado choques pol\u00edticos.<\/p>\n\n\n\n<p>Fuente ElCaribe<\/p>\n","protected":false},"excerpt":{"rendered":"<p>Yanessi Espinal Las reformas constitucionales constantes desde 1994 para permitir la reelecci\u00f3n presidencial o prohibirla en distintas modalidades han generado crispaci\u00f3n pol\u00edtica y divisi\u00f3n en los partidos. El presidente Luis&hellip;<\/p>\n","protected":false},"author":2,"featured_media":90124,"comment_status":"open","ping_status":"open","sticky":false,"template":"","format":"standard","meta":{"content-type":"","jetpack_post_was_ever_published":false,"_jetpack_newsletter_access":"","_jetpack_dont_email_post_to_subs":false,"_jetpack_newsletter_tier_id":0,"_jetpack_memberships_contains_paywalled_content":false,"_jetpack_memberships_contains_paid_content":false,"footnotes":""},"categories":[1],"tags":[501,67,94,1226],"class_list":["post-90123","post","type-post","status-publish","format-standard","has-post-thumbnail","hentry","category-sin-categoria","tag-danilo-medina","tag-luis-abinader","tag-presidencia","tag-republica-dominicana"],"jetpack_featured_media_url":"https:\/\/lasprimeras.com.do\/wp-content\/uploads\/2024\/10\/politicos.jpg","jetpack-related-posts":[{"id":107340,"url":"https:\/\/lasprimeras.com.do\/index.php\/2025\/08\/26\/centro-agroforestal-fue-inaugurado-en-gestion-de-danilo-medina\/","url_meta":{"origin":90123,"position":0},"title":"Centro Agroforestal fue inaugurado en gesti\u00f3n de Danilo Medina","author":"Nelson Feliz","date":"26 de agosto de 2025","format":false,"excerpt":"El PLD le responde al Presidente Abinader. Ratifica el Centro de Capacitaci\u00f3n Agroforestal en Bohech\u00edo fue entregado por Danilo Medina en 2018 El Partido de la Liberaci\u00f3n Dominicana (PLD) ratific\u00f3 las declaraciones del pasado domingo de su Presidente, Danilo Medina, quien aclar\u00f3 que el Centro Regional de Capacitaci\u00f3n Agroforestal en\u2026","rel":"","context":"En \u00abPOLITICA\u00bb","block_context":{"text":"POLITICA","link":"https:\/\/lasprimeras.com.do\/index.php\/category\/politica\/"},"img":{"alt_text":"","src":"https:\/\/i0.wp.com\/lasprimeras.com.do\/wp-content\/uploads\/2025\/08\/Danilo-Medina-1.jpg?resize=350%2C200&ssl=1","width":350,"height":200,"srcset":"https:\/\/i0.wp.com\/lasprimeras.com.do\/wp-content\/uploads\/2025\/08\/Danilo-Medina-1.jpg?resize=350%2C200&ssl=1 1x, https:\/\/i0.wp.com\/lasprimeras.com.do\/wp-content\/uploads\/2025\/08\/Danilo-Medina-1.jpg?resize=525%2C300&ssl=1 1.5x, https:\/\/i0.wp.com\/lasprimeras.com.do\/wp-content\/uploads\/2025\/08\/Danilo-Medina-1.jpg?resize=700%2C400&ssl=1 2x"},"classes":[]},{"id":101867,"url":"https:\/\/lasprimeras.com.do\/index.php\/2025\/06\/26\/abinader-se-reune-con-el-expresidente-danilo-medina-para-fortalecer-posicion-unificada-ante-crisis-haitiana\/","url_meta":{"origin":90123,"position":1},"title":"Abinader se re\u00fane con el expresidente Danilo Medina para fortalecer posici\u00f3n unificada ante crisis haitiana","author":"Nelson Feliz","date":"26 de junio de 2025","format":false,"excerpt":"El presidente de la Rep\u00fablica, Luis Abinader, sostuvo este jueves una reuni\u00f3n de alto nivel con el expresidente Danilo Medina, en la Casa Presidencial del Partido de la Liberaci\u00f3n Dominicana (PLD), con el objetivo de continuar el di\u00e1logo nacional en torno a la crisis que atraviesa Hait\u00ed y avanzar hacia\u2026","rel":"","context":"En \u00abPOLITICA\u00bb","block_context":{"text":"POLITICA","link":"https:\/\/lasprimeras.com.do\/index.php\/category\/politica\/"},"img":{"alt_text":"","src":"https:\/\/i0.wp.com\/lasprimeras.com.do\/wp-content\/uploads\/2025\/06\/Luis-Abinader-y-Danilo-Medina.jpg?resize=350%2C200&ssl=1","width":350,"height":200,"srcset":"https:\/\/i0.wp.com\/lasprimeras.com.do\/wp-content\/uploads\/2025\/06\/Luis-Abinader-y-Danilo-Medina.jpg?resize=350%2C200&ssl=1 1x, https:\/\/i0.wp.com\/lasprimeras.com.do\/wp-content\/uploads\/2025\/06\/Luis-Abinader-y-Danilo-Medina.jpg?resize=525%2C300&ssl=1 1.5x, https:\/\/i0.wp.com\/lasprimeras.com.do\/wp-content\/uploads\/2025\/06\/Luis-Abinader-y-Danilo-Medina.jpg?resize=700%2C400&ssl=1 2x"},"classes":[]},{"id":106648,"url":"https:\/\/lasprimeras.com.do\/index.php\/2025\/08\/17\/danilo-medina-no-hay-punto-de-comparacion-entre-la-gestion-de-abinader-y-la-del-pld\/","url_meta":{"origin":90123,"position":2},"title":"Danilo Medina: \u201cNo hay punto de comparaci\u00f3n entre la gesti\u00f3n de Abinader y la del PLD\u201d","author":"Nelson Feliz","date":"17 de agosto de 2025","format":false,"excerpt":"Los apagones se deben al descuido del gobierno, porque no siguieron el plan indicador que dej\u00f3 el PLD para seguir construyendo plantas para suplir la demanda adicional que surge cada a\u00f1o, afirm\u00f3 Danilo Medina. El expresidente de la Rep\u00fablica y actual presidente del Partido de la Liberaci\u00f3n Dominicana (PLD), Danilo\u2026","rel":"","context":"En \u00abPOLITICA\u00bb","block_context":{"text":"POLITICA","link":"https:\/\/lasprimeras.com.do\/index.php\/category\/politica\/"},"img":{"alt_text":"","src":"https:\/\/i0.wp.com\/lasprimeras.com.do\/wp-content\/uploads\/2025\/08\/Danilo-V.1.jpg?resize=350%2C200&ssl=1","width":350,"height":200,"srcset":"https:\/\/i0.wp.com\/lasprimeras.com.do\/wp-content\/uploads\/2025\/08\/Danilo-V.1.jpg?resize=350%2C200&ssl=1 1x, https:\/\/i0.wp.com\/lasprimeras.com.do\/wp-content\/uploads\/2025\/08\/Danilo-V.1.jpg?resize=525%2C300&ssl=1 1.5x, https:\/\/i0.wp.com\/lasprimeras.com.do\/wp-content\/uploads\/2025\/08\/Danilo-V.1.jpg?resize=700%2C400&ssl=1 2x"},"classes":[]},{"id":106068,"url":"https:\/\/lasprimeras.com.do\/index.php\/2025\/08\/10\/danilo-denuncia-el-abandono-de-hospitales-y-de-la-salud-de-la-gente\/","url_meta":{"origin":90123,"position":3},"title":"Danilo denuncia el abandono de hospitales y de la salud de la gente","author":"Nelson Feliz","date":"10 de agosto de 2025","format":false,"excerpt":"\u201cLas cifras que yo doy\u2026 Ese es el legado del PLD al desarrollo del pa\u00eds\u201d, afirma el expresidente Danilo Medina. El expresidente de la Rep\u00fablica y Presidente del Partido de la Liberaci\u00f3n Dominicana (PLD), Danilo Medina, denunci\u00f3 el abandono generalizado en que se encuentran los hospitales del pa\u00eds, incluyendo centros\u2026","rel":"","context":"En \u00abPOLITICA\u00bb","block_context":{"text":"POLITICA","link":"https:\/\/lasprimeras.com.do\/index.php\/category\/politica\/"},"img":{"alt_text":"","src":"https:\/\/i0.wp.com\/lasprimeras.com.do\/wp-content\/uploads\/2025\/08\/Danilo-Medina.jpg?resize=350%2C200&ssl=1","width":350,"height":200,"srcset":"https:\/\/i0.wp.com\/lasprimeras.com.do\/wp-content\/uploads\/2025\/08\/Danilo-Medina.jpg?resize=350%2C200&ssl=1 1x, https:\/\/i0.wp.com\/lasprimeras.com.do\/wp-content\/uploads\/2025\/08\/Danilo-Medina.jpg?resize=525%2C300&ssl=1 1.5x, https:\/\/i0.wp.com\/lasprimeras.com.do\/wp-content\/uploads\/2025\/08\/Danilo-Medina.jpg?resize=700%2C400&ssl=1 2x"},"classes":[]},{"id":116146,"url":"https:\/\/lasprimeras.com.do\/index.php\/2025\/11\/27\/leonel-fernandez-y-danilo-medina-estaban-enterados-del-acuerdo-a-firmar-de-rd-con-ee-uu\/","url_meta":{"origin":90123,"position":4},"title":"Leonel Fern\u00e1ndez y Danilo Medina estaban enterados del acuerdo a firmar de RD con EE.UU.","author":"Nelson Feliz","date":"27 de noviembre de 2025","format":false,"excerpt":"Las conversaciones se produjeron en l\u00ednea por la pol\u00edtica asumida por el presidente Luis Abinader desde el inicio de su gesti\u00f3n: discutir decisiones de alta trascendencia nacional con referentes pol\u00edticos del pa\u00eds. El Gobierno dominicano sostuvo conversaciones previas con los l\u00edderes de la oposici\u00f3n, los expresidentes Leonel Fern\u00e1ndez y Danilo\u2026","rel":"","context":"En \u00abPOLITICA\u00bb","block_context":{"text":"POLITICA","link":"https:\/\/lasprimeras.com.do\/index.php\/category\/politica\/"},"img":{"alt_text":"Leonel Fern\u00e1ndez y Danilo Medina","src":"https:\/\/i0.wp.com\/lasprimeras.com.do\/wp-content\/uploads\/2025\/11\/Leonel-Fernandez-y-Danilo-Medina-1.jpg?resize=350%2C200&ssl=1","width":350,"height":200},"classes":[]},{"id":109185,"url":"https:\/\/lasprimeras.com.do\/index.php\/2025\/09\/15\/danilo-a-peledeistas-busquen-a-todos-los-companeros-que-se-disgustaron\/","url_meta":{"origin":90123,"position":5},"title":"Danilo a pelede\u00edstas: &#8220;Busquen a todos los compa\u00f1eros que se disgustaron&#8221;","author":"Nelson Feliz","date":"15 de septiembre de 2025","format":false,"excerpt":"Durante una asamblea en Las Caobas, el presidente del PLD inst\u00f3 a los dirigentes a dejar de lado las enemistades, porque los pelede\u00edstas son \"hermanos de sangre\". El presidente del opositor Partido de la Liberaci\u00f3n Dominicana (PLD), Danilo Medina, manifest\u00f3 el domingo que la organizaci\u00f3n que lidera est\u00e1 compitiendo por\u2026","rel":"","context":"En \u00abPOLITICA\u00bb","block_context":{"text":"POLITICA","link":"https:\/\/lasprimeras.com.do\/index.php\/category\/politica\/"},"img":{"alt_text":"","src":"https:\/\/i0.wp.com\/lasprimeras.com.do\/wp-content\/uploads\/2025\/09\/Danilo-Medina.jpg?resize=350%2C200&ssl=1","width":350,"height":200,"srcset":"https:\/\/i0.wp.com\/lasprimeras.com.do\/wp-content\/uploads\/2025\/09\/Danilo-Medina.jpg?resize=350%2C200&ssl=1 1x, https:\/\/i0.wp.com\/lasprimeras.com.do\/wp-content\/uploads\/2025\/09\/Danilo-Medina.jpg?resize=525%2C300&ssl=1 1.5x, https:\/\/i0.wp.com\/lasprimeras.com.do\/wp-content\/uploads\/2025\/09\/Danilo-Medina.jpg?resize=700%2C400&ssl=1 2x"},"classes":[]}],"jetpack_sharing_enabled":true,"_links":{"self":[{"href":"https:\/\/lasprimeras.com.do\/index.php\/wp-json\/wp\/v2\/posts\/90123","targetHints":{"allow":["GET"]}}],"collection":[{"href":"https:\/\/lasprimeras.com.do\/index.php\/wp-json\/wp\/v2\/posts"}],"about":[{"href":"https:\/\/lasprimeras.com.do\/index.php\/wp-json\/wp\/v2\/types\/post"}],"author":[{"embeddable":true,"href":"https:\/\/lasprimeras.com.do\/index.php\/wp-json\/wp\/v2\/users\/2"}],"replies":[{"embeddable":true,"href":"https:\/\/lasprimeras.com.do\/index.php\/wp-json\/wp\/v2\/comments?post=90123"}],"version-history":[{"count":1,"href":"https:\/\/lasprimeras.com.do\/index.php\/wp-json\/wp\/v2\/posts\/90123\/revisions"}],"predecessor-version":[{"id":90125,"href":"https:\/\/lasprimeras.com.do\/index.php\/wp-json\/wp\/v2\/posts\/90123\/revisions\/90125"}],"wp:featuredmedia":[{"embeddable":true,"href":"https:\/\/lasprimeras.com.do\/index.php\/wp-json\/wp\/v2\/media\/90124"}],"wp:attachment":[{"href":"https:\/\/lasprimeras.com.do\/index.php\/wp-json\/wp\/v2\/media?parent=90123"}],"wp:term":[{"taxonomy":"category","embeddable":true,"href":"https:\/\/lasprimeras.com.do\/index.php\/wp-json\/wp\/v2\/categories?post=90123"},{"taxonomy":"post_tag","embeddable":true,"href":"https:\/\/lasprimeras.com.do\/index.php\/wp-json\/wp\/v2\/tags?post=90123"}],"curies":[{"name":"wp","href":"https:\/\/api.w.org\/{rel}","templated":true}]}}