{"id":90138,"date":"2024-10-13T23:08:24","date_gmt":"2024-10-14T03:08:24","guid":{"rendered":"https:\/\/lasprimeras.com.do\/?p=90138"},"modified":"2024-10-13T23:08:25","modified_gmt":"2024-10-14T03:08:25","slug":"gregorio-morrobel-advierte-reforma-afecta-negativamente-a-la-diaspora","status":"publish","type":"post","link":"https:\/\/lasprimeras.com.do\/index.php\/2024\/10\/13\/gregorio-morrobel-advierte-reforma-afecta-negativamente-a-la-diaspora\/","title":{"rendered":"Gregorio Morrobel advierte reforma afecta &#8220;negativamente&#8221; a la di\u00e1spora"},"content":{"rendered":"\n<p>Por JHONNY TRINIDAD<\/p>\n\n\n\n<p>El presidente del partido Fuerza del Pueblo (FP) en Manhattan, Gregorio Morrobel, critic\u00f3 el proyecto de Ley de Modernizaci\u00f3n Fiscal enviado al Congreso Nacional por el presidente Luis Abinader para aumentar los ingresos del Estado.<\/p>\n\n\n\n<p>Dijo que el proyecto crea un Impuesto a la Propiedad, lo que afecta sensitivamente los bolsillos de los dominicanos residentes en el exterior.<\/p>\n\n\n\n<p>&#8220;De alguna manera, los impuestos, que son en su mayor\u00eda regresivos, ser\u00e1n transferidos por los productores a los consumidores, especialmente a la clase media y a los m\u00e1s pobres&#8221;, expres\u00f3.<\/p>\n\n\n\n<p>Advirti\u00f3 que &#8220;los que residimos en el exterior y que tenemos un veh\u00edculo en la Rep\u00fablica Dominicana tendremos que pagar el doble de lo que se paga actualmente por el marbete&#8221;.<\/p>\n\n\n\n<p>Asimismo, la Ley de Modernizaci\u00f3n Fiscal establece un impuesto a la propiedad inmobiliaria. &#8220;El proyecto establece que todo el que posea una propiedad, sea casa, apartamento, solar, villa, edificio o finca, con un valor de cinco millones de pesos, tendr\u00e1 que pagar m\u00e1s de 28 mil pesos al a\u00f1o de impuestos.<\/p>\n\n\n\n<p>En la actualidad, un bien inmueble cuyo valor es menor de 10 millones de pesos no paga IPI. Con esta reforma todo bien inmueble con un valor de m\u00e1s de cinco millones de pesos pagar\u00e1 un 3% de ese monto.<\/p>\n\n\n\n<p>&#8220;Adem\u00e1s, tendremos que enviar muchos m\u00e1s d\u00f3lares a Rep\u00fablica Dominicana, ya que la reforma fiscal aumentar\u00e1 los costos de los productos y art\u00edculos que consumen y utilizan nuestros familiares que todav\u00eda residen en el pa\u00eds y que dependen de nuestros aportes&#8221;, afirm\u00f3 el tambi\u00e9n activista y comunicador.<\/p>\n\n\n\n<p>Explic\u00f3 que &#8220;con esa reforma, Luis Abinader sacrifica m\u00e1s a los dominicanos residentes en el exterior sin ofrecer nada a cambio&#8221;.<\/p>\n\n\n\n<p>Dijo que la reforma &#8220;fue elaborada, promovida y presentada sin tomar en cuenta a los dominicanos en el exterior ni a los sectores m\u00e1s empobrecidos, por lo que cuanta con amplio rechazo de la poblaci\u00f3n&#8221;, concluy\u00f3.<\/p>\n","protected":false},"excerpt":{"rendered":"<p>Por JHONNY TRINIDAD El presidente del partido Fuerza del Pueblo (FP) en Manhattan, Gregorio Morrobel, critic\u00f3 el proyecto de Ley de Modernizaci\u00f3n Fiscal enviado al Congreso Nacional por el presidente&hellip;<\/p>\n","protected":false},"author":2,"featured_media":90139,"comment_status":"open","ping_status":"open","sticky":false,"template":"","format":"standard","meta":{"content-type":"","jetpack_post_was_ever_published":false,"_jetpack_newsletter_access":"","_jetpack_dont_email_post_to_subs":false,"_jetpack_newsletter_tier_id":0,"_jetpack_memberships_contains_paywalled_content":false,"_jetpack_memberships_contains_paid_content":false,"footnotes":""},"categories":[1],"tags":[2329,4263,8431,820],"class_list":["post-90138","post","type-post","status-publish","format-standard","has-post-thumbnail","hentry","category-sin-categoria","tag-diaspora","tag-gregorio-morrobel","tag-negativamente","tag-reforma"],"jetpack_featured_media_url":"https:\/\/lasprimeras.com.do\/wp-content\/uploads\/2024\/10\/Morrobel.jpg","jetpack-related-posts":[{"id":53921,"url":"https:\/\/lasprimeras.com.do\/index.php\/2023\/07\/03\/morrobel-encabeza-preferencia-aspirantes-diputado-fp-con-51\/","url_meta":{"origin":90138,"position":0},"title":"Morrobel encabeza preferencia aspirantes diputado FP con 51%","author":"Nelson Feliz","date":"3 de julio de 2023","format":false,"excerpt":"En la cuarta entrega de la encuesta realizada por Social and Political Investigations, Gregorio Morrobel, continua encabezando la preferencia entre los aspirantes a diputado del partido Fuerza del Pueblo (FP) en la circunscripci\u00f3n electoral n\u00famero uno del exterior. La empresa explic\u00f3 que \u00aben esta penultima entrega decidimos medir a los\u2026","rel":"","context":"En \u00abSin categor\u00eda\u00bb","block_context":{"text":"Sin categor\u00eda","link":"https:\/\/lasprimeras.com.do\/index.php\/category\/sin-categoria\/"},"img":{"alt_text":"Gregorio Morrobel","src":"https:\/\/i0.wp.com\/lasprimeras.com.do\/wp-content\/uploads\/2023\/07\/77d8ba8d-4ac5-4719-a8e8-2b1454c3bf2a.jpg?resize=350%2C200&ssl=1","width":350,"height":200,"srcset":"https:\/\/i0.wp.com\/lasprimeras.com.do\/wp-content\/uploads\/2023\/07\/77d8ba8d-4ac5-4719-a8e8-2b1454c3bf2a.jpg?resize=350%2C200&ssl=1 1x, https:\/\/i0.wp.com\/lasprimeras.com.do\/wp-content\/uploads\/2023\/07\/77d8ba8d-4ac5-4719-a8e8-2b1454c3bf2a.jpg?resize=525%2C300&ssl=1 1.5x, https:\/\/i0.wp.com\/lasprimeras.com.do\/wp-content\/uploads\/2023\/07\/77d8ba8d-4ac5-4719-a8e8-2b1454c3bf2a.jpg?resize=700%2C400&ssl=1 2x, https:\/\/i0.wp.com\/lasprimeras.com.do\/wp-content\/uploads\/2023\/07\/77d8ba8d-4ac5-4719-a8e8-2b1454c3bf2a.jpg?resize=1050%2C600&ssl=1 3x, https:\/\/i0.wp.com\/lasprimeras.com.do\/wp-content\/uploads\/2023\/07\/77d8ba8d-4ac5-4719-a8e8-2b1454c3bf2a.jpg?resize=1400%2C800&ssl=1 4x"},"classes":[]},{"id":56540,"url":"https:\/\/lasprimeras.com.do\/index.php\/2023\/08\/02\/morrobel-elogia-civismo-exhibido-en-parada-dominicana-de-el-bronx\/","url_meta":{"origin":90138,"position":1},"title":"Morrobel elogia \u00abcivismo\u00bb exhibido en Parada Dominicana de El Bronx","author":"Nelson Feliz","date":"2 de agosto de 2023","format":false,"excerpt":"Por Jhonny Trinidad El precandidato a diputado del partido Fuerza del Pueblo, Gregorio Morrobel elogi\u00f3 el comportamiento y muestra de civismo del p\u00fablico que asisti\u00f3 el domingo a la Parada Dominicana de El Bronx, realizada en la avenida Grand Concourse. Dijo que se trato de un esfuerzo para preservar la\u2026","rel":"","context":"En \u00abSin categor\u00eda\u00bb","block_context":{"text":"Sin categor\u00eda","link":"https:\/\/lasprimeras.com.do\/index.php\/category\/sin-categoria\/"},"img":{"alt_text":"Parada Dominicana de El Bronx","src":"https:\/\/i0.wp.com\/lasprimeras.com.do\/wp-content\/uploads\/2023\/08\/Sin-titulo.jpg?resize=350%2C200&ssl=1","width":350,"height":200,"srcset":"https:\/\/i0.wp.com\/lasprimeras.com.do\/wp-content\/uploads\/2023\/08\/Sin-titulo.jpg?resize=350%2C200&ssl=1 1x, https:\/\/i0.wp.com\/lasprimeras.com.do\/wp-content\/uploads\/2023\/08\/Sin-titulo.jpg?resize=525%2C300&ssl=1 1.5x"},"classes":[]},{"id":109679,"url":"https:\/\/lasprimeras.com.do\/index.php\/2025\/09\/21\/los-300-con-leonel-reciben-a-su-lider-al-llegar-nyc-a-media-noche-este-sabado-por-jfk\/","url_meta":{"origin":90138,"position":2},"title":"Los \u00ab300 con Leonel\u00bb reciben a su l\u00edder al llegar NYC a media noche este s\u00e1bado por JFK","author":"Nelson Feliz","date":"21 de septiembre de 2025","format":false,"excerpt":"Por Ram\u00f3n Mercedes NUEVA YORK.- Una amplia delegaci\u00f3n de miembros del proyecto \u00ab300 con Leonel\u00bb (Los multiplicadores de NY), que preside Geraldo Rosario, recibieron la madrugada de este s\u00e1bado al presidente Leonel Fern\u00e1ndez al arribar a esta ciudad por el aeropuerto internacional John F. Kennedy. \u00abLeonel, presidente de la Fuerza\u2026","rel":"","context":"En \u00abPOLITICA\u00bb","block_context":{"text":"POLITICA","link":"https:\/\/lasprimeras.com.do\/index.php\/category\/politica\/"},"img":{"alt_text":"","src":"https:\/\/i0.wp.com\/lasprimeras.com.do\/wp-content\/uploads\/2025\/09\/WhatsApp-Image-2025-09-21-at-12.32.17-PM.jpeg?resize=350%2C200&ssl=1","width":350,"height":200,"srcset":"https:\/\/i0.wp.com\/lasprimeras.com.do\/wp-content\/uploads\/2025\/09\/WhatsApp-Image-2025-09-21-at-12.32.17-PM.jpeg?resize=350%2C200&ssl=1 1x, https:\/\/i0.wp.com\/lasprimeras.com.do\/wp-content\/uploads\/2025\/09\/WhatsApp-Image-2025-09-21-at-12.32.17-PM.jpeg?resize=525%2C300&ssl=1 1.5x, https:\/\/i0.wp.com\/lasprimeras.com.do\/wp-content\/uploads\/2025\/09\/WhatsApp-Image-2025-09-21-at-12.32.17-PM.jpeg?resize=700%2C400&ssl=1 2x, https:\/\/i0.wp.com\/lasprimeras.com.do\/wp-content\/uploads\/2025\/09\/WhatsApp-Image-2025-09-21-at-12.32.17-PM.jpeg?resize=1050%2C600&ssl=1 3x"},"classes":[]},{"id":127026,"url":"https:\/\/lasprimeras.com.do\/index.php\/2026\/04\/07\/el-cdp-dn-reconoce-a-la-periodista-jacqueline-morrobel\/","url_meta":{"origin":90138,"position":3},"title":"El CDP-DN reconoce a la periodista Jacqueline Morrobel","author":"Nelson Feliz","date":"7 de abril de 2026","format":false,"excerpt":"El Colegio Dominicano de Periodistas y su seccional del Distrito Nacional (CDP-DN) reconoci\u00f3 este martes a la periodista Jacqueline Morrobel por su trayectoria de m\u00e1s de 31 a\u00f1os ejerciendo la profesi\u00f3n, en un acto realizado en la Sala A\u00edda Bonnelly del Teatro Nacional Eduardo Brito. Jacqueline Morrobel recibi\u00f3 con aplausos\u2026","rel":"","context":"En \u00abENTRETENIMIENTO\u00bb","block_context":{"text":"ENTRETENIMIENTO","link":"https:\/\/lasprimeras.com.do\/index.php\/category\/entretenimiento\/"},"img":{"alt_text":"Jacqueline Morrobel","src":"https:\/\/i0.wp.com\/lasprimeras.com.do\/wp-content\/uploads\/2026\/04\/Jacqueline-Morrobel.jpg?resize=350%2C200&ssl=1","width":350,"height":200,"srcset":"https:\/\/i0.wp.com\/lasprimeras.com.do\/wp-content\/uploads\/2026\/04\/Jacqueline-Morrobel.jpg?resize=350%2C200&ssl=1 1x, https:\/\/i0.wp.com\/lasprimeras.com.do\/wp-content\/uploads\/2026\/04\/Jacqueline-Morrobel.jpg?resize=525%2C300&ssl=1 1.5x, https:\/\/i0.wp.com\/lasprimeras.com.do\/wp-content\/uploads\/2026\/04\/Jacqueline-Morrobel.jpg?resize=700%2C400&ssl=1 2x"},"classes":[]},{"id":124134,"url":"https:\/\/lasprimeras.com.do\/index.php\/2026\/03\/08\/periodista-resalta-rol-femenino-en-la-familia\/","url_meta":{"origin":90138,"position":4},"title":"Periodista resalta rol femenino en la familia","author":"Nelson Feliz","date":"8 de marzo de 2026","format":false,"excerpt":"Jacqueline Morrobel dice que el D\u00eda Internacional de la Mujer debe conmemorarse cada ma\u00f1ana que Dios permite la vida\u201d El D\u00eda Internacional de la Mujer es una fecha digna de conmemorar en estos momentos, donde \u00e9ste ser, se destaca en diferentes \u00e1reas del vivir, como son: salud, econom\u00eda, pol\u00edtica, deportes\u2026","rel":"","context":"En \u00abNACIONALES\u00bb","block_context":{"text":"NACIONALES","link":"https:\/\/lasprimeras.com.do\/index.php\/category\/nacionales\/"},"img":{"alt_text":"","src":"https:\/\/i0.wp.com\/lasprimeras.com.do\/wp-content\/uploads\/2026\/03\/jacq.jpg?resize=350%2C200&ssl=1","width":350,"height":200,"srcset":"https:\/\/i0.wp.com\/lasprimeras.com.do\/wp-content\/uploads\/2026\/03\/jacq.jpg?resize=350%2C200&ssl=1 1x, https:\/\/i0.wp.com\/lasprimeras.com.do\/wp-content\/uploads\/2026\/03\/jacq.jpg?resize=525%2C300&ssl=1 1.5x"},"classes":[]},{"id":64648,"url":"https:\/\/lasprimeras.com.do\/index.php\/2023\/10\/22\/el-periodico-ahora-mismo-cumple-12-anos\/","url_meta":{"origin":90138,"position":5},"title":"El peri\u00f3dico ahora-mismo cumple 12 a\u00f1os","author":"Nelson Feliz","date":"22 de octubre de 2023","format":false,"excerpt":"Con una mirada visionaria del avance de los medios de comunicaci\u00f3n digital nace el peri\u00f3dico ahoramismo.com.do, en octubre del 2011, de las manos de la periodista Jacqueline Morrobel. \u201cEra una idea que ten\u00eda siempre en mi mente y gracias a colaboradores que me ayudaron a darle forma, me dise\u00f1aron este\u2026","rel":"","context":"En \u00abENTRETENIMIENTO\u00bb","block_context":{"text":"ENTRETENIMIENTO","link":"https:\/\/lasprimeras.com.do\/index.php\/category\/entretenimiento\/"},"img":{"alt_text":"Jacqueline Morrobel","src":"https:\/\/i0.wp.com\/lasprimeras.com.do\/wp-content\/uploads\/2023\/10\/Jacqueline-Morrobel-1.jpg?resize=350%2C200&ssl=1","width":350,"height":200,"srcset":"https:\/\/i0.wp.com\/lasprimeras.com.do\/wp-content\/uploads\/2023\/10\/Jacqueline-Morrobel-1.jpg?resize=350%2C200&ssl=1 1x, https:\/\/i0.wp.com\/lasprimeras.com.do\/wp-content\/uploads\/2023\/10\/Jacqueline-Morrobel-1.jpg?resize=525%2C300&ssl=1 1.5x"},"classes":[]}],"jetpack_sharing_enabled":true,"_links":{"self":[{"href":"https:\/\/lasprimeras.com.do\/index.php\/wp-json\/wp\/v2\/posts\/90138","targetHints":{"allow":["GET"]}}],"collection":[{"href":"https:\/\/lasprimeras.com.do\/index.php\/wp-json\/wp\/v2\/posts"}],"about":[{"href":"https:\/\/lasprimeras.com.do\/index.php\/wp-json\/wp\/v2\/types\/post"}],"author":[{"embeddable":true,"href":"https:\/\/lasprimeras.com.do\/index.php\/wp-json\/wp\/v2\/users\/2"}],"replies":[{"embeddable":true,"href":"https:\/\/lasprimeras.com.do\/index.php\/wp-json\/wp\/v2\/comments?post=90138"}],"version-history":[{"count":1,"href":"https:\/\/lasprimeras.com.do\/index.php\/wp-json\/wp\/v2\/posts\/90138\/revisions"}],"predecessor-version":[{"id":90140,"href":"https:\/\/lasprimeras.com.do\/index.php\/wp-json\/wp\/v2\/posts\/90138\/revisions\/90140"}],"wp:featuredmedia":[{"embeddable":true,"href":"https:\/\/lasprimeras.com.do\/index.php\/wp-json\/wp\/v2\/media\/90139"}],"wp:attachment":[{"href":"https:\/\/lasprimeras.com.do\/index.php\/wp-json\/wp\/v2\/media?parent=90138"}],"wp:term":[{"taxonomy":"category","embeddable":true,"href":"https:\/\/lasprimeras.com.do\/index.php\/wp-json\/wp\/v2\/categories?post=90138"},{"taxonomy":"post_tag","embeddable":true,"href":"https:\/\/lasprimeras.com.do\/index.php\/wp-json\/wp\/v2\/tags?post=90138"}],"curies":[{"name":"wp","href":"https:\/\/api.w.org\/{rel}","templated":true}]}}