{"id":90213,"date":"2024-10-15T23:22:32","date_gmt":"2024-10-16T03:22:32","guid":{"rendered":"https:\/\/lasprimeras.com.do\/?p=90213"},"modified":"2024-10-15T23:22:34","modified_gmt":"2024-10-16T03:22:34","slug":"senado-aprueba-a-unanimidad-ley-que-declara-la-hermanas-mirabal-como-provincia-ecoturistica","status":"publish","type":"post","link":"https:\/\/lasprimeras.com.do\/index.php\/2024\/10\/15\/senado-aprueba-a-unanimidad-ley-que-declara-la-hermanas-mirabal-como-provincia-ecoturistica\/","title":{"rendered":"Senado aprueba a unanimidad Ley que declara la Hermanas Mirabal como Provincia Ecotur\u00edstica"},"content":{"rendered":"\n<p>El Senado de la Rep\u00fablica aprob\u00f3 hoy a unanimidad el proyecto de ley que declara la Provincia Hermanas Mirabal como provincia Ecotur\u00edstica, de la autor\u00eda de la senadora Mar\u00eda Mercedes Ortiz. La ley tiene por objeto impulsar el turismo ecol\u00f3gico y cultural en beneficio del desarrollo econ\u00f3mico y social de los habitantes de la referida provincia.<\/p>\n\n\n\n<p>\u201cMe siento sumamente complacida con la aprobaci\u00f3n de esta ley, que impulsar\u00e1 el desarrollo ecotur\u00edstico de la provincia Hermanas Mirabal, lo que permitir\u00e1 que dominicanos y extranjeros conozcan nuestro territorio y nuestros j\u00f3venes tengan acceso a empleos productivos generados por esta industria\u201d, expres\u00f3 la senadora Mar\u00eda Mercedes Ortiz.<\/p>\n\n\n\n<p>La norma crea un Consejo de Desarrollo Ecotur\u00edstico como \u00f3rgano rector con sede en la ciudad de Salcedo. Ser\u00e1 un organismo p\u00fablico descentralizado, con autonom\u00eda administrativa, t\u00e9cnica, econ\u00f3mica y financiera y personalidad jur\u00eddica propia, adscrito al Ministerio de Turismo.<\/p>\n\n\n\n<p>El Consejo lo integran el Ministro de Turismo, de Medio Ambiente, de Cultura, de Agricultura, el Gobernador Provincial, un alcalde escogido por consenso de los municipios que integran la provincia, un representante de la C\u00e1mara de Comercio y Producci\u00f3n, un representante de organizaciones ecol\u00f3gicas, de lo proyectos tur\u00edsticos, del cl\u00faster tur\u00edstico, de los clubes sociales y un Director Ejecutivo.<\/p>\n\n\n\n<p>La ley establece claramente las atribuciones del Consejo y el Director Ejecutivo ser\u00e1 designado por el Presidente de la Rep\u00fablica, el cual tiene sus atribuciones claramente establecidas en el art\u00edculo 15 de la pieza probada. Tambi\u00e9n establece un subdirector t\u00e9cnico y un subdirector administrativo.<\/p>\n\n\n\n<p>En el art\u00edculo 17 se crea el Fondo Provincial de Desarrollo Ecotur\u00edstico, el cual recibir\u00e1 donaciones de particulares de partidas presupuestarias y de autogesti\u00f3n. Estos recursos ser\u00e1n administrados por el Consejo de Desarrollo creado por la norma.<\/p>\n","protected":false},"excerpt":{"rendered":"<p>El Senado de la Rep\u00fablica aprob\u00f3 hoy a unanimidad el proyecto de ley que declara la Provincia Hermanas Mirabal como provincia Ecotur\u00edstica, de la autor\u00eda de la senadora Mar\u00eda Mercedes&hellip;<\/p>\n","protected":false},"author":2,"featured_media":90214,"comment_status":"open","ping_status":"open","sticky":false,"template":"","format":"standard","meta":{"content-type":"","jetpack_post_was_ever_published":false,"_jetpack_newsletter_access":"","_jetpack_dont_email_post_to_subs":false,"_jetpack_newsletter_tier_id":0,"_jetpack_memberships_contains_paywalled_content":false,"_jetpack_memberships_contains_paid_content":false,"footnotes":""},"categories":[376],"tags":[13480,3292,411,805,413,5512],"class_list":["post-90213","post","type-post","status-publish","format-standard","has-post-thumbnail","hentry","category-turismo","tag-ecoturistica","tag-hermanas-mirabal","tag-ley","tag-provincia","tag-senado","tag-unanimidad"],"jetpack_featured_media_url":"https:\/\/lasprimeras.com.do\/wp-content\/uploads\/2024\/10\/Maria-Mercedes-Ortiz.jpg","jetpack-related-posts":[{"id":99544,"url":"https:\/\/lasprimeras.com.do\/index.php\/2025\/05\/22\/senado-aprueba-ley-que-declara-a-la-romana-como-provincia-ecoturistica\/","url_meta":{"origin":90213,"position":0},"title":"Senado aprueba ley que declara a La Romana como provincia Ecotur\u00edstica","author":"Nelson Feliz","date":"22 de mayo de 2025","format":false,"excerpt":"\u201cPermitir\u00e1 acceso a fondo de 50 millones de pesos para desarrollo econ\u00f3mico y ambiental\u201d El Senado de la Rep\u00fablica aprob\u00f3 el proyecto de ley que declara a la provincia de La Romana como provincia ecotur\u00edstica, una iniciativa impulsada por el senador Eduard Espiritusanto, representante de dicha provincia. Esa iniciativa tiene\u2026","rel":"","context":"En \u00abNACIONALES\u00bb","block_context":{"text":"NACIONALES","link":"https:\/\/lasprimeras.com.do\/index.php\/category\/nacionales\/"},"img":{"alt_text":"","src":"https:\/\/i0.wp.com\/lasprimeras.com.do\/wp-content\/uploads\/2025\/05\/Eduard-Espiritusanto.jpg?resize=350%2C200&ssl=1","width":350,"height":200,"srcset":"https:\/\/i0.wp.com\/lasprimeras.com.do\/wp-content\/uploads\/2025\/05\/Eduard-Espiritusanto.jpg?resize=350%2C200&ssl=1 1x, https:\/\/i0.wp.com\/lasprimeras.com.do\/wp-content\/uploads\/2025\/05\/Eduard-Espiritusanto.jpg?resize=525%2C300&ssl=1 1.5x, https:\/\/i0.wp.com\/lasprimeras.com.do\/wp-content\/uploads\/2025\/05\/Eduard-Espiritusanto.jpg?resize=700%2C400&ssl=1 2x"},"classes":[]},{"id":84519,"url":"https:\/\/lasprimeras.com.do\/index.php\/2024\/06\/09\/impulsaran-proyecto-de-ley-que-declara-san-cristobal-provincia-ecoturistica\/","url_meta":{"origin":90213,"position":1},"title":"Impulsaran proyecto de Ley que declara San Crist\u00f3bal provincia ecotur\u00edstica","author":"Nelson Feliz","date":"9 de junio de 2024","format":false,"excerpt":"Representantes de la sociedad civil de San Crist\u00f3bal se re\u00fanen y se comprometen a accionar en favor de la aplicaci\u00f3n de la ley que declara a San Crist\u00f3bal Provincia Eco-tur\u00edstica. En un encuentro celebrado con los representantes de la C\u00e1mara de Comercio y Producci\u00f3n de San Crist\u00f3bal y del Cl\u00faster\u2026","rel":"","context":"En \u00abTURISMO\u00bb","block_context":{"text":"TURISMO","link":"https:\/\/lasprimeras.com.do\/index.php\/category\/turismo\/"},"img":{"alt_text":"","src":"https:\/\/i0.wp.com\/lasprimeras.com.do\/wp-content\/uploads\/2024\/06\/eco-1.jpg?resize=350%2C200&ssl=1","width":350,"height":200,"srcset":"https:\/\/i0.wp.com\/lasprimeras.com.do\/wp-content\/uploads\/2024\/06\/eco-1.jpg?resize=350%2C200&ssl=1 1x, https:\/\/i0.wp.com\/lasprimeras.com.do\/wp-content\/uploads\/2024\/06\/eco-1.jpg?resize=525%2C300&ssl=1 1.5x, https:\/\/i0.wp.com\/lasprimeras.com.do\/wp-content\/uploads\/2024\/06\/eco-1.jpg?resize=700%2C400&ssl=1 2x"},"classes":[]},{"id":98877,"url":"https:\/\/lasprimeras.com.do\/index.php\/2025\/05\/13\/senado-aprueba-con-modificaciones-proyecto-que-modifica-ley-137-03\/","url_meta":{"origin":90213,"position":2},"title":"Senado aprueba con modificaciones proyecto que modifica Ley 137-03","author":"Nelson Feliz","date":"13 de mayo de 2025","format":false,"excerpt":"El Senado de la Rep\u00fablica aprob\u00f3, a unanimidad y en segunda lectura, el proyecto de ley que modifica la Ley 137-03, sobre Tr\u00e1fico Il\u00edcito de Migrantes y Trata de Personas, remitida por el Poder Ejecutivo. El presidente de la Comisi\u00f3n Especial que tuvo a su cargo analizar y estudiar esta\u2026","rel":"","context":"En \u00abNACIONALES\u00bb","block_context":{"text":"NACIONALES","link":"https:\/\/lasprimeras.com.do\/index.php\/category\/nacionales\/"},"img":{"alt_text":"","src":"https:\/\/i0.wp.com\/lasprimeras.com.do\/wp-content\/uploads\/2025\/05\/Ricardo-de-los-Santos-2.jpg?resize=350%2C200&ssl=1","width":350,"height":200,"srcset":"https:\/\/i0.wp.com\/lasprimeras.com.do\/wp-content\/uploads\/2025\/05\/Ricardo-de-los-Santos-2.jpg?resize=350%2C200&ssl=1 1x, https:\/\/i0.wp.com\/lasprimeras.com.do\/wp-content\/uploads\/2025\/05\/Ricardo-de-los-Santos-2.jpg?resize=525%2C300&ssl=1 1.5x, https:\/\/i0.wp.com\/lasprimeras.com.do\/wp-content\/uploads\/2025\/05\/Ricardo-de-los-Santos-2.jpg?resize=700%2C400&ssl=1 2x"},"classes":[]},{"id":61454,"url":"https:\/\/lasprimeras.com.do\/index.php\/2023\/09\/27\/senado-aprueba-proyecto-ley-de-vacunas-en-rd\/","url_meta":{"origin":90213,"position":3},"title":"Senado aprueba proyecto ley de Vacunas en RD","author":"Nelson Feliz","date":"27 de septiembre de 2023","format":false,"excerpt":"La iniciativa sancionada en segunda lectura recomienda al Estado Dominicano disponer de los recursos necesarios para la plena efectividad y sostenimiento continuo de estas aplicaciones para no alegar razones econ\u00f3micas, la falta de abastecimiento de este servicio. El Senado de la Rep\u00fablica aprob\u00f3 en segunda lectura el proyecto de ley\u2026","rel":"","context":"En \u00abPORTADA\u00bb","block_context":{"text":"PORTADA","link":"https:\/\/lasprimeras.com.do\/index.php\/category\/portada\/"},"img":{"alt_text":"Ricardo De los Santos","src":"https:\/\/i0.wp.com\/lasprimeras.com.do\/wp-content\/uploads\/2023\/09\/Ricardo-De-los-Santos-1.jpg?resize=350%2C200&ssl=1","width":350,"height":200,"srcset":"https:\/\/i0.wp.com\/lasprimeras.com.do\/wp-content\/uploads\/2023\/09\/Ricardo-De-los-Santos-1.jpg?resize=350%2C200&ssl=1 1x, https:\/\/i0.wp.com\/lasprimeras.com.do\/wp-content\/uploads\/2023\/09\/Ricardo-De-los-Santos-1.jpg?resize=525%2C300&ssl=1 1.5x"},"classes":[]},{"id":89717,"url":"https:\/\/lasprimeras.com.do\/index.php\/2024\/10\/03\/senado-aprueba-en-primera-lectura-ley-declara-el-23-de-septiembre-dia-nacional-del-pelotero\/","url_meta":{"origin":90213,"position":4},"title":"Senado aprueba en primera lectura Ley declara el 23 de septiembre D\u00eda Nacional del Pelotero","author":"Paola Castillo","date":"3 de octubre de 2024","format":false,"excerpt":"Santo Domingo. -Durante la sesi\u00f3n de este mi\u00e9rcoles, el Senado de la Rep\u00fablica aprob\u00f3 en primera lectura el proyecto de ley que declara el 23 de septiembre de cada a\u00f1o D\u00eda Nacional del Pelotero, en honor al fallecido Osvaldo Virgil Pichardo, quien tuvo la distinci\u00f3n de ser el primer dominicano\u2026","rel":"","context":"En \u00abPORTADA\u00bb","block_context":{"text":"PORTADA","link":"https:\/\/lasprimeras.com.do\/index.php\/category\/portada\/"},"img":{"alt_text":"","src":"https:\/\/i0.wp.com\/lasprimeras.com.do\/wp-content\/uploads\/2024\/10\/aprueba1-scaled.jpeg?resize=350%2C200&ssl=1","width":350,"height":200,"srcset":"https:\/\/i0.wp.com\/lasprimeras.com.do\/wp-content\/uploads\/2024\/10\/aprueba1-scaled.jpeg?resize=350%2C200&ssl=1 1x, https:\/\/i0.wp.com\/lasprimeras.com.do\/wp-content\/uploads\/2024\/10\/aprueba1-scaled.jpeg?resize=525%2C300&ssl=1 1.5x, https:\/\/i0.wp.com\/lasprimeras.com.do\/wp-content\/uploads\/2024\/10\/aprueba1-scaled.jpeg?resize=700%2C400&ssl=1 2x, https:\/\/i0.wp.com\/lasprimeras.com.do\/wp-content\/uploads\/2024\/10\/aprueba1-scaled.jpeg?resize=1050%2C600&ssl=1 3x, https:\/\/i0.wp.com\/lasprimeras.com.do\/wp-content\/uploads\/2024\/10\/aprueba1-scaled.jpeg?resize=1400%2C800&ssl=1 4x"},"classes":[]},{"id":99653,"url":"https:\/\/lasprimeras.com.do\/index.php\/2025\/05\/23\/senado-aprueba-ley-que-dispone-fusion-de-los-ministerios-de-hacienda-y-economia\/","url_meta":{"origin":90213,"position":5},"title":"Senado aprueba ley que dispone fusi\u00f3n de los ministerios de Hacienda y Econom\u00eda","author":"Nelson Feliz","date":"23 de mayo de 2025","format":false,"excerpt":"El Senado de la Rep\u00fablica aprob\u00f3 en dos lecturas consecutivas y declar\u00f3 de urgencia, el proyecto de ley que dispone la fusi\u00f3n del Ministerio de Hacienda y el Ministerio de Econom\u00eda, Planificaci\u00f3n y Desarrollo e instituye el Ministerio de Hacienda y Econom\u00eda. El vicepresidente de la Comisi\u00f3n Especial que tuvo\u2026","rel":"","context":"En \u00abECONOM\u00cdA\u00bb","block_context":{"text":"ECONOM\u00cdA","link":"https:\/\/lasprimeras.com.do\/index.php\/category\/economia\/"},"img":{"alt_text":"","src":"https:\/\/i0.wp.com\/lasprimeras.com.do\/wp-content\/uploads\/2025\/05\/Ricardo-de-los-Santos-5.jpg?resize=350%2C200&ssl=1","width":350,"height":200,"srcset":"https:\/\/i0.wp.com\/lasprimeras.com.do\/wp-content\/uploads\/2025\/05\/Ricardo-de-los-Santos-5.jpg?resize=350%2C200&ssl=1 1x, https:\/\/i0.wp.com\/lasprimeras.com.do\/wp-content\/uploads\/2025\/05\/Ricardo-de-los-Santos-5.jpg?resize=525%2C300&ssl=1 1.5x, https:\/\/i0.wp.com\/lasprimeras.com.do\/wp-content\/uploads\/2025\/05\/Ricardo-de-los-Santos-5.jpg?resize=700%2C400&ssl=1 2x"},"classes":[]}],"jetpack_sharing_enabled":true,"_links":{"self":[{"href":"https:\/\/lasprimeras.com.do\/index.php\/wp-json\/wp\/v2\/posts\/90213","targetHints":{"allow":["GET"]}}],"collection":[{"href":"https:\/\/lasprimeras.com.do\/index.php\/wp-json\/wp\/v2\/posts"}],"about":[{"href":"https:\/\/lasprimeras.com.do\/index.php\/wp-json\/wp\/v2\/types\/post"}],"author":[{"embeddable":true,"href":"https:\/\/lasprimeras.com.do\/index.php\/wp-json\/wp\/v2\/users\/2"}],"replies":[{"embeddable":true,"href":"https:\/\/lasprimeras.com.do\/index.php\/wp-json\/wp\/v2\/comments?post=90213"}],"version-history":[{"count":1,"href":"https:\/\/lasprimeras.com.do\/index.php\/wp-json\/wp\/v2\/posts\/90213\/revisions"}],"predecessor-version":[{"id":90215,"href":"https:\/\/lasprimeras.com.do\/index.php\/wp-json\/wp\/v2\/posts\/90213\/revisions\/90215"}],"wp:featuredmedia":[{"embeddable":true,"href":"https:\/\/lasprimeras.com.do\/index.php\/wp-json\/wp\/v2\/media\/90214"}],"wp:attachment":[{"href":"https:\/\/lasprimeras.com.do\/index.php\/wp-json\/wp\/v2\/media?parent=90213"}],"wp:term":[{"taxonomy":"category","embeddable":true,"href":"https:\/\/lasprimeras.com.do\/index.php\/wp-json\/wp\/v2\/categories?post=90213"},{"taxonomy":"post_tag","embeddable":true,"href":"https:\/\/lasprimeras.com.do\/index.php\/wp-json\/wp\/v2\/tags?post=90213"}],"curies":[{"name":"wp","href":"https:\/\/api.w.org\/{rel}","templated":true}]}}