{"id":90219,"date":"2024-10-15T23:31:36","date_gmt":"2024-10-16T03:31:36","guid":{"rendered":"https:\/\/lasprimeras.com.do\/?p=90219"},"modified":"2024-10-15T23:31:36","modified_gmt":"2024-10-16T03:31:36","slug":"adocine-solicita-participacion-en-vistas-publicas-para-revision-de-la-ley-de-cine-108-10","status":"publish","type":"post","link":"https:\/\/lasprimeras.com.do\/index.php\/2024\/10\/15\/adocine-solicita-participacion-en-vistas-publicas-para-revision-de-la-ley-de-cine-108-10\/","title":{"rendered":"ADOCINE solicita participaci\u00f3n en vistas p\u00fablicas para revisi\u00f3n de la Ley de Cine 108-10"},"content":{"rendered":"\n<p>La Asociaci\u00f3n Dominicana de Profesionales del Cine (ADOCINE) ha depositado formalmente ante la C\u00e1mara de Diputados una solicitud para participar en las vistas p\u00fablicas relacionadas con la propuesta de transformaci\u00f3n fiscal presentada por el Gobierno, que incluye la derogaci\u00f3n de disposiciones de la Ley n\u00fam. 108-10, para el Fomento de la Actividad Cinematogr\u00e1fica en la Rep\u00fablica Dominicana.<\/p>\n\n\n\n<p>La carta, enviada al Presidente de la C\u00e1mara de Diputados, Alfredo Pacheco, y al Presidente de la Comisi\u00f3n Permanente de Hacienda, Francisco Javier Paulino, destaca la importancia de que se escuche la perspectiva de la industria cinematografica sobre el impacto que tendr\u00eda la aprobaci\u00f3n del art\u00edculo 74 del proyecto.<\/p>\n\n\n\n<p>La eliminaci\u00f3n de los art\u00edculos 34 y 39 plantea serias preocupaciones para la industriadel cine, que es una fuente de empleo y creatividad para m\u00e1s de 25,000 personas y sus familias.<\/p>\n\n\n\n<p>\u201cEs fundamental que nuestra voz sea considerada en este proceso. La eliminaci\u00f3n de estos art\u00edculos no solo desincentivar\u00eda la inversi\u00f3n en producciones locales, sino que tambi\u00e9n podr\u00eda resultar en la p\u00e9rdida de proyectos que aportan valor cultural y visibilidad internacional a la Rep\u00fablica Dominicana\u201d, expres\u00f3 Hans Garcia, Presidente de ADOCINE.<\/p>\n\n\n\n<p>ADOCINE enfatiza que la industria cinematogr\u00e1fica no solo contribuye significativamente a la econom\u00eda local, sino que tambi\u00e9n es un motor de desarrollo cultural. \u201cEstamos preparados y con toda la voluntad para acudir al congreso a llevar y presentar los verdaderos aportes del cine dominicano a la economia y cultura del pa\u00eds\u201d, a\u00f1ade Garc\u00eda.<\/p>\n\n\n\n<p>\u201cEs imperativo que quienes trabajamos en el cine tengamos la oportunidad de participar activamente en estas discusiones. La Ley de Cine 108-10 ha sido un hito en el avance de nuestra industria, y cualquier cambio debe estar fundamentado en la experiencia y conocimientos de quienes estamos inmersos en esta labor d\u00eda a d\u00eda\u201d\u201d, a\u00f1adi\u00f3 el Presidente del gremio.<\/p>\n\n\n\n<p>ADOCINE reitera su disposici\u00f3n a colaborar con los legisladores en el an\u00e1lisis y revisi\u00f3n de estas importantes disposiciones, con el objetivo de encontrar un equilibrio que beneficie a todos los actores de la industria cinematogr\u00e1fica y al desarrollo cultural del pa\u00eds.<\/p>\n","protected":false},"excerpt":{"rendered":"<p>La Asociaci\u00f3n Dominicana de Profesionales del Cine (ADOCINE) ha depositado formalmente ante la C\u00e1mara de Diputados una solicitud para participar en las vistas p\u00fablicas relacionadas con la propuesta de transformaci\u00f3n&hellip;<\/p>\n","protected":false},"author":2,"featured_media":90220,"comment_status":"open","ping_status":"open","sticky":false,"template":"","format":"standard","meta":{"content-type":"","jetpack_post_was_ever_published":false,"_jetpack_newsletter_access":"","_jetpack_dont_email_post_to_subs":false,"_jetpack_newsletter_tier_id":0,"_jetpack_memberships_contains_paywalled_content":false,"_jetpack_memberships_contains_paid_content":false,"footnotes":""},"categories":[84],"tags":[15980,15981,2503,1623,4307],"class_list":["post-90219","post","type-post","status-publish","format-standard","has-post-thumbnail","hentry","category-entretenimiento","tag-adocine","tag-ley-de-cine-108-10","tag-participacion","tag-revision","tag-vistas-publicas"],"jetpack_featured_media_url":"https:\/\/lasprimeras.com.do\/wp-content\/uploads\/2024\/10\/Ley-de-Cine-1.jpg","jetpack-related-posts":[{"id":95637,"url":"https:\/\/lasprimeras.com.do\/index.php\/2025\/03\/17\/valoran-en-ny-reconocimiento-internacional-a-trayectoria-victor-dume-en-industria-cinematografica-rd\/","url_meta":{"origin":90219,"position":0},"title":"Valoran en NY reconocimiento internacional a trayectoria V\u00edctor Dume en industria cinematogr\u00e1fica RD","author":"Nelson Feliz","date":"17 de marzo de 2025","format":false,"excerpt":"Por Ram\u00f3n Mercedes NUEVA YORK.- Dominicanos en esta ciudad valoran el reconocimiento internacional otorgado la semana pasada a V\u00edctor Dume como productor de cine por \u00abPrensam\u00e9rica Internacional\u00bb y la \u00abAsociaci\u00f3n de Prensa de Ecuador\u00bb. A Dume le fue entregado el premio \u00abLatinoamericano doctor Zenobio Saldivia\u00bb por ser un calificado y\u2026","rel":"","context":"En \u00abINTERNACIONALES\u00bb","block_context":{"text":"INTERNACIONALES","link":"https:\/\/lasprimeras.com.do\/index.php\/category\/sin-categoria\/internacionales\/"},"img":{"alt_text":"reconocimiento internacional","src":"https:\/\/i0.wp.com\/lasprimeras.com.do\/wp-content\/uploads\/2025\/03\/WhatsApp-Image-2025-03-17-at-7.03.01-AM.jpeg?resize=350%2C200&ssl=1","width":350,"height":200,"srcset":"https:\/\/i0.wp.com\/lasprimeras.com.do\/wp-content\/uploads\/2025\/03\/WhatsApp-Image-2025-03-17-at-7.03.01-AM.jpeg?resize=350%2C200&ssl=1 1x, https:\/\/i0.wp.com\/lasprimeras.com.do\/wp-content\/uploads\/2025\/03\/WhatsApp-Image-2025-03-17-at-7.03.01-AM.jpeg?resize=525%2C300&ssl=1 1.5x"},"classes":[]},{"id":76065,"url":"https:\/\/lasprimeras.com.do\/index.php\/2024\/02\/07\/ciclo-cine-dominicano-en-el-centro-cultural-banreservas-genera-interes-del-publico\/","url_meta":{"origin":90219,"position":1},"title":"Ciclo cine dominicano en el Centro Cultural Banreservas genera inter\u00e9s del p\u00fablico","author":"Nelson Feliz","date":"7 de febrero de 2024","format":false,"excerpt":"Este jueves 8 y viernes 9 contin\u00faa el ciclo con las pel\u00edculas dominicanas Ramona y Danny 45 Servicios de Lasprimeras Las pel\u00edculas dominicanas \u201cNo me conoces\u201d, de Nashla Bogaert, y La Hembrita, dirigida por Laura Amelia Guzm\u00e1n, concitaron la atenci\u00f3n de decenas de personas en el Centro Cultural Banreservas, en\u2026","rel":"","context":"En \u00abENTRETENIMIENTO\u00bb","block_context":{"text":"ENTRETENIMIENTO","link":"https:\/\/lasprimeras.com.do\/index.php\/category\/entretenimiento\/"},"img":{"alt_text":"La directora Laura Amelia Guzm\u00e1n en el cine foro de La Hembrita","src":"https:\/\/i0.wp.com\/lasprimeras.com.do\/wp-content\/uploads\/2024\/02\/La-directora-Laura-Amelia-Guzman-en-el-cine-foro-de-La-Hembrita.jpg?resize=350%2C200&ssl=1","width":350,"height":200,"srcset":"https:\/\/i0.wp.com\/lasprimeras.com.do\/wp-content\/uploads\/2024\/02\/La-directora-Laura-Amelia-Guzman-en-el-cine-foro-de-La-Hembrita.jpg?resize=350%2C200&ssl=1 1x, https:\/\/i0.wp.com\/lasprimeras.com.do\/wp-content\/uploads\/2024\/02\/La-directora-Laura-Amelia-Guzman-en-el-cine-foro-de-La-Hembrita.jpg?resize=525%2C300&ssl=1 1.5x, https:\/\/i0.wp.com\/lasprimeras.com.do\/wp-content\/uploads\/2024\/02\/La-directora-Laura-Amelia-Guzman-en-el-cine-foro-de-La-Hembrita.jpg?resize=700%2C400&ssl=1 2x"},"classes":[]},{"id":67231,"url":"https:\/\/lasprimeras.com.do\/index.php\/2023\/11\/14\/caribbean-cinemas-rinde-homenaje-a-5-figuras-del-cine-dominicano-downtown\/","url_meta":{"origin":90219,"position":2},"title":"Caribbean Cinemas rinde homenaje a 5 figuras del Cine Dominicano Downtown","author":"Nelson Feliz","date":"14 de noviembre de 2023","format":false,"excerpt":"Los homenajeados en esta cuarta versi\u00f3n son los cineastas Manolo Ozuna, Judith Rodr\u00edguez, Leticia Tonos, Laura Amelia Guzm\u00e1n y p\u00f3stumo Pericles Mej\u00eda. Caribbean Cinemas, por cuarta ocasi\u00f3n, reconoce la carrera de personalidades de la industria de cine dominicana en el Paseo del cine dominicano Downtown. En este emotivo evento se\u2026","rel":"","context":"En \u00abENTRETENIMIENTO\u00bb","block_context":{"text":"ENTRETENIMIENTO","link":"https:\/\/lasprimeras.com.do\/index.php\/category\/entretenimiento\/"},"img":{"alt_text":"Marc Meji\u0117a, hijo de Pericles Meji\u0117a_ Judith Rodri\u0117guez, Laura Amelia Guzma\u0117n y Manolo Ozuna junto a ejecutivos de Caribbean Cinemas","src":"https:\/\/i0.wp.com\/lasprimeras.com.do\/wp-content\/uploads\/2023\/11\/Marc-Mejiea-hijo-de-Pericles-Mejiea_-Judith-Rodrieguez-Laura-Amelia-Guzmaen-y-Manolo-Ozuna-junto-a-ejecutivos-de-Caribbean-Cinemas.jpg?resize=350%2C200&ssl=1","width":350,"height":200,"srcset":"https:\/\/i0.wp.com\/lasprimeras.com.do\/wp-content\/uploads\/2023\/11\/Marc-Mejiea-hijo-de-Pericles-Mejiea_-Judith-Rodrieguez-Laura-Amelia-Guzmaen-y-Manolo-Ozuna-junto-a-ejecutivos-de-Caribbean-Cinemas.jpg?resize=350%2C200&ssl=1 1x, https:\/\/i0.wp.com\/lasprimeras.com.do\/wp-content\/uploads\/2023\/11\/Marc-Mejiea-hijo-de-Pericles-Mejiea_-Judith-Rodrieguez-Laura-Amelia-Guzmaen-y-Manolo-Ozuna-junto-a-ejecutivos-de-Caribbean-Cinemas.jpg?resize=525%2C300&ssl=1 1.5x, https:\/\/i0.wp.com\/lasprimeras.com.do\/wp-content\/uploads\/2023\/11\/Marc-Mejiea-hijo-de-Pericles-Mejiea_-Judith-Rodrieguez-Laura-Amelia-Guzmaen-y-Manolo-Ozuna-junto-a-ejecutivos-de-Caribbean-Cinemas.jpg?resize=700%2C400&ssl=1 2x"},"classes":[]},{"id":81954,"url":"https:\/\/lasprimeras.com.do\/index.php\/2024\/04\/27\/caribbean-cinemas-adquiere-activos-operativos-de-palacio-del-cine\/","url_meta":{"origin":90219,"position":3},"title":"Caribbean Cinemas adquiere activos operativos de Palacio del Cine","author":"BIMARY DE JES\u00daS Matos","date":"27 de abril de 2024","format":false,"excerpt":"Luego de cordiales conversaciones, los ejecutivos de las empresas Caribbean Cinemas y Wometco Dominicana arribaron a un acuerdo, por medio del cual Caribbean Cinemas adquiri\u00f3 los activos operativos de varias salas de cine que se encontraban operando bajo la marca Palacio del Cine en el pa\u00eds. A trav\u00e9s de esta\u2026","rel":"","context":"En \u00abENTRETENIMIENTO\u00bb","block_context":{"text":"ENTRETENIMIENTO","link":"https:\/\/lasprimeras.com.do\/index.php\/category\/entretenimiento\/"},"img":{"alt_text":"","src":"https:\/\/i0.wp.com\/lasprimeras.com.do\/wp-content\/uploads\/2024\/04\/6a0c8a05-4f4b-48f5-a1d9-1ad180753c4a-49.jpg?resize=350%2C200&ssl=1","width":350,"height":200,"srcset":"https:\/\/i0.wp.com\/lasprimeras.com.do\/wp-content\/uploads\/2024\/04\/6a0c8a05-4f4b-48f5-a1d9-1ad180753c4a-49.jpg?resize=350%2C200&ssl=1 1x, https:\/\/i0.wp.com\/lasprimeras.com.do\/wp-content\/uploads\/2024\/04\/6a0c8a05-4f4b-48f5-a1d9-1ad180753c4a-49.jpg?resize=525%2C300&ssl=1 1.5x, https:\/\/i0.wp.com\/lasprimeras.com.do\/wp-content\/uploads\/2024\/04\/6a0c8a05-4f4b-48f5-a1d9-1ad180753c4a-49.jpg?resize=700%2C400&ssl=1 2x"},"classes":[]},{"id":81827,"url":"https:\/\/lasprimeras.com.do\/index.php\/2024\/04\/25\/infotep-y-dgcine-certifican-95-participantes-en-diversas-areas-de-la-industria-cinematografica\/","url_meta":{"origin":90219,"position":4},"title":"INFOTEP y DGCINE certifican 95 participantes en la industria cinematogr\u00e1fica","author":"BIMARY DE JES\u00daS Matos","date":"25 de abril de 2024","format":false,"excerpt":"Santo Domingo, RD. -En su plan de contribuir a la consolidaci\u00f3n de la industria cinematogr\u00e1fica dominicana, el Instituto Nacional de Formaci\u00f3n T\u00e9cnico Profesional (INFOTEP), en alianza con la Direcci\u00f3n General de Cine (DGCINE), entreg\u00f3 certificados a 95 egresados formados en siete \u00e1reas vinculadas al sector. En el acto de entrega\u2026","rel":"","context":"En \u00abNACIONALES\u00bb","block_context":{"text":"NACIONALES","link":"https:\/\/lasprimeras.com.do\/index.php\/category\/nacionales\/"},"img":{"alt_text":"","src":"https:\/\/i0.wp.com\/lasprimeras.com.do\/wp-content\/uploads\/2024\/04\/WhatsApp-Image-2024-04-25-at-1.02.15-PM.jpeg?resize=350%2C200&ssl=1","width":350,"height":200,"srcset":"https:\/\/i0.wp.com\/lasprimeras.com.do\/wp-content\/uploads\/2024\/04\/WhatsApp-Image-2024-04-25-at-1.02.15-PM.jpeg?resize=350%2C200&ssl=1 1x, https:\/\/i0.wp.com\/lasprimeras.com.do\/wp-content\/uploads\/2024\/04\/WhatsApp-Image-2024-04-25-at-1.02.15-PM.jpeg?resize=525%2C300&ssl=1 1.5x, https:\/\/i0.wp.com\/lasprimeras.com.do\/wp-content\/uploads\/2024\/04\/WhatsApp-Image-2024-04-25-at-1.02.15-PM.jpeg?resize=700%2C400&ssl=1 2x, https:\/\/i0.wp.com\/lasprimeras.com.do\/wp-content\/uploads\/2024\/04\/WhatsApp-Image-2024-04-25-at-1.02.15-PM.jpeg?resize=1050%2C600&ssl=1 3x"},"classes":[]},{"id":90174,"url":"https:\/\/lasprimeras.com.do\/index.php\/2024\/10\/15\/adocco-plantea-eliminacion-de-privilegios-al-cine-por-falta-de-impacto-economico\/","url_meta":{"origin":90219,"position":5},"title":"ADOCCO plantea eliminaci\u00f3n de privilegios al cine por falta de impacto econ\u00f3mico","author":"Nelson Feliz","date":"15 de octubre de 2024","format":false,"excerpt":"Dijo que la Constituci\u00f3n de la Rep\u00fablica establece que no deben existir privilegios para ning\u00fan sector por encima de otro. El presidente de la Alianza Dominicana Contra la Corrupci\u00f3n, (ADOCCO), Julio C\u00e9sar de la Rosa Tiburco, plante\u00f3 que deben eliminarse los privilegios en la Ley de Cine, argumentando que los\u2026","rel":"","context":"En \u00abECONOM\u00cdA\u00bb","block_context":{"text":"ECONOM\u00cdA","link":"https:\/\/lasprimeras.com.do\/index.php\/category\/economia\/"},"img":{"alt_text":"Julio C\u00e9sar de la Rosa","src":"https:\/\/i0.wp.com\/lasprimeras.com.do\/wp-content\/uploads\/2024\/08\/Julio-Cesar-de-la-Rosa.jpg?resize=350%2C200&ssl=1","width":350,"height":200,"srcset":"https:\/\/i0.wp.com\/lasprimeras.com.do\/wp-content\/uploads\/2024\/08\/Julio-Cesar-de-la-Rosa.jpg?resize=350%2C200&ssl=1 1x, https:\/\/i0.wp.com\/lasprimeras.com.do\/wp-content\/uploads\/2024\/08\/Julio-Cesar-de-la-Rosa.jpg?resize=525%2C300&ssl=1 1.5x"},"classes":[]}],"jetpack_sharing_enabled":true,"_links":{"self":[{"href":"https:\/\/lasprimeras.com.do\/index.php\/wp-json\/wp\/v2\/posts\/90219","targetHints":{"allow":["GET"]}}],"collection":[{"href":"https:\/\/lasprimeras.com.do\/index.php\/wp-json\/wp\/v2\/posts"}],"about":[{"href":"https:\/\/lasprimeras.com.do\/index.php\/wp-json\/wp\/v2\/types\/post"}],"author":[{"embeddable":true,"href":"https:\/\/lasprimeras.com.do\/index.php\/wp-json\/wp\/v2\/users\/2"}],"replies":[{"embeddable":true,"href":"https:\/\/lasprimeras.com.do\/index.php\/wp-json\/wp\/v2\/comments?post=90219"}],"version-history":[{"count":1,"href":"https:\/\/lasprimeras.com.do\/index.php\/wp-json\/wp\/v2\/posts\/90219\/revisions"}],"predecessor-version":[{"id":90221,"href":"https:\/\/lasprimeras.com.do\/index.php\/wp-json\/wp\/v2\/posts\/90219\/revisions\/90221"}],"wp:featuredmedia":[{"embeddable":true,"href":"https:\/\/lasprimeras.com.do\/index.php\/wp-json\/wp\/v2\/media\/90220"}],"wp:attachment":[{"href":"https:\/\/lasprimeras.com.do\/index.php\/wp-json\/wp\/v2\/media?parent=90219"}],"wp:term":[{"taxonomy":"category","embeddable":true,"href":"https:\/\/lasprimeras.com.do\/index.php\/wp-json\/wp\/v2\/categories?post=90219"},{"taxonomy":"post_tag","embeddable":true,"href":"https:\/\/lasprimeras.com.do\/index.php\/wp-json\/wp\/v2\/tags?post=90219"}],"curies":[{"name":"wp","href":"https:\/\/api.w.org\/{rel}","templated":true}]}}