{"id":90435,"date":"2024-10-20T21:28:55","date_gmt":"2024-10-21T01:28:55","guid":{"rendered":"https:\/\/lasprimeras.com.do\/?p=90435"},"modified":"2024-10-20T21:28:56","modified_gmt":"2024-10-21T01:28:56","slug":"elon-musk-ofrece-un-millon-de-dolares-a-votantes-que-firmen-su-peticion-de-apoyo-a-la-constitucion","status":"publish","type":"post","link":"https:\/\/lasprimeras.com.do\/index.php\/2024\/10\/20\/elon-musk-ofrece-un-millon-de-dolares-a-votantes-que-firmen-su-peticion-de-apoyo-a-la-constitucion\/","title":{"rendered":"Elon Musk ofrece un mill\u00f3n de d\u00f3lares a votantes que firmen su petici\u00f3n de apoyo a la Constituci\u00f3n"},"content":{"rendered":"\n<p><strong>La iniciativa est\u00e1 suscitando dudas entre algunos expertos electorales, que afirman que es una violaci\u00f3n de la ley vincular la entrega de dinero a la firma de una petici\u00f3n que tambi\u00e9n requiere que la persona est\u00e9 registrada para votar.<\/strong><\/p>\n\n\n\n<p><strong>Estados Unidos,AP &#8211; <\/strong>Elon Musk, el multimillonario fundador de Tesla y Space X y propietario de X que se ha volcado con la candidatura del republicano Donald Trump a la Casa Blanca, ya ha comprometido al menos 70 millones de d\u00f3lares para ayudar al expresidente.<\/p>\n\n\n\n<p>Ahora promete regalar un mill\u00f3n de d\u00f3lares a los votantes que firmen la petici\u00f3n de su supercomit\u00e9 de acci\u00f3n pol\u00edtica en apoyo de la Constituci\u00f3n.<\/p>\n\n\n\n<p>La iniciativa est\u00e1 suscitando dudas y alarmas entre algunos expertos electorales, que afirman que es una violaci\u00f3n de la ley vincular la entrega de dinero a la firma de una petici\u00f3n que tambi\u00e9n requiere que la persona est\u00e9 registrada para votar.<\/p>\n\n\n\n<p>El gobernador dem\u00f3crata de Pensilvania, Josh Shapiro, exfiscal general estatal, expres\u00f3 su preocupaci\u00f3n por el plan el domingo.<\/p>\n\n\n\n<p>\u201cCreo que hay dudas reales sobre c\u00f3mo est\u00e1 gastando el dinero en esta contienda, c\u00f3mo est\u00e1 fluyendo el dinero oculto, no s\u00f3lo en Pensilvania, sino aparentemente ahora en los bolsillos de los ciudadanos de Pensilvania. Eso es muy preocupante\u201d, dijo en el programa \u201cMeet the Press\u201d de la cadena NBC.<\/p>\n\n\n\n<p>Un vistazo m\u00e1s de cerca a lo que est\u00e1 pasando:<\/p>\n\n\n\n<p>Musk prometi\u00f3 el s\u00e1bado que regalar\u00e1 un mill\u00f3n de d\u00f3lares al d\u00eda, hasta las elecciones del 5 de noviembre, a las personas que firmen la petici\u00f3n de su PAC en apoyo de la Primera Enmienda, que protege la libertad de expresi\u00f3n, y la Segunda Enmienda, que contempla el derecho \u201ca poseer y portar armas\u201d.<\/p>\n\n\n\n<p>Durante un acto celebrado el s\u00e1bado en Harrisburg, Pensilvania, entreg\u00f3 un cheque a un hombre identificado como John Dreher. No se ha recibido respuesta a un mensaje enviado al n\u00famero de tel\u00e9fono de Dreher. El domingo Musk entreg\u00f3 otro cheque.<\/p>\n\n\n\n<p>El America PAC de Musk \u2014un supercomit\u00e9 de acci\u00f3n pol\u00edtica que el magnate lanz\u00f3 en mayo para ayudar a Trump en su intento de volver a la Casa Blanca\u2014 ha iniciado una gira por Pensilvania, un campo de batalla electoral cr\u00edtico.<\/p>\n\n\n\n<p>Su objetivo es captar votantes en apoyo de Trump. El PAC tambi\u00e9n est\u00e1 presionando para persuadir a los votantes en otros estados clave. No es la primera oferta de dinero que hace la organizaci\u00f3n.<\/p>\n\n\n\n<p>Musk ha publicado en X, la plataforma que compr\u00f3 como Twitter antes de cambiarle el nombre, que ofrecer\u00e1 a la gente 47 d\u00f3lares \u2014y luego 100\u2014 por recomendar a otros que se registraran y firmaran la petici\u00f3n.<\/p>\n\n\n\n<p>Algunos expertos en derecho electoral est\u00e1n alertando sobre este regalo. Brendan Fischer, abogado especializado en financiaci\u00f3n de campa\u00f1as electorales, dijo que la \u00faltima variaci\u00f3n del regalo de Musk se acerca a un l\u00edmite legal. Esto se debe a que el PAC exige el registro como requisito previo para poder optar al cheque de un mill\u00f3n de d\u00f3lares.<\/p>\n\n\n\n<p>\u201cHabr\u00eda pocas dudas sobre la legalidad si todos los firmantes de la petici\u00f3n de Pensilvania fueran elegibles, pero condicionar los pagos al registro podr\u00eda violar la ley\u201d, dijo Fischer en un correo electr\u00f3nico.<\/p>\n\n\n\n<p>Rick Hasen, profesor de Ciencias Pol\u00edticas de la Facultad de Derecho de la UCLA, fue m\u00e1s all\u00e1. Se\u00f1al\u00f3 una ley que proh\u00edbe pagar a la gente por registrarse para votar o por votar.<\/p>\n\n\n\n<p>\u201cSi todo lo que estaba haciendo era pagar a la gente para que firmara la petici\u00f3n, podr\u00eda ser una p\u00e9rdida de dinero. Pero no hay nada ilegal en ello\u201d, indic\u00f3 Hasen en una entrevista telef\u00f3nica. \u201cEl problema es que las \u00fanicas personas que pueden participar en este sorteo son las que est\u00e1n registradas para votar. Y eso lo convierte en ilegal\u201d.<\/p>\n\n\n\n<p>Michael Kang, profesor de derecho electoral en la Facultad de Derecho Pritzker de la Universidad Northwestern, dijo que el contexto del regalo tan cerca del d\u00eda de las elecciones hace que sea m\u00e1s dif\u00edcil argumentar que el esfuerzo no es m\u00e1s que un incentivo para que la gente se registre para votar.<\/p>\n\n\n\n<p>\u201cNo es lo mismo que pagar a alguien para que vote, pero nos acercamos lo suficiente como para preocuparnos por su legalidad\u201d, dijo Kang.<\/p>\n\n\n\n<p>El domingo la AP dej\u00f3 un mensaje al PAC en busca de comentarios, al igual que lo hizo con el Departamento de Justicia.<\/p>\n\n\n\n<p>Normalmente, la coordinaci\u00f3n entre las campa\u00f1as y los llamados s\u00faper PAC estaba prohibida. Pero una reciente resoluci\u00f3n del Comisionado Federal de Elecciones, que regula las campa\u00f1as federales, ha permitido a los candidatos y a estos grupos trabajar juntos en determinados casos, como las campa\u00f1as de captaci\u00f3n del voto.<\/p>\n","protected":false},"excerpt":{"rendered":"<p>La iniciativa est\u00e1 suscitando dudas entre algunos expertos electorales, que afirman que es una violaci\u00f3n de la ley vincular la entrega de dinero a la firma de una petici\u00f3n que&hellip;<\/p>\n","protected":false},"author":2,"featured_media":90436,"comment_status":"open","ping_status":"open","sticky":false,"template":"","format":"standard","meta":{"content-type":"","jetpack_post_was_ever_published":false,"_jetpack_newsletter_access":"","_jetpack_dont_email_post_to_subs":false,"_jetpack_newsletter_tier_id":0,"_jetpack_memberships_contains_paywalled_content":false,"_jetpack_memberships_contains_paid_content":false,"footnotes":""},"categories":[1],"tags":[1721,16072,3935,16071,10980],"class_list":["post-90435","post","type-post","status-publish","format-standard","has-post-thumbnail","hentry","category-sin-categoria","tag-elon-musk","tag-firmen","tag-peticion","tag-un-millon-de-dolares","tag-votantes"],"jetpack_featured_media_url":"https:\/\/lasprimeras.com.do\/wp-content\/uploads\/2024\/10\/Elon-Musk.jpg","jetpack-related-posts":[{"id":96528,"url":"https:\/\/lasprimeras.com.do\/index.php\/2025\/04\/02\/el-triunfo-democrata-en-la-corte-suprema-de-wisconsin-es-tambien-una-gran-derrota-para-elon-musk\/","url_meta":{"origin":90435,"position":0},"title":"El triunfo dem\u00f3crata en la Corte Suprema de Wisconsin es tambi\u00e9n una gran derrota para Elon Musk","author":"Nelson Feliz","date":"2 de abril de 2025","format":false,"excerpt":"POR NICHOLAS RICCARDI and THOMAS BEAUMONT MADISON, Wisconsin, EE.UU. (AP) \u2014 La jueza Susan Crawford mantuvo el martes la estrecha mayor\u00eda progresista en la Corte Suprema de Wisconsin al derrotar al conservador Brad Schimel, pero de alguna manera el verdadero perdedor de la elecci\u00f3n fue el multimillonario Elon Musk. Musk\u2026","rel":"","context":"En \u00abINTERNACIONALES\u00bb","block_context":{"text":"INTERNACIONALES","link":"https:\/\/lasprimeras.com.do\/index.php\/category\/sin-categoria\/internacionales\/"},"img":{"alt_text":"","src":"https:\/\/i0.wp.com\/lasprimeras.com.do\/wp-content\/uploads\/2025\/04\/Elon-Musk-1.jpg?resize=350%2C200&ssl=1","width":350,"height":200,"srcset":"https:\/\/i0.wp.com\/lasprimeras.com.do\/wp-content\/uploads\/2025\/04\/Elon-Musk-1.jpg?resize=350%2C200&ssl=1 1x, https:\/\/i0.wp.com\/lasprimeras.com.do\/wp-content\/uploads\/2025\/04\/Elon-Musk-1.jpg?resize=525%2C300&ssl=1 1.5x, https:\/\/i0.wp.com\/lasprimeras.com.do\/wp-content\/uploads\/2025\/04\/Elon-Musk-1.jpg?resize=700%2C400&ssl=1 2x"},"classes":[]},{"id":95192,"url":"https:\/\/lasprimeras.com.do\/index.php\/2025\/03\/11\/las-acciones-de-tesla-caen-mas-del-15-ante-las-dudas-por-su-rendimiento-y-por-elon-musk\/","url_meta":{"origin":90435,"position":1},"title":"Las acciones de Tesla caen m\u00e1s del 15 %, ante las dudas por su rendimiento y por Elon Musk","author":"Nelson Feliz","date":"11 de marzo de 2025","format":false,"excerpt":"Las p\u00e9rdidas de ayer son las peores en los mercados burs\u00e1tiles del fabricante de veh\u00edculos el\u00e9ctricos desde septiembre de 2020 Nueva York, EFE- Las acciones de Tesla perdieron este lunes un 15,4 % de su valor al cerrar en 222,15 d\u00f3lares cada una, ante las dudas sobre el rendimiento de\u2026","rel":"","context":"En \u00abECONOM\u00cdA\u00bb","block_context":{"text":"ECONOM\u00cdA","link":"https:\/\/lasprimeras.com.do\/index.php\/category\/economia\/"},"img":{"alt_text":"","src":"https:\/\/i0.wp.com\/lasprimeras.com.do\/wp-content\/uploads\/2025\/03\/tesla-cybertruck.jpg?resize=350%2C200&ssl=1","width":350,"height":200,"srcset":"https:\/\/i0.wp.com\/lasprimeras.com.do\/wp-content\/uploads\/2025\/03\/tesla-cybertruck.jpg?resize=350%2C200&ssl=1 1x, https:\/\/i0.wp.com\/lasprimeras.com.do\/wp-content\/uploads\/2025\/03\/tesla-cybertruck.jpg?resize=525%2C300&ssl=1 1.5x, https:\/\/i0.wp.com\/lasprimeras.com.do\/wp-content\/uploads\/2025\/03\/tesla-cybertruck.jpg?resize=700%2C400&ssl=1 2x"},"classes":[]},{"id":96360,"url":"https:\/\/lasprimeras.com.do\/index.php\/2025\/03\/30\/elon-musk-fusiona-su-empresa-de-inteligencia-artificial-xai-y-x-por-33000-millones-de-dolares\/","url_meta":{"origin":90435,"position":2},"title":"Elon Musk fusiona su empresa de inteligencia artificial xAI y X por 33,000 millones de d\u00f3lares","author":"Nelson Feliz","date":"30 de marzo de 2025","format":false,"excerpt":"Musk anuncia que su empresa de inteligencia artificial xAI adquiri\u00f3 X por USD 33.000 millones. San Francisco, AFP - El viernes el magnate Elon Musk anunci\u00f3 que su start-up de inteligencia artificial xAI adquiri\u00f3 la red social X, tambi\u00e9n de su propiedad, en una \"transacci\u00f3n totalmente en acciones\" que valora\u2026","rel":"","context":"En \u00abECONOM\u00cdA\u00bb","block_context":{"text":"ECONOM\u00cdA","link":"https:\/\/lasprimeras.com.do\/index.php\/category\/economia\/"},"img":{"alt_text":"","src":"https:\/\/i0.wp.com\/lasprimeras.com.do\/wp-content\/uploads\/2025\/03\/Elon-Musk-1.jpg?resize=350%2C200&ssl=1","width":350,"height":200,"srcset":"https:\/\/i0.wp.com\/lasprimeras.com.do\/wp-content\/uploads\/2025\/03\/Elon-Musk-1.jpg?resize=350%2C200&ssl=1 1x, https:\/\/i0.wp.com\/lasprimeras.com.do\/wp-content\/uploads\/2025\/03\/Elon-Musk-1.jpg?resize=525%2C300&ssl=1 1.5x, https:\/\/i0.wp.com\/lasprimeras.com.do\/wp-content\/uploads\/2025\/03\/Elon-Musk-1.jpg?resize=700%2C400&ssl=1 2x"},"classes":[]},{"id":90613,"url":"https:\/\/lasprimeras.com.do\/index.php\/2024\/10\/26\/elon-musk-trabajo-ilegalmente-en-ee-uu-al-inicio-de-su-carrera-segun-the-washington-post\/","url_meta":{"origin":90435,"position":3},"title":"Elon Musk trabaj\u00f3 ilegalmente en EE.UU. al inicio de su carrera, seg\u00fan The Washington Post","author":"Nelson Feliz","date":"26 de octubre de 2024","format":false,"excerpt":"Washington, (EFE).- Elon Musk, propietario de SpaceX, Tesla y X, trabaj\u00f3 de forma ilegal en Estados Unidos al inicio de su carrera empresarial tras abandonar un programa de estudios de posgrado en California, seg\u00fan antiguos socios, documentos judiciales y archivos empresariales obtenidos por The Washington Post. La revelaci\u00f3n es relevante\u2026","rel":"","context":"En \u00abSin categor\u00eda\u00bb","block_context":{"text":"Sin categor\u00eda","link":"https:\/\/lasprimeras.com.do\/index.php\/category\/sin-categoria\/"},"img":{"alt_text":"Elon Musk","src":"https:\/\/i0.wp.com\/lasprimeras.com.do\/wp-content\/uploads\/2024\/10\/Elon-Musk-1.jpg?resize=350%2C200&ssl=1","width":350,"height":200,"srcset":"https:\/\/i0.wp.com\/lasprimeras.com.do\/wp-content\/uploads\/2024\/10\/Elon-Musk-1.jpg?resize=350%2C200&ssl=1 1x, https:\/\/i0.wp.com\/lasprimeras.com.do\/wp-content\/uploads\/2024\/10\/Elon-Musk-1.jpg?resize=525%2C300&ssl=1 1.5x, https:\/\/i0.wp.com\/lasprimeras.com.do\/wp-content\/uploads\/2024\/10\/Elon-Musk-1.jpg?resize=700%2C400&ssl=1 2x"},"classes":[]},{"id":69748,"url":"https:\/\/lasprimeras.com.do\/index.php\/2023\/12\/05\/javier-milei-y-elon-musk-en-sintonia-a-cinco-dias-de-la-investidura-en-argentina\/","url_meta":{"origin":90435,"position":4},"title":"Javier Milei y Elon Musk &#8220;en sinton\u00eda&#8221; a cinco d\u00edas de la investidura en Argentina","author":"Nelson Feliz","date":"5 de diciembre de 2023","format":false,"excerpt":"La buena relaci\u00f3n entre Milei y Musk no es nueva, ya que el fundador y directivo de SpaceX y Tesla hab\u00eda manifestado su apoyo al ultraliberal el pasado 19 de noviembre. El presidente electo de Argentina, Javier Milei, y el magnate y empresario sudafricano Elon Musk intercambiaron este martes varios\u2026","rel":"","context":"En \u00abSin categor\u00eda\u00bb","block_context":{"text":"Sin categor\u00eda","link":"https:\/\/lasprimeras.com.do\/index.php\/category\/sin-categoria\/"},"img":{"alt_text":"Magnate Elon Musk y el presidente electo de Argentina, Javier Milei","src":"https:\/\/i0.wp.com\/lasprimeras.com.do\/wp-content\/uploads\/2023\/12\/Elon-Musk-y-Javier-Milei.jpeg?resize=350%2C200&ssl=1","width":350,"height":200,"srcset":"https:\/\/i0.wp.com\/lasprimeras.com.do\/wp-content\/uploads\/2023\/12\/Elon-Musk-y-Javier-Milei.jpeg?resize=350%2C200&ssl=1 1x, https:\/\/i0.wp.com\/lasprimeras.com.do\/wp-content\/uploads\/2023\/12\/Elon-Musk-y-Javier-Milei.jpeg?resize=525%2C300&ssl=1 1.5x, https:\/\/i0.wp.com\/lasprimeras.com.do\/wp-content\/uploads\/2023\/12\/Elon-Musk-y-Javier-Milei.jpeg?resize=700%2C400&ssl=1 2x"},"classes":[]},{"id":56521,"url":"https:\/\/lasprimeras.com.do\/index.php\/2023\/08\/02\/x-demanda-a-organizacion-por-informes-sobre-creciente-odio-en-twitter\/","url_meta":{"origin":90435,"position":5},"title":"X demanda a organizaci\u00f3n por informes sobre creciente odio en Twitter","author":"Nelson Feliz","date":"2 de agosto de 2023","format":false,"excerpt":"Muchos usuarios y anunciantes han respondido negativamente a las nuevas tarifas de la red social por servicios que antes eran gratuitos. X demand\u00f3 a un grupo sin fines de lucro en un tribunal de Estados Unidos por haber elaborado un informe que afirma que el discurso de odio aument\u00f3 en\u2026","rel":"","context":"En \u00abSin categor\u00eda\u00bb","block_context":{"text":"Sin categor\u00eda","link":"https:\/\/lasprimeras.com.do\/index.php\/category\/sin-categoria\/"},"img":{"alt_text":"Esta foto ilustrativa creada en Washington, DC, el 24 de julio de 2023, muestra el nuevo logotipo X de Twitter reflejado en el logotipo del p\u00e1jaro de TwitterSTEFANI REYNOLDS\/AFP","src":"https:\/\/i0.wp.com\/lasprimeras.com.do\/wp-content\/uploads\/2023\/08\/X.jpeg?resize=350%2C200&ssl=1","width":350,"height":200,"srcset":"https:\/\/i0.wp.com\/lasprimeras.com.do\/wp-content\/uploads\/2023\/08\/X.jpeg?resize=350%2C200&ssl=1 1x, https:\/\/i0.wp.com\/lasprimeras.com.do\/wp-content\/uploads\/2023\/08\/X.jpeg?resize=525%2C300&ssl=1 1.5x, https:\/\/i0.wp.com\/lasprimeras.com.do\/wp-content\/uploads\/2023\/08\/X.jpeg?resize=700%2C400&ssl=1 2x"},"classes":[]}],"jetpack_sharing_enabled":true,"_links":{"self":[{"href":"https:\/\/lasprimeras.com.do\/index.php\/wp-json\/wp\/v2\/posts\/90435","targetHints":{"allow":["GET"]}}],"collection":[{"href":"https:\/\/lasprimeras.com.do\/index.php\/wp-json\/wp\/v2\/posts"}],"about":[{"href":"https:\/\/lasprimeras.com.do\/index.php\/wp-json\/wp\/v2\/types\/post"}],"author":[{"embeddable":true,"href":"https:\/\/lasprimeras.com.do\/index.php\/wp-json\/wp\/v2\/users\/2"}],"replies":[{"embeddable":true,"href":"https:\/\/lasprimeras.com.do\/index.php\/wp-json\/wp\/v2\/comments?post=90435"}],"version-history":[{"count":2,"href":"https:\/\/lasprimeras.com.do\/index.php\/wp-json\/wp\/v2\/posts\/90435\/revisions"}],"predecessor-version":[{"id":90438,"href":"https:\/\/lasprimeras.com.do\/index.php\/wp-json\/wp\/v2\/posts\/90435\/revisions\/90438"}],"wp:featuredmedia":[{"embeddable":true,"href":"https:\/\/lasprimeras.com.do\/index.php\/wp-json\/wp\/v2\/media\/90436"}],"wp:attachment":[{"href":"https:\/\/lasprimeras.com.do\/index.php\/wp-json\/wp\/v2\/media?parent=90435"}],"wp:term":[{"taxonomy":"category","embeddable":true,"href":"https:\/\/lasprimeras.com.do\/index.php\/wp-json\/wp\/v2\/categories?post=90435"},{"taxonomy":"post_tag","embeddable":true,"href":"https:\/\/lasprimeras.com.do\/index.php\/wp-json\/wp\/v2\/tags?post=90435"}],"curies":[{"name":"wp","href":"https:\/\/api.w.org\/{rel}","templated":true}]}}