{"id":90487,"date":"2024-10-22T23:18:06","date_gmt":"2024-10-23T03:18:06","guid":{"rendered":"https:\/\/lasprimeras.com.do\/?p=90487"},"modified":"2024-10-22T23:18:08","modified_gmt":"2024-10-23T03:18:08","slug":"copa-y-panama-lanzan-una-gran-alianza-para-atraer-300-000-turistas-de-ee-uu-y-suramerica","status":"publish","type":"post","link":"https:\/\/lasprimeras.com.do\/index.php\/2024\/10\/22\/copa-y-panama-lanzan-una-gran-alianza-para-atraer-300-000-turistas-de-ee-uu-y-suramerica\/","title":{"rendered":"Copa y Panam\u00e1 lanzan una gran alianza para atraer 300.000 turistas de EE.UU. y Suram\u00e9rica"},"content":{"rendered":"\n<p>Ciudad de Panam\u00e1, (EFE).- La aerol\u00ednea Copa Airlines y el Fondo de Promoci\u00f3n Tur\u00edstica de Panam\u00e1 (Promtur) lanzaron este martes una millonaria alianza para impulsar el turismo en ese pa\u00eds al reforzar el programa \u201cStopover\u201d de la aerol\u00ednea, enfocado en atraer 300.000 visitantes de Estados Unidos y pa\u00edses de Suram\u00e9rica.<\/p>\n\n\n\n<p>&#8220;Estamos muy contentos de lanzar la nueva etapa de &#8216;Stopover&#8217;, que est\u00e1 basado en tres aristas: mayor promoci\u00f3n, mejor productos y m\u00e1s flexibilidad para el pasajero&#8221;, dijo a EFE el director senior de mercadeo, comunicaciones y programa de Viajero Frecuente de Copa Airlines, Marco Ocando.<\/p>\n\n\n\n<p>El &#8220;Stopover&#8221; de la aerol\u00ednea paname\u00f1a, que desde su lanzamiento en 2019 ha tra\u00eddo al pa\u00eds casi 500.000 turistas, se enfocar\u00e1 en esta &#8220;nueva etapa&#8221; en atraer turistas de Estados Unidos, Colombia, Argentina y Brasil, algunos de los principales pa\u00edses que usan el programa.<\/p>\n\n\n\n<p>As\u00ed, el a\u00f1adir esos &#8220;nuevos mercados objetivos\u201d &#8211; pese a que el programa est\u00e1 disponible en todos los vuelos que se originen en cualquier pa\u00eds de la red Copa- , la meta es atraer 300.000 turistas para 2026, destaca la informaci\u00f3n oficial.<\/p>\n\n\n\n<p>Al menos 32 hoteles &#8211; ubicados en la ciudad, playas y el interior del pa\u00eds-, 33 restaurantes y 6 atracciones se han acoplado a esta campa\u00f1a aportando un descuento de entre un 15 y 40 %, seg\u00fan la informaci\u00f3n presentada este martes en el evento de relanzamiento del programa.<\/p>\n\n\n\n<p>&#8220;En esta ocasi\u00f3n es sin precedentes (el &#8220;relanzamiento&#8221; del programa) en donde no solamente es el aporte de Copa Airlines sino que tambi\u00e9n tiene el liderazgo de Promtur y la Autoridad de Turismo pero lo m\u00e1s importante es que se han unido una serie de actores claves ofreciendo descuentos&#8221;, declar\u00f3 a EFE la directora Ejecutiva de Mercadeo de Promtur, Jennifer Janson.<\/p>\n\n\n\n<p>Copa Airlines y Promtur han hecho una inversi\u00f3n conjunta de 1,5 millones de d\u00f3lares para la campa\u00f1a &#8216;Panam\u00e1 tiene de todo y muy cerca&#8217; que busca &#8220;posicionar al pa\u00eds como un destino diverso y accesible en la regi\u00f3n&#8221; aprovechando las &#8220;cortas distancias&#8221; del pa\u00eds, de unos 75.517 kil\u00f3metros cuadrados.<\/p>\n\n\n\n<p>La campa\u00f1a promociona algunos de los principales atractivos tur\u00edsticos y emblem\u00e1ticos del pa\u00eds como el Canal de Panam\u00e1 e impulsa \u201cla vibrante oferta gastron\u00f3mica y de compras en la ciudad, hasta sus impresionantes paisajes naturales y su rica herencia cultural, as\u00ed como su vida nocturna\u201d, seg\u00fan la informaci\u00f3n oficial.<\/p>\n\n\n\n<p>&#8220;Ven por las ballenas y las bolsas llenas&#8221;<\/p>\n\n\n\n<p>&#8220;Decidimos enfocarlo en que m\u00e1s gente conozca el producto, hacer publicidad en otros pa\u00edses que ya ten\u00edamos, duplicar el monto de promoci\u00f3n, hacer una nueva campa\u00f1a que recoja la esencia de lo que queremos transmitir, mejorar el producto. hacer m\u00e1s ofertas, incluir hoteles, restaurantes con descuentos (etc)&#8221;, se\u00f1al\u00f3 Ocando.<\/p>\n\n\n\n<p>&#8216;Ven por las ballenas y las bolsas llenas&#8217;, es uno de los mensajes que el programa ha lanzado para atraer los turistas en referencia al avistamiento de esos mam\u00edferos que se ven en el Pac\u00edfico paname\u00f1o durante junio y octubre.<\/p>\n\n\n\n<p>&#8220;Esa es (el eslogan publicitario) una de las cosas que capturamos porque en Panam\u00e1 hay muy poca distancia. Puedes estar en un archipi\u00e9lago viendo ballenas y a las pocas horas estar en un centro comercial a buen precio&#8221;, explic\u00f3 Ocando.<\/p>\n\n\n\n<p>El programa &#8220;Stopover&#8221; de Copa Airlines permite hacer una parada de hasta siete d\u00edas en Panam\u00e1 a los pasajeros que transitan por el &#8220;Hub de las Am\u00e9ricas&#8221;, en el Aeropuerto de Tocumen (Panam\u00e1), en vuelos de la aerol\u00ednea sin coste adicional al precio final.<\/p>\n\n\n\n<p>Los viajeros pueden extender su estad\u00eda en Panam\u00e1 para aprovechar &#8220;su conexi\u00f3n para explorar las m\u00faltiples atracciones del pa\u00eds&#8221;, lo que les permite &#8220;disfrutar de dos destinos por el precio de uno&#8221;, seg\u00fan Copa.<\/p>\n\n\n\n<p>Para el cierre de 2024 se espera que 150.000 turistas hayan visitado Panam\u00e1 aprovechando este programa, lo que representar\u00eda un estimado del 8 % del total de visitantes internacionales que llegan al pa\u00eds en este a\u00f1o.<\/p>\n\n\n\n<p>Copa Airlines opera actualmente un promedio de 360 vuelos diarios a trav\u00e9s del Hub de las Am\u00e9ricas situado en el Aeropuerto Internacional de Tocumen, el principal de Panam\u00e1 y un centro regional de conexiones.<\/p>\n\n\n\n<p>Agencia EFE<\/p>\n","protected":false},"excerpt":{"rendered":"<p>Ciudad de Panam\u00e1, (EFE).- La aerol\u00ednea Copa Airlines y el Fondo de Promoci\u00f3n Tur\u00edstica de Panam\u00e1 (Promtur) lanzaron este martes una millonaria alianza para impulsar el turismo en ese pa\u00eds&hellip;<\/p>\n","protected":false},"author":2,"featured_media":90488,"comment_status":"open","ping_status":"open","sticky":false,"template":"","format":"standard","meta":{"content-type":"","jetpack_post_was_ever_published":false,"_jetpack_newsletter_access":"","_jetpack_dont_email_post_to_subs":false,"_jetpack_newsletter_tier_id":0,"_jetpack_memberships_contains_paywalled_content":false,"_jetpack_memberships_contains_paid_content":false,"footnotes":""},"categories":[376],"tags":[16093,206,16094,10581,16095,1697],"class_list":["post-90487","post","type-post","status-publish","format-standard","has-post-thumbnail","hentry","category-turismo","tag-copa-y-panama","tag-ee-uu","tag-gran-alianza","tag-lanzan","tag-suramerica","tag-turistas"],"jetpack_featured_media_url":"https:\/\/lasprimeras.com.do\/wp-content\/uploads\/2024\/10\/Marco-Ocando.jpg","jetpack-related-posts":[{"id":56158,"url":"https:\/\/lasprimeras.com.do\/index.php\/2023\/07\/28\/jamaica-busca-atraer-turistas-de-america-latina-con-una-gira-por-argentina-chile-y-peru\/","url_meta":{"origin":90487,"position":0},"title":"Jamaica busca atraer turistas de Am\u00e9rica Latina con una gira por Argentina, Chile y Per\u00fa","author":"Nelson Feliz","date":"28 de julio de 2023","format":false,"excerpt":"El ministro de Turismo de Jamaica, Edmund Bartlett, inici\u00f3 este viernes una gira de una semana por Argentina, Chile y Per\u00fa con el objetivo de aumentar la llegada de turistas de la regi\u00f3n a la isla. \"La recuperaci\u00f3n econ\u00f3mica de Am\u00e9rica del Sur a los niveles previos a la pandemia\u2026","rel":"","context":"En \u00abTURISMO\u00bb","block_context":{"text":"TURISMO","link":"https:\/\/lasprimeras.com.do\/index.php\/category\/turismo\/"},"img":{"alt_text":"Edmund Bartlett","src":"https:\/\/i0.wp.com\/lasprimeras.com.do\/wp-content\/uploads\/2023\/07\/Edmund-Bartlett.jpg?resize=350%2C200&ssl=1","width":350,"height":200,"srcset":"https:\/\/i0.wp.com\/lasprimeras.com.do\/wp-content\/uploads\/2023\/07\/Edmund-Bartlett.jpg?resize=350%2C200&ssl=1 1x, https:\/\/i0.wp.com\/lasprimeras.com.do\/wp-content\/uploads\/2023\/07\/Edmund-Bartlett.jpg?resize=525%2C300&ssl=1 1.5x, https:\/\/i0.wp.com\/lasprimeras.com.do\/wp-content\/uploads\/2023\/07\/Edmund-Bartlett.jpg?resize=700%2C400&ssl=1 2x"},"classes":[]},{"id":121422,"url":"https:\/\/lasprimeras.com.do\/index.php\/2026\/02\/04\/copa-airlines-celebra-su-regreso-a-santiago\/","url_meta":{"origin":90487,"position":1},"title":"Copa Airlines celebra su regreso a Santiago","author":"Nelson Feliz","date":"4 de febrero de 2026","format":false,"excerpt":"Copa Airlines, subsidiaria de Copa Holdings, S. A. y miembro de la red global de aerol\u00edneas Star Alliance, celebr\u00f3 el reinicio de sus vuelos hacia y desde Santiago de los Caballeros con un encuentro que reuni\u00f3 a representantes del sector empresarial, aliados estrat\u00e9gicos, medios de comunicaci\u00f3n y l\u00edderes locales, en\u2026","rel":"","context":"En \u00abNACIONALES\u00bb","block_context":{"text":"NACIONALES","link":"https:\/\/lasprimeras.com.do\/index.php\/category\/nacionales\/"},"img":{"alt_text":"","src":"https:\/\/i0.wp.com\/lasprimeras.com.do\/wp-content\/uploads\/2026\/02\/Foto-principal-.jpg?resize=350%2C200&ssl=1","width":350,"height":200,"srcset":"https:\/\/i0.wp.com\/lasprimeras.com.do\/wp-content\/uploads\/2026\/02\/Foto-principal-.jpg?resize=350%2C200&ssl=1 1x, https:\/\/i0.wp.com\/lasprimeras.com.do\/wp-content\/uploads\/2026\/02\/Foto-principal-.jpg?resize=525%2C300&ssl=1 1.5x, https:\/\/i0.wp.com\/lasprimeras.com.do\/wp-content\/uploads\/2026\/02\/Foto-principal-.jpg?resize=700%2C400&ssl=1 2x"},"classes":[]},{"id":120997,"url":"https:\/\/lasprimeras.com.do\/index.php\/2026\/01\/30\/copa-airlines-consolida-su-presencia-en-rd-con-el-reinicio-de-operaciones-a-santiago\/","url_meta":{"origin":90487,"position":2},"title":"Copa Airlines consolida su presencia en RD con el reinicio de operaciones a Santiago","author":"Nelson Feliz","date":"30 de enero de 2026","format":false,"excerpt":"Los vuelos entre Panam\u00e1 y Santiago de los Caballeros operan con tres frecuencias semanales, los lunes, mi\u00e9rcoles y s\u00e1bados, conectando el Aeropuerto Internacional de Tocumen con el Aeropuerto Internacional del Cibao. Copa Airlines (NYSE: CPA), subsidiaria de Copa Holdings, S. A. y miembro de la red global de aerol\u00edneas Star\u2026","rel":"","context":"En \u00abNACIONALES\u00bb","block_context":{"text":"NACIONALES","link":"https:\/\/lasprimeras.com.do\/index.php\/category\/nacionales\/"},"img":{"alt_text":"","src":"https:\/\/i0.wp.com\/lasprimeras.com.do\/wp-content\/uploads\/2026\/01\/Apoyo-3-1.jpg?resize=350%2C200&ssl=1","width":350,"height":200,"srcset":"https:\/\/i0.wp.com\/lasprimeras.com.do\/wp-content\/uploads\/2026\/01\/Apoyo-3-1.jpg?resize=350%2C200&ssl=1 1x, https:\/\/i0.wp.com\/lasprimeras.com.do\/wp-content\/uploads\/2026\/01\/Apoyo-3-1.jpg?resize=525%2C300&ssl=1 1.5x, https:\/\/i0.wp.com\/lasprimeras.com.do\/wp-content\/uploads\/2026\/01\/Apoyo-3-1.jpg?resize=700%2C400&ssl=1 2x"},"classes":[]},{"id":86532,"url":"https:\/\/lasprimeras.com.do\/index.php\/2024\/07\/26\/sobrevenden-vuelo-y-dejan-varados-en-guatemala-a-comitiva-viajaba-con-ministro-diaz-morfa\/","url_meta":{"origin":90487,"position":3},"title":"Sobrevenden vuelo y dejan varados en Guatemala a comitiva viajaba con Ministro D\u00edaz Morfa","author":"Nelson Feliz","date":"26 de julio de 2024","format":false,"excerpt":"Por Martin Restituyo Tres Oficiales de las Fuerzas Armadas dominicanas que viajaban con el ministro de Defensa teniente general Carlos Luciano D\u00edaz Morfa, para participar en la reuni\u00f3n de ministros de Defensa del Consejo Superior de la Conferencia de las Fuerzas Armadas Centroamericanas (CFAC), se quedaron varados en el Aeropuerto\u2026","rel":"","context":"En \u00abNACIONALES\u00bb","block_context":{"text":"NACIONALES","link":"https:\/\/lasprimeras.com.do\/index.php\/category\/nacionales\/"},"img":{"alt_text":"Carlos Luciano D\u00edaz Morfa","src":"https:\/\/i0.wp.com\/lasprimeras.com.do\/wp-content\/uploads\/2024\/07\/Carlos-L.-Diaz-Morfa.jpg?resize=350%2C200&ssl=1","width":350,"height":200,"srcset":"https:\/\/i0.wp.com\/lasprimeras.com.do\/wp-content\/uploads\/2024\/07\/Carlos-L.-Diaz-Morfa.jpg?resize=350%2C200&ssl=1 1x, https:\/\/i0.wp.com\/lasprimeras.com.do\/wp-content\/uploads\/2024\/07\/Carlos-L.-Diaz-Morfa.jpg?resize=525%2C300&ssl=1 1.5x, https:\/\/i0.wp.com\/lasprimeras.com.do\/wp-content\/uploads\/2024\/07\/Carlos-L.-Diaz-Morfa.jpg?resize=700%2C400&ssl=1 2x"},"classes":[]},{"id":121053,"url":"https:\/\/lasprimeras.com.do\/index.php\/2026\/01\/30\/banreservas-y-arajet-se-unen-para-facilitar-vuelos-y-experiencia-de-viaje\/","url_meta":{"origin":90487,"position":4},"title":"Banreservas y Arajet se unen para facilitar vuelos y experiencia de viaje","author":"Nelson Feliz","date":"30 de enero de 2026","format":false,"excerpt":"Santo Domingo, RD. \u2013 Banreservas y la aerol\u00ednea bandera dominicana Arajet anunciaron una promoci\u00f3n conjunta dirigida a los tarjetahabientes de la entidad financiera, que permitir\u00e1 viajar a la extensa red de destinos que ofrece la l\u00ednea a\u00e9rea, con condiciones preferenciales durante los primeros meses de 2026. La iniciativa busca permitir\u2026","rel":"","context":"En \u00abECONOM\u00cdA\u00bb","block_context":{"text":"ECONOM\u00cdA","link":"https:\/\/lasprimeras.com.do\/index.php\/category\/economia\/"},"img":{"alt_text":"","src":"https:\/\/i0.wp.com\/lasprimeras.com.do\/wp-content\/uploads\/2026\/01\/IMG-20251202-WA0594.jpg?resize=350%2C200&ssl=1","width":350,"height":200,"srcset":"https:\/\/i0.wp.com\/lasprimeras.com.do\/wp-content\/uploads\/2026\/01\/IMG-20251202-WA0594.jpg?resize=350%2C200&ssl=1 1x, https:\/\/i0.wp.com\/lasprimeras.com.do\/wp-content\/uploads\/2026\/01\/IMG-20251202-WA0594.jpg?resize=525%2C300&ssl=1 1.5x, https:\/\/i0.wp.com\/lasprimeras.com.do\/wp-content\/uploads\/2026\/01\/IMG-20251202-WA0594.jpg?resize=700%2C400&ssl=1 2x, https:\/\/i0.wp.com\/lasprimeras.com.do\/wp-content\/uploads\/2026\/01\/IMG-20251202-WA0594.jpg?resize=1050%2C600&ssl=1 3x"},"classes":[]},{"id":88811,"url":"https:\/\/lasprimeras.com.do\/index.php\/2024\/09\/07\/vii-premio-de-periodismo-turistico-pasaporte-abierto-2024-galardona-dos-periodistas-rd\/","url_meta":{"origin":90487,"position":5},"title":"VII Premio de periodismo tur\u00edstico Pasaporte Abierto 2024 galardona dos periodistas RD","author":"Nelson Feliz","date":"7 de septiembre de 2024","format":false,"excerpt":"Karla Natasha Alc\u00e1ntara Cruz y Sergio Esteban Cid Solano ganaron en categor\u00edas Relevancia social y Originalidad., adem\u00e1s de las menciones obtenidas por Juan de Dios Valent\u00edn, Albida Segura y Mabel Andreiny Elena, miembros de Adompretur. BUGA, COLOMBIA. Rep\u00fablica Dominicana obtuvo dos trofeos y dos menciones en la VIII entrega del\u2026","rel":"","context":"En \u00abENTRETENIMIENTO\u00bb","block_context":{"text":"ENTRETENIMIENTO","link":"https:\/\/lasprimeras.com.do\/index.php\/category\/entretenimiento\/"},"img":{"alt_text":"","src":"https:\/\/i0.wp.com\/lasprimeras.com.do\/wp-content\/uploads\/2024\/09\/Todos-los-ganadores-de-Pasaporte-Abierto-2024-copia.jpg?resize=350%2C200&ssl=1","width":350,"height":200,"srcset":"https:\/\/i0.wp.com\/lasprimeras.com.do\/wp-content\/uploads\/2024\/09\/Todos-los-ganadores-de-Pasaporte-Abierto-2024-copia.jpg?resize=350%2C200&ssl=1 1x, https:\/\/i0.wp.com\/lasprimeras.com.do\/wp-content\/uploads\/2024\/09\/Todos-los-ganadores-de-Pasaporte-Abierto-2024-copia.jpg?resize=525%2C300&ssl=1 1.5x"},"classes":[]}],"jetpack_sharing_enabled":true,"_links":{"self":[{"href":"https:\/\/lasprimeras.com.do\/index.php\/wp-json\/wp\/v2\/posts\/90487","targetHints":{"allow":["GET"]}}],"collection":[{"href":"https:\/\/lasprimeras.com.do\/index.php\/wp-json\/wp\/v2\/posts"}],"about":[{"href":"https:\/\/lasprimeras.com.do\/index.php\/wp-json\/wp\/v2\/types\/post"}],"author":[{"embeddable":true,"href":"https:\/\/lasprimeras.com.do\/index.php\/wp-json\/wp\/v2\/users\/2"}],"replies":[{"embeddable":true,"href":"https:\/\/lasprimeras.com.do\/index.php\/wp-json\/wp\/v2\/comments?post=90487"}],"version-history":[{"count":1,"href":"https:\/\/lasprimeras.com.do\/index.php\/wp-json\/wp\/v2\/posts\/90487\/revisions"}],"predecessor-version":[{"id":90489,"href":"https:\/\/lasprimeras.com.do\/index.php\/wp-json\/wp\/v2\/posts\/90487\/revisions\/90489"}],"wp:featuredmedia":[{"embeddable":true,"href":"https:\/\/lasprimeras.com.do\/index.php\/wp-json\/wp\/v2\/media\/90488"}],"wp:attachment":[{"href":"https:\/\/lasprimeras.com.do\/index.php\/wp-json\/wp\/v2\/media?parent=90487"}],"wp:term":[{"taxonomy":"category","embeddable":true,"href":"https:\/\/lasprimeras.com.do\/index.php\/wp-json\/wp\/v2\/categories?post=90487"},{"taxonomy":"post_tag","embeddable":true,"href":"https:\/\/lasprimeras.com.do\/index.php\/wp-json\/wp\/v2\/tags?post=90487"}],"curies":[{"name":"wp","href":"https:\/\/api.w.org\/{rel}","templated":true}]}}