{"id":90529,"date":"2024-10-23T22:53:12","date_gmt":"2024-10-24T02:53:12","guid":{"rendered":"https:\/\/lasprimeras.com.do\/?p=90529"},"modified":"2024-10-23T22:53:13","modified_gmt":"2024-10-24T02:53:13","slug":"record-de-votacion-anticipada-en-georgia-ee-uu-con-mas-de-dos-millones-de-sufragios","status":"publish","type":"post","link":"https:\/\/lasprimeras.com.do\/index.php\/2024\/10\/23\/record-de-votacion-anticipada-en-georgia-ee-uu-con-mas-de-dos-millones-de-sufragios\/","title":{"rendered":"R\u00e9cord de votaci\u00f3n anticipada en Georgia (EE.UU.) con m\u00e1s de dos millones de sufragios"},"content":{"rendered":"\n<p>Atlanta (EE.UU.), (EFE).- M\u00e1s de dos millones de personas han sufragado en Georgia en el per\u00edodo de votaci\u00f3n anticipada, lo que representa casi el 30 por ciento del total de electores en este estado, considerado decisivo en la apretada contienda por la Presidencia de Estados Unidos, de acuerdo con cifras oficiales divulgadas este mi\u00e9rcoles.<\/p>\n\n\n\n<p>En una rueda de prensa, el secretario de Estado de Georgia, el republicano Brad Raffensberger, dijo este mi\u00e9rcoles que se prev\u00e9 que alrededor de cuatro millones de electores voten de manera anticipada, antes del 5 de noviembre, de un total de m\u00e1s de 8 millones de residentes registrados para hacerlo.<\/p>\n\n\n\n<p>El periodo de votaci\u00f3n anticipada en Georgia comenz\u00f3 el pasado 15 de octubre y finaliza el 1 de noviembre.<\/p>\n\n\n\n<p>Raffensberger declar\u00f3 que los electores de Georgia contin\u00faan batiendo r\u00e9cords de participaci\u00f3n en las votaciones anticipadas, lo que demuestra que en este estado \u201ces f\u00e1cil votar y dif\u00edcil hacer trampa\u201d.<\/p>\n\n\n\n<p>El secretario de Estado tambi\u00e9n revel\u00f3 que durante una auditor\u00eda se descubrieron 20 ciudadanos no estadounidenses entre los 8,2 millones de votantes registrados para votar en Georgia.<\/p>\n\n\n\n<p>Organizaciones como la Asociaci\u00f3n de Funcionarios Latinos Electos de Georgia (GALEO) destacaron la participaci\u00f3n de los hispanos en las urnas durante este per\u00edodo de votaci\u00f3n anticipada.<\/p>\n\n\n\n<p>\u201cLos votantes hispanos est\u00e1n superando su participaci\u00f3n durante el voto anticipado en relaci\u00f3n con el 2020. \u00a1As\u00ed que sigamos con el buen trabajo!\u201d, manifest\u00f3 GALEO que atribuye los datos al sitio Georgia Votes, que muestra que 45.507 latinos ya han sufragado.<\/p>\n\n\n\n<p>Con 16 votos en el Colegio Electoral, Georgia es uno de los siete estados que podr\u00edan definir la contienda por la Casa Blanca, por lo que la dem\u00f3crata Kamala Harris y el republicano Donald Trump intensificaron sus campa\u00f1as en este estado desde que abrieron las urnas la semana pasada.<\/p>\n\n\n\n<p>Agencia EFE<\/p>\n","protected":false},"excerpt":{"rendered":"<p>Atlanta (EE.UU.), (EFE).- M\u00e1s de dos millones de personas han sufragado en Georgia en el per\u00edodo de votaci\u00f3n anticipada, lo que representa casi el 30 por ciento del total de&hellip;<\/p>\n","protected":false},"author":2,"featured_media":90530,"comment_status":"open","ping_status":"open","sticky":false,"template":"","format":"standard","meta":{"content-type":"","jetpack_post_was_ever_published":false,"_jetpack_newsletter_access":"","_jetpack_dont_email_post_to_subs":false,"_jetpack_newsletter_tier_id":0,"_jetpack_memberships_contains_paywalled_content":false,"_jetpack_memberships_contains_paid_content":false,"footnotes":""},"categories":[1],"tags":[16116,16117,206,6350,4609,2638],"class_list":["post-90529","post","type-post","status-publish","format-standard","has-post-thumbnail","hentry","category-sin-categoria","tag-anticipada","tag-dos-millones-de-sufragios","tag-ee-uu","tag-georgia","tag-record","tag-votacion"],"jetpack_featured_media_url":"https:\/\/lasprimeras.com.do\/wp-content\/uploads\/2024\/10\/votos.jpg","jetpack-related-posts":[{"id":90994,"url":"https:\/\/lasprimeras.com.do\/index.php\/2024\/11\/05\/trump-anticipa-a-sus-seguidores-una-gran-victoria-en-esta-jornada-electoral\/","url_meta":{"origin":90529,"position":0},"title":"Trump anticipa a sus seguidores una &#8220;gran victoria&#8221; en esta jornada electoral","author":"Nelson Feliz","date":"5 de noviembre de 2024","format":false,"excerpt":"West Palm Beach (EE.UU.), (EFE).- El expresidente Donald Trump dijo en un mensaje en video a sus simpatizantes que la noche de este martes tendr\u00e1 \u201cuna gran victoria\u201d e invit\u00f3 a acompa\u00f1arlo para conocer los resultados de los comicios electorales. El exmandatario (2017-2021) y candidato republicano envi\u00f3 el mensaje en\u2026","rel":"","context":"En \u00abINTERNACIONALES\u00bb","block_context":{"text":"INTERNACIONALES","link":"https:\/\/lasprimeras.com.do\/index.php\/category\/sin-categoria\/internacionales\/"},"img":{"alt_text":"Donald Trump","src":"https:\/\/i0.wp.com\/lasprimeras.com.do\/wp-content\/uploads\/2024\/08\/Donald-Trump-1-1.jpg?resize=350%2C200&ssl=1","width":350,"height":200,"srcset":"https:\/\/i0.wp.com\/lasprimeras.com.do\/wp-content\/uploads\/2024\/08\/Donald-Trump-1-1.jpg?resize=350%2C200&ssl=1 1x, https:\/\/i0.wp.com\/lasprimeras.com.do\/wp-content\/uploads\/2024\/08\/Donald-Trump-1-1.jpg?resize=525%2C300&ssl=1 1.5x"},"classes":[]},{"id":90367,"url":"https:\/\/lasprimeras.com.do\/index.php\/2024\/10\/20\/harris-y-trump-avivan-la-renida-campana-con-un-duelo-de-celebridades\/","url_meta":{"origin":90529,"position":1},"title":"Harris y Trump avivan la re\u00f1ida campa\u00f1a con un duelo de celebridades","author":"Nelson Feliz","date":"20 de octubre de 2024","format":false,"excerpt":"Jim WATSON\/Maggy DONALDSON Nueva York, AFP.-. Kamala Harris y Donald Trump invitaron este s\u00e1bado a varias celebridades a su re\u00f1ido duelo electoral por la presidencia de Estados Unidos, que incluy\u00f3 nuevos ataques mutuos e invitaciones al voto anticipado en los estados disputados a pocos d\u00edas de los comicios del 5\u2026","rel":"","context":"En \u00abSin categor\u00eda\u00bb","block_context":{"text":"Sin categor\u00eda","link":"https:\/\/lasprimeras.com.do\/index.php\/category\/sin-categoria\/"},"img":{"alt_text":"","src":"https:\/\/i0.wp.com\/lasprimeras.com.do\/wp-content\/uploads\/2024\/10\/Harris-y-Trump.jpg?resize=350%2C200&ssl=1","width":350,"height":200,"srcset":"https:\/\/i0.wp.com\/lasprimeras.com.do\/wp-content\/uploads\/2024\/10\/Harris-y-Trump.jpg?resize=350%2C200&ssl=1 1x, https:\/\/i0.wp.com\/lasprimeras.com.do\/wp-content\/uploads\/2024\/10\/Harris-y-Trump.jpg?resize=525%2C300&ssl=1 1.5x"},"classes":[]},{"id":59641,"url":"https:\/\/lasprimeras.com.do\/index.php\/2023\/09\/06\/trump-y-18-aliados-acusados-de-intromision-en-las-elecciones-de-georgia-mientras-el-expresidente-enfrenta-su-cuarto-caso-penal\/","url_meta":{"origin":90529,"position":2},"title":"Trump y 18 aliados acusados \u200b\u200bde intromisi\u00f3n en las elecciones de Georgia mientras el expresidente enfrenta su cuarto caso penal","author":"Nelson Feliz","date":"6 de septiembre de 2023","format":false,"excerpt":"POR KATE BRUMBACK Y ERIC TUCKER ATLANTA (AP) \u2014 Donald Trump y 18 aliados fueron acusados \u200b\u200bformalmente en Georgia por sus esfuerzos por revertir su derrota electoral de 2020 en el estado, y los fiscales utilizaron un estatuto normalmente asociado con mafiosos para acusar al expresidente, a sus abogados y\u2026","rel":"","context":"En \u00abSin categor\u00eda\u00bb","block_context":{"text":"Sin categor\u00eda","link":"https:\/\/lasprimeras.com.do\/index.php\/category\/sin-categoria\/"},"img":{"alt_text":"Donald Trump","src":"https:\/\/i0.wp.com\/lasprimeras.com.do\/wp-content\/uploads\/2023\/07\/Donald-Trump.jpg?resize=350%2C200&ssl=1","width":350,"height":200,"srcset":"https:\/\/i0.wp.com\/lasprimeras.com.do\/wp-content\/uploads\/2023\/07\/Donald-Trump.jpg?resize=350%2C200&ssl=1 1x, https:\/\/i0.wp.com\/lasprimeras.com.do\/wp-content\/uploads\/2023\/07\/Donald-Trump.jpg?resize=525%2C300&ssl=1 1.5x, https:\/\/i0.wp.com\/lasprimeras.com.do\/wp-content\/uploads\/2023\/07\/Donald-Trump.jpg?resize=700%2C400&ssl=1 2x"},"classes":[]},{"id":59083,"url":"https:\/\/lasprimeras.com.do\/index.php\/2023\/08\/30\/idalia-deja-mas-de-250-000-hogares-sin-luz-en-florida-sin-muertes-confirmadas\/","url_meta":{"origin":90529,"position":3},"title":"Idalia deja m\u00e1s de 250.000 hogares sin luz en Florida, sin muertes confirmadas","author":"Nelson Feliz","date":"30 de agosto de 2023","format":false,"excerpt":"El gobernador de Florida, Ron DeSantis, inform\u00f3 este mi\u00e9rcoles en una rueda de prensa de que hasta ahora \u00abno hay muertes confirmadas\u00bb tras el impacto esta madrugada del hurac\u00e1n Idalia en la costa norte, pero se contabilizan m\u00e1s de 250.000 hogares sin energ\u00eda el\u00e9ctrica en Miami. \u00abSuponiendo que todo est\u00e9\u2026","rel":"","context":"En \u00abSin categor\u00eda\u00bb","block_context":{"text":"Sin categor\u00eda","link":"https:\/\/lasprimeras.com.do\/index.php\/category\/sin-categoria\/"},"img":{"alt_text":"","src":"","width":0,"height":0},"classes":[]},{"id":82972,"url":"https:\/\/lasprimeras.com.do\/index.php\/2024\/05\/10\/son-dominicanos-los-tres-ninos-asesinados-en-un-parque-de-georgia-ee-uu\/","url_meta":{"origin":90529,"position":4},"title":"Son dominicanos los tres ni\u00f1os asesinados en un parque de Georgia, EE.UU.","author":"BIMARY DE JES\u00daS Matos","date":"10 de mayo de 2024","format":false,"excerpt":"Las autoridades del condado de Gwinnett, en el estado de Georgia (EE. UU.), identificaron a los tres hermanos dominicanos, dos ni\u00f1as y un ni\u00f1o, que fueron encontrados muertos la madrugada del mi\u00e9rcoles por herida de bala dentro de un autom\u00f3vil, en el que se encontr\u00f3 tambi\u00e9n el cad\u00e1ver de un\u2026","rel":"","context":"En \u00abSin categor\u00eda\u00bb","block_context":{"text":"Sin categor\u00eda","link":"https:\/\/lasprimeras.com.do\/index.php\/category\/sin-categoria\/"},"img":{"alt_text":"","src":"https:\/\/i0.wp.com\/lasprimeras.com.do\/wp-content\/uploads\/2024\/05\/6a0c8a05-4f4b-48f5-a1d9-1ad180753c4a-11.jpg?resize=350%2C200&ssl=1","width":350,"height":200,"srcset":"https:\/\/i0.wp.com\/lasprimeras.com.do\/wp-content\/uploads\/2024\/05\/6a0c8a05-4f4b-48f5-a1d9-1ad180753c4a-11.jpg?resize=350%2C200&ssl=1 1x, https:\/\/i0.wp.com\/lasprimeras.com.do\/wp-content\/uploads\/2024\/05\/6a0c8a05-4f4b-48f5-a1d9-1ad180753c4a-11.jpg?resize=525%2C300&ssl=1 1.5x, https:\/\/i0.wp.com\/lasprimeras.com.do\/wp-content\/uploads\/2024\/05\/6a0c8a05-4f4b-48f5-a1d9-1ad180753c4a-11.jpg?resize=700%2C400&ssl=1 2x"},"classes":[]},{"id":90351,"url":"https:\/\/lasprimeras.com.do\/index.php\/2024\/10\/20\/kamala-harris-agudiza-los-ataques-contra-trump-porque-esta-cada-vez-mas-desquiciado\/","url_meta":{"origin":90529,"position":5},"title":"Kamala Harris agudiza los ataques contra Trump porque est\u00e1 \u201ccada vez m\u00e1s desquiciado\u201d","author":"Nelson Feliz","date":"20 de octubre de 2024","format":false,"excerpt":"Detroit, EFE.-.La vicepresidenta de Estados Unidos y candidata dem\u00f3crata a la Casa Blanca, Kamala Harris, reconoci\u00f3 este s\u00e1bado que ha cambiado su estrategia y ha aumentado los ataques contra su rival republicano, el expresidente Donald Trump (2017-2021), quien para ella est\u00e1 cada vez m\u00e1s \u201cdesquiciado\u201d y necesita que alguien le\u2026","rel":"","context":"En \u00abSin categor\u00eda\u00bb","block_context":{"text":"Sin categor\u00eda","link":"https:\/\/lasprimeras.com.do\/index.php\/category\/sin-categoria\/"},"img":{"alt_text":"Kamala Harris","src":"https:\/\/i0.wp.com\/lasprimeras.com.do\/wp-content\/uploads\/2024\/10\/Kamala-Harris-4.jpg?resize=350%2C200&ssl=1","width":350,"height":200,"srcset":"https:\/\/i0.wp.com\/lasprimeras.com.do\/wp-content\/uploads\/2024\/10\/Kamala-Harris-4.jpg?resize=350%2C200&ssl=1 1x, https:\/\/i0.wp.com\/lasprimeras.com.do\/wp-content\/uploads\/2024\/10\/Kamala-Harris-4.jpg?resize=525%2C300&ssl=1 1.5x"},"classes":[]}],"jetpack_sharing_enabled":true,"_links":{"self":[{"href":"https:\/\/lasprimeras.com.do\/index.php\/wp-json\/wp\/v2\/posts\/90529","targetHints":{"allow":["GET"]}}],"collection":[{"href":"https:\/\/lasprimeras.com.do\/index.php\/wp-json\/wp\/v2\/posts"}],"about":[{"href":"https:\/\/lasprimeras.com.do\/index.php\/wp-json\/wp\/v2\/types\/post"}],"author":[{"embeddable":true,"href":"https:\/\/lasprimeras.com.do\/index.php\/wp-json\/wp\/v2\/users\/2"}],"replies":[{"embeddable":true,"href":"https:\/\/lasprimeras.com.do\/index.php\/wp-json\/wp\/v2\/comments?post=90529"}],"version-history":[{"count":1,"href":"https:\/\/lasprimeras.com.do\/index.php\/wp-json\/wp\/v2\/posts\/90529\/revisions"}],"predecessor-version":[{"id":90531,"href":"https:\/\/lasprimeras.com.do\/index.php\/wp-json\/wp\/v2\/posts\/90529\/revisions\/90531"}],"wp:featuredmedia":[{"embeddable":true,"href":"https:\/\/lasprimeras.com.do\/index.php\/wp-json\/wp\/v2\/media\/90530"}],"wp:attachment":[{"href":"https:\/\/lasprimeras.com.do\/index.php\/wp-json\/wp\/v2\/media?parent=90529"}],"wp:term":[{"taxonomy":"category","embeddable":true,"href":"https:\/\/lasprimeras.com.do\/index.php\/wp-json\/wp\/v2\/categories?post=90529"},{"taxonomy":"post_tag","embeddable":true,"href":"https:\/\/lasprimeras.com.do\/index.php\/wp-json\/wp\/v2\/tags?post=90529"}],"curies":[{"name":"wp","href":"https:\/\/api.w.org\/{rel}","templated":true}]}}