{"id":90532,"date":"2024-10-23T22:56:47","date_gmt":"2024-10-24T02:56:47","guid":{"rendered":"https:\/\/lasprimeras.com.do\/?p=90532"},"modified":"2024-10-23T22:56:48","modified_gmt":"2024-10-24T02:56:48","slug":"kamala-harris-se-describe-como-una-capitalista-pragmatica-ante-los-votantes-latinos","status":"publish","type":"post","link":"https:\/\/lasprimeras.com.do\/index.php\/2024\/10\/23\/kamala-harris-se-describe-como-una-capitalista-pragmatica-ante-los-votantes-latinos\/","title":{"rendered":"Kamala Harris se describe como una &#8220;capitalista pragm\u00e1tica&#8221; ante los votantes latinos"},"content":{"rendered":"\n<p>Washington, (EFE).- La vicepresidenta y candidata dem\u00f3crata a las presidenciales de EE.UU., Kamala Harris, se describi\u00f3 como una &#8220;capitalista pragm\u00e1tica&#8221; este mi\u00e9rcoles en Telemundo, su \u00fanica entrevista a un medio en espa\u00f1ol durante la campa\u00f1a, a la par que clasific\u00f3 a su oponente, Donald Trump, de &#8220;fascista hasta la m\u00e9dula&#8221;.<\/p>\n\n\n\n<p>&#8220;Soy una capitalista que cree que no todo el mundo empieza con la misma base, pero que todos tienen el empuje, las agallas y la \u00e9tica laboral. Para tener \u00e9xito, tenemos que crear una econom\u00eda que le ofrezca oportunidades a la gente&#8221;, anot\u00f3 la vicepresidenta.<\/p>\n\n\n\n<p>Una vez m\u00e1s, la vicepresidenta intent\u00f3 quitarse la etiqueta de &#8220;progresista&#8221; y &#8220;comunista&#8221; que el expresidente y candidato republicano le ha puesto durante esta campa\u00f1a. Algo que podr\u00eda perjudicar a la dem\u00f3crata a la hora de conseguir el voto de latinos m\u00e1s conservadores.<\/p>\n\n\n\n<p>A menos de dos semanas para las elecciones presidenciales del 5 de noviembre, Harris contin\u00faa con su campa\u00f1a para ganar votos entre los hispanos, que podr\u00edan cambiar el resultado de las elecciones en estados clave como Arizona, Pensilvania y Nevada.<\/p>\n\n\n\n<p>Durante la entrevista de unos 20 minutos en su residencia de Washington, Harris dijo que su objetivo como presidenta ser\u00e1 reducir los costos de vida y de vivienda, as\u00ed como impulsar una econom\u00eda que apoye y cree oportunidades para la clase trabajadora, sobre todo los latinos mediante su &#8220;agenda de oportunidades para los hombres latinos&#8221;.<\/p>\n\n\n\n<p>Entre las medidas que la candidata dem\u00f3crata promete est\u00e1n: eliminar los requisitos de titulaci\u00f3n para latinos sin t\u00edtulo universitario para 500.000 empleos federales, aumentar la financiaci\u00f3n inicial para los latinos que inicien o ampl\u00eden sus propios negocios con un mill\u00f3n de pr\u00e9stamos de hasta 20.000 d\u00f3lares o ayudas para comprar viviendas con la construcci\u00f3n de m\u00e1s viviendas accesibles, entre otras.<\/p>\n\n\n\n<p>&#8220;Creo que necesitamos una nueva generaci\u00f3n de l\u00edderes en Estados Unidos, que trabajen activamente con el sector privado para desarrollar las nuevas industrias de Estados Unidos&#8221;, anot\u00f3.<\/p>\n\n\n\n<p>Un sistema migratorio roto<\/p>\n\n\n\n<p>Sobre la frontera con M\u00e9xico y la inmigraci\u00f3n dijo que su labor como presidenta de Estados Unidos ser\u00e1 garantizar que haya &#8220;fronteras seguras en todo momento&#8221; y haya &#8220;un sistema migratorio organizado y humanitario&#8221;.<\/p>\n\n\n\n<p>&#8220;El sistema migratorio estadounidense ha estado roto durante muchos a\u00f1os. Se puede arreglar&#8221; -anot\u00f3- y critic\u00f3 nuevamente a Trump por interferir en un proyecto de ley bipartidista en el Congreso &#8220;que podr\u00eda haber cubierto parte de esas necesidades&#8221; fronterizas.<\/p>\n\n\n\n<p>Cuando Trump anunci\u00f3 su primera campa\u00f1a en 2016 lo hizo con insultos a M\u00e9xico asegurando que enviaba &#8220;drogas&#8221; y &#8220;violadores&#8221; a Estados Unidos y, este a\u00f1o, en su tercera campa\u00f1a presidencial, compar\u00f3 a los inmigrantes con el personaje Hannibal Lecter, el asesino de la pel\u00edcula &#8216;The Silence of the Lambs&#8217; (El silencio de los inocentes, 1991).<\/p>\n\n\n\n<p>Comentarios as\u00ed hicieron que, en los comicios de 2020, la mayor\u00eda de los condados con una gran poblaci\u00f3n hispana votaran por el Partido Dem\u00f3crata.<\/p>\n\n\n\n<p>No obstante, en algunos estados clave, como Texas y Florida, los republicanos registraron un aumento significativo de votos en 2020 y, a nivel federal, el porcentaje de latinos que respald\u00f3 a Trump fue del 38 %, diez puntos m\u00e1s que en 2016, seg\u00fan el centro Pew.<\/p>\n\n\n\n<p>No uso de las fuerzas militares en Venezuela<\/p>\n\n\n\n<p>Harris indic\u00f3 que de llegar al Despacho Oval no usar\u00eda a las Fuerzas Armadas si Nicol\u00e1s Maduro no deja su cargo, quien en julio se declar\u00f3 ganador de un nuevo mandato en unas elecciones presidenciales que la oposici\u00f3n y Estados Unidos, entre otros pa\u00edses e instituciones internacionales, consideraron fraudulentas.<\/p>\n\n\n\n<p>&#8220;D\u00e9jenme ser muy clara tambi\u00e9n, debemos mantenernos firmes como Estados Unidos y respetar la voluntad del pueblo en esas elecciones. Y he sido muy clara al respecto en relaci\u00f3n con las elecciones que tuvieron lugar en Venezuela. La voluntad del pueblo debe ser respetada. Es por eso que tambi\u00e9n hemos emitido sanciones&#8221;, agreg\u00f3.<\/p>\n\n\n\n<p>Agencia EFE<\/p>\n","protected":false},"excerpt":{"rendered":"<p>Washington, (EFE).- La vicepresidenta y candidata dem\u00f3crata a las presidenciales de EE.UU., Kamala Harris, se describi\u00f3 como una &#8220;capitalista pragm\u00e1tica&#8221; este mi\u00e9rcoles en Telemundo, su \u00fanica entrevista a un medio&hellip;<\/p>\n","protected":false},"author":2,"featured_media":90533,"comment_status":"open","ping_status":"open","sticky":false,"template":"","format":"standard","meta":{"content-type":"","jetpack_post_was_ever_published":false,"_jetpack_newsletter_access":"","_jetpack_dont_email_post_to_subs":false,"_jetpack_newsletter_tier_id":0,"_jetpack_memberships_contains_paywalled_content":false,"_jetpack_memberships_contains_paid_content":false,"footnotes":""},"categories":[1],"tags":[16119,206,2291,103,16118,10980],"class_list":["post-90532","post","type-post","status-publish","format-standard","has-post-thumbnail","hentry","category-sin-categoria","tag-capitalista","tag-ee-uu","tag-kamala-harris","tag-latinos","tag-pragmatica","tag-votantes"],"jetpack_featured_media_url":"https:\/\/lasprimeras.com.do\/wp-content\/uploads\/2024\/10\/Kamala-Harris-5.jpg","jetpack-related-posts":[{"id":89018,"url":"https:\/\/lasprimeras.com.do\/index.php\/2024\/09\/14\/biden-y-harris-participaran-en-la-conferencia-y-gala-anual-del-caucus-hispano-del-congreso\/","url_meta":{"origin":90532,"position":0},"title":"Biden y Harris participar\u00e1n en la conferencia y gala anual del Caucus Hispano del Congreso","author":"Nelson Feliz","date":"14 de septiembre de 2024","format":false,"excerpt":"Washington,(EFE).- El mandatario de Estados Unidos, Joe Biden, y la vicepresidenta y candidata dem\u00f3crata a las elecciones presidenciales, Kamala Harris, participar\u00e1n en la conferencia y la gala anual del Instituto del Caucus Hispano del Congreso (CHCI), que se celebra este septiembre en el marco del mes de la Herencia Hispana.\u2026","rel":"","context":"En \u00abSin categor\u00eda\u00bb","block_context":{"text":"Sin categor\u00eda","link":"https:\/\/lasprimeras.com.do\/index.php\/category\/sin-categoria\/"},"img":{"alt_text":"Kamala Harris","src":"https:\/\/i0.wp.com\/lasprimeras.com.do\/wp-content\/uploads\/2024\/09\/Kamala-Harris-1.jpg?resize=350%2C200&ssl=1","width":350,"height":200,"srcset":"https:\/\/i0.wp.com\/lasprimeras.com.do\/wp-content\/uploads\/2024\/09\/Kamala-Harris-1.jpg?resize=350%2C200&ssl=1 1x, https:\/\/i0.wp.com\/lasprimeras.com.do\/wp-content\/uploads\/2024\/09\/Kamala-Harris-1.jpg?resize=525%2C300&ssl=1 1.5x, https:\/\/i0.wp.com\/lasprimeras.com.do\/wp-content\/uploads\/2024\/09\/Kamala-Harris-1.jpg?resize=700%2C400&ssl=1 2x"},"classes":[]},{"id":90774,"url":"https:\/\/lasprimeras.com.do\/index.php\/2024\/10\/27\/bad-bunny-muestra-su-apoyo-a-kamala-harris-y-recuerda-el-mal-trato-de-trump-a-puerto-rico\/","url_meta":{"origin":90532,"position":1},"title":"Bad Bunny muestra su apoyo a Kamala Harris y recuerda el mal trato de Trump a Puerto Rico","author":"Nelson Feliz","date":"27 de octubre de 2024","format":false,"excerpt":"El artista puertorrique\u00f1o Bad Bunny mostr\u00f3 este domingo su apoyo a la vicepresidenta de Estados Unidos, Kamala Harris, justo el mismo d\u00eda en que la candidata dem\u00f3crata present\u00f3 su plan para Puerto Rico, enfocado en mejorar la econom\u00eda de la isla. En su cuenta de Instagram, donde posee cerca de\u2026","rel":"","context":"En \u00abSin categor\u00eda\u00bb","block_context":{"text":"Sin categor\u00eda","link":"https:\/\/lasprimeras.com.do\/index.php\/category\/sin-categoria\/"},"img":{"alt_text":"","src":"https:\/\/i0.wp.com\/lasprimeras.com.do\/wp-content\/uploads\/2024\/10\/Bad-Bunny.jpg?resize=350%2C200&ssl=1","width":350,"height":200,"srcset":"https:\/\/i0.wp.com\/lasprimeras.com.do\/wp-content\/uploads\/2024\/10\/Bad-Bunny.jpg?resize=350%2C200&ssl=1 1x, https:\/\/i0.wp.com\/lasprimeras.com.do\/wp-content\/uploads\/2024\/10\/Bad-Bunny.jpg?resize=525%2C300&ssl=1 1.5x"},"classes":[]},{"id":90474,"url":"https:\/\/lasprimeras.com.do\/index.php\/2024\/10\/22\/perezosa-como-el-infierno-loca-y-lo-peor-crecen-insultos-de-donald-trump-contra-kamala-harris\/","url_meta":{"origin":90532,"position":2},"title":"\u201cPerezosa como el infierno\u201d, \u201cloca\u201d y \u201clo peor\u201d: crecen insultos de Donald Trump contra Kamala Harris","author":"Nelson Feliz","date":"22 de octubre de 2024","format":false,"excerpt":"Historia de Lenys Moreno El candidato presidencial republicano en Estados Unidos, Donald Trump, contin\u00faa en su descarga con insultos en contra de su rival dem\u00f3crata Kamala Harris. Durante un evento de campa\u00f1a de divulgaci\u00f3n latina en Miami, este martes el expresidente se afinc\u00f3 con calificativos negativos en contra de la\u2026","rel":"","context":"En \u00abSin categor\u00eda\u00bb","block_context":{"text":"Sin categor\u00eda","link":"https:\/\/lasprimeras.com.do\/index.php\/category\/sin-categoria\/"},"img":{"alt_text":"","src":"https:\/\/i0.wp.com\/lasprimeras.com.do\/wp-content\/uploads\/2024\/10\/Donald-Trump.jpg?resize=350%2C200&ssl=1","width":350,"height":200,"srcset":"https:\/\/i0.wp.com\/lasprimeras.com.do\/wp-content\/uploads\/2024\/10\/Donald-Trump.jpg?resize=350%2C200&ssl=1 1x, https:\/\/i0.wp.com\/lasprimeras.com.do\/wp-content\/uploads\/2024\/10\/Donald-Trump.jpg?resize=525%2C300&ssl=1 1.5x"},"classes":[]},{"id":88992,"url":"https:\/\/lasprimeras.com.do\/index.php\/2024\/09\/13\/kamala-harris-busca-acortar-distancias-con-trump-en-zonas-conservadoras-de-pensilvania\/","url_meta":{"origin":90532,"position":3},"title":"Kamala Harris busca acortar distancias con Trump en zonas conservadoras de Pensilvania","author":"Nelson Feliz","date":"13 de septiembre de 2024","format":false,"excerpt":"Washington, (EFE).- La vicepresidenta de EE.UU., Kamala Harris, hizo este viernes campa\u00f1a en condados republicanos de Pensilvania, en un esfuerzo estrat\u00e9gico por reducir la ventaja de Donald Trump en esa regi\u00f3n y aumentar las posibilidades dem\u00f3cratas de conquistar este estado clave de cara a las elecciones de noviembre. Harris concluy\u00f3\u2026","rel":"","context":"En \u00abSin categor\u00eda\u00bb","block_context":{"text":"Sin categor\u00eda","link":"https:\/\/lasprimeras.com.do\/index.php\/category\/sin-categoria\/"},"img":{"alt_text":"","src":"https:\/\/i0.wp.com\/lasprimeras.com.do\/wp-content\/uploads\/2024\/09\/Kamala-1.jpg?resize=350%2C200&ssl=1","width":350,"height":200,"srcset":"https:\/\/i0.wp.com\/lasprimeras.com.do\/wp-content\/uploads\/2024\/09\/Kamala-1.jpg?resize=350%2C200&ssl=1 1x, https:\/\/i0.wp.com\/lasprimeras.com.do\/wp-content\/uploads\/2024\/09\/Kamala-1.jpg?resize=525%2C300&ssl=1 1.5x"},"classes":[]},{"id":86991,"url":"https:\/\/lasprimeras.com.do\/index.php\/2024\/08\/05\/expectativa-en-prensa-de-eeuu-quien-completara-formula-de-harris\/","url_meta":{"origin":90532,"position":4},"title":"Expectativa en prensa de EEUU: \u00bfQui\u00e9n completar\u00e1 f\u00f3rmula de Harris?","author":"Nelson Feliz","date":"5 de agosto de 2024","format":false,"excerpt":"Washington, (Prensa Latina) .-. El posible anuncio de la vicepresidenta y candidata dem\u00f3crata, Kamala Harris, de qui\u00e9n completar\u00e1 su f\u00f3rmula para las elecciones de Estados Unidos el 5 de noviembre, mantiene hoy alta expectativa aqu\u00ed en medios de prensa. Harris se entrevist\u00f3 la v\u00edspera con los tres finalistas en su\u2026","rel":"","context":"En \u00abSin categor\u00eda\u00bb","block_context":{"text":"Sin categor\u00eda","link":"https:\/\/lasprimeras.com.do\/index.php\/category\/sin-categoria\/"},"img":{"alt_text":"Kamala Harris","src":"https:\/\/i0.wp.com\/lasprimeras.com.do\/wp-content\/uploads\/2024\/08\/Kamala-Harris-1.jpg?resize=350%2C200&ssl=1","width":350,"height":200,"srcset":"https:\/\/i0.wp.com\/lasprimeras.com.do\/wp-content\/uploads\/2024\/08\/Kamala-Harris-1.jpg?resize=350%2C200&ssl=1 1x, https:\/\/i0.wp.com\/lasprimeras.com.do\/wp-content\/uploads\/2024\/08\/Kamala-Harris-1.jpg?resize=525%2C300&ssl=1 1.5x, https:\/\/i0.wp.com\/lasprimeras.com.do\/wp-content\/uploads\/2024\/08\/Kamala-Harris-1.jpg?resize=700%2C400&ssl=1 2x"},"classes":[]},{"id":89590,"url":"https:\/\/lasprimeras.com.do\/index.php\/2024\/09\/29\/harris-y-trump-pelean-por-siete-estados-clave-sin-claros-margenes-en-las-encuestas\/","url_meta":{"origin":90532,"position":5},"title":"Harris y Trump pelean por siete estados clave sin claros m\u00e1rgenes en las encuestas","author":"Nelson Feliz","date":"29 de septiembre de 2024","format":false,"excerpt":"Douglas (EE.UU.) (EFE).- Siete estados clave que apenas representan la sexta parte de la poblaci\u00f3n de EE.UU. se han convertido en los trofeos anhelados de los candidatos a la Casa Blanca, la vicepresidenta Kamala Harris y el expresidente Donald Trump (2017-2021), que saben que cada voto cuenta cuando las encuestas\u2026","rel":"","context":"En \u00abSin categor\u00eda\u00bb","block_context":{"text":"Sin categor\u00eda","link":"https:\/\/lasprimeras.com.do\/index.php\/category\/sin-categoria\/"},"img":{"alt_text":"Kamala Harris y Donald Trump","src":"https:\/\/i0.wp.com\/lasprimeras.com.do\/wp-content\/uploads\/2024\/09\/Kamala-Harris-y-Donald-Trump.jpg?resize=350%2C200&ssl=1","width":350,"height":200,"srcset":"https:\/\/i0.wp.com\/lasprimeras.com.do\/wp-content\/uploads\/2024\/09\/Kamala-Harris-y-Donald-Trump.jpg?resize=350%2C200&ssl=1 1x, https:\/\/i0.wp.com\/lasprimeras.com.do\/wp-content\/uploads\/2024\/09\/Kamala-Harris-y-Donald-Trump.jpg?resize=525%2C300&ssl=1 1.5x, https:\/\/i0.wp.com\/lasprimeras.com.do\/wp-content\/uploads\/2024\/09\/Kamala-Harris-y-Donald-Trump.jpg?resize=700%2C400&ssl=1 2x"},"classes":[]}],"jetpack_sharing_enabled":true,"_links":{"self":[{"href":"https:\/\/lasprimeras.com.do\/index.php\/wp-json\/wp\/v2\/posts\/90532","targetHints":{"allow":["GET"]}}],"collection":[{"href":"https:\/\/lasprimeras.com.do\/index.php\/wp-json\/wp\/v2\/posts"}],"about":[{"href":"https:\/\/lasprimeras.com.do\/index.php\/wp-json\/wp\/v2\/types\/post"}],"author":[{"embeddable":true,"href":"https:\/\/lasprimeras.com.do\/index.php\/wp-json\/wp\/v2\/users\/2"}],"replies":[{"embeddable":true,"href":"https:\/\/lasprimeras.com.do\/index.php\/wp-json\/wp\/v2\/comments?post=90532"}],"version-history":[{"count":1,"href":"https:\/\/lasprimeras.com.do\/index.php\/wp-json\/wp\/v2\/posts\/90532\/revisions"}],"predecessor-version":[{"id":90534,"href":"https:\/\/lasprimeras.com.do\/index.php\/wp-json\/wp\/v2\/posts\/90532\/revisions\/90534"}],"wp:featuredmedia":[{"embeddable":true,"href":"https:\/\/lasprimeras.com.do\/index.php\/wp-json\/wp\/v2\/media\/90533"}],"wp:attachment":[{"href":"https:\/\/lasprimeras.com.do\/index.php\/wp-json\/wp\/v2\/media?parent=90532"}],"wp:term":[{"taxonomy":"category","embeddable":true,"href":"https:\/\/lasprimeras.com.do\/index.php\/wp-json\/wp\/v2\/categories?post=90532"},{"taxonomy":"post_tag","embeddable":true,"href":"https:\/\/lasprimeras.com.do\/index.php\/wp-json\/wp\/v2\/tags?post=90532"}],"curies":[{"name":"wp","href":"https:\/\/api.w.org\/{rel}","templated":true}]}}