{"id":90558,"date":"2024-10-23T23:37:41","date_gmt":"2024-10-24T03:37:41","guid":{"rendered":"https:\/\/lasprimeras.com.do\/?p=90558"},"modified":"2024-10-23T23:37:42","modified_gmt":"2024-10-24T03:37:42","slug":"luis-el-gallo-demanda-rebaja-de-precios-en-comestibles-basicos-en-la-dieta-de-los-pobres","status":"publish","type":"post","link":"https:\/\/lasprimeras.com.do\/index.php\/2024\/10\/23\/luis-el-gallo-demanda-rebaja-de-precios-en-comestibles-basicos-en-la-dieta-de-los-pobres\/","title":{"rendered":"Luis \u201cEl Gallo\u201d demanda rebaja de precios en comestibles b\u00e1sicos en la dieta de los pobres"},"content":{"rendered":"\n<p>El presidente de la Uni\u00f3n Dem\u00f3crata Cristiana \u2013UDC-, Luis Acosta Moreta, abog\u00f3 hoy porque se fije una pol\u00edtica de protecci\u00f3n a los art\u00edculos alimenticios de consumo diario, para mejorar las condiciones de vida de los pobres.<\/p>\n\n\n\n<p>Al mismo tiempo, pidi\u00f3 la extensi\u00f3n de los programas sociales del gobierno, para que lleguen a cada hogar necesitado, y siga en pie la consigna de que ning\u00fan dominicano se acueste sin cenar.<\/p>\n\n\n\n<p>Dijo que es hora de hacer valer la ley, en lo que se refiere al agiotismo y la especulaci\u00f3n, que llevan a cabo comerciantes inescrupulosos, en perjuicio de todo el pueblo.<\/p>\n\n\n\n<p>A\u00f1adi\u00f3 que se pnede fijar un listado de quince productos, que son art\u00edculos de primera necesidad y consumo diario, para congelar sus precios en los niveles actuales, y en otros rebajarlos.<\/p>\n\n\n\n<p>Apunt\u00f3 que en la retirada de la reforma fiscal se daba protecci\u00f3n a ocho art\u00edculos de la dieta diaria, por lo que ahora ese listado debe ser rescatado y llevarlo hasta quince comestibles.<\/p>\n\n\n\n<p>Pidi\u00f3 protecci\u00f3n para el arroz, las habichuelas, los huevos, la carne de pollo, el pan, el salami, el queso, la pica-pica, la harina de ma\u00edz, la leche, el espaguetti, el aceite, y otros que son de gran consumo<\/p>\n\n\n\n<p>Se puede crear una variedad especial que est\u00e9 fuera de los controles impositivos, y otras de gran calidad que estar\u00edan a la oferta y la demanda.<\/p>\n\n\n\n<p>Indic\u00f3 que nada justifica los precios altos de los alimentos, y el presidente Luis Abinader se debe reunir con los productores para llegar a un acuerdo satisfactorio, en la preparaci\u00f3n del listado de alimentos para vender a precios populares..<\/p>\n\n\n\n<p>Record\u00f3 que ha propuesto el Macuto Econ\u00f3mico Popular, donde se vendan los productos alimenticios controlados en los barrios, los colmados y los supermercados.<\/p>\n\n\n\n<p>Ahora de lo que se trata es de mejorar la forma de vida de los dominicanos, y ese paso tiene obligatoriamente que darse con una rebaja en la comida diaria.<\/p>\n\n\n\n<p>Enfatiz\u00f3 que un hombre, una mujer o un ni\u00f1o hambriento no se dedican al trabajo , a los estudios, con gusto y con fuerzas, por lo que hay que pensar en los m\u00e1s necesitados que claman por la rebaja de precio de los art\u00edculos de gran consumo.<\/p>\n\n\n\n<p>Pidi\u00f3 que se mantengan los programas sociales del gobierno, y que sean reforzados en aquellas comunidades donde esa mano amiga no llega con regularidad.<\/p>\n","protected":false},"excerpt":{"rendered":"<p>El presidente de la Uni\u00f3n Dem\u00f3crata Cristiana \u2013UDC-, Luis Acosta Moreta, abog\u00f3 hoy porque se fije una pol\u00edtica de protecci\u00f3n a los art\u00edculos alimenticios de consumo diario, para mejorar las&hellip;<\/p>\n","protected":false},"author":2,"featured_media":90559,"comment_status":"open","ping_status":"open","sticky":false,"template":"","format":"standard","meta":{"content-type":"","jetpack_post_was_ever_published":false,"_jetpack_newsletter_access":"","_jetpack_dont_email_post_to_subs":false,"_jetpack_newsletter_tier_id":0,"_jetpack_memberships_contains_paywalled_content":false,"_jetpack_memberships_contains_paid_content":false,"footnotes":""},"categories":[1],"tags":[4053,9516,1085,16128,1208,2494,16127],"class_list":["post-90558","post","type-post","status-publish","format-standard","has-post-thumbnail","hentry","category-sin-categoria","tag-basicos","tag-comestibles","tag-demanda","tag-dieta","tag-luis-el-gallo","tag-pobres","tag-rebaja-de-precios"],"jetpack_featured_media_url":"https:\/\/lasprimeras.com.do\/wp-content\/uploads\/2024\/10\/gallo-3.jpg","jetpack-related-posts":[{"id":116103,"url":"https:\/\/lasprimeras.com.do\/index.php\/2025\/11\/27\/luis-el-gallo-demanda-en-navidad-fin-de-la-usura-en-los-precios-de-los-comestibles\/","url_meta":{"origin":90558,"position":0},"title":"Luis \u201cEl Gallo\u201d demanda en navidad fin de la usura en los precios de los comestibles","author":"Nelson Feliz","date":"27 de noviembre de 2025","format":false,"excerpt":"El presidente de la Uni\u00f3n Dem\u00f3crata Cristiana \u2013UDC-, Luis Acosta Moreta, Luis \u201cEl Gallo\u201d pidi\u00f3 hoy que se establezca una estricta vigilancia en esta etapa final del a\u00f1o, para evitar que se aumenten los precios de los productos de primera necesidad. Indic\u00f3 que a diario los agiotistas reajustan los precios\u2026","rel":"","context":"En \u00abPOLITICA\u00bb","block_context":{"text":"POLITICA","link":"https:\/\/lasprimeras.com.do\/index.php\/category\/politica\/"},"img":{"alt_text":"Luis Acosta Moreta","src":"https:\/\/i0.wp.com\/lasprimeras.com.do\/wp-content\/uploads\/2024\/02\/Luis-Acosta-Moreta-2.jpg?resize=350%2C200&ssl=1","width":350,"height":200,"srcset":"https:\/\/i0.wp.com\/lasprimeras.com.do\/wp-content\/uploads\/2024\/02\/Luis-Acosta-Moreta-2.jpg?resize=350%2C200&ssl=1 1x, https:\/\/i0.wp.com\/lasprimeras.com.do\/wp-content\/uploads\/2024\/02\/Luis-Acosta-Moreta-2.jpg?resize=525%2C300&ssl=1 1.5x, https:\/\/i0.wp.com\/lasprimeras.com.do\/wp-content\/uploads\/2024\/02\/Luis-Acosta-Moreta-2.jpg?resize=700%2C400&ssl=1 2x"},"classes":[]},{"id":109595,"url":"https:\/\/lasprimeras.com.do\/index.php\/2025\/09\/19\/udc-pide-encuentro-gobierno-y-empresarios-para-rebajar-precios-de-comestibles\/","url_meta":{"origin":90558,"position":1},"title":"UDC pide encuentro gobierno y empresarios, para rebajar precios de comestibles","author":"Nelson Feliz","date":"19 de septiembre de 2025","format":false,"excerpt":"El presidente de la Uni\u00f3n Dem\u00f3crata Cristiana -UDC-, Luis Acosta Moreta, Luis \u201cEl Gallo\u201d, consider\u00f3 hoy de urgencia una reuni\u00f3n entre el gobierno y los empresarios de la rama alimenticia, para controlar los precios de los comestibles de primera necesidad. Destac\u00f3 que se debe llegar a acuerdos que detengan los\u2026","rel":"","context":"En \u00abPOLITICA\u00bb","block_context":{"text":"POLITICA","link":"https:\/\/lasprimeras.com.do\/index.php\/category\/politica\/"},"img":{"alt_text":"Luis Acosta Moreta","src":"https:\/\/i0.wp.com\/lasprimeras.com.do\/wp-content\/uploads\/2025\/02\/WhatsApp-Image-2025-02-14-at-7.13.23-AM.jpeg?resize=350%2C200&ssl=1","width":350,"height":200,"srcset":"https:\/\/i0.wp.com\/lasprimeras.com.do\/wp-content\/uploads\/2025\/02\/WhatsApp-Image-2025-02-14-at-7.13.23-AM.jpeg?resize=350%2C200&ssl=1 1x, https:\/\/i0.wp.com\/lasprimeras.com.do\/wp-content\/uploads\/2025\/02\/WhatsApp-Image-2025-02-14-at-7.13.23-AM.jpeg?resize=525%2C300&ssl=1 1.5x, https:\/\/i0.wp.com\/lasprimeras.com.do\/wp-content\/uploads\/2025\/02\/WhatsApp-Image-2025-02-14-at-7.13.23-AM.jpeg?resize=700%2C400&ssl=1 2x, https:\/\/i0.wp.com\/lasprimeras.com.do\/wp-content\/uploads\/2025\/02\/WhatsApp-Image-2025-02-14-at-7.13.23-AM.jpeg?resize=1050%2C600&ssl=1 3x"},"classes":[]},{"id":67380,"url":"https:\/\/lasprimeras.com.do\/index.php\/2023\/11\/15\/luis-el-gallo-pide-rebaja-de-precio-de-los-comestibles-y-ejecutar-el-macuto-alimenticio-popular\/","url_meta":{"origin":90558,"position":2},"title":"Luis \u201cEl Gallo\u201d pide rebaja de precio de los comestibles y ejecutar el \u201cMacuto Alimenticio Popular\u201d","author":"Nelson Feliz","date":"15 de noviembre de 2023","format":false,"excerpt":"El presidente de la Uni\u00f3n Dem\u00f3crata Cristiana \u2013UDC-, Luis Acosta Moreta, Luis \u201cEl Gallo\u201d, pidi\u00f3 hoy que de inmediato se congelen los precios de los art\u00edculos de primera necesidad, para que los dominicanos puedan tener una navidad feliz, llevando la comida a la mesa. Los comestibles b\u00e1sicos en la canasta\u2026","rel":"","context":"En \u00abECONOM\u00cdA\u00bb","block_context":{"text":"ECONOM\u00cdA","link":"https:\/\/lasprimeras.com.do\/index.php\/category\/economia\/"},"img":{"alt_text":"Macuto Alimenticio Popular","src":"https:\/\/i0.wp.com\/lasprimeras.com.do\/wp-content\/uploads\/2023\/11\/Macuto-Alimenticio-Popular.jpg?resize=350%2C200&ssl=1","width":350,"height":200,"srcset":"https:\/\/i0.wp.com\/lasprimeras.com.do\/wp-content\/uploads\/2023\/11\/Macuto-Alimenticio-Popular.jpg?resize=350%2C200&ssl=1 1x, https:\/\/i0.wp.com\/lasprimeras.com.do\/wp-content\/uploads\/2023\/11\/Macuto-Alimenticio-Popular.jpg?resize=525%2C300&ssl=1 1.5x, https:\/\/i0.wp.com\/lasprimeras.com.do\/wp-content\/uploads\/2023\/11\/Macuto-Alimenticio-Popular.jpg?resize=700%2C400&ssl=1 2x"},"classes":[]},{"id":90103,"url":"https:\/\/lasprimeras.com.do\/index.php\/2024\/10\/14\/luis-el-gallo-dice-los-pobres-no-temen-porque-abinader-les-asegura-su-comida-y-servicios\/","url_meta":{"origin":90558,"position":3},"title":"Luis \u201cEl Gallo\u201d dice los pobres no temen, porque Abinader les asegura su comida y servicios","author":"Nelson Feliz","date":"14 de octubre de 2024","format":false,"excerpt":"El presidente de la Uni\u00f3n Dem\u00f3crata Cristiana \u2013UDC- Luis Acosta Moreta, Luis \u201cEl Gallo\u201d, considero hoy que la comida de los pobres est\u00e1 garantizada, con los programa de asistencia social que ejecuta el presidente Luis Abinader. Enfatiz\u00f3 que es una farsa alarma creer que el paquete de reforma impositiva podr\u00eda\u2026","rel":"","context":"En \u00abPORTADA\u00bb","block_context":{"text":"PORTADA","link":"https:\/\/lasprimeras.com.do\/index.php\/category\/portada\/"},"img":{"alt_text":"Luis Acosta Moreta","src":"https:\/\/i0.wp.com\/lasprimeras.com.do\/wp-content\/uploads\/2024\/10\/Luis-Acosta-Moreta-1.jpg?resize=350%2C200&ssl=1","width":350,"height":200,"srcset":"https:\/\/i0.wp.com\/lasprimeras.com.do\/wp-content\/uploads\/2024\/10\/Luis-Acosta-Moreta-1.jpg?resize=350%2C200&ssl=1 1x, https:\/\/i0.wp.com\/lasprimeras.com.do\/wp-content\/uploads\/2024\/10\/Luis-Acosta-Moreta-1.jpg?resize=525%2C300&ssl=1 1.5x, https:\/\/i0.wp.com\/lasprimeras.com.do\/wp-content\/uploads\/2024\/10\/Luis-Acosta-Moreta-1.jpg?resize=700%2C400&ssl=1 2x"},"classes":[]},{"id":84903,"url":"https:\/\/lasprimeras.com.do\/index.php\/2024\/06\/17\/luis-el-gallo-demanda-gobierno-detenga-alto-al-aumento-de-precio-en-la-canasta-familiar\/","url_meta":{"origin":90558,"position":4},"title":"Luis \u201cEl Gallo\u201d demanda: \u00a1gobierno detenga alto al aumento de precio en la canasta familiar!","author":"Nelson Feliz","date":"17 de junio de 2024","format":false,"excerpt":"Acosta Moreta pide al gobierno proh\u00edba el reajuste de los pasajes y los servicios. El presidente de la Uni\u00f3n Dem\u00f3crata Cristiana \u2013UDC-, Luis Acosta Moreta, Luis \u201cEl Gallo\u201d, demand\u00f3 hoy una gran unidad\u00a0 c\u00edvica\u00a0 nacional, para hacer frente al alto costo de la\u00a0 canasta alimenticia, y los aumentos en los\u2026","rel":"","context":"En \u00abPORTADA\u00bb","block_context":{"text":"PORTADA","link":"https:\/\/lasprimeras.com.do\/index.php\/category\/portada\/"},"img":{"alt_text":"LUIS ACOSTA MORETA","src":"https:\/\/i0.wp.com\/lasprimeras.com.do\/wp-content\/uploads\/2024\/06\/LUIS-ACOSTA-MORETA-4.jpg?resize=350%2C200&ssl=1","width":350,"height":200,"srcset":"https:\/\/i0.wp.com\/lasprimeras.com.do\/wp-content\/uploads\/2024\/06\/LUIS-ACOSTA-MORETA-4.jpg?resize=350%2C200&ssl=1 1x, https:\/\/i0.wp.com\/lasprimeras.com.do\/wp-content\/uploads\/2024\/06\/LUIS-ACOSTA-MORETA-4.jpg?resize=525%2C300&ssl=1 1.5x, https:\/\/i0.wp.com\/lasprimeras.com.do\/wp-content\/uploads\/2024\/06\/LUIS-ACOSTA-MORETA-4.jpg?resize=700%2C400&ssl=1 2x"},"classes":[]},{"id":89075,"url":"https:\/\/lasprimeras.com.do\/index.php\/2024\/09\/15\/luis-el-gallo-advierte-reforma-fiscal-se-debe-razonar-con-la-cabeza-fria-y-mucha-moderacion\/","url_meta":{"origin":90558,"position":5},"title":"Luis \u201cEl Gallo\u201d advierte reforma fiscal se debe razonar con la cabeza fr\u00eda y mucha moderaci\u00f3n","author":"Nelson Feliz","date":"15 de septiembre de 2024","format":false,"excerpt":"El presidente de la Uni\u00f3n Dem\u00f3crata Cristiana \u2013UDC-, Luis Acosta Moreta, Luis \u201cEl Gallo\u201d, dijo hoy que con cabeza fr\u00eda, y mucha moderaci\u00f3n, las autoridades tienen que afrontar el tema relacionado con una reforma fiscal y tributaria, que podr\u00eda perjudicar a los pobres y la clase media. Indic\u00f3 que ahora\u2026","rel":"","context":"En \u00abSin categor\u00eda\u00bb","block_context":{"text":"Sin categor\u00eda","link":"https:\/\/lasprimeras.com.do\/index.php\/category\/sin-categoria\/"},"img":{"alt_text":"","src":"https:\/\/i0.wp.com\/lasprimeras.com.do\/wp-content\/uploads\/2024\/09\/gallo.jpg?resize=350%2C200&ssl=1","width":350,"height":200,"srcset":"https:\/\/i0.wp.com\/lasprimeras.com.do\/wp-content\/uploads\/2024\/09\/gallo.jpg?resize=350%2C200&ssl=1 1x, https:\/\/i0.wp.com\/lasprimeras.com.do\/wp-content\/uploads\/2024\/09\/gallo.jpg?resize=525%2C300&ssl=1 1.5x, https:\/\/i0.wp.com\/lasprimeras.com.do\/wp-content\/uploads\/2024\/09\/gallo.jpg?resize=700%2C400&ssl=1 2x"},"classes":[]}],"jetpack_sharing_enabled":true,"_links":{"self":[{"href":"https:\/\/lasprimeras.com.do\/index.php\/wp-json\/wp\/v2\/posts\/90558","targetHints":{"allow":["GET"]}}],"collection":[{"href":"https:\/\/lasprimeras.com.do\/index.php\/wp-json\/wp\/v2\/posts"}],"about":[{"href":"https:\/\/lasprimeras.com.do\/index.php\/wp-json\/wp\/v2\/types\/post"}],"author":[{"embeddable":true,"href":"https:\/\/lasprimeras.com.do\/index.php\/wp-json\/wp\/v2\/users\/2"}],"replies":[{"embeddable":true,"href":"https:\/\/lasprimeras.com.do\/index.php\/wp-json\/wp\/v2\/comments?post=90558"}],"version-history":[{"count":1,"href":"https:\/\/lasprimeras.com.do\/index.php\/wp-json\/wp\/v2\/posts\/90558\/revisions"}],"predecessor-version":[{"id":90560,"href":"https:\/\/lasprimeras.com.do\/index.php\/wp-json\/wp\/v2\/posts\/90558\/revisions\/90560"}],"wp:featuredmedia":[{"embeddable":true,"href":"https:\/\/lasprimeras.com.do\/index.php\/wp-json\/wp\/v2\/media\/90559"}],"wp:attachment":[{"href":"https:\/\/lasprimeras.com.do\/index.php\/wp-json\/wp\/v2\/media?parent=90558"}],"wp:term":[{"taxonomy":"category","embeddable":true,"href":"https:\/\/lasprimeras.com.do\/index.php\/wp-json\/wp\/v2\/categories?post=90558"},{"taxonomy":"post_tag","embeddable":true,"href":"https:\/\/lasprimeras.com.do\/index.php\/wp-json\/wp\/v2\/tags?post=90558"}],"curies":[{"name":"wp","href":"https:\/\/api.w.org\/{rel}","templated":true}]}}