{"id":90762,"date":"2024-10-27T21:31:06","date_gmt":"2024-10-28T01:31:06","guid":{"rendered":"https:\/\/lasprimeras.com.do\/?p=90762"},"modified":"2024-10-27T21:31:07","modified_gmt":"2024-10-28T01:31:07","slug":"senador-ricardo-de-los-santos-invita-a-dominicanos-visitar-festur-2024-en-sanchez-ramirez","status":"publish","type":"post","link":"https:\/\/lasprimeras.com.do\/index.php\/2024\/10\/27\/senador-ricardo-de-los-santos-invita-a-dominicanos-visitar-festur-2024-en-sanchez-ramirez\/","title":{"rendered":"Senador Ricardo de los Santos invita a dominicanos visitar FESTUR 2024 en S\u00e1nchez Ram\u00edrez"},"content":{"rendered":"\n<p>El evento que promueve el ecoturismo sostenible en la regi\u00f3n, e incentiva la econom\u00eda local, se llevar\u00e1 a cabo en su natal provincia S\u00e1nchez Ram\u00edrez del 31 de octubre al 4 de noviembre de los corrientes, en la parte perif\u00e9rica de la presa de Hatillo.<\/p>\n\n\n\n<p>El presidente del Senado, Ricardo de los Santos y representante de S\u00e1nchez Ram\u00edrez, invit\u00f3 a todos los dominicanos y dominicanas a participar en la segunda edici\u00f3n del importante evento tur\u00edstico Festur S\u00e1nchez Ram\u00edrez 2024, que impulsa el Consejo de Desarrollo Ecotur\u00edstico de la provincia (Codeprosar), y en el que se planea elaborar el &#8220;majarete m\u00e1s grande del mundo&#8221;.<\/p>\n\n\n\n<p>\u201cNosotros los S\u00e1nchez- Ramirences debemos de sentirnos orgullosos de que el Consejo Ecotur\u00edstico de nuestra provincia se mantenga activo con eventos tan importantes como este que promueve el desarrollo de la provincia\u201d, destac\u00f3 De los Santos durante su participaci\u00f3n como invitado especial de la rueda de prensa que se llev\u00f3 a cabo para anunciar dicho evento.<\/p>\n\n\n\n<p>El evento que busca posicionar a la regi\u00f3n como un destino ecotur\u00edstico sostenible de primer nivel, resaltando sus valores culturales, gastron\u00f3micos y art\u00edsticos, as\u00ed como promover su econom\u00eda local, se realizar\u00e1 del 31 de octubre al 4 de noviembre de los corrientes, en la parte perif\u00e9rica de la presa de Hatillo.<\/p>\n\n\n\n<p>Sobre el proyecto del majarete m\u00e1s grande del mundo, una iniciativa del Fondo Especial para el Desarrollo Agropecuario (FEDA), que no solo busca establecer un R\u00e9cord Guinnes, sino tambi\u00e9n fortalecer la identidad gastron\u00f3mica de S\u00e1nchez Ram\u00edrez, De los Santos dijo que su provincia es la que m\u00e1s majarete produce, y que por eso incentiva a que todos los dominicanos que puedan asistir lo hagan, para que disfruten de las bondades que ofrecen.<\/p>\n\n\n\n<p>Las palabras centrales durante la rueda de prensa, estuvieron a cargo del director (Codeprosar), Frank S\u00e1nchez Mena, mientras que, Eligio Reyes, director comercial de Festur y CEO de SMA Group, ofreci\u00f3 detalles sobre la programaci\u00f3n y las oportunidades comerciales que traer\u00e1 este evento.<\/p>\n\n\n\n<p>Jap\u00f3n participa como pa\u00eds invitado, al igual que la provincia Monse\u00f1or Nouel, como invitada especial de esta segunda edici\u00f3n.<\/p>\n\n\n\n<p>Tambi\u00e9n particip\u00f3 de la actividad Persio S\u00e1nchez, regidor y coordinador de la Cabalgata Nacional; Andy Castillo, director provincial de Cultura; Teresa Ynoa, Coordinadora del Comit\u00e9 de Protocolo de Festur; Jahaziel Serrano, y Ana Crisauris Rodr\u00edguez, representantes de Barrick Pueblo Viejo.<\/p>\n","protected":false},"excerpt":{"rendered":"<p>El evento que promueve el ecoturismo sostenible en la regi\u00f3n, e incentiva la econom\u00eda local, se llevar\u00e1 a cabo en su natal provincia S\u00e1nchez Ram\u00edrez del 31 de octubre al&hellip;<\/p>\n","protected":false},"author":2,"featured_media":90763,"comment_status":"open","ping_status":"open","sticky":false,"template":"","format":"standard","meta":{"content-type":"","jetpack_post_was_ever_published":false,"_jetpack_newsletter_access":"","_jetpack_dont_email_post_to_subs":false,"_jetpack_newsletter_tier_id":0,"_jetpack_memberships_contains_paywalled_content":false,"_jetpack_memberships_contains_paid_content":false,"footnotes":""},"categories":[376],"tags":[487,16213,2107,8070,1101,13981],"class_list":["post-90762","post","type-post","status-publish","format-standard","has-post-thumbnail","hentry","category-turismo","tag-dominicanos","tag-festur-2024","tag-ricardo-de-los-santos","tag-sanchez-ramirez","tag-senador","tag-visitar"],"jetpack_featured_media_url":"https:\/\/lasprimeras.com.do\/wp-content\/uploads\/2024\/10\/FESTUR-2024-1.jpg","jetpack-related-posts":[{"id":90895,"url":"https:\/\/lasprimeras.com.do\/index.php\/2024\/11\/02\/senador-ricardo-de-los-santos-encabeza-actividades-en-sanchez-ramirez\/","url_meta":{"origin":90762,"position":0},"title":"Senador Ricardo de los Santos encabeza actividades en S\u00e1nchez Ram\u00edrez","author":"Nelson Feliz","date":"2 de noviembre de 2024","format":false,"excerpt":"El presidente del Senado acompa\u00f1\u00f3 al presidente Lu\u00eds Abinader en la entrega de importantes obras a su provincia. El presidente del Senado, Ricardo de los Santos, particip\u00f3 junto al presidente Luis Abinader, en una serie de actividades oficiales en el municipio de Cotu\u00ed, provincia S\u00e1nchez Ram\u00edrez, que incluy\u00f3 entrega de\u2026","rel":"","context":"En \u00abTURISMO\u00bb","block_context":{"text":"TURISMO","link":"https:\/\/lasprimeras.com.do\/index.php\/category\/turismo\/"},"img":{"alt_text":"","src":"https:\/\/i0.wp.com\/lasprimeras.com.do\/wp-content\/uploads\/2024\/10\/senado-3.jpg?resize=350%2C200&ssl=1","width":350,"height":200,"srcset":"https:\/\/i0.wp.com\/lasprimeras.com.do\/wp-content\/uploads\/2024\/10\/senado-3.jpg?resize=350%2C200&ssl=1 1x, https:\/\/i0.wp.com\/lasprimeras.com.do\/wp-content\/uploads\/2024\/10\/senado-3.jpg?resize=525%2C300&ssl=1 1.5x, https:\/\/i0.wp.com\/lasprimeras.com.do\/wp-content\/uploads\/2024\/10\/senado-3.jpg?resize=700%2C400&ssl=1 2x"},"classes":[]},{"id":128994,"url":"https:\/\/lasprimeras.com.do\/index.php\/2026\/04\/28\/ricardo-de-los-santos-llegan-ayudas-a-zonas-afectadas-en-sanchez-ramirez\/","url_meta":{"origin":90762,"position":1},"title":"Ricardo de los Santos: llegan ayudas a zonas afectadas en S\u00e1nchez Ram\u00edrez","author":"Nelson Feliz","date":"28 de abril de 2026","format":false,"excerpt":"El senador por la provincia S\u00e1nchez Ram\u00edrez, Ricardo De los Santos, inform\u00f3 que desde este martes comenzar\u00e1 a llegar el apoyo necesario a las zonas impactadas por los recientes fen\u00f3menos atmosf\u00e9ricos en esa demarcaci\u00f3n. Explic\u00f3 que ha dado seguimiento de cerca a la situaci\u00f3n en coordinaci\u00f3n directa con las autoridades\u2026","rel":"","context":"En \u00abNACIONALES\u00bb","block_context":{"text":"NACIONALES","link":"https:\/\/lasprimeras.com.do\/index.php\/category\/nacionales\/"},"img":{"alt_text":"","src":"https:\/\/i0.wp.com\/lasprimeras.com.do\/wp-content\/uploads\/2026\/04\/ayudas-colle.jpg?resize=350%2C200&ssl=1","width":350,"height":200,"srcset":"https:\/\/i0.wp.com\/lasprimeras.com.do\/wp-content\/uploads\/2026\/04\/ayudas-colle.jpg?resize=350%2C200&ssl=1 1x, https:\/\/i0.wp.com\/lasprimeras.com.do\/wp-content\/uploads\/2026\/04\/ayudas-colle.jpg?resize=525%2C300&ssl=1 1.5x, https:\/\/i0.wp.com\/lasprimeras.com.do\/wp-content\/uploads\/2026\/04\/ayudas-colle.jpg?resize=700%2C400&ssl=1 2x"},"classes":[]},{"id":110685,"url":"https:\/\/lasprimeras.com.do\/index.php\/2025\/09\/30\/ricardo-de-los-santos-gestiona-solucion-a-problematica-agua-en-sanchez-ramirez\/","url_meta":{"origin":90762,"position":2},"title":"Ricardo de los Santos gestiona soluci\u00f3n a problem\u00e1tica agua en S\u00e1nchez Ram\u00edrez","author":"Nelson Feliz","date":"30 de septiembre de 2025","format":false,"excerpt":"El presidente del Senado de la Rep\u00fablica, Ricardo de los Santos, se comprometi\u00f3 este martes a seguir trabajando en buscar soluciones a la escasez del agua potable que afecta a varias comunidades de las provincias S\u00e1nchez Ram\u00edrez y La Vega. El compromiso se ratific\u00f3 en el marco de un productivo\u2026","rel":"","context":"En \u00abNACIONALES\u00bb","block_context":{"text":"NACIONALES","link":"https:\/\/lasprimeras.com.do\/index.php\/category\/nacionales\/"},"img":{"alt_text":"","src":"https:\/\/i0.wp.com\/lasprimeras.com.do\/wp-content\/uploads\/2025\/09\/senadores-1.jpg?resize=350%2C200&ssl=1","width":350,"height":200,"srcset":"https:\/\/i0.wp.com\/lasprimeras.com.do\/wp-content\/uploads\/2025\/09\/senadores-1.jpg?resize=350%2C200&ssl=1 1x, https:\/\/i0.wp.com\/lasprimeras.com.do\/wp-content\/uploads\/2025\/09\/senadores-1.jpg?resize=525%2C300&ssl=1 1.5x, https:\/\/i0.wp.com\/lasprimeras.com.do\/wp-content\/uploads\/2025\/09\/senadores-1.jpg?resize=700%2C400&ssl=1 2x"},"classes":[]},{"id":119814,"url":"https:\/\/lasprimeras.com.do\/index.php\/2026\/01\/18\/ricardo-de-los-santos-y-eduardo-estrella-dan-seguimiento-a-plan-de-asfaltado-en-sanchez-ramirez\/","url_meta":{"origin":90762,"position":3},"title":"Ricardo de los Santos y Eduardo Estrella dan seguimiento a plan de asfaltado en S\u00e1nchez Ram\u00edrez","author":"Nelson Feliz","date":"18 de enero de 2026","format":false,"excerpt":"El senador Ricardo de los Santos y el ministro Eduardo Estrella dan seguimiento a plan de asfaltado en S\u00e1nchez Ram\u00edrez","rel":"","context":"En \u00abNACIONALES\u00bb","block_context":{"text":"NACIONALES","link":"https:\/\/lasprimeras.com.do\/index.php\/category\/nacionales\/"},"img":{"alt_text":"El senador Ricardo de los Santos y el ministro Eduardo Estrella dan seguimiento a plan de asfaltado en S\u00e1nchez Ram\u00edrez","src":"https:\/\/i0.wp.com\/lasprimeras.com.do\/wp-content\/uploads\/2026\/01\/El-senador-Ricardo-de-los-Santos-y-el-ministro-Eduardo-Estrella-dan-seguimiento-a-plan-de-asfaltado-en-Sanchez-Ramirez.jpg?resize=350%2C200&ssl=1","width":350,"height":200,"srcset":"https:\/\/i0.wp.com\/lasprimeras.com.do\/wp-content\/uploads\/2026\/01\/El-senador-Ricardo-de-los-Santos-y-el-ministro-Eduardo-Estrella-dan-seguimiento-a-plan-de-asfaltado-en-Sanchez-Ramirez.jpg?resize=350%2C200&ssl=1 1x, https:\/\/i0.wp.com\/lasprimeras.com.do\/wp-content\/uploads\/2026\/01\/El-senador-Ricardo-de-los-Santos-y-el-ministro-Eduardo-Estrella-dan-seguimiento-a-plan-de-asfaltado-en-Sanchez-Ramirez.jpg?resize=525%2C300&ssl=1 1.5x, https:\/\/i0.wp.com\/lasprimeras.com.do\/wp-content\/uploads\/2026\/01\/El-senador-Ricardo-de-los-Santos-y-el-ministro-Eduardo-Estrella-dan-seguimiento-a-plan-de-asfaltado-en-Sanchez-Ramirez.jpg?resize=700%2C400&ssl=1 2x"},"classes":[]},{"id":107580,"url":"https:\/\/lasprimeras.com.do\/index.php\/2025\/08\/28\/la-vicepresidenta-raquel-pena-junto-al-senador-ricardo-de-los-santos-entregan-obras-en-sanchez-ramirez\/","url_meta":{"origin":90762,"position":4},"title":"La vicepresidenta Raquel Pe\u00f1a junto al senador Ricardo de los Santos entregan obras en S\u00e1nchez Ram\u00edrez","author":"Nelson Feliz","date":"28 de agosto de 2025","format":false,"excerpt":"Entre las obras inauguradas se destaca una nueva Unidad de Pie Diab\u00e9tico y Oncolog\u00eda en el Hospital Inmaculada Concepci\u00f3n, as\u00ed como varias carreteras en distintos municipios de la provincia. El Senador por la provincia S\u00e1nchez Ram\u00edrez, Ricardo de los Santos, y la vicepresidenta Raquel Pe\u00f1a encabezaron la entrega de varias\u2026","rel":"","context":"En \u00abNACIONALES\u00bb","block_context":{"text":"NACIONALES","link":"https:\/\/lasprimeras.com.do\/index.php\/category\/nacionales\/"},"img":{"alt_text":"","src":"https:\/\/i0.wp.com\/lasprimeras.com.do\/wp-content\/uploads\/2025\/08\/Raquel-Pena-1.jpg?resize=350%2C200&ssl=1","width":350,"height":200,"srcset":"https:\/\/i0.wp.com\/lasprimeras.com.do\/wp-content\/uploads\/2025\/08\/Raquel-Pena-1.jpg?resize=350%2C200&ssl=1 1x, https:\/\/i0.wp.com\/lasprimeras.com.do\/wp-content\/uploads\/2025\/08\/Raquel-Pena-1.jpg?resize=525%2C300&ssl=1 1.5x, https:\/\/i0.wp.com\/lasprimeras.com.do\/wp-content\/uploads\/2025\/08\/Raquel-Pena-1.jpg?resize=700%2C400&ssl=1 2x"},"classes":[]},{"id":107295,"url":"https:\/\/lasprimeras.com.do\/index.php\/2025\/08\/25\/presidente-del-senado-encabeza-acto-de-apertura-del-ano-escolar-2025-2026-en-sanchez-ramirez\/","url_meta":{"origin":90762,"position":5},"title":"Presidente del Senado encabeza acto de apertura del a\u00f1o escolar 2025-2026 en S\u00e1nchez Ram\u00edrez","author":"Nelson Feliz","date":"25 de agosto de 2025","format":false,"excerpt":"El presidente del Senado, Ricardo de los Santos, encabez\u00f3 este lunes el acto oficial de apertura del a\u00f1o escolar 2025-2026 en la Regional 16 de la provincia S\u00e1nchez Ram\u00edrez, en representaci\u00f3n del presidente de la Rep\u00fablica, Luis Abinader, y del ministro de Educaci\u00f3n, Luis Miguel De Camps, como muestra del\u2026","rel":"","context":"En \u00abNACIONALES\u00bb","block_context":{"text":"NACIONALES","link":"https:\/\/lasprimeras.com.do\/index.php\/category\/nacionales\/"},"img":{"alt_text":"Ricardo de los Santos","src":"https:\/\/i0.wp.com\/lasprimeras.com.do\/wp-content\/uploads\/2025\/08\/Ricardo-de-los-Santos-1-2.jpg?resize=350%2C200&ssl=1","width":350,"height":200,"srcset":"https:\/\/i0.wp.com\/lasprimeras.com.do\/wp-content\/uploads\/2025\/08\/Ricardo-de-los-Santos-1-2.jpg?resize=350%2C200&ssl=1 1x, https:\/\/i0.wp.com\/lasprimeras.com.do\/wp-content\/uploads\/2025\/08\/Ricardo-de-los-Santos-1-2.jpg?resize=525%2C300&ssl=1 1.5x, https:\/\/i0.wp.com\/lasprimeras.com.do\/wp-content\/uploads\/2025\/08\/Ricardo-de-los-Santos-1-2.jpg?resize=700%2C400&ssl=1 2x"},"classes":[]}],"jetpack_sharing_enabled":true,"_links":{"self":[{"href":"https:\/\/lasprimeras.com.do\/index.php\/wp-json\/wp\/v2\/posts\/90762","targetHints":{"allow":["GET"]}}],"collection":[{"href":"https:\/\/lasprimeras.com.do\/index.php\/wp-json\/wp\/v2\/posts"}],"about":[{"href":"https:\/\/lasprimeras.com.do\/index.php\/wp-json\/wp\/v2\/types\/post"}],"author":[{"embeddable":true,"href":"https:\/\/lasprimeras.com.do\/index.php\/wp-json\/wp\/v2\/users\/2"}],"replies":[{"embeddable":true,"href":"https:\/\/lasprimeras.com.do\/index.php\/wp-json\/wp\/v2\/comments?post=90762"}],"version-history":[{"count":1,"href":"https:\/\/lasprimeras.com.do\/index.php\/wp-json\/wp\/v2\/posts\/90762\/revisions"}],"predecessor-version":[{"id":90764,"href":"https:\/\/lasprimeras.com.do\/index.php\/wp-json\/wp\/v2\/posts\/90762\/revisions\/90764"}],"wp:featuredmedia":[{"embeddable":true,"href":"https:\/\/lasprimeras.com.do\/index.php\/wp-json\/wp\/v2\/media\/90763"}],"wp:attachment":[{"href":"https:\/\/lasprimeras.com.do\/index.php\/wp-json\/wp\/v2\/media?parent=90762"}],"wp:term":[{"taxonomy":"category","embeddable":true,"href":"https:\/\/lasprimeras.com.do\/index.php\/wp-json\/wp\/v2\/categories?post=90762"},{"taxonomy":"post_tag","embeddable":true,"href":"https:\/\/lasprimeras.com.do\/index.php\/wp-json\/wp\/v2\/tags?post=90762"}],"curies":[{"name":"wp","href":"https:\/\/api.w.org\/{rel}","templated":true}]}}