{"id":90783,"date":"2024-10-28T23:50:57","date_gmt":"2024-10-29T03:50:57","guid":{"rendered":"https:\/\/lasprimeras.com.do\/?p=90783"},"modified":"2024-10-28T23:50:58","modified_gmt":"2024-10-29T03:50:58","slug":"ratifican-condena-de-20-anos-de-prision-a-argenis-contreras-por-el-asesinato-de-yuniol-ramirez","status":"publish","type":"post","link":"https:\/\/lasprimeras.com.do\/index.php\/2024\/10\/28\/ratifican-condena-de-20-anos-de-prision-a-argenis-contreras-por-el-asesinato-de-yuniol-ramirez\/","title":{"rendered":"Ratifican condena de 20 a\u00f1os de prisi\u00f3n a Argenis Contreras por el asesinato de Yuniol Ram\u00edrez"},"content":{"rendered":"\n<p>El Primer Tribunal Colegiado del Distrito Nacional ratific\u00f3 este lunes la condena a Argenis Contreras Gonz\u00e1lez a 20 a\u00f1os de prisi\u00f3n por su implicaci\u00f3n en el asesinato del catedr\u00e1tico y abogado Yuniol Ram\u00edrez, un caso que conmocion\u00f3 a la sociedad dominicana desde su ocurrencia en octubre de 2017.<\/p>\n\n\n\n<p>Asimismo, tres personas involucradas en el caso fueron absueltas, entre ellas Liliam Francisca Suarez J\u00e1quez y Jos\u00e9 Antonio Mercado Blanco.<\/p>\n\n\n\n<p>La decisi\u00f3n del Primer Tribunal Colegiado reafirma la sentencia anterior contra Argenis Contreras, quien enfrenta nuevamente las consecuencias de sus actos.<\/p>\n\n\n\n<p>Yuniol Ram\u00edrez fue secuestrado en el campus de la Universidad Aut\u00f3noma de Santo Domingo (UASD) y posteriormente encontrado muerto, atado a un bloque de concreto en un arroyo de Manoguayabo.<\/p>\n\n\n\n<p>Seg\u00fan las investigaciones, Contreras Gonz\u00e1lez, exencargado de compras de la Oficina Metropolitana de Servicios de Autobuses (OMSA), fue se\u00f1alado como el autor material del crimen, con la presunta motivaci\u00f3n de una extorsi\u00f3n de RD$4 millones.<\/p>\n\n\n\n<p>De los cuatro acusados en el caso, solo Contreras Gonz\u00e1lez hab\u00eda sido condenado previamente en un juicio que luego fue anulado.<\/p>\n\n\n\n<p>En este nuevo proceso, el tribunal tambi\u00e9n abord\u00f3 el caso de Manuel Rivas, exdirector de la OMSA, quien fue condenado a dos a\u00f1os por violar la Ley de Compras y Contrataciones, pero no por el asesinato de Ram\u00edrez.<\/p>\n\n\n\n<p>El Ministerio P\u00fablico hab\u00eda solicitado una condena de 30 a\u00f1os para Contreras, quien deber\u00e1 cumplir su sentencia en el Centro de Correcci\u00f3n y Rehabilitaci\u00f3n (CCR) Najayo Hombres en San Crist\u00f3bal.<\/p>\n","protected":false},"excerpt":{"rendered":"<p>El Primer Tribunal Colegiado del Distrito Nacional ratific\u00f3 este lunes la condena a Argenis Contreras Gonz\u00e1lez a 20 a\u00f1os de prisi\u00f3n por su implicaci\u00f3n en el asesinato del catedr\u00e1tico y&hellip;<\/p>\n","protected":false},"author":2,"featured_media":90784,"comment_status":"open","ping_status":"open","sticky":false,"template":"","format":"standard","meta":{"content-type":"","jetpack_post_was_ever_published":false,"_jetpack_newsletter_access":"","_jetpack_dont_email_post_to_subs":false,"_jetpack_newsletter_tier_id":0,"_jetpack_memberships_contains_paywalled_content":false,"_jetpack_memberships_contains_paid_content":false,"footnotes":""},"categories":[289,25],"tags":[16219,16220,771,417,291,9574,16221],"class_list":["post-90783","post","type-post","status-publish","format-standard","has-post-thumbnail","hentry","category-justicia","category-portada","tag-20-anos","tag-argenis-contreras","tag-asesinato","tag-condena","tag-prision","tag-ratifican","tag-yuniol-ramirez"],"jetpack_featured_media_url":"https:\/\/lasprimeras.com.do\/wp-content\/uploads\/2024\/10\/Argenis-Contreras.jpeg","jetpack-related-posts":[{"id":118553,"url":"https:\/\/lasprimeras.com.do\/index.php\/2025\/12\/31\/ratifican-condena-de-20-anos-argenis-contreras\/","url_meta":{"origin":90783,"position":0},"title":"Ratifican condena de 20 a\u00f1os Argenis Contreras","author":"Nelson Feliz","date":"31 de diciembre de 2025","format":false,"excerpt":"La Corte de Apelaci\u00f3n del Distrito Nacional ratific\u00f3 la condena de 20 a\u00f1os de prisi\u00f3n contra Argenis Contreras Gonz\u00e1lez por el asesinato del abogado Yuniol Ram\u00edrez Ferreras y por incurrir en extorsi\u00f3n desde la Oficina Metropolitana de Servicios de Autobuses (OMSA). Atendiendo a una solicitud del Ministerio P\u00fablico, la Tercera\u2026","rel":"","context":"En \u00abJUSTICIA\u00bb","block_context":{"text":"JUSTICIA","link":"https:\/\/lasprimeras.com.do\/index.php\/category\/justicia\/"},"img":{"alt_text":"Argenis Contreras","src":"https:\/\/i0.wp.com\/lasprimeras.com.do\/wp-content\/uploads\/2025\/12\/Argenis-Contreras.jpg?resize=350%2C200&ssl=1","width":350,"height":200,"srcset":"https:\/\/i0.wp.com\/lasprimeras.com.do\/wp-content\/uploads\/2025\/12\/Argenis-Contreras.jpg?resize=350%2C200&ssl=1 1x, https:\/\/i0.wp.com\/lasprimeras.com.do\/wp-content\/uploads\/2025\/12\/Argenis-Contreras.jpg?resize=525%2C300&ssl=1 1.5x"},"classes":[]},{"id":92963,"url":"https:\/\/lasprimeras.com.do\/index.php\/2025\/01\/20\/prisiones-informa-que-argenis-contreras-esta-fuera-de-peligro-tras-atentar-contra-su-vida\/","url_meta":{"origin":90783,"position":1},"title":"Prisiones informa que Argenis Contreras est\u00e1 fuera de peligro tras atentar contra su vida","author":"Nelson Feliz","date":"20 de enero de 2025","format":false,"excerpt":"Se le brindar\u00e1 la asistencia psicol\u00f3gica una vez que reciba el alta m\u00e9dica. Argenis Contreras, quien cumple 20 a\u00f1os de prisi\u00f3n por la muerte de Yuniol Ram\u00edrez, est\u00e1 ingresado en el hospital Juan Pablo Pina de San Crist\u00f3bal, luego que tratara de suicidarse al ingerir una sobredosis de medicamentos y\u2026","rel":"","context":"En \u00abJUSTICIA\u00bb","block_context":{"text":"JUSTICIA","link":"https:\/\/lasprimeras.com.do\/index.php\/category\/justicia\/"},"img":{"alt_text":"","src":"https:\/\/i0.wp.com\/lasprimeras.com.do\/wp-content\/uploads\/2025\/01\/prisiones-informa-que-argenis-contreras-esta-fuera-de-peligro-tras-atentar-contra-su-vida.jpg?resize=350%2C200&ssl=1","width":350,"height":200,"srcset":"https:\/\/i0.wp.com\/lasprimeras.com.do\/wp-content\/uploads\/2025\/01\/prisiones-informa-que-argenis-contreras-esta-fuera-de-peligro-tras-atentar-contra-su-vida.jpg?resize=350%2C200&ssl=1 1x, https:\/\/i0.wp.com\/lasprimeras.com.do\/wp-content\/uploads\/2025\/01\/prisiones-informa-que-argenis-contreras-esta-fuera-de-peligro-tras-atentar-contra-su-vida.jpg?resize=525%2C300&ssl=1 1.5x, https:\/\/i0.wp.com\/lasprimeras.com.do\/wp-content\/uploads\/2025\/01\/prisiones-informa-que-argenis-contreras-esta-fuera-de-peligro-tras-atentar-contra-su-vida.jpg?resize=700%2C400&ssl=1 2x"},"classes":[]},{"id":84646,"url":"https:\/\/lasprimeras.com.do\/index.php\/2024\/06\/12\/condenan-a-20-anos-de-prision-un-hombre-mato-a-otro-en-sdn\/","url_meta":{"origin":90783,"position":2},"title":"Condenan a 20 a\u00f1os de prisi\u00f3n un hombre mat\u00f3 a otro en SDN","author":"Nelson Feliz","date":"12 de junio de 2024","format":false,"excerpt":"La Fiscal\u00eda de Santo Domingo Este y Norte logr\u00f3 que un tribunal de esta jurisdicci\u00f3n condene a 20 a\u00f1os de prisi\u00f3n a un hombre, que, por viejas rencillas vinculadas a negociaciones de drogas, de un disparo le quit\u00f3 la vida a otro, en un hecho ocurrido en el sector de\u2026","rel":"","context":"En \u00abJUSTICIA\u00bb","block_context":{"text":"JUSTICIA","link":"https:\/\/lasprimeras.com.do\/index.php\/category\/justicia\/"},"img":{"alt_text":"Fiscalia SDE","src":"https:\/\/i0.wp.com\/lasprimeras.com.do\/wp-content\/uploads\/2023\/09\/Fiscalia-SDE.jpg?resize=350%2C200&ssl=1","width":350,"height":200,"srcset":"https:\/\/i0.wp.com\/lasprimeras.com.do\/wp-content\/uploads\/2023\/09\/Fiscalia-SDE.jpg?resize=350%2C200&ssl=1 1x, https:\/\/i0.wp.com\/lasprimeras.com.do\/wp-content\/uploads\/2023\/09\/Fiscalia-SDE.jpg?resize=525%2C300&ssl=1 1.5x, https:\/\/i0.wp.com\/lasprimeras.com.do\/wp-content\/uploads\/2023\/09\/Fiscalia-SDE.jpg?resize=700%2C400&ssl=1 2x"},"classes":[]},{"id":87062,"url":"https:\/\/lasprimeras.com.do\/index.php\/2024\/08\/06\/condenan-a-20-anos-de-prision-contra-hombre-por-el-homicidio-en-los-tres-brazos\/","url_meta":{"origin":90783,"position":3},"title":"Condenan a 20 a\u00f1os de prisi\u00f3n contra hombre por el homicidio en Los Tres Brazos","author":"Nelson Feliz","date":"6 de agosto de 2024","format":false,"excerpt":"La Fiscal\u00eda de Santo Domingo Este y Norte logr\u00f3 que un tribunal de esta jurisdicci\u00f3n condenara a 20 a\u00f1os de prisi\u00f3n a Dionar de Oleo Montero, quien de varios disparos les quit\u00f3 la vida a dos hombres, en un hecho ocurrido el pasado a\u00f1o 2023, en el sector de Los\u2026","rel":"","context":"En \u00abJUSTICIA\u00bb","block_context":{"text":"JUSTICIA","link":"https:\/\/lasprimeras.com.do\/index.php\/category\/justicia\/"},"img":{"alt_text":"","src":"https:\/\/i0.wp.com\/lasprimeras.com.do\/wp-content\/uploads\/2023\/09\/mallete.jpeg?resize=350%2C200&ssl=1","width":350,"height":200,"srcset":"https:\/\/i0.wp.com\/lasprimeras.com.do\/wp-content\/uploads\/2023\/09\/mallete.jpeg?resize=350%2C200&ssl=1 1x, https:\/\/i0.wp.com\/lasprimeras.com.do\/wp-content\/uploads\/2023\/09\/mallete.jpeg?resize=525%2C300&ssl=1 1.5x, https:\/\/i0.wp.com\/lasprimeras.com.do\/wp-content\/uploads\/2023\/09\/mallete.jpeg?resize=700%2C400&ssl=1 2x"},"classes":[]},{"id":55252,"url":"https:\/\/lasprimeras.com.do\/index.php\/2023\/07\/19\/condena-de-30-anos-a-hombre-que-violo-y-asesino-nina-de-4-anos-en-santiago\/","url_meta":{"origin":90783,"position":4},"title":"Condena de 30 a\u00f1os a hombre que viol\u00f3 y asesin\u00f3 ni\u00f1a de 4 a\u00f1os en Santiago","author":"Nelson Feliz","date":"19 de julio de 2023","format":false,"excerpt":"Familia de la v\u00edctima encuentra justicia en caso de violaci\u00f3n sexual y asesinato. Los jueces del Segundo Tribunal Colegiado del distrito judicial de Santiago condenaron a Franklin Fern\u00e1ndez Cruz (Gile), de 35 a\u00f1os, a 30 a\u00f1os de prisi\u00f3n por la violaci\u00f3n sexual y asesinato de una ni\u00f1a de 4 a\u00f1os\u2026","rel":"","context":"En \u00abJUSTICIA\u00bb","block_context":{"text":"JUSTICIA","link":"https:\/\/lasprimeras.com.do\/index.php\/category\/justicia\/"},"img":{"alt_text":"","src":"https:\/\/i0.wp.com\/lasprimeras.com.do\/wp-content\/uploads\/2023\/07\/Nina-asesinada.jpeg?resize=350%2C200&ssl=1","width":350,"height":200,"srcset":"https:\/\/i0.wp.com\/lasprimeras.com.do\/wp-content\/uploads\/2023\/07\/Nina-asesinada.jpeg?resize=350%2C200&ssl=1 1x, https:\/\/i0.wp.com\/lasprimeras.com.do\/wp-content\/uploads\/2023\/07\/Nina-asesinada.jpeg?resize=525%2C300&ssl=1 1.5x, https:\/\/i0.wp.com\/lasprimeras.com.do\/wp-content\/uploads\/2023\/07\/Nina-asesinada.jpeg?resize=700%2C400&ssl=1 2x"},"classes":[]},{"id":58746,"url":"https:\/\/lasprimeras.com.do\/index.php\/2023\/08\/28\/declaran-en-rebeldia-a-quirinitocondenado-por-asesinato-en-2013\/","url_meta":{"origin":90783,"position":5},"title":"Declaran en rebeld\u00eda a Quirinito,condenado por asesinato en 2013","author":"Nelson Feliz","date":"28 de agosto de 2023","format":false,"excerpt":"La C\u00e1mara Penal de la Corte de Apelaci\u00f3n de San Francisco de Macor\u00eds declar\u00f3 en rebeld\u00eda al imputado Pedro Alejandro Castillo Paniagua (alias Quirinito), condenado por el asesinato de un ciudadano espa\u00f1ol y fugado cuando se encontraba en prisi\u00f3n domiciliaria. La decisi\u00f3n, amparada que el art\u00edculo 100 del C\u00f3digo Procesal\u2026","rel":"","context":"En \u00abJUSTICIA\u00bb","block_context":{"text":"JUSTICIA","link":"https:\/\/lasprimeras.com.do\/index.php\/category\/justicia\/"},"img":{"alt_text":"Pedro Alejandro Castillo Paniagua","src":"https:\/\/i0.wp.com\/lasprimeras.com.do\/wp-content\/uploads\/2023\/08\/Pedro-Alejandro-Castillo-Paniagua-Quirinito.jpg?resize=350%2C200&ssl=1","width":350,"height":200,"srcset":"https:\/\/i0.wp.com\/lasprimeras.com.do\/wp-content\/uploads\/2023\/08\/Pedro-Alejandro-Castillo-Paniagua-Quirinito.jpg?resize=350%2C200&ssl=1 1x, https:\/\/i0.wp.com\/lasprimeras.com.do\/wp-content\/uploads\/2023\/08\/Pedro-Alejandro-Castillo-Paniagua-Quirinito.jpg?resize=525%2C300&ssl=1 1.5x"},"classes":[]}],"jetpack_sharing_enabled":true,"_links":{"self":[{"href":"https:\/\/lasprimeras.com.do\/index.php\/wp-json\/wp\/v2\/posts\/90783","targetHints":{"allow":["GET"]}}],"collection":[{"href":"https:\/\/lasprimeras.com.do\/index.php\/wp-json\/wp\/v2\/posts"}],"about":[{"href":"https:\/\/lasprimeras.com.do\/index.php\/wp-json\/wp\/v2\/types\/post"}],"author":[{"embeddable":true,"href":"https:\/\/lasprimeras.com.do\/index.php\/wp-json\/wp\/v2\/users\/2"}],"replies":[{"embeddable":true,"href":"https:\/\/lasprimeras.com.do\/index.php\/wp-json\/wp\/v2\/comments?post=90783"}],"version-history":[{"count":1,"href":"https:\/\/lasprimeras.com.do\/index.php\/wp-json\/wp\/v2\/posts\/90783\/revisions"}],"predecessor-version":[{"id":90785,"href":"https:\/\/lasprimeras.com.do\/index.php\/wp-json\/wp\/v2\/posts\/90783\/revisions\/90785"}],"wp:featuredmedia":[{"embeddable":true,"href":"https:\/\/lasprimeras.com.do\/index.php\/wp-json\/wp\/v2\/media\/90784"}],"wp:attachment":[{"href":"https:\/\/lasprimeras.com.do\/index.php\/wp-json\/wp\/v2\/media?parent=90783"}],"wp:term":[{"taxonomy":"category","embeddable":true,"href":"https:\/\/lasprimeras.com.do\/index.php\/wp-json\/wp\/v2\/categories?post=90783"},{"taxonomy":"post_tag","embeddable":true,"href":"https:\/\/lasprimeras.com.do\/index.php\/wp-json\/wp\/v2\/tags?post=90783"}],"curies":[{"name":"wp","href":"https:\/\/api.w.org\/{rel}","templated":true}]}}