{"id":90786,"date":"2024-10-28T23:55:59","date_gmt":"2024-10-29T03:55:59","guid":{"rendered":"https:\/\/lasprimeras.com.do\/?p=90786"},"modified":"2024-10-28T23:56:01","modified_gmt":"2024-10-29T03:56:01","slug":"republica-dominicana-se-consolida-como-lider-en-crecimiento-economico-en-america-latina","status":"publish","type":"post","link":"https:\/\/lasprimeras.com.do\/index.php\/2024\/10\/28\/republica-dominicana-se-consolida-como-lider-en-crecimiento-economico-en-america-latina\/","title":{"rendered":"Rep\u00fablica Dominicana se consolida como l\u00edder en crecimiento econ\u00f3mico en Am\u00e9rica Latina"},"content":{"rendered":"\n<p>El presidente Luis Abinader, junto a la vicepresidenta Raquel Pe\u00f1a, encabez\u00f3 el cuadrag\u00e9simo cuarto consejo de ministros, en el cual se revis\u00f3 el perfil econ\u00f3mico actual de la Rep\u00fablica Dominicana.<\/p>\n\n\n\n<p>Estas declaraciones fueron ofrecidas por el ministro de la presidencia, Jos\u00e9 Ignacio Paliza, quien destac\u00f3 los logros alcanzados en el \u00e1mbito econ\u00f3mico.<\/p>\n\n\n\n<p>El ministro resalt\u00f3 que la Rep\u00fablica Dominicana es actualmente el pa\u00eds con mayor crecimiento en Am\u00e9rica Latina, con un 5.6% registrado en agosto y un acumulado de 5.1% en lo que va de a\u00f1o.<\/p>\n\n\n\n<p>Paliza mencion\u00f3 que la inflaci\u00f3n se mantiene dentro de la meta establecida de 4% mas menos 1% en concordancia con las proyecciones del Banco Central.<\/p>\n\n\n\n<p>Adem\u00e1s destac\u00f3 la estabilidad en el empleo formal y las fortalezas de las reservas internacionales, que superan los 14 millones de d\u00f3rales, mientras que el d\u00e9ficit acumulado es de apenas 1.4% del PIB, que si se compara con el a\u00f1o anterior a la misma semana, est\u00e1n en el mismo porcentaje.<\/p>\n\n\n\n<p>\u201cUna nota muy positiva porque a diferencia del a\u00f1o pasado, este es un a\u00f1o electoral y se acostumbra en gobiernos anteriores a abusar de las finanzas p\u00fablicas en tiempos electorales para utilizar las plataformas gubernamentales para proveer rentabilidad pol\u00edtica\u201d, enfatiz\u00f3 el ministro.<\/p>\n\n\n\n<p>Inform\u00f3 que a nivel internacional, la Rep\u00fablica Dominicana ha escalado posiciones en diversos indicadores de transparencia y justicia, de acuerdo a los \u00edndices de Transparencia Internacional y del Foro Econ\u00f3mico Mundial, el pa\u00eds ha mejorado 61 posiciones en justicia, 29 en transparencia y 40 en estabilidad pol\u00edtica.<\/p>\n\n\n\n<p>Se espera a que estos avances se consoliden con la aprobaci\u00f3n de una nueva Constituci\u00f3n que promueve una mayor claridad en los procesos pol\u00edticos y la estabilidad de la naci\u00f3n.<\/p>\n\n\n\n<p>Otros logros destacados por el funcionario incluyen el avance de 26 posiciones en movilidad social, 31 en institucionalidad y 17 en calidad regulatoria.<\/p>\n\n\n\n<p>En cuanto a la pobreza, Paliza inform\u00f3 que la inseguridad alimentaria ha disminuido de 8.3% a 4.6% en los \u00faltimos cuatro a\u00f1os, con un compromiso de seguir reduciendo esta cifra en el pr\u00f3ximo per\u00edodo.<\/p>\n\n\n\n<p>Adem\u00e1s asegur\u00f3 que el panorama econ\u00f3mico y social de la Rep\u00fablica Dominicana es alentador, y las proyecciones para 2024 y 2025 son optimistas, subrayando que estos indicadores ofrecen una base s\u00f3lida para que los ciudadanos y las instituciones desarrollen proyectos con una visi\u00f3n positiva hacia el futuro del pa\u00eds.<\/p>\n","protected":false},"excerpt":{"rendered":"<p>El presidente Luis Abinader, junto a la vicepresidenta Raquel Pe\u00f1a, encabez\u00f3 el cuadrag\u00e9simo cuarto consejo de ministros, en el cual se revis\u00f3 el perfil econ\u00f3mico actual de la Rep\u00fablica Dominicana.&hellip;<\/p>\n","protected":false},"author":2,"featured_media":90787,"comment_status":"open","ping_status":"open","sticky":false,"template":"","format":"standard","meta":{"content-type":"","jetpack_post_was_ever_published":false,"_jetpack_newsletter_access":"","_jetpack_dont_email_post_to_subs":false,"_jetpack_newsletter_tier_id":0,"_jetpack_memberships_contains_paywalled_content":false,"_jetpack_memberships_contains_paid_content":false,"footnotes":""},"categories":[39,25],"tags":[875,2840,1410,2129,1226,16222],"class_list":["post-90786","post","type-post","status-publish","format-standard","has-post-thumbnail","hentry","category-economia","category-portada","tag-america-latina","tag-crecimiento","tag-economico","tag-lider","tag-republica-dominicana","tag-se-consolida"],"jetpack_featured_media_url":"https:\/\/lasprimeras.com.do\/wp-content\/uploads\/2024\/10\/consejo-de-ministros.jpg","jetpack-related-posts":[{"id":107322,"url":"https:\/\/lasprimeras.com.do\/index.php\/2025\/08\/26\/biviana-riveiro-presenta-a-republica-dominicana-como-lugar-estrategico-para-las-empresas-japonesas\/","url_meta":{"origin":90786,"position":0},"title":"Biviana Riveiro presenta a Rep\u00fablica Dominicana como lugar estrat\u00e9gico para las empresas japonesas","author":"Nelson Feliz","date":"26 de agosto de 2025","format":false,"excerpt":"Resalt\u00f3 los resultados del intercambio comercial entre ambos pa\u00edses. Tokio, Jap\u00f3n.\u2013 La directora ejecutiva del Centro de Exportaci\u00f3n e Inversi\u00f3n de la Rep\u00fablica Dominicana (ProDominicana), Biviana Riveiro Disla, present\u00f3 en la capital nipona las oportunidades de negocios que ofrece el pa\u00eds, durante el foro \u201cHorizontes estrat\u00e9gicos: Rep\u00fablica Dominicana una tierra\u2026","rel":"","context":"En \u00abECONOM\u00cdA\u00bb","block_context":{"text":"ECONOM\u00cdA","link":"https:\/\/lasprimeras.com.do\/index.php\/category\/economia\/"},"img":{"alt_text":"","src":"https:\/\/i0.wp.com\/lasprimeras.com.do\/wp-content\/uploads\/2025\/08\/Biviana-Riveiro-1.jpg?resize=350%2C200&ssl=1","width":350,"height":200,"srcset":"https:\/\/i0.wp.com\/lasprimeras.com.do\/wp-content\/uploads\/2025\/08\/Biviana-Riveiro-1.jpg?resize=350%2C200&ssl=1 1x, https:\/\/i0.wp.com\/lasprimeras.com.do\/wp-content\/uploads\/2025\/08\/Biviana-Riveiro-1.jpg?resize=525%2C300&ssl=1 1.5x, https:\/\/i0.wp.com\/lasprimeras.com.do\/wp-content\/uploads\/2025\/08\/Biviana-Riveiro-1.jpg?resize=700%2C400&ssl=1 2x"},"classes":[]},{"id":101148,"url":"https:\/\/lasprimeras.com.do\/index.php\/2025\/06\/16\/rd-se-posiciona-entre-los-cinco-paises-mas-prosperos-de-al-y-el-caribe-segun-nuevo-indice-internacional\/","url_meta":{"origin":90786,"position":1},"title":"RD se posiciona entre los cinco pa\u00edses m\u00e1s pr\u00f3speros de AL y el Caribe, seg\u00fan nuevo \u00edndice internacional","author":"Nelson Feliz","date":"16 de junio de 2025","format":false,"excerpt":"La naci\u00f3n caribe\u00f1a destaca en crecimiento econ\u00f3mico y reducci\u00f3n de la pobreza. Rep\u00fablica Dominicana se consolida como una de las econom\u00edas m\u00e1s pr\u00f3speras de Am\u00e9rica Latina y el Caribe, al alcanzar el quinto lugar en el nuevo \u201c\u00cdndice de Prosperidad\u201d, que eval\u00faa tanto el crecimiento econ\u00f3mico como la calidad de\u2026","rel":"","context":"En \u00abECONOM\u00cdA\u00bb","block_context":{"text":"ECONOM\u00cdA","link":"https:\/\/lasprimeras.com.do\/index.php\/category\/economia\/"},"img":{"alt_text":"","src":"https:\/\/i0.wp.com\/lasprimeras.com.do\/wp-content\/uploads\/2025\/06\/indice.jpg?resize=350%2C200&ssl=1","width":350,"height":200,"srcset":"https:\/\/i0.wp.com\/lasprimeras.com.do\/wp-content\/uploads\/2025\/06\/indice.jpg?resize=350%2C200&ssl=1 1x, https:\/\/i0.wp.com\/lasprimeras.com.do\/wp-content\/uploads\/2025\/06\/indice.jpg?resize=525%2C300&ssl=1 1.5x, https:\/\/i0.wp.com\/lasprimeras.com.do\/wp-content\/uploads\/2025\/06\/indice.jpg?resize=700%2C400&ssl=1 2x"},"classes":[]},{"id":117748,"url":"https:\/\/lasprimeras.com.do\/index.php\/2025\/12\/15\/exministro-de-hacienda-de-chile-destaca-fortalezas-economicas-de-rd\/","url_meta":{"origin":90786,"position":2},"title":"Exministro de Hacienda de Chile destaca fortalezas econ\u00f3micas de RD","author":"Nelson Feliz","date":"15 de diciembre de 2025","format":false,"excerpt":"El economista particip\u00f3 en el \u201cConversatorio sobre el contexto econ\u00f3mico contempor\u00e1neo\u201d, auspiciado por el Ministerio de Hacienda y Econom\u00eda junto al Centro de An\u00e1lisis para Pol\u00edticas P\u00fablicas en el que reconoci\u00f3 la posibilidad del pa\u00eds de llegar a ser una econom\u00eda desarrollada en los pr\u00f3ximos a\u00f1os. El Ministerio de Hacienda\u2026","rel":"","context":"En \u00abECONOM\u00cdA\u00bb","block_context":{"text":"ECONOM\u00cdA","link":"https:\/\/lasprimeras.com.do\/index.php\/category\/economia\/"},"img":{"alt_text":"Felipe Larra\u00edn, economista y exministro de Hacienda de Chile.","src":"https:\/\/i0.wp.com\/lasprimeras.com.do\/wp-content\/uploads\/2025\/12\/Felipe-Larrain-economista-y-exministro-de-Hacienda-de-Chile.jpg?resize=350%2C200&ssl=1","width":350,"height":200,"srcset":"https:\/\/i0.wp.com\/lasprimeras.com.do\/wp-content\/uploads\/2025\/12\/Felipe-Larrain-economista-y-exministro-de-Hacienda-de-Chile.jpg?resize=350%2C200&ssl=1 1x, https:\/\/i0.wp.com\/lasprimeras.com.do\/wp-content\/uploads\/2025\/12\/Felipe-Larrain-economista-y-exministro-de-Hacienda-de-Chile.jpg?resize=525%2C300&ssl=1 1.5x, https:\/\/i0.wp.com\/lasprimeras.com.do\/wp-content\/uploads\/2025\/12\/Felipe-Larrain-economista-y-exministro-de-Hacienda-de-Chile.jpg?resize=700%2C400&ssl=1 2x"},"classes":[]},{"id":121480,"url":"https:\/\/lasprimeras.com.do\/index.php\/2026\/02\/04\/rd-se-consolida-como-nueva-capital-de-inversion-para-latam-destaca-sanz-lovaton-en-miami\/","url_meta":{"origin":90786,"position":3},"title":"RD se consolida como nueva capital de inversi\u00f3n para LATAM, destaca Sanz Lovat\u00f3n en Miami","author":"Nelson Feliz","date":"4 de febrero de 2026","format":false,"excerpt":"Miami, Florida .\u2013. El ministro de Industria, Comercio y Mipymes (MICM), Eduardo -Yayo- Sanz Lovat\u00f3n destac\u00f3 que la Rep\u00fablica Dominicana y Estados Unidos avanzan en la construcci\u00f3n de cadenas de suministro integradas, resilientes y competitivas. Durante su participaci\u00f3n en la conferencia \u201cPerspectivas de las Am\u00e9ricas 2026\u201d, Sanz Lovat\u00f3n, manifest\u00f3 que\u2026","rel":"","context":"En \u00abECONOM\u00cdA\u00bb","block_context":{"text":"ECONOM\u00cdA","link":"https:\/\/lasprimeras.com.do\/index.php\/category\/economia\/"},"img":{"alt_text":"Eduardo -Yayo- Sanz Lovat\u00f3n","src":"https:\/\/i0.wp.com\/lasprimeras.com.do\/wp-content\/uploads\/2026\/02\/Eduardo-Yayo-Sanz-Lovaton.jpg?resize=350%2C200&ssl=1","width":350,"height":200},"classes":[]},{"id":116228,"url":"https:\/\/lasprimeras.com.do\/index.php\/2025\/11\/27\/inversion-extranjera-se-expande-en-republica-dominicana\/","url_meta":{"origin":90786,"position":4},"title":"Inversi\u00f3n extranjera se expande en Rep\u00fablica Dominicana","author":"Nelson Feliz","date":"27 de noviembre de 2025","format":false,"excerpt":"Esta importante inversi\u00f3n extranjera evidencia la confianza de inversionistas en la seguridad jur\u00eddica y salud econ\u00f3mica del pa\u00eds. El presidente Luis Abinader recibi\u00f3 la visita de ejecutivos de Anheuser-Busch InBev, empresa productora de la cerveza Corona, quienes le informaron que la Rep\u00fablica Dominicana ha sido seleccionada como sede para la\u2026","rel":"","context":"En \u00abECONOM\u00cdA\u00bb","block_context":{"text":"ECONOM\u00cdA","link":"https:\/\/lasprimeras.com.do\/index.php\/category\/economia\/"},"img":{"alt_text":"","src":"https:\/\/i0.wp.com\/lasprimeras.com.do\/wp-content\/uploads\/2025\/11\/Luis-Abinader-2-3.jpg?resize=350%2C200&ssl=1","width":350,"height":200,"srcset":"https:\/\/i0.wp.com\/lasprimeras.com.do\/wp-content\/uploads\/2025\/11\/Luis-Abinader-2-3.jpg?resize=350%2C200&ssl=1 1x, https:\/\/i0.wp.com\/lasprimeras.com.do\/wp-content\/uploads\/2025\/11\/Luis-Abinader-2-3.jpg?resize=525%2C300&ssl=1 1.5x, https:\/\/i0.wp.com\/lasprimeras.com.do\/wp-content\/uploads\/2025\/11\/Luis-Abinader-2-3.jpg?resize=700%2C400&ssl=1 2x"},"classes":[]},{"id":113544,"url":"https:\/\/lasprimeras.com.do\/index.php\/2025\/11\/03\/abinader-destaca-republica-dominicana-se-consolida-como-epicentro-de-confianza-e-inversion-en-america-latina\/","url_meta":{"origin":90786,"position":5},"title":"Abinader destaca Rep\u00fablica Dominicana se consolida como epicentro de confianza e inversi\u00f3n en Am\u00e9rica Latina","author":"Nelson Feliz","date":"3 de noviembre de 2025","format":false,"excerpt":"En un contexto global de incertidumbre, el pa\u00eds emerge como referente de estabilidad, liderazgo y visi\u00f3n estrat\u00e9gica, atrayendo un flujo hist\u00f3rico de inversi\u00f3n extranjera y fortaleciendo su reputaci\u00f3n como uno de los destinos m\u00e1s competitivos y din\u00e1micos. El presidente Luis Abinader present\u00f3 este lunes c\u00f3mo la Rep\u00fablica Dominicana fortalece cada\u2026","rel":"","context":"En \u00abECONOM\u00cdA\u00bb","block_context":{"text":"ECONOM\u00cdA","link":"https:\/\/lasprimeras.com.do\/index.php\/category\/economia\/"},"img":{"alt_text":"","src":"https:\/\/i0.wp.com\/lasprimeras.com.do\/wp-content\/uploads\/2025\/11\/Luis-Abinader-CO.jpg?resize=350%2C200&ssl=1","width":350,"height":200,"srcset":"https:\/\/i0.wp.com\/lasprimeras.com.do\/wp-content\/uploads\/2025\/11\/Luis-Abinader-CO.jpg?resize=350%2C200&ssl=1 1x, https:\/\/i0.wp.com\/lasprimeras.com.do\/wp-content\/uploads\/2025\/11\/Luis-Abinader-CO.jpg?resize=525%2C300&ssl=1 1.5x, https:\/\/i0.wp.com\/lasprimeras.com.do\/wp-content\/uploads\/2025\/11\/Luis-Abinader-CO.jpg?resize=700%2C400&ssl=1 2x"},"classes":[]}],"jetpack_sharing_enabled":true,"_links":{"self":[{"href":"https:\/\/lasprimeras.com.do\/index.php\/wp-json\/wp\/v2\/posts\/90786","targetHints":{"allow":["GET"]}}],"collection":[{"href":"https:\/\/lasprimeras.com.do\/index.php\/wp-json\/wp\/v2\/posts"}],"about":[{"href":"https:\/\/lasprimeras.com.do\/index.php\/wp-json\/wp\/v2\/types\/post"}],"author":[{"embeddable":true,"href":"https:\/\/lasprimeras.com.do\/index.php\/wp-json\/wp\/v2\/users\/2"}],"replies":[{"embeddable":true,"href":"https:\/\/lasprimeras.com.do\/index.php\/wp-json\/wp\/v2\/comments?post=90786"}],"version-history":[{"count":1,"href":"https:\/\/lasprimeras.com.do\/index.php\/wp-json\/wp\/v2\/posts\/90786\/revisions"}],"predecessor-version":[{"id":90788,"href":"https:\/\/lasprimeras.com.do\/index.php\/wp-json\/wp\/v2\/posts\/90786\/revisions\/90788"}],"wp:featuredmedia":[{"embeddable":true,"href":"https:\/\/lasprimeras.com.do\/index.php\/wp-json\/wp\/v2\/media\/90787"}],"wp:attachment":[{"href":"https:\/\/lasprimeras.com.do\/index.php\/wp-json\/wp\/v2\/media?parent=90786"}],"wp:term":[{"taxonomy":"category","embeddable":true,"href":"https:\/\/lasprimeras.com.do\/index.php\/wp-json\/wp\/v2\/categories?post=90786"},{"taxonomy":"post_tag","embeddable":true,"href":"https:\/\/lasprimeras.com.do\/index.php\/wp-json\/wp\/v2\/tags?post=90786"}],"curies":[{"name":"wp","href":"https:\/\/api.w.org\/{rel}","templated":true}]}}