{"id":90824,"date":"2024-10-30T23:07:22","date_gmt":"2024-10-31T03:07:22","guid":{"rendered":"https:\/\/lasprimeras.com.do\/?p=90824"},"modified":"2024-10-30T23:07:24","modified_gmt":"2024-10-31T03:07:24","slug":"charlie-mariottipld-representa-equilibrio-entre-experiencia-y-la-renovacion-de-la-juventud","status":"publish","type":"post","link":"https:\/\/lasprimeras.com.do\/index.php\/2024\/10\/30\/charlie-mariottipld-representa-equilibrio-entre-experiencia-y-la-renovacion-de-la-juventud\/","title":{"rendered":"Charlie Mariotti:PLD representa equilibrio entre experiencia y la renovaci\u00f3n de la juventud"},"content":{"rendered":"\n<p>El diputado Charlie Mariotti Paz, dijo que la elecci\u00f3n de las autoridades titulares del Partido de la Liberaci\u00f3n Dominicana manda un mensaje de equilibrio entre la experiencia y la renovaci\u00f3n de la juventud pelede\u00edsta.<\/p>\n\n\n\n<p>Mariotti Paz afirm\u00f3 que este proceso eleccionario servir\u00e1 para renovar las esperanzas de todo aquel que tiene afecto y cari\u00f1o por el PLD.<\/p>\n\n\n\n<p>\u201cEs un proceso natural y con la disciplina que caracteriza a los pelede\u00edstas nos hemos puesto de acuerdo, siempre a trav\u00e9s del centralismo democr\u00e1tico\u201d, expuso el tambi\u00e9n miembro del Comit\u00e9 Central en el programa Matinal 5.<\/p>\n\n\n\n<p>Manifest\u00f3 que la organizaci\u00f3n pol\u00edtica se fortalece con su renovaci\u00f3n y estructuras, al tiempo que escucha las bases para nutrirse en sus tomas de decisiones.<\/p>\n\n\n\n<p>\u201cEst\u00e1bamos abocados a hacer un trabajo a lo interno del partido. Ahora estamos en otra etapa y el rol que jugaremos ser\u00e1 preponderante y se sentir\u00e1 m\u00e1s hacia afuera porque es a la sociedad que tenemos que hablarle\u201d, expres\u00f3 el legislador.<\/p>\n\n\n\n<p>Dijo que en esta etapa la dirigencia del Partido debe ser un puente entre los problemas de la gente y sus posibles soluciones.<\/p>\n\n\n\n<p>Cuestionado sobre el C\u00f3digo Penal estim\u00f3 que este deber\u00eda ser aprobado en la presente legislatura, pues es una ley que espera la sociedad dominicana desde hace mucho tiempo.<\/p>\n\n\n\n<p>\u201cEsa es una necesidad hist\u00f3rica de la sociedad dominicana y una responsabilidad de los legisladores\u201d, apunt\u00f3.<\/p>\n","protected":false},"excerpt":{"rendered":"<p>El diputado Charlie Mariotti Paz, dijo que la elecci\u00f3n de las autoridades titulares del Partido de la Liberaci\u00f3n Dominicana manda un mensaje de equilibrio entre la experiencia y la renovaci\u00f3n&hellip;<\/p>\n","protected":false},"author":2,"featured_media":90825,"comment_status":"open","ping_status":"open","sticky":false,"template":"","format":"standard","meta":{"content-type":"","jetpack_post_was_ever_published":false,"_jetpack_newsletter_access":"","_jetpack_dont_email_post_to_subs":false,"_jetpack_newsletter_tier_id":0,"_jetpack_memberships_contains_paywalled_content":false,"_jetpack_memberships_contains_paid_content":false,"footnotes":""},"categories":[1],"tags":[16239,78,1443,4499,4914,5992,2479,269,8612],"class_list":["post-90824","post","type-post","status-publish","format-standard","has-post-thumbnail","hentry","category-sin-categoria","tag-charlie-mariotti-paz","tag-diputado","tag-direccion","tag-eleccion","tag-equilibrio","tag-experiencia","tag-juventud","tag-pld","tag-renovacion"],"jetpack_featured_media_url":"https:\/\/lasprimeras.com.do\/wp-content\/uploads\/2024\/10\/Mariotti-Paz.jpg","jetpack-related-posts":[{"id":120929,"url":"https:\/\/lasprimeras.com.do\/index.php\/2026\/01\/29\/charles-mariotti-califica-de-cheque-en-blanco-modificacion-a-la-ley-de-municipios-aprobada-por-el-prm\/","url_meta":{"origin":90824,"position":0},"title":"Charles Mariotti califica de \u201ccheque en blanco\u201d modificaci\u00f3n a la Ley de Municipios aprobada por el PRM","author":"Nelson Feliz","date":"29 de enero de 2026","format":false,"excerpt":"El miembro del Comit\u00e9 Pol\u00edtico del Partido de la Liberaci\u00f3n Dominicana (PLD) Charlie Mariotti, critic\u00f3 al Partido Revolucionario Moderno (PRM) por la reciente modificaci\u00f3n a la Ley 176-07 del Distrito Nacional y los Municipios mediante la Ley 75-25. Mariotti calific\u00f3 las mencionadas piezas legislativas como un \u201ccheque en blanco\u201d para\u2026","rel":"","context":"En \u00abPOLITICA\u00bb","block_context":{"text":"POLITICA","link":"https:\/\/lasprimeras.com.do\/index.php\/category\/politica\/"},"img":{"alt_text":"Charlie Mariotti","src":"https:\/\/i0.wp.com\/lasprimeras.com.do\/wp-content\/uploads\/2024\/07\/Charlie-Mariotti-1.jpg?resize=350%2C200&ssl=1","width":350,"height":200,"srcset":"https:\/\/i0.wp.com\/lasprimeras.com.do\/wp-content\/uploads\/2024\/07\/Charlie-Mariotti-1.jpg?resize=350%2C200&ssl=1 1x, https:\/\/i0.wp.com\/lasprimeras.com.do\/wp-content\/uploads\/2024\/07\/Charlie-Mariotti-1.jpg?resize=525%2C300&ssl=1 1.5x, https:\/\/i0.wp.com\/lasprimeras.com.do\/wp-content\/uploads\/2024\/07\/Charlie-Mariotti-1.jpg?resize=700%2C400&ssl=1 2x"},"classes":[]},{"id":106986,"url":"https:\/\/lasprimeras.com.do\/index.php\/2025\/08\/21\/charlie-mariotti-voy-a-echar-el-pleito-como-quiera-con-danilo-o-sin-danilo\/","url_meta":{"origin":90824,"position":1},"title":"Charlie Mariotti: \u201cVoy a echar el pleito como quiera, con Danilo o sin Danilo\u201d","author":"Nelson Feliz","date":"21 de agosto de 2025","format":false,"excerpt":"El precandidato presidencial del Partido de la Liberaci\u00f3n Dominicana (PLD), Charlie Mariotti, asegur\u00f3 que participar\u00e1 en la competencia interna por la candidatura presidencial de su organizaci\u00f3n, sin importar las figuras que decidan inscribirse y cual apoye Danilo Medina. \u201cVoy a echar el pleito como quiera. Aunque aparezca San Danilo, San\u2026","rel":"","context":"En \u00abPOLITICA\u00bb","block_context":{"text":"POLITICA","link":"https:\/\/lasprimeras.com.do\/index.php\/category\/politica\/"},"img":{"alt_text":"","src":"https:\/\/i0.wp.com\/lasprimeras.com.do\/wp-content\/uploads\/2025\/08\/Charlie-Mariotti.jpg?resize=350%2C200&ssl=1","width":350,"height":200,"srcset":"https:\/\/i0.wp.com\/lasprimeras.com.do\/wp-content\/uploads\/2025\/08\/Charlie-Mariotti.jpg?resize=350%2C200&ssl=1 1x, https:\/\/i0.wp.com\/lasprimeras.com.do\/wp-content\/uploads\/2025\/08\/Charlie-Mariotti.jpg?resize=525%2C300&ssl=1 1.5x, https:\/\/i0.wp.com\/lasprimeras.com.do\/wp-content\/uploads\/2025\/08\/Charlie-Mariotti.jpg?resize=700%2C400&ssl=1 2x"},"classes":[]},{"id":108265,"url":"https:\/\/lasprimeras.com.do\/index.php\/2025\/09\/03\/charlie-mariotti-jr-alexis-medina-y-maxy-montilla-deben-pedirle-perdon-al-pais-al-pld-y-a-danilo\/","url_meta":{"origin":90824,"position":2},"title":"Charlie Mariotti Jr: Alexis Medina y Maxy Montilla deben pedirle perd\u00f3n al pa\u00eds, al PLD y a Danilo","author":"Nelson Feliz","date":"3 de septiembre de 2025","format":false,"excerpt":"Indic\u00f3 que una sanci\u00f3n pecuniaria no es suficiente en el caso de Maxy Montilla. El diputado del Partido de la Liberaci\u00f3n Dominicana (PLD), Charlie Mariotti Jr, indic\u00f3 que tanto Alexis Medina, hermano del expresidente Danilo Medina, como Maxy Montilla, cu\u00f1ado de este, deben pedir perd\u00f3n al pa\u00eds, a esa organizaci\u00f3n\u2026","rel":"","context":"En \u00abPOLITICA\u00bb","block_context":{"text":"POLITICA","link":"https:\/\/lasprimeras.com.do\/index.php\/category\/politica\/"},"img":{"alt_text":"","src":"https:\/\/i0.wp.com\/lasprimeras.com.do\/wp-content\/uploads\/2025\/09\/Charlie-Mariotti-Jr.jpg?resize=350%2C200&ssl=1","width":350,"height":200,"srcset":"https:\/\/i0.wp.com\/lasprimeras.com.do\/wp-content\/uploads\/2025\/09\/Charlie-Mariotti-Jr.jpg?resize=350%2C200&ssl=1 1x, https:\/\/i0.wp.com\/lasprimeras.com.do\/wp-content\/uploads\/2025\/09\/Charlie-Mariotti-Jr.jpg?resize=525%2C300&ssl=1 1.5x"},"classes":[]},{"id":51122,"url":"https:\/\/lasprimeras.com.do\/index.php\/2023\/05\/27\/mariotti-revela-simpatizantes-del-pld-no-tienen-fidelidad-con-abel\/","url_meta":{"origin":90824,"position":3},"title":"Mariotti revela simpatizantes del PLD no tienen fidelidad con Abel","author":"prenxa100","date":"27 de mayo de 2023","format":false,"excerpt":"SANTO DOMINGO.- El secretario general del Partido de la Liberaci\u00f3n Dominicana (PLD) Charlie Mariotti, afirm\u00f3 que esta organizaci\u00f3n atraviesa por el problema de que su militancia y simpatizantes no tienen fidelidad por el aspirante presidencial, Abel Mart\u00ednez, y lo demuestran al ser encuestados. De acuerdo con Charlie Mariotti, peledeistas que\u2026","rel":"","context":"En \u00abSin categor\u00eda\u00bb","block_context":{"text":"Sin categor\u00eda","link":"https:\/\/lasprimeras.com.do\/index.php\/category\/sin-categoria\/"},"img":{"alt_text":"","src":"","width":0,"height":0},"classes":[]},{"id":93962,"url":"https:\/\/lasprimeras.com.do\/index.php\/2025\/02\/23\/charlie-mariotti-visita-a-rafael-ferreras-en-cabral\/","url_meta":{"origin":90824,"position":4},"title":"Charlie Mariotti visita a Rafael Ferreras en Cabral","author":"Nelson Feliz","date":"23 de febrero de 2025","format":false,"excerpt":"El dirigente del Partido de la Liberaci\u00f3n Dominicana (PLD) Charlie Mariotti visit\u00f3 sostuvo un encuentro con el exalcalde Rafael Ferreras, en el municipio Cabral provincia Barahona. Durante la visita, Mariotti estuvo acompa\u00f1ado por Andr\u00e9s Navarro, Henry Rivas y otros dirigentes del PLD. La delegaci\u00f3n fue recibida por la dirigencia local\u2026","rel":"","context":"En \u00abPOLITICA\u00bb","block_context":{"text":"POLITICA","link":"https:\/\/lasprimeras.com.do\/index.php\/category\/politica\/"},"img":{"alt_text":"","src":"https:\/\/i0.wp.com\/lasprimeras.com.do\/wp-content\/uploads\/2024\/07\/Charlie-Mariotti.jpg?resize=350%2C200&ssl=1","width":350,"height":200,"srcset":"https:\/\/i0.wp.com\/lasprimeras.com.do\/wp-content\/uploads\/2024\/07\/Charlie-Mariotti.jpg?resize=350%2C200&ssl=1 1x, https:\/\/i0.wp.com\/lasprimeras.com.do\/wp-content\/uploads\/2024\/07\/Charlie-Mariotti.jpg?resize=525%2C300&ssl=1 1.5x"},"classes":[]},{"id":77402,"url":"https:\/\/lasprimeras.com.do\/index.php\/2024\/02\/20\/charlie-mariotti-dice-el-pld-se-consolida-como-la-segunda-fuerza-politica-del-pais\/","url_meta":{"origin":90824,"position":5},"title":"Charlie Mariotti dice el PLD se consolida como la segunda fuerza pol\u00edtica del pa\u00eds","author":"Nelson Feliz","date":"20 de febrero de 2024","format":false,"excerpt":"El secretario general del Partido de la Liberaci\u00f3n Dominicana (PLD), Charlie Mariotti, asegur\u00f3 que los resultados electorales obtenidos en las elecciones municipales consolidan a esa la organizaci\u00f3n como la segunda fuerza pol\u00edtica del pa\u00eds. As\u00ed lo expres\u00f3 luego de una reuni\u00f3n de m\u00e1s de cinco horas del Comit\u00e9 Pol\u00edtico del\u2026","rel":"","context":"En \u00abPORTADA\u00bb","block_context":{"text":"PORTADA","link":"https:\/\/lasprimeras.com.do\/index.php\/category\/portada\/"},"img":{"alt_text":"Charlie Mariotti","src":"https:\/\/i0.wp.com\/lasprimeras.com.do\/wp-content\/uploads\/2024\/02\/Charlie-Mariotti.jpg?resize=350%2C200&ssl=1","width":350,"height":200,"srcset":"https:\/\/i0.wp.com\/lasprimeras.com.do\/wp-content\/uploads\/2024\/02\/Charlie-Mariotti.jpg?resize=350%2C200&ssl=1 1x, https:\/\/i0.wp.com\/lasprimeras.com.do\/wp-content\/uploads\/2024\/02\/Charlie-Mariotti.jpg?resize=525%2C300&ssl=1 1.5x, https:\/\/i0.wp.com\/lasprimeras.com.do\/wp-content\/uploads\/2024\/02\/Charlie-Mariotti.jpg?resize=700%2C400&ssl=1 2x"},"classes":[]}],"jetpack_sharing_enabled":true,"_links":{"self":[{"href":"https:\/\/lasprimeras.com.do\/index.php\/wp-json\/wp\/v2\/posts\/90824","targetHints":{"allow":["GET"]}}],"collection":[{"href":"https:\/\/lasprimeras.com.do\/index.php\/wp-json\/wp\/v2\/posts"}],"about":[{"href":"https:\/\/lasprimeras.com.do\/index.php\/wp-json\/wp\/v2\/types\/post"}],"author":[{"embeddable":true,"href":"https:\/\/lasprimeras.com.do\/index.php\/wp-json\/wp\/v2\/users\/2"}],"replies":[{"embeddable":true,"href":"https:\/\/lasprimeras.com.do\/index.php\/wp-json\/wp\/v2\/comments?post=90824"}],"version-history":[{"count":1,"href":"https:\/\/lasprimeras.com.do\/index.php\/wp-json\/wp\/v2\/posts\/90824\/revisions"}],"predecessor-version":[{"id":90826,"href":"https:\/\/lasprimeras.com.do\/index.php\/wp-json\/wp\/v2\/posts\/90824\/revisions\/90826"}],"wp:featuredmedia":[{"embeddable":true,"href":"https:\/\/lasprimeras.com.do\/index.php\/wp-json\/wp\/v2\/media\/90825"}],"wp:attachment":[{"href":"https:\/\/lasprimeras.com.do\/index.php\/wp-json\/wp\/v2\/media?parent=90824"}],"wp:term":[{"taxonomy":"category","embeddable":true,"href":"https:\/\/lasprimeras.com.do\/index.php\/wp-json\/wp\/v2\/categories?post=90824"},{"taxonomy":"post_tag","embeddable":true,"href":"https:\/\/lasprimeras.com.do\/index.php\/wp-json\/wp\/v2\/tags?post=90824"}],"curies":[{"name":"wp","href":"https:\/\/api.w.org\/{rel}","templated":true}]}}