{"id":90836,"date":"2024-10-30T23:24:33","date_gmt":"2024-10-31T03:24:33","guid":{"rendered":"https:\/\/lasprimeras.com.do\/?p=90836"},"modified":"2024-10-30T23:24:35","modified_gmt":"2024-10-31T03:24:35","slug":"coopecogral-destaca-crecimiento-financiero-sostenido-en-25-anos-de-fundada","status":"publish","type":"post","link":"https:\/\/lasprimeras.com.do\/index.php\/2024\/10\/30\/coopecogral-destaca-crecimiento-financiero-sostenido-en-25-anos-de-fundada\/","title":{"rendered":"Coopecogral destaca crecimiento financiero sostenido en 25 a\u00f1os de fundada"},"content":{"rendered":"\n<p><strong>Entidad celebra VII Asamblea de Delegados en la que reconoce al Contralor F\u00e9lix Santana<\/strong><\/p>\n\n\n\n<p>La Cooperativa Nacional de Servicios M\u00faltiples de los Empleados de la Contralor\u00eda General de la Rep\u00fablica (Coopecogral) celebr\u00f3 su VII Asamblea General Ordinaria de Delegados, en un evento que reuni\u00f3 a los 69 representantes de los distritos que conforman la cooperativa, quienes reafirmaron su compromiso con los valores de solidaridad, transparencia y eficiencia que caracterizan a la instituci\u00f3n.<\/p>\n\n\n\n<p>Durante la actividad fue proyectado en pantalla el discurso de felicitaci\u00f3n del contralor general de la Rep\u00fablica, F\u00e9lix Santana Garc\u00eda, quien previamente fue reconocido en su despacho por los miembros del Consejo Administrativo de la Coopecogral, los cuales resaltaron su apoyo incondicional a los valores del cooperativismo.<\/p>\n\n\n\n<p>En la asamblea se dieron a conocer los resultados financieros de 2023, en los que se evidenci\u00f3 un crecimiento s\u00f3lido y sostenible a lo largo de los 25 a\u00f1os de existencia de la cooperativa, lo que le ha permitido posicionarse como un pilar fundamental en la econom\u00eda de sus socios, alcanzando un crecimiento en su cartera de pr\u00e9stamos del 13.47%.<\/p>\n\n\n\n<p>Asimismo, la Coopecogral logr\u00f3 al 30 de septiembre de 2024 realizar desembolsos que ascienden a $142 millones de pesos. Adem\u00e1s, los ahorros y aportaciones aumentaron en $28.6 millones con respecto al a\u00f1o anterior, y los excedentes a distribuir alcanzaron los RD$9.8 millones, superando el monto del a\u00f1o pasado en RD$1.3 millones, logrando consolidar su lema de \u201cm\u00e1s moderna, m\u00e1s humana\u201d.<\/p>\n\n\n\n<p>El presidente del Consejo Administrativo de la Coopecogral, Mairen\u00ed Rosario, sostuvo que \u201cestos resultados reflejan la administraci\u00f3n responsable y transparente de los recursos que hemos hecho hasta ahora, reafirmando nuestro compromiso con el bienestar econ\u00f3mico, social y familiar de los socios\u201d.<\/p>\n\n\n\n<p>De su lado, la gerente de la Coopecogral, Marisol Mord\u00e1n, enfatiz\u00f3 que \u201ccontinuaremos fortaleciendo la misi\u00f3n de ofrecer servicios que mejoren la calidad de vida de los asociados, promoviendo la solidaridad, a trav\u00e9s de operaciones y servicios con sentido humano, para beneficio de los colaboradores de la Contralor\u00eda\u201d.<\/p>\n\n\n\n<p>Como parte de los trabajos de esta VII Asamblea de Delegados se realizaron las elecciones de nuevos miembros del Consejo Administrativo, las cuales fueron supervisadas y validadas por la t\u00e9cnica del Instituto de Desarrollo y Cr\u00e9dito Cooperativo (IDECOOP), Danis Ram\u00edrez.<\/p>\n\n\n\n<p>Los presentes disfrutaron emotivas canciones del artista Manuel Jim\u00e9nez, entre ellas el emblem\u00e1tico himno del cooperativismo, del cual es su autor.<\/p>\n\n\n\n<p>En este acto tambi\u00e9n fueron reconocidos la colaboradora Mireidy Solange Villar Lora, contadora de la Coopecogral, as\u00ed como los directivos salientes: Jahaira de Le\u00f3n, Mart\u00edn Cordero, Fiordaliza Ross\u00f3 y Nixon Ram\u00edrez.<\/p>\n\n\n\n<p>Durante el acto tambi\u00e9n fue dispensada una salutaci\u00f3n especial para el presidente del consejo de administraci\u00f3n, de la Federaci\u00f3n Nacional de Cooperativas de Ahorros y Cr\u00e9ditos del Sector Gubernamental Dominicano (FENCOOPSEGUD), Lisandro Mu\u00f1oz Jim\u00e9nez.<\/p>\n\n\n\n<p>Previo al inicio de la Asamblea, los miembros del Consejo de Administraci\u00f3n y los dem\u00e1s socios participaron en un taller impartido por el asesor Jos\u00e9 Miguel Ortiz, en la que se revisaron los roles, deberes y derechos de los delegados.<\/p>\n\n\n\n<p>La Asamblea tambi\u00e9n cont\u00f3 con la presencia de los invitados especiales: Jorge Luis B\u00e1ez, asesor de la Contralor\u00eda; Freddy Aquino, expresidente de la Coopecogral; Rita Polanco, presidenta del Consejo de Administraci\u00f3n de la Cooperativa de Hacienda; Carlos Manuel Guerrero, de la cooperativa de la Procuradur\u00eda General de la Rep\u00fablica; Gregory Morillo, de la cooperativa de los Servidores del poder Judicial y Yadira G\u00f3mez, directora ejecutiva de JMO Grupo, entre otros.<\/p>\n\n\n\n<p>La Cooperativa Nacional de Servicios M\u00faltiples de los Empleados de la Contralor\u00eda General de la Rep\u00fablica fue creada en el a\u00f1o 1999, e incorporada en el a\u00f1o 2003. Es una instituci\u00f3n sin fines de lucro, que tiene como misi\u00f3n brindar servicios a todos sus asociados, elevando su nivel de vida en lo econ\u00f3mico, social y familiar, promoviendo en ellos el sentido de solidaridad y ayuda entre todos sus miembros.<\/p>\n","protected":false},"excerpt":{"rendered":"<p>Entidad celebra VII Asamblea de Delegados en la que reconoce al Contralor F\u00e9lix Santana La Cooperativa Nacional de Servicios M\u00faltiples de los Empleados de la Contralor\u00eda General de la Rep\u00fablica&hellip;<\/p>\n","protected":false},"author":2,"featured_media":90837,"comment_status":"open","ping_status":"open","sticky":false,"template":"","format":"standard","meta":{"content-type":"","jetpack_post_was_ever_published":false,"_jetpack_newsletter_access":"","_jetpack_dont_email_post_to_subs":false,"_jetpack_newsletter_tier_id":0,"_jetpack_memberships_contains_paywalled_content":false,"_jetpack_memberships_contains_paid_content":false,"footnotes":""},"categories":[39],"tags":[16242,2840,336],"class_list":["post-90836","post","type-post","status-publish","format-standard","has-post-thumbnail","hentry","category-economia","tag-coopecogral","tag-crecimiento","tag-financiero"],"jetpack_featured_media_url":"https:\/\/lasprimeras.com.do\/wp-content\/uploads\/2024\/10\/Consejo-directivo-Coopecogral.jpg","jetpack-related-posts":[{"id":106457,"url":"https:\/\/lasprimeras.com.do\/index.php\/2025\/08\/15\/contralor-felix-santana-garcia-pone-a-circular-dos-nuevas-obras-sobre-economia-y-finanzas\/","url_meta":{"origin":90836,"position":0},"title":"Contralor F\u00e9lix Santana Garc\u00eda pone a circular dos nuevas obras sobre econom\u00eda y finanzas","author":"Nelson Feliz","date":"15 de agosto de 2025","format":false,"excerpt":"El contralor general de la Rep\u00fablica, F\u00e9lix Santana Garc\u00eda, puso en circulaci\u00f3n sus obras \u201cAvatares econ\u00f3micos y financieros (2014\u20132020)\u201d y \u201cEntre pandemia y guerra: superaci\u00f3n fiscal y monetaria (2020\u20132024)\u201d, sin fines de lucro, como un aporte a la institucionalidad y al pa\u00eds. El evento reuni\u00f3 a destacados representantes del \u00e1mbito\u2026","rel":"","context":"En \u00abENTRETENIMIENTO\u00bb","block_context":{"text":"ENTRETENIMIENTO","link":"https:\/\/lasprimeras.com.do\/index.php\/category\/entretenimiento\/"},"img":{"alt_text":"","src":"https:\/\/i0.wp.com\/lasprimeras.com.do\/wp-content\/uploads\/2025\/08\/Puesta-en-circulacion-libros-del-Contralor.jpg?resize=350%2C200&ssl=1","width":350,"height":200,"srcset":"https:\/\/i0.wp.com\/lasprimeras.com.do\/wp-content\/uploads\/2025\/08\/Puesta-en-circulacion-libros-del-Contralor.jpg?resize=350%2C200&ssl=1 1x, https:\/\/i0.wp.com\/lasprimeras.com.do\/wp-content\/uploads\/2025\/08\/Puesta-en-circulacion-libros-del-Contralor.jpg?resize=525%2C300&ssl=1 1.5x, https:\/\/i0.wp.com\/lasprimeras.com.do\/wp-content\/uploads\/2025\/08\/Puesta-en-circulacion-libros-del-Contralor.jpg?resize=700%2C400&ssl=1 2x"},"classes":[]},{"id":87103,"url":"https:\/\/lasprimeras.com.do\/index.php\/2024\/08\/07\/cooperativa-de-maestros-convoca-asamblea-general-y-distritales-de-delegados\/","url_meta":{"origin":90836,"position":1},"title":"Cooperativa de Maestros convoca asamblea general y distritales de delegados","author":"Nelson Feliz","date":"7 de agosto de 2024","format":false,"excerpt":"El presidente del Consejo de Administraci\u00f3n de la Cooperativa Nacional de Servicios M\u00faltiples de los Maestros, Prof. Santiago Portes, convoc\u00f3 a los asociados del pa\u00eds a sus Asambleas Distritales Ordinarias y a la Quincuag\u00e9sima Tercera (LIII) Asamblea General Ordinaria de Delegados. Portes hizo la convocatoria de las Asambleas Distritales Ordinarias\u2026","rel":"","context":"En \u00abNACIONALES\u00bb","block_context":{"text":"NACIONALES","link":"https:\/\/lasprimeras.com.do\/index.php\/category\/nacionales\/"},"img":{"alt_text":"COOPNAMA","src":"https:\/\/i0.wp.com\/lasprimeras.com.do\/wp-content\/uploads\/2024\/08\/COOPNAMA.jpg?resize=350%2C200&ssl=1","width":350,"height":200,"srcset":"https:\/\/i0.wp.com\/lasprimeras.com.do\/wp-content\/uploads\/2024\/08\/COOPNAMA.jpg?resize=350%2C200&ssl=1 1x, https:\/\/i0.wp.com\/lasprimeras.com.do\/wp-content\/uploads\/2024\/08\/COOPNAMA.jpg?resize=525%2C300&ssl=1 1.5x, https:\/\/i0.wp.com\/lasprimeras.com.do\/wp-content\/uploads\/2024\/08\/COOPNAMA.jpg?resize=700%2C400&ssl=1 2x"},"classes":[]},{"id":100701,"url":"https:\/\/lasprimeras.com.do\/index.php\/2025\/06\/10\/contralor-afirma-irregularidades-se-reducen-significativamente-en-gobiernos-de-abinader\/","url_meta":{"origin":90836,"position":2},"title":"Contralor afirma irregularidades se reducen significativamente en gobiernos de Abinader","author":"Nelson Feliz","date":"10 de junio de 2025","format":false,"excerpt":"F\u00e9lix Santana da inicio a primera capacitaci\u00f3n en Control Interno a colaboradores de la UASD El contralor general de la Rep\u00fablica dijo, en la Universidad Aut\u00f3noma de Santo Domingo (UASD), que las irregularidades, desviaciones y otros actos pecaminosos se han reducido significativamente durante los gobiernos del presidente Luis Abinader, por\u2026","rel":"","context":"En \u00abECONOM\u00cdA\u00bb","block_context":{"text":"ECONOM\u00cdA","link":"https:\/\/lasprimeras.com.do\/index.php\/category\/economia\/"},"img":{"alt_text":"","src":"https:\/\/i0.wp.com\/lasprimeras.com.do\/wp-content\/uploads\/2025\/06\/Contralor-Felix-Santana.jpg?resize=350%2C200&ssl=1","width":350,"height":200,"srcset":"https:\/\/i0.wp.com\/lasprimeras.com.do\/wp-content\/uploads\/2025\/06\/Contralor-Felix-Santana.jpg?resize=350%2C200&ssl=1 1x, https:\/\/i0.wp.com\/lasprimeras.com.do\/wp-content\/uploads\/2025\/06\/Contralor-Felix-Santana.jpg?resize=525%2C300&ssl=1 1.5x, https:\/\/i0.wp.com\/lasprimeras.com.do\/wp-content\/uploads\/2025\/06\/Contralor-Felix-Santana.jpg?resize=700%2C400&ssl=1 2x"},"classes":[]},{"id":84674,"url":"https:\/\/lasprimeras.com.do\/index.php\/2024\/06\/13\/contralor-felix-santana-informa-seran-muy-estrictos-con-el-cumplimiento-de-la-ley-311-14\/","url_meta":{"origin":90836,"position":3},"title":"Contralor F\u00e9lix Santana informa ser\u00e1n muy estrictos con el cumplimiento de la Ley 311-14","author":"Nelson Feliz","date":"13 de junio de 2024","format":false,"excerpt":"Funcionarios que no presenten sus declaraciones juradas de patrimonio a tiempo\u00a0 podr\u00edan quedar fuera de n\u00f3mina. El contralor general de la Rep\u00fablica, F\u00e9lix Santana Garc\u00eda, advirti\u00f3 que las instituciones encargadas de velar por el cumplimiento de la Ley 311-14 sobre Declaraciones Juradas de Patrimonio de los Funcionarios y Servidores P\u00fablicos\u2026","rel":"","context":"En \u00abECONOM\u00cdA\u00bb","block_context":{"text":"ECONOM\u00cdA","link":"https:\/\/lasprimeras.com.do\/index.php\/category\/economia\/"},"img":{"alt_text":"F\u00e9lix Santana","src":"https:\/\/i0.wp.com\/lasprimeras.com.do\/wp-content\/uploads\/2024\/06\/Felix-Santana-2.jpg?resize=350%2C200&ssl=1","width":350,"height":200,"srcset":"https:\/\/i0.wp.com\/lasprimeras.com.do\/wp-content\/uploads\/2024\/06\/Felix-Santana-2.jpg?resize=350%2C200&ssl=1 1x, https:\/\/i0.wp.com\/lasprimeras.com.do\/wp-content\/uploads\/2024\/06\/Felix-Santana-2.jpg?resize=525%2C300&ssl=1 1.5x"},"classes":[]},{"id":115716,"url":"https:\/\/lasprimeras.com.do\/index.php\/2025\/11\/24\/contraloria-pone-en-marcha-innovador-servicio-de-consulta-verifica-cgr\/","url_meta":{"origin":90836,"position":4},"title":"Contralor\u00eda pone en marcha innovador servicio de consulta \u201cVerifica CGR\u201d","author":"Nelson Feliz","date":"24 de noviembre de 2025","format":false,"excerpt":"Contralor F\u00e9lix Santana hizo anuncio ante miembros del ICPARD en San Juan La Contralor\u00eda General de la Rep\u00fablica (CGR) anunci\u00f3 la puesta en marcha de \u201cVerifica CGR\u201d, un nuevo servicio de consulta ciudadana que permitir\u00e1 a los proveedores del Estado verificar en tiempo real el estatus de sus libramientos, pagos\u2026","rel":"","context":"En \u00abNACIONALES\u00bb","block_context":{"text":"NACIONALES","link":"https:\/\/lasprimeras.com.do\/index.php\/category\/nacionales\/"},"img":{"alt_text":"","src":"https:\/\/i0.wp.com\/lasprimeras.com.do\/wp-content\/uploads\/2025\/11\/contralor-1.jpg?resize=350%2C200&ssl=1","width":350,"height":200,"srcset":"https:\/\/i0.wp.com\/lasprimeras.com.do\/wp-content\/uploads\/2025\/11\/contralor-1.jpg?resize=350%2C200&ssl=1 1x, https:\/\/i0.wp.com\/lasprimeras.com.do\/wp-content\/uploads\/2025\/11\/contralor-1.jpg?resize=525%2C300&ssl=1 1.5x, https:\/\/i0.wp.com\/lasprimeras.com.do\/wp-content\/uploads\/2025\/11\/contralor-1.jpg?resize=700%2C400&ssl=1 2x"},"classes":[]},{"id":99349,"url":"https:\/\/lasprimeras.com.do\/index.php\/2025\/05\/20\/contraloria-impulsa-transparencia-con-284-auditoria-y-un-sistema-de-pagos-eficiente\/","url_meta":{"origin":90836,"position":5},"title":"Contralor\u00eda impulsa transparencia con 284 auditor\u00eda y un sistema de pagos eficiente","author":"Nelson Feliz","date":"20 de mayo de 2025","format":false,"excerpt":"El contralor general de la Rep\u00fablica, F\u00e9lix Santana Garc\u00eda, afirm\u00f3 que la Contralor\u00eda ha logrado avances significativos en el fortalecimiento del control interno y la transparencia en la gesti\u00f3n p\u00fablica. Detall\u00f3 que la Unidad Antifraude gestion\u00f3 52 solicitudes, incluyendo denuncias y certificaciones, y elabor\u00f3 36 informes de investigaci\u00f3n, de los\u2026","rel":"","context":"En \u00abECONOM\u00cdA\u00bb","block_context":{"text":"ECONOM\u00cdA","link":"https:\/\/lasprimeras.com.do\/index.php\/category\/economia\/"},"img":{"alt_text":"","src":"https:\/\/i0.wp.com\/lasprimeras.com.do\/wp-content\/uploads\/2025\/05\/Reconocimiento.jpg?resize=350%2C200&ssl=1","width":350,"height":200,"srcset":"https:\/\/i0.wp.com\/lasprimeras.com.do\/wp-content\/uploads\/2025\/05\/Reconocimiento.jpg?resize=350%2C200&ssl=1 1x, https:\/\/i0.wp.com\/lasprimeras.com.do\/wp-content\/uploads\/2025\/05\/Reconocimiento.jpg?resize=525%2C300&ssl=1 1.5x"},"classes":[]}],"jetpack_sharing_enabled":true,"_links":{"self":[{"href":"https:\/\/lasprimeras.com.do\/index.php\/wp-json\/wp\/v2\/posts\/90836","targetHints":{"allow":["GET"]}}],"collection":[{"href":"https:\/\/lasprimeras.com.do\/index.php\/wp-json\/wp\/v2\/posts"}],"about":[{"href":"https:\/\/lasprimeras.com.do\/index.php\/wp-json\/wp\/v2\/types\/post"}],"author":[{"embeddable":true,"href":"https:\/\/lasprimeras.com.do\/index.php\/wp-json\/wp\/v2\/users\/2"}],"replies":[{"embeddable":true,"href":"https:\/\/lasprimeras.com.do\/index.php\/wp-json\/wp\/v2\/comments?post=90836"}],"version-history":[{"count":1,"href":"https:\/\/lasprimeras.com.do\/index.php\/wp-json\/wp\/v2\/posts\/90836\/revisions"}],"predecessor-version":[{"id":90838,"href":"https:\/\/lasprimeras.com.do\/index.php\/wp-json\/wp\/v2\/posts\/90836\/revisions\/90838"}],"wp:featuredmedia":[{"embeddable":true,"href":"https:\/\/lasprimeras.com.do\/index.php\/wp-json\/wp\/v2\/media\/90837"}],"wp:attachment":[{"href":"https:\/\/lasprimeras.com.do\/index.php\/wp-json\/wp\/v2\/media?parent=90836"}],"wp:term":[{"taxonomy":"category","embeddable":true,"href":"https:\/\/lasprimeras.com.do\/index.php\/wp-json\/wp\/v2\/categories?post=90836"},{"taxonomy":"post_tag","embeddable":true,"href":"https:\/\/lasprimeras.com.do\/index.php\/wp-json\/wp\/v2\/tags?post=90836"}],"curies":[{"name":"wp","href":"https:\/\/api.w.org\/{rel}","templated":true}]}}