{"id":90849,"date":"2024-10-30T23:51:40","date_gmt":"2024-10-31T03:51:40","guid":{"rendered":"https:\/\/lasprimeras.com.do\/?p=90849"},"modified":"2024-10-30T23:51:40","modified_gmt":"2024-10-31T03:51:40","slug":"transportistas-amenazan-a-sus-companeros-porque-estos-le-reclaman-no-le-maltraten","status":"publish","type":"post","link":"https:\/\/lasprimeras.com.do\/index.php\/2024\/10\/30\/transportistas-amenazan-a-sus-companeros-porque-estos-le-reclaman-no-le-maltraten\/","title":{"rendered":"Transportistas amenazan a \u00a0sus compa\u00f1eros porque estos le reclaman, no le maltraten"},"content":{"rendered":"\n<p>Por Joselito Pe\u00f1a. &nbsp;<\/p>\n\n\n\n<p>Choferes pertenecientes a la Federaci\u00f3n Nacional de Transportistas Amigo de Pe\u00f1a G\u00f3mez\u00a0denunciaron que fueron amenazados por su Presidente Eddy Francisco, luego que una comitiva fuera a expresar sus quejas por la denuncia de maltrato hechas por choferes que operan en la ruta.<\/p>\n\n\n\n<p>La denuncia fue hecha por el secretario de Fenatrano Junior Jaquez, , quien dijo que al apersonarse la comisi\u00f3n para mediar sobre denuncia de atropello por partes de trabajadores del volante.<\/p>\n\n\n\n<p>Afirma que a pesar de que la comisi\u00f3n fue presidida por J\u00e0quez secretario de la Federaci\u00f3n Nacional de transporte Nueva Opci\u00f3n (FENTRADO), este uso su poder y vocifera mandando un mensaje a Juan hubieres \u201cdiciendo: En esta ruta mando yo\u201d.<\/p>\n\n\n\n<p>Explicaron que la comitiva no tuvo \u00e9xito en su misi\u00f3n de proteger a los compa\u00f1eros debido a la reacci\u00f3n del presidente de la ruta 81, y su comportamiento antes sus compa\u00f1eros, que sufrieron amenazas e intento de agresi\u00f3n f\u00edsicas de parte del dirigente choferil.<\/p>\n","protected":false},"excerpt":{"rendered":"<p>Por Joselito Pe\u00f1a. &nbsp; Choferes pertenecientes a la Federaci\u00f3n Nacional de Transportistas Amigo de Pe\u00f1a G\u00f3mez\u00a0denunciaron que fueron amenazados por su Presidente Eddy Francisco, luego que una comitiva fuera a&hellip;<\/p>\n","protected":false},"author":2,"featured_media":0,"comment_status":"open","ping_status":"open","sticky":false,"template":"","format":"standard","meta":{"content-type":"","jetpack_post_was_ever_published":false,"_jetpack_newsletter_access":"","_jetpack_dont_email_post_to_subs":false,"_jetpack_newsletter_tier_id":0,"_jetpack_memberships_contains_paywalled_content":false,"_jetpack_memberships_contains_paid_content":false,"footnotes":""},"categories":[35],"tags":[3998],"class_list":["post-90849","post","type-post","status-publish","format-standard","hentry","category-nacionales","tag-transportistas"],"jetpack_featured_media_url":"","jetpack-related-posts":[{"id":127056,"url":"https:\/\/lasprimeras.com.do\/index.php\/2026\/04\/08\/derechos-humanos-denuncian-chofer-haitiano-de-la-ruta-villa-faro-duarte-insulta-y-amenaza-con-agredir-a-periodista\/","url_meta":{"origin":90849,"position":0},"title":"Derechos Humanos denuncian chofer haitiano de la ruta Villa Faro-Duarte insulta y amenaza con agredir a periodista","author":"Nelson Feliz","date":"8 de abril de 2026","format":false,"excerpt":"BDDH pide a la Direcci\u00f3n General de Migraci\u00f3n (DGM) intervenir esta ruta del transporte p\u00fablico por la violencia de choferes haitianos contra pasajeros dominicanos. Por Tito Valenzuela El Bloque Dominicano para los Derechos Humanos (BDDH) denunci\u00f3 que un chofer haitiano de la ruta Villa Faro-Duarte insult\u00f3 y amenaz\u00f3 con agredir\u2026","rel":"","context":"En \u00abNACIONALES\u00bb","block_context":{"text":"NACIONALES","link":"https:\/\/lasprimeras.com.do\/index.php\/category\/nacionales\/"},"img":{"alt_text":"","src":"https:\/\/i0.wp.com\/lasprimeras.com.do\/wp-content\/uploads\/2026\/04\/choferes-de-conchos-eddy-vittini06-17566561-scaled.jpg?resize=350%2C200&ssl=1","width":350,"height":200,"srcset":"https:\/\/i0.wp.com\/lasprimeras.com.do\/wp-content\/uploads\/2026\/04\/choferes-de-conchos-eddy-vittini06-17566561-scaled.jpg?resize=350%2C200&ssl=1 1x, https:\/\/i0.wp.com\/lasprimeras.com.do\/wp-content\/uploads\/2026\/04\/choferes-de-conchos-eddy-vittini06-17566561-scaled.jpg?resize=525%2C300&ssl=1 1.5x, https:\/\/i0.wp.com\/lasprimeras.com.do\/wp-content\/uploads\/2026\/04\/choferes-de-conchos-eddy-vittini06-17566561-scaled.jpg?resize=700%2C400&ssl=1 2x, https:\/\/i0.wp.com\/lasprimeras.com.do\/wp-content\/uploads\/2026\/04\/choferes-de-conchos-eddy-vittini06-17566561-scaled.jpg?resize=1050%2C600&ssl=1 3x, https:\/\/i0.wp.com\/lasprimeras.com.do\/wp-content\/uploads\/2026\/04\/choferes-de-conchos-eddy-vittini06-17566561-scaled.jpg?resize=1400%2C800&ssl=1 4x"},"classes":[]},{"id":103664,"url":"https:\/\/lasprimeras.com.do\/index.php\/2025\/07\/17\/asociacion-de-transporte-javilla-nueva-barquita-ratifica-su-presidente\/","url_meta":{"origin":90849,"position":1},"title":"Asociaci\u00f3n de Transporte \u201cJavilla Nueva Barquita\u201d ratifica su presidente","author":"Nelson Feliz","date":"17 de julio de 2025","format":false,"excerpt":"Por Joselito Pe\u00f1a y Jos\u00e9 Andr\u00e9s de los Santos El presidente de la Asociaci\u00f3n de Transporte \u201cJavilla Nueva Barquita\u201d (ASOTRAJANUBAR), en una Asamblea Eleccionaria denominada \"Unidos por un mismo prop\u00f3sito\" por un periodo de 4 a\u00f1os. El acto inici\u00f3 con una oraci\u00f3n invocando a Dios y de inmediato el dirigente\u2026","rel":"","context":"En \u00abNACIONALES\u00bb","block_context":{"text":"NACIONALES","link":"https:\/\/lasprimeras.com.do\/index.php\/category\/nacionales\/"},"img":{"alt_text":"","src":"https:\/\/i0.wp.com\/lasprimeras.com.do\/wp-content\/uploads\/2025\/07\/Eudy-Sanchez-Marte.jpg?resize=350%2C200&ssl=1","width":350,"height":200,"srcset":"https:\/\/i0.wp.com\/lasprimeras.com.do\/wp-content\/uploads\/2025\/07\/Eudy-Sanchez-Marte.jpg?resize=350%2C200&ssl=1 1x, https:\/\/i0.wp.com\/lasprimeras.com.do\/wp-content\/uploads\/2025\/07\/Eudy-Sanchez-Marte.jpg?resize=525%2C300&ssl=1 1.5x, https:\/\/i0.wp.com\/lasprimeras.com.do\/wp-content\/uploads\/2025\/07\/Eudy-Sanchez-Marte.jpg?resize=700%2C400&ssl=1 2x"},"classes":[]},{"id":50269,"url":"https:\/\/lasprimeras.com.do\/index.php\/2023\/05\/18\/mochotran-denuncia-piratas-aumentan-inseguridad-en-corredores-de-la-charles-de-gaulle-y-winston-churchill\/","url_meta":{"origin":90849,"position":2},"title":"Mochotran denuncia &#8220;piratas&#8221; aumentan inseguridad en corredores de la Charles de Gaulle y Winston Churchill","author":"prenxa100","date":"18 de mayo de 2023","format":false,"excerpt":"Cambita pide urgente intervenci\u00f3n de las autoridades. SANTO DOMINGO.-.El Consorcio de Empresas del Transporte (Mochotran), denunci\u00f3 un alto grado de inseguridad en los corredores de la avenida Charles de Gaulle y Winston Churchill, tras la \"invasi\u00f3n de veh\u00edculos piratas\", que se encuentran laborando en las diferentes rutas. \u00a0Alfredo Pulinario (Cambita),\u2026","rel":"","context":"En \u00abNACIONALES\u00bb","block_context":{"text":"NACIONALES","link":"https:\/\/lasprimeras.com.do\/index.php\/category\/nacionales\/"},"img":{"alt_text":"","src":"","width":0,"height":0},"classes":[]},{"id":86538,"url":"https:\/\/lasprimeras.com.do\/index.php\/2024\/07\/27\/conatra-denuncia-decreto-616-22-no-manda-a-crear-empresa-publica-de-autobuses-escolares\/","url_meta":{"origin":90849,"position":3},"title":"CONATRA denuncia decreto 616-22 no manda a crear Empresa P\u00fablica de Autobuses Escolares","author":"Nelson Feliz","date":"27 de julio de 2024","format":false,"excerpt":"El secretario de educaci\u00f3n del Confederaci\u00f3n Nacional de Organizaciones del Transporte (CONATRA) Guillermo Est\u00e9vez, denunci\u00f3 que el Ministerio de Educaci\u00f3n ha puesto en marcha un plan para operar el servicio con m\u00e1s de un 50% por ciento de una totalidad de mil ochocientos cincuenta autobuses, entre ellos viejos autobuses reconstruidos.\u2026","rel":"","context":"En \u00abNACIONALES\u00bb","block_context":{"text":"NACIONALES","link":"https:\/\/lasprimeras.com.do\/index.php\/category\/nacionales\/"},"img":{"alt_text":"Guillermo Est\u00e9vez","src":"https:\/\/i0.wp.com\/lasprimeras.com.do\/wp-content\/uploads\/2024\/07\/Guillermo-Estevez-2.jpg?resize=350%2C200&ssl=1","width":350,"height":200,"srcset":"https:\/\/i0.wp.com\/lasprimeras.com.do\/wp-content\/uploads\/2024\/07\/Guillermo-Estevez-2.jpg?resize=350%2C200&ssl=1 1x, https:\/\/i0.wp.com\/lasprimeras.com.do\/wp-content\/uploads\/2024\/07\/Guillermo-Estevez-2.jpg?resize=525%2C300&ssl=1 1.5x"},"classes":[]},{"id":123369,"url":"https:\/\/lasprimeras.com.do\/index.php\/2026\/02\/28\/unatrafin-respalda-corredor-en-los-alcarrizos-y-solicita-inclusion-de-todas-las-rutas\/","url_meta":{"origin":90849,"position":4},"title":"UNATRAFIN respalda corredor en Los Alcarrizos y solicita inclusi\u00f3n de todas las rutas","author":"Nelson Feliz","date":"28 de febrero de 2026","format":false,"excerpt":"La Central Nacional de Transportistas y Afines (UNATRAFIN) respald\u00f3 la implementaci\u00f3n del corredor de transporte en Los Alcarrizos, al tiempo que solicit\u00f3 a las autoridades garantizar la inclusi\u00f3n de todas las rutas que operan en la zona dentro del proceso de modernizaci\u00f3n. El representante de UNATRAFIN y presidente de la\u2026","rel":"","context":"En \u00abNACIONALES\u00bb","block_context":{"text":"NACIONALES","link":"https:\/\/lasprimeras.com.do\/index.php\/category\/nacionales\/"},"img":{"alt_text":"Alberto Abreu","src":"https:\/\/i0.wp.com\/lasprimeras.com.do\/wp-content\/uploads\/2026\/02\/Alberto-Abreu-1.jpg?resize=350%2C200&ssl=1","width":350,"height":200,"srcset":"https:\/\/i0.wp.com\/lasprimeras.com.do\/wp-content\/uploads\/2026\/02\/Alberto-Abreu-1.jpg?resize=350%2C200&ssl=1 1x, https:\/\/i0.wp.com\/lasprimeras.com.do\/wp-content\/uploads\/2026\/02\/Alberto-Abreu-1.jpg?resize=525%2C300&ssl=1 1.5x, https:\/\/i0.wp.com\/lasprimeras.com.do\/wp-content\/uploads\/2026\/02\/Alberto-Abreu-1.jpg?resize=700%2C400&ssl=1 2x"},"classes":[]},{"id":55954,"url":"https:\/\/lasprimeras.com.do\/index.php\/2023\/07\/26\/gervasio-de-la-rosa-dice-gobierno-acabara-con-rutas-urbanas-del-transporte\/","url_meta":{"origin":90849,"position":5},"title":"Gervasio De la Rosa dice gobierno acabar\u00e1 con rutas urbanas del transporte","author":"Nelson Feliz","date":"26 de julio de 2023","format":false,"excerpt":"Por Roberto P\u00e9rez El presidente de la Federaci\u00f3n Regional de Trabajadores del Transporte de la Regi\u00f3n Norte (FETRANRENO), Gervasio De la Rosa, manifest\u00f3 que el gobierno acabar\u00e1 con la mayor\u00eda de las rutas del casco urbano de Santiago, con el desarrollo del monorriel y el telef\u00e9rico. El dirigente gremial, indic\u00f3\u2026","rel":"","context":"En \u00abNACIONALES\u00bb","block_context":{"text":"NACIONALES","link":"https:\/\/lasprimeras.com.do\/index.php\/category\/nacionales\/"},"img":{"alt_text":"Gervasio De la Rosa","src":"https:\/\/i0.wp.com\/lasprimeras.com.do\/wp-content\/uploads\/2023\/07\/Gervasio-De-la-Rosa-.jpg?resize=350%2C200&ssl=1","width":350,"height":200},"classes":[]}],"jetpack_sharing_enabled":true,"_links":{"self":[{"href":"https:\/\/lasprimeras.com.do\/index.php\/wp-json\/wp\/v2\/posts\/90849","targetHints":{"allow":["GET"]}}],"collection":[{"href":"https:\/\/lasprimeras.com.do\/index.php\/wp-json\/wp\/v2\/posts"}],"about":[{"href":"https:\/\/lasprimeras.com.do\/index.php\/wp-json\/wp\/v2\/types\/post"}],"author":[{"embeddable":true,"href":"https:\/\/lasprimeras.com.do\/index.php\/wp-json\/wp\/v2\/users\/2"}],"replies":[{"embeddable":true,"href":"https:\/\/lasprimeras.com.do\/index.php\/wp-json\/wp\/v2\/comments?post=90849"}],"version-history":[{"count":1,"href":"https:\/\/lasprimeras.com.do\/index.php\/wp-json\/wp\/v2\/posts\/90849\/revisions"}],"predecessor-version":[{"id":90850,"href":"https:\/\/lasprimeras.com.do\/index.php\/wp-json\/wp\/v2\/posts\/90849\/revisions\/90850"}],"wp:attachment":[{"href":"https:\/\/lasprimeras.com.do\/index.php\/wp-json\/wp\/v2\/media?parent=90849"}],"wp:term":[{"taxonomy":"category","embeddable":true,"href":"https:\/\/lasprimeras.com.do\/index.php\/wp-json\/wp\/v2\/categories?post=90849"},{"taxonomy":"post_tag","embeddable":true,"href":"https:\/\/lasprimeras.com.do\/index.php\/wp-json\/wp\/v2\/tags?post=90849"}],"curies":[{"name":"wp","href":"https:\/\/api.w.org\/{rel}","templated":true}]}}