{"id":90863,"date":"2024-11-02T18:20:11","date_gmt":"2024-11-02T22:20:11","guid":{"rendered":"https:\/\/lasprimeras.com.do\/?p=90863"},"modified":"2024-11-02T18:20:12","modified_gmt":"2024-11-02T22:20:12","slug":"jennifer-lopez-sale-en-defensa-de-los-puertorriquenos-y-en-apoyo-a-kamala-harris","status":"publish","type":"post","link":"https:\/\/lasprimeras.com.do\/index.php\/2024\/11\/02\/jennifer-lopez-sale-en-defensa-de-los-puertorriquenos-y-en-apoyo-a-kamala-harris\/","title":{"rendered":"Jennifer Lopez sale en defensa de los puertorrique\u00f1os y en apoyo a Kamala Harris"},"content":{"rendered":"\n<p>Historia de Daniela Bracho<\/p>\n\n\n\n<p>En medio de la carrera presidencial en Estados Unidos, Jennifer Lopez levant\u00f3 la voz en defensa de los puertorrique\u00f1os y de toda la comunidad latina tras un incidente cargado de comentarios racistas del comediante Tony Hinchcliffe en un mitin de Donald Trump.<\/p>\n\n\n\n<p>La reconocida artista, quien ha sido una defensora constante de los derechos de los latinos y las mujeres, se pronunci\u00f3 de manera contundente ante los ataques, recordando la importancia de la unidad en tiempos de divisi\u00f3n.<\/p>\n\n\n\n<p>\u201cHa trabajado constantemente para dividirnos. En el Madison Square Garden, nos record\u00f3 qui\u00e9n es realmente y c\u00f3mo se siente realmente\u201d, expres\u00f3 Lopez, dejando clara su posici\u00f3n ante el lenguaje y las actitudes que buscan separar a las comunidades en lugar de construir puentes.<\/p>\n\n\n\n<p>Para la cantante y actriz, el incidente no solo afect\u00f3 a los puertorrique\u00f1os, sino que reson\u00f3 en todos los latinos y en cualquier persona que valore la humanidad y la dignidad: \u201cNo fueron s\u00f3lo los puertorrique\u00f1os los que se sintieron ofendidos ese d\u00eda. Fueron todos los latinos de este pa\u00eds. Fue la humanidad y cualquier persona de car\u00e1cter decente\u201d.<\/p>\n\n\n\n<p>Posteriormente, hizo un llamado espec\u00edficamente a los puertorrique\u00f1os a votar por Kamala Harris.<\/p>\n\n\n\n<p>\u201cYo soy una mujer americana, soy la hija de Guadalupe Rodr\u00edguez y David L\u00f3pez, orgullosos hijos de Puerto Rico. Soy puertorrique\u00f1a, soy boricua carajo y s\u00ed nac\u00ed aqu\u00ed y somos americanos\u201d, a\u00f1adi\u00f3.<\/p>\n\n\n\n<p>Jennifer Lopez, quien port\u00f3 una capa con la bandera de Puerto Rico durante su actuaci\u00f3n en el Super Bowl, reafirma su compromiso con su comunidad y su creencia en el poder del voto.<\/p>\n\n\n\n<p>Como copresidenta de la iniciativa When We All Vote, una plataforma no partidista dedicada a aumentar la participaci\u00f3n en cada elecci\u00f3n, Lopez ha alentado a sus seguidores a ejercer su derecho al voto para lograr un cambio.<\/p>\n\n\n\n<p>\u201cCreo en el poder de las mujeres. Creo que las mujeres tienen el poder de marcar la diferencia en estas elecciones. Creo en el poder de los latinos. Creo en el poder de nuestra comunidad. Creo en el poder de todos nuestros votos\u201d, dijo.<\/p>\n\n\n\n<p>Adem\u00e1s, Jennifer Lopez, junto a figuras pol\u00edticas como Kamala Harris, promueve un futuro inclusivo, donde cada voz sea escuchada. \u201cHonrado de estar con @KamalaHarris. \u00a1Sigamos levant\u00e1ndonos unos a otros y sigamos empujando por un futuro donde cada voz sea escuchada!\u201d<\/p>\n\n\n\n<p><a href=\"https:\/\/www.msn.com\/es-xl\/noticias\/other\/jennifer-lopez-sale-en-defensa-de-los-puertorrique%C3%B1os-y-en-apoyo-a-kamala-harris\/ar-AA1tmFE4?ocid=msedgdhp&amp;pc=U531&amp;cvid=a9e507b5d17c466de8759905faa5c5a4&amp;ei=70\">https:\/\/www.msn.com\/es-xl\/noticias\/other\/jennifer-lopez-sale-en-defensa-de-los-puertorrique%C3%B1os-y-en-apoyo-a-kamala-harris\/ar-AA1tmFE4?ocid=msedgdhp&amp;pc=U531&amp;cvid=a9e507b5d17c466de8759905faa5c5a4&amp;ei=70<\/a><\/p>\n","protected":false},"excerpt":{"rendered":"<p>Historia de Daniela Bracho En medio de la carrera presidencial en Estados Unidos, Jennifer Lopez levant\u00f3 la voz en defensa de los puertorrique\u00f1os y de toda la comunidad latina tras&hellip;<\/p>\n","protected":false},"author":2,"featured_media":90864,"comment_status":"open","ping_status":"open","sticky":false,"template":"","format":"standard","meta":{"content-type":"","jetpack_post_was_ever_published":false,"_jetpack_newsletter_access":"","_jetpack_dont_email_post_to_subs":false,"_jetpack_newsletter_tier_id":0,"_jetpack_memberships_contains_paywalled_content":false,"_jetpack_memberships_contains_paid_content":false,"footnotes":""},"categories":[1],"tags":[2720,353,16252,2291,13801],"class_list":["post-90863","post","type-post","status-publish","format-standard","has-post-thumbnail","hentry","category-sin-categoria","tag-apoyo","tag-defensa","tag-jennifer-lopez-2","tag-kamala-harris","tag-puertorriquenos"],"jetpack_featured_media_url":"https:\/\/lasprimeras.com.do\/wp-content\/uploads\/2024\/11\/jlo.jpg","jetpack-related-posts":[{"id":90774,"url":"https:\/\/lasprimeras.com.do\/index.php\/2024\/10\/27\/bad-bunny-muestra-su-apoyo-a-kamala-harris-y-recuerda-el-mal-trato-de-trump-a-puerto-rico\/","url_meta":{"origin":90863,"position":0},"title":"Bad Bunny muestra su apoyo a Kamala Harris y recuerda el mal trato de Trump a Puerto Rico","author":"Nelson Feliz","date":"27 de octubre de 2024","format":false,"excerpt":"El artista puertorrique\u00f1o Bad Bunny mostr\u00f3 este domingo su apoyo a la vicepresidenta de Estados Unidos, Kamala Harris, justo el mismo d\u00eda en que la candidata dem\u00f3crata present\u00f3 su plan para Puerto Rico, enfocado en mejorar la econom\u00eda de la isla. En su cuenta de Instagram, donde posee cerca de\u2026","rel":"","context":"En \u00abSin categor\u00eda\u00bb","block_context":{"text":"Sin categor\u00eda","link":"https:\/\/lasprimeras.com.do\/index.php\/category\/sin-categoria\/"},"img":{"alt_text":"","src":"https:\/\/i0.wp.com\/lasprimeras.com.do\/wp-content\/uploads\/2024\/10\/Bad-Bunny.jpg?resize=350%2C200&ssl=1","width":350,"height":200,"srcset":"https:\/\/i0.wp.com\/lasprimeras.com.do\/wp-content\/uploads\/2024\/10\/Bad-Bunny.jpg?resize=350%2C200&ssl=1 1x, https:\/\/i0.wp.com\/lasprimeras.com.do\/wp-content\/uploads\/2024\/10\/Bad-Bunny.jpg?resize=525%2C300&ssl=1 1.5x"},"classes":[]},{"id":74760,"url":"https:\/\/lasprimeras.com.do\/index.php\/2024\/01\/26\/jennifer-lopez-producira-la-pelicula-de-bob-el-constructor\/","url_meta":{"origin":90863,"position":1},"title":"Jennifer L\u00f3pez producir\u00e1 la pel\u00edcula de &#8220;Bob el constructor&#8221;","author":"BIMARY DE JES\u00daS Matos","date":"26 de enero de 2024","format":false,"excerpt":"Con la intenci\u00f3n de repetir o, al menos, acercarse al \u00e9xito alcanzado por la pel\u00edcula \u201cBarbie\u201d del 2023, Mattel anunci\u00f3 que se uni\u00f3 a la casa productora de la actriz Jennifer L\u00f3pez, Nuyorican Productions, para crear el largometraje basado en el personaje infantil \u201cBob el constructor\u201d. La pel\u00edcula ser\u00e1 protagonizada\u2026","rel":"","context":"En \u00abENTRETENIMIENTO\u00bb","block_context":{"text":"ENTRETENIMIENTO","link":"https:\/\/lasprimeras.com.do\/index.php\/category\/entretenimiento\/"},"img":{"alt_text":"","src":"","width":0,"height":0},"classes":[]},{"id":89018,"url":"https:\/\/lasprimeras.com.do\/index.php\/2024\/09\/14\/biden-y-harris-participaran-en-la-conferencia-y-gala-anual-del-caucus-hispano-del-congreso\/","url_meta":{"origin":90863,"position":2},"title":"Biden y Harris participar\u00e1n en la conferencia y gala anual del Caucus Hispano del Congreso","author":"Nelson Feliz","date":"14 de septiembre de 2024","format":false,"excerpt":"Washington,(EFE).- El mandatario de Estados Unidos, Joe Biden, y la vicepresidenta y candidata dem\u00f3crata a las elecciones presidenciales, Kamala Harris, participar\u00e1n en la conferencia y la gala anual del Instituto del Caucus Hispano del Congreso (CHCI), que se celebra este septiembre en el marco del mes de la Herencia Hispana.\u2026","rel":"","context":"En \u00abSin categor\u00eda\u00bb","block_context":{"text":"Sin categor\u00eda","link":"https:\/\/lasprimeras.com.do\/index.php\/category\/sin-categoria\/"},"img":{"alt_text":"Kamala Harris","src":"https:\/\/i0.wp.com\/lasprimeras.com.do\/wp-content\/uploads\/2024\/09\/Kamala-Harris-1.jpg?resize=350%2C200&ssl=1","width":350,"height":200,"srcset":"https:\/\/i0.wp.com\/lasprimeras.com.do\/wp-content\/uploads\/2024\/09\/Kamala-Harris-1.jpg?resize=350%2C200&ssl=1 1x, https:\/\/i0.wp.com\/lasprimeras.com.do\/wp-content\/uploads\/2024\/09\/Kamala-Harris-1.jpg?resize=525%2C300&ssl=1 1.5x, https:\/\/i0.wp.com\/lasprimeras.com.do\/wp-content\/uploads\/2024\/09\/Kamala-Harris-1.jpg?resize=700%2C400&ssl=1 2x"},"classes":[]},{"id":80300,"url":"https:\/\/lasprimeras.com.do\/index.php\/2024\/04\/07\/el-hilo-dental-blanco-de-jennifer-lopez-exploto-las-redes-sociales\/","url_meta":{"origin":90863,"position":3},"title":"El hilo dental blanco de Jennifer L\u00f3pez explot\u00f3 las redes sociales","author":"Nelson Feliz","date":"7 de abril de 2024","format":false,"excerpt":"Jennifer L\u00f3pez caus\u00f3 un tremendo alboroto por un tanga blanca que dej\u00f3 a la vista \u00a1casi todo! La espectacular Jennifer L\u00f3pez no puso reparos a la hora de presumir una vez m\u00e1s su cuerpazo sin pudor alguno y en frente del espejo. Muy quitada de la pena, se puso un\u2026","rel":"","context":"En \u00abENTRETENIMIENTO\u00bb","block_context":{"text":"ENTRETENIMIENTO","link":"https:\/\/lasprimeras.com.do\/index.php\/category\/entretenimiento\/"},"img":{"alt_text":"Jennifer L\u00f3pez aparece explosiva un un selfie que public\u00f3 en su cuenta de Instagram. Cr\u00e9dito: Frazer Harrison | Getty Images","src":"https:\/\/i0.wp.com\/lasprimeras.com.do\/wp-content\/uploads\/2024\/04\/JLO-1.jpg?resize=350%2C200&ssl=1","width":350,"height":200,"srcset":"https:\/\/i0.wp.com\/lasprimeras.com.do\/wp-content\/uploads\/2024\/04\/JLO-1.jpg?resize=350%2C200&ssl=1 1x, https:\/\/i0.wp.com\/lasprimeras.com.do\/wp-content\/uploads\/2024\/04\/JLO-1.jpg?resize=525%2C300&ssl=1 1.5x"},"classes":[]},{"id":90532,"url":"https:\/\/lasprimeras.com.do\/index.php\/2024\/10\/23\/kamala-harris-se-describe-como-una-capitalista-pragmatica-ante-los-votantes-latinos\/","url_meta":{"origin":90863,"position":4},"title":"Kamala Harris se describe como una &#8220;capitalista pragm\u00e1tica&#8221; ante los votantes latinos","author":"Nelson Feliz","date":"23 de octubre de 2024","format":false,"excerpt":"Washington, (EFE).- La vicepresidenta y candidata dem\u00f3crata a las presidenciales de EE.UU., Kamala Harris, se describi\u00f3 como una \"capitalista pragm\u00e1tica\" este mi\u00e9rcoles en Telemundo, su \u00fanica entrevista a un medio en espa\u00f1ol durante la campa\u00f1a, a la par que clasific\u00f3 a su oponente, Donald Trump, de \"fascista hasta la m\u00e9dula\".\u2026","rel":"","context":"En \u00abSin categor\u00eda\u00bb","block_context":{"text":"Sin categor\u00eda","link":"https:\/\/lasprimeras.com.do\/index.php\/category\/sin-categoria\/"},"img":{"alt_text":"Kamala Harris","src":"https:\/\/i0.wp.com\/lasprimeras.com.do\/wp-content\/uploads\/2024\/10\/Kamala-Harris-5.jpg?resize=350%2C200&ssl=1","width":350,"height":200,"srcset":"https:\/\/i0.wp.com\/lasprimeras.com.do\/wp-content\/uploads\/2024\/10\/Kamala-Harris-5.jpg?resize=350%2C200&ssl=1 1x, https:\/\/i0.wp.com\/lasprimeras.com.do\/wp-content\/uploads\/2024\/10\/Kamala-Harris-5.jpg?resize=525%2C300&ssl=1 1.5x, https:\/\/i0.wp.com\/lasprimeras.com.do\/wp-content\/uploads\/2024\/10\/Kamala-Harris-5.jpg?resize=700%2C400&ssl=1 2x"},"classes":[]},{"id":90474,"url":"https:\/\/lasprimeras.com.do\/index.php\/2024\/10\/22\/perezosa-como-el-infierno-loca-y-lo-peor-crecen-insultos-de-donald-trump-contra-kamala-harris\/","url_meta":{"origin":90863,"position":5},"title":"\u201cPerezosa como el infierno\u201d, \u201cloca\u201d y \u201clo peor\u201d: crecen insultos de Donald Trump contra Kamala Harris","author":"Nelson Feliz","date":"22 de octubre de 2024","format":false,"excerpt":"Historia de Lenys Moreno El candidato presidencial republicano en Estados Unidos, Donald Trump, contin\u00faa en su descarga con insultos en contra de su rival dem\u00f3crata Kamala Harris. Durante un evento de campa\u00f1a de divulgaci\u00f3n latina en Miami, este martes el expresidente se afinc\u00f3 con calificativos negativos en contra de la\u2026","rel":"","context":"En \u00abSin categor\u00eda\u00bb","block_context":{"text":"Sin categor\u00eda","link":"https:\/\/lasprimeras.com.do\/index.php\/category\/sin-categoria\/"},"img":{"alt_text":"","src":"https:\/\/i0.wp.com\/lasprimeras.com.do\/wp-content\/uploads\/2024\/10\/Donald-Trump.jpg?resize=350%2C200&ssl=1","width":350,"height":200,"srcset":"https:\/\/i0.wp.com\/lasprimeras.com.do\/wp-content\/uploads\/2024\/10\/Donald-Trump.jpg?resize=350%2C200&ssl=1 1x, https:\/\/i0.wp.com\/lasprimeras.com.do\/wp-content\/uploads\/2024\/10\/Donald-Trump.jpg?resize=525%2C300&ssl=1 1.5x"},"classes":[]}],"jetpack_sharing_enabled":true,"_links":{"self":[{"href":"https:\/\/lasprimeras.com.do\/index.php\/wp-json\/wp\/v2\/posts\/90863","targetHints":{"allow":["GET"]}}],"collection":[{"href":"https:\/\/lasprimeras.com.do\/index.php\/wp-json\/wp\/v2\/posts"}],"about":[{"href":"https:\/\/lasprimeras.com.do\/index.php\/wp-json\/wp\/v2\/types\/post"}],"author":[{"embeddable":true,"href":"https:\/\/lasprimeras.com.do\/index.php\/wp-json\/wp\/v2\/users\/2"}],"replies":[{"embeddable":true,"href":"https:\/\/lasprimeras.com.do\/index.php\/wp-json\/wp\/v2\/comments?post=90863"}],"version-history":[{"count":1,"href":"https:\/\/lasprimeras.com.do\/index.php\/wp-json\/wp\/v2\/posts\/90863\/revisions"}],"predecessor-version":[{"id":90865,"href":"https:\/\/lasprimeras.com.do\/index.php\/wp-json\/wp\/v2\/posts\/90863\/revisions\/90865"}],"wp:featuredmedia":[{"embeddable":true,"href":"https:\/\/lasprimeras.com.do\/index.php\/wp-json\/wp\/v2\/media\/90864"}],"wp:attachment":[{"href":"https:\/\/lasprimeras.com.do\/index.php\/wp-json\/wp\/v2\/media?parent=90863"}],"wp:term":[{"taxonomy":"category","embeddable":true,"href":"https:\/\/lasprimeras.com.do\/index.php\/wp-json\/wp\/v2\/categories?post=90863"},{"taxonomy":"post_tag","embeddable":true,"href":"https:\/\/lasprimeras.com.do\/index.php\/wp-json\/wp\/v2\/tags?post=90863"}],"curies":[{"name":"wp","href":"https:\/\/api.w.org\/{rel}","templated":true}]}}