{"id":90869,"date":"2024-11-02T18:32:42","date_gmt":"2024-11-02T22:32:42","guid":{"rendered":"https:\/\/lasprimeras.com.do\/?p=90869"},"modified":"2024-11-02T18:32:43","modified_gmt":"2024-11-02T22:32:43","slug":"el-gobierno-boliviano-denuncia-que-mas-de-200-soldados-simpatizantes-de-evo-morales-fueron-tomados-como-rehenes","status":"publish","type":"post","link":"https:\/\/lasprimeras.com.do\/index.php\/2024\/11\/02\/el-gobierno-boliviano-denuncia-que-mas-de-200-soldados-simpatizantes-de-evo-morales-fueron-tomados-como-rehenes\/","title":{"rendered":"El gobierno boliviano denuncia que m\u00e1s de 200 soldados simpatizantes de Evo Morales fueron tomados como rehenes"},"content":{"rendered":"\n<p>Redacci\u00f3n &#8211; BBC News Mundo<\/p>\n\n\n\n<p>Partidarios del expresidente Evo Morales mantienen a m\u00e1s de 200 soldados como rehenes en la zona del Chapare, en el departamento de Cochabamba, inform\u00f3 el gobierno boliviano.<\/p>\n\n\n\n<p>\u201cTres unidades militares han sido asaltadas por grupos irregulares (\u2026), tomando como rehenes a m\u00e1s de doscientos efectivos militares de estas unidades\u201d, advirti\u00f3 el Ministerio de Relaciones Exteriores boliviano en un comunicado este s\u00e1bado.<\/p>\n\n\n\n<p>La Canciller\u00eda a\u00f1adi\u00f3 que los manifestantes se apropiaron de \u201carmamento de guerra y municiones que se encontraba en el interior de los recintos castrenses\u201d.<\/p>\n\n\n\n<p>Los partidarios de Morales comenzaron a bloquear carreteras hace tres semanas para evitar su arresto, por lo que \u00e9l define como cargos falsos destinados a frustrar su regreso pol\u00edtico.<\/p>\n\n\n\n<p>En respuesta, el gobierno del presidente boliviano, Luis Arce, envi\u00f3 tropas al departamento de Cochabamba para ayudar a la polic\u00eda a despejar los bloqueos de carreteras.<\/p>\n\n\n\n<p>Sin embargo, un video difundido el viernes mostraba a 16 soldados rodeados por manifestantes que sosten\u00edan palos puntiagudos.<\/p>\n\n\n\n<p>&#8220;Nos han cortado el agua, la electricidad y nos tienen como rehenes&#8221;, se escucha decir a un uniformado.<\/p>\n\n\n\n<p>Inicialmente, Morales amenaz\u00f3 con hacer una huelga de hambre si el gobierno no aceptaba negociar. Pero luego llam\u00f3 a sus partidarios a suspender los cortes de carreteras para &#8220;evitar el derramamiento de sangre&#8221;.<\/p>\n\n\n\n<p>Morales, de 65 a\u00f1os, ocup\u00f3 la Presidencia de Bolivia desde 2006 hasta 2019, cuando se vio obligado a renunciar en medio de denuncias de fraude electoral.<\/p>\n\n\n\n<p>Aunque el Tribunal Constitucional de Bolivia le prohibi\u00f3 volver a postularse, el exmandatario intenta desafiar a Arce, su antiguo aliado, por la nominaci\u00f3n del partido de izquierda Movimiento Al Socialismo en las elecciones previstas para el pr\u00f3ximo a\u00f1o.<\/p>\n\n\n\n<p>Las acusaciones contra Evo Morales<\/p>\n\n\n\n<p>D\u00edas despu\u00e9s de que Morales encabezara una marcha de miles de bolivianos en La Paz para protestar contra las pol\u00edticas de Arce, la Fiscal\u00eda anunci\u00f3 que el dirigente ind\u00edgena estaba bajo investigaci\u00f3n por estupro, trata y tr\u00e1fico de personas por su supuesta relaci\u00f3n con una ni\u00f1a de 15 a\u00f1os en 2015.<\/p>\n\n\n\n<p>Sin embargo, Morales calific\u00f3 estas acusaciones como &#8220;mentiras&#8221;.<\/p>\n\n\n\n<p>Luego afirm\u00f3 desde el Chapare que fue v\u00edctima de un intento de asesinato, que atribuy\u00f3 a agentes estatales. En un video que comparti\u00f3 en las redes sociales se ven agujeros de bala en su camioneta.<\/p>\n\n\n\n<p>El gobierno inform\u00f3 que la polic\u00eda dispar\u00f3 contra el veh\u00edculo despu\u00e9s de que el convoy de Morales abriera fuego por primera vez en un puesto de control.<\/p>\n\n\n\n<p>Aunque al principio los partidarios de Morales exigieron el fin de lo que llamaron su &#8220;persecuci\u00f3n judicial&#8221;, el movimiento de protesta se ha convertido en una revuelta antigubernamental m\u00e1s amplia marcada por llamados a la renuncia de Arce, report\u00f3 la agencia AFP.<\/p>\n\n\n\n<p>Los simpatizantes de Morales responsabilizan a Arce, quien ha estado en el poder desde noviembre de 2020, por un fuerte aumento en los precios de los alimentos y el combustible y por la escasez de bienes.<\/p>\n\n\n\n<p>Al menos 90 personas, en su mayor\u00eda uniformados, resultaron heridas en los enfrentamientos que se registraron en las protestas.<\/p>\n","protected":false},"excerpt":{"rendered":"<p>Redacci\u00f3n &#8211; BBC News Mundo Partidarios del expresidente Evo Morales mantienen a m\u00e1s de 200 soldados como rehenes en la zona del Chapare, en el departamento de Cochabamba, inform\u00f3 el&hellip;<\/p>\n","protected":false},"author":2,"featured_media":90870,"comment_status":"open","ping_status":"open","sticky":false,"template":"","format":"standard","meta":{"content-type":"","jetpack_post_was_ever_published":false,"_jetpack_newsletter_access":"","_jetpack_dont_email_post_to_subs":false,"_jetpack_newsletter_tier_id":0,"_jetpack_memberships_contains_paywalled_content":false,"_jetpack_memberships_contains_paid_content":false,"footnotes":""},"categories":[1],"tags":[16255,13823,6335,171,2486,16256],"class_list":["post-90869","post","type-post","status-publish","format-standard","has-post-thumbnail","hentry","category-sin-categoria","tag-200-soldados","tag-boliviano","tag-evo-morales","tag-gobierno","tag-simpatizantes","tag-tomados"],"jetpack_featured_media_url":"https:\/\/lasprimeras.com.do\/wp-content\/uploads\/2024\/11\/evo-1.jpg","jetpack-related-posts":[{"id":85281,"url":"https:\/\/lasprimeras.com.do\/index.php\/2024\/06\/26\/luis-arce-del-milagro-boliviano-como-ministro-de-economia-a-la-crisis-como-presidente\/","url_meta":{"origin":90869,"position":0},"title":"Luis Arce: del milagro boliviano como ministro de Econom\u00eda a la crisis como presidente","author":"Nelson Feliz","date":"26 de junio de 2024","format":false,"excerpt":"BY ASSOCIATED PRESS Luis Arce, el ex ministro de Econom\u00eda que sum\u00f3 \u00e9xitos durante la presidencia de Evo Morales, enfrentaba el mi\u00e9rcoles un intento de golpe de Estado en medio de una crisis pol\u00edtica y econ\u00f3mica, con protestas en las calles del pa\u00eds y un conflicto abierto con quien fuera\u2026","rel":"","context":"En \u00abSin categor\u00eda\u00bb","block_context":{"text":"Sin categor\u00eda","link":"https:\/\/lasprimeras.com.do\/index.php\/category\/sin-categoria\/"},"img":{"alt_text":"","src":"https:\/\/i0.wp.com\/lasprimeras.com.do\/wp-content\/uploads\/2024\/06\/Luis-Arce-1.jpg?resize=350%2C200&ssl=1","width":350,"height":200,"srcset":"https:\/\/i0.wp.com\/lasprimeras.com.do\/wp-content\/uploads\/2024\/06\/Luis-Arce-1.jpg?resize=350%2C200&ssl=1 1x, https:\/\/i0.wp.com\/lasprimeras.com.do\/wp-content\/uploads\/2024\/06\/Luis-Arce-1.jpg?resize=525%2C300&ssl=1 1.5x, https:\/\/i0.wp.com\/lasprimeras.com.do\/wp-content\/uploads\/2024\/06\/Luis-Arce-1.jpg?resize=700%2C400&ssl=1 2x"},"classes":[]},{"id":85846,"url":"https:\/\/lasprimeras.com.do\/index.php\/2024\/07\/10\/choque-entre-seguidores-de-morales-y-arce-mientras-partidos-debaten-suspender-primarias-en-bolivia\/","url_meta":{"origin":90869,"position":1},"title":"Choque entre seguidores de Morales y Arce mientras partidos debaten suspender primarias en Bolivia","author":"Nelson Feliz","date":"10 de julio de 2024","format":false,"excerpt":"LA PAZ, Bolivia (AP) \u2014 Las disputas pol\u00edticas entre los dos bandos del oficialismo en Bolivia, el de los seguidores del presidente Luis Arce y los afines al exmandantario Evo Morales, derivaron el mi\u00e9rcoles en un choque callejero en La Paz, mientras representantes de todos los partidos pol\u00edticos del pa\u00eds\u2026","rel":"","context":"En \u00abSin categor\u00eda\u00bb","block_context":{"text":"Sin categor\u00eda","link":"https:\/\/lasprimeras.com.do\/index.php\/category\/sin-categoria\/"},"img":{"alt_text":"","src":"https:\/\/i0.wp.com\/lasprimeras.com.do\/wp-content\/uploads\/2024\/07\/Bolivianos.jpg?resize=350%2C200&ssl=1","width":350,"height":200,"srcset":"https:\/\/i0.wp.com\/lasprimeras.com.do\/wp-content\/uploads\/2024\/07\/Bolivianos.jpg?resize=350%2C200&ssl=1 1x, https:\/\/i0.wp.com\/lasprimeras.com.do\/wp-content\/uploads\/2024\/07\/Bolivianos.jpg?resize=525%2C300&ssl=1 1.5x, https:\/\/i0.wp.com\/lasprimeras.com.do\/wp-content\/uploads\/2024\/07\/Bolivianos.jpg?resize=700%2C400&ssl=1 2x"},"classes":[]},{"id":99304,"url":"https:\/\/lasprimeras.com.do\/index.php\/2025\/05\/20\/evo-morales-queda-practicamente-fuera-de-los-comicios-presidenciales-de-bolivia\/","url_meta":{"origin":90869,"position":2},"title":"Evo Morales queda pr\u00e1cticamente fuera de los comicios presidenciales de Bolivia","author":"Nelson Feliz","date":"20 de mayo de 2025","format":false,"excerpt":"LA PAZ, Bolivia (AP) \u2014 Al filo de que venza el plazo para la inscripci\u00f3n de candidatos, el expresidente boliviano Evo Morales sufri\u00f3 el lunes un nuevo rev\u00e9s al quedar pr\u00e1cticamente fuera de las elecciones presidenciales de agosto, luego de fracasar en su intento de registrar su nombre por un\u2026","rel":"","context":"En \u00abINTERNACIONALES\u00bb","block_context":{"text":"INTERNACIONALES","link":"https:\/\/lasprimeras.com.do\/index.php\/category\/sin-categoria\/internacionales\/"},"img":{"alt_text":"","src":"https:\/\/i0.wp.com\/lasprimeras.com.do\/wp-content\/uploads\/2025\/05\/disturbios.jpg?resize=350%2C200&ssl=1","width":350,"height":200,"srcset":"https:\/\/i0.wp.com\/lasprimeras.com.do\/wp-content\/uploads\/2025\/05\/disturbios.jpg?resize=350%2C200&ssl=1 1x, https:\/\/i0.wp.com\/lasprimeras.com.do\/wp-content\/uploads\/2025\/05\/disturbios.jpg?resize=525%2C300&ssl=1 1.5x, https:\/\/i0.wp.com\/lasprimeras.com.do\/wp-content\/uploads\/2025\/05\/disturbios.jpg?resize=700%2C400&ssl=1 2x"},"classes":[]},{"id":98869,"url":"https:\/\/lasprimeras.com.do\/index.php\/2025\/05\/13\/evo-morales-lamenta-muerte-de-jose-mujica-y-dice-que-fue-creyente-de-la-patria-grande\/","url_meta":{"origin":90869,"position":3},"title":"Evo Morales lamenta muerte de Jos\u00e9 Mujica y dice que fue \u00abcreyente de la Patria Grande\u00bb","author":"Nelson Feliz","date":"13 de mayo de 2025","format":false,"excerpt":"LA PAZ.- El expresidente de Bolivia Evo Morales (2006-2019) lament\u00f3 este martes la muerte del exmandatario de Uruguay, Jos\u00e9 Mujica, y afirm\u00f3 que fue \u00abun ferviente de la Patria Grande\u00bb. El expresidente de Uruguay Jos\u00e9 \u2018Pepe\u2019 Mujica falleci\u00f3 este martes en Montevideo a los 89 a\u00f1os, un a\u00f1o despu\u00e9s de\u2026","rel":"","context":"En \u00abINTERNACIONALES\u00bb","block_context":{"text":"INTERNACIONALES","link":"https:\/\/lasprimeras.com.do\/index.php\/category\/sin-categoria\/internacionales\/"},"img":{"alt_text":"","src":"https:\/\/i0.wp.com\/lasprimeras.com.do\/wp-content\/uploads\/2025\/05\/Evo-Morales.jpg?resize=350%2C200&ssl=1","width":350,"height":200,"srcset":"https:\/\/i0.wp.com\/lasprimeras.com.do\/wp-content\/uploads\/2025\/05\/Evo-Morales.jpg?resize=350%2C200&ssl=1 1x, https:\/\/i0.wp.com\/lasprimeras.com.do\/wp-content\/uploads\/2025\/05\/Evo-Morales.jpg?resize=525%2C300&ssl=1 1.5x, https:\/\/i0.wp.com\/lasprimeras.com.do\/wp-content\/uploads\/2025\/05\/Evo-Morales.jpg?resize=700%2C400&ssl=1 2x"},"classes":[]},{"id":57871,"url":"https:\/\/lasprimeras.com.do\/index.php\/2023\/08\/16\/aqui-se-rompio-todo-el-mas-rechaza-que-ministro-quiera-enjuiciar-a-evo-morales-por-calumnia\/","url_meta":{"origin":90869,"position":4},"title":"&#8220;Aqu\u00ed se rompi\u00f3 todo&#8221;: el MAS rechaza que ministro quiera enjuiciar a Evo Morales por calumnia","author":"Nelson Feliz","date":"16 de agosto de 2023","format":false,"excerpt":"El expresidente boliviano y el actual titular de la cartera de Justicia, Iv\u00e1n Lima, protagonizan una creciente pol\u00e9mica basada en acusaciones mutuas. El Movimiento al Socialismo \u2013 Instrumento Pol\u00edtico por la Soberan\u00eda de los Pueblos (MAS\u2013IPSP), principal partido de Gobierno en Bolivia, expres\u00f3 su rechazo e indignaci\u00f3n a las recientes\u2026","rel":"","context":"En \u00abSin categor\u00eda\u00bb","block_context":{"text":"Sin categor\u00eda","link":"https:\/\/lasprimeras.com.do\/index.php\/category\/sin-categoria\/"},"img":{"alt_text":"Iv\u00e1n Lima","src":"https:\/\/i0.wp.com\/lasprimeras.com.do\/wp-content\/uploads\/2023\/08\/Ivan-Lima.jpg?resize=350%2C200&ssl=1","width":350,"height":200,"srcset":"https:\/\/i0.wp.com\/lasprimeras.com.do\/wp-content\/uploads\/2023\/08\/Ivan-Lima.jpg?resize=350%2C200&ssl=1 1x, https:\/\/i0.wp.com\/lasprimeras.com.do\/wp-content\/uploads\/2023\/08\/Ivan-Lima.jpg?resize=525%2C300&ssl=1 1.5x, https:\/\/i0.wp.com\/lasprimeras.com.do\/wp-content\/uploads\/2023\/08\/Ivan-Lima.jpg?resize=700%2C400&ssl=1 2x"},"classes":[]},{"id":107413,"url":"https:\/\/lasprimeras.com.do\/index.php\/2025\/08\/26\/las-complejidades-del-proceso-politico-boliviano\/","url_meta":{"origin":90869,"position":5},"title":"Las Complejidades del Proceso Pol\u00edtico Boliviano","author":"Nelson Feliz","date":"26 de agosto de 2025","format":false,"excerpt":"Por Luis Fern\u00e1ndez Pol\u00edtico, escritor y comunicador El Estado Plurinacional de Bolivia pa\u00eds m\u00e1s ind\u00edgena de Sudam\u00e9rica, ubicado en el centro occidental de Am\u00e9rica del sur, cuya superficie es la sexta m\u00e1s extensa de Latinoam\u00e9rica y que es uno de los pa\u00edses con mayor biodiversidad del mundo, ha vivido en\u2026","rel":"","context":"En \u00abOPINI\u00d3N\u00bb","block_context":{"text":"OPINI\u00d3N","link":"https:\/\/lasprimeras.com.do\/index.php\/category\/opinion\/"},"img":{"alt_text":"Luis Fern\u00e1ndez","src":"https:\/\/i0.wp.com\/lasprimeras.com.do\/wp-content\/uploads\/2024\/03\/Luis-Fernandez.jpg?resize=350%2C200&ssl=1","width":350,"height":200,"srcset":"https:\/\/i0.wp.com\/lasprimeras.com.do\/wp-content\/uploads\/2024\/03\/Luis-Fernandez.jpg?resize=350%2C200&ssl=1 1x, https:\/\/i0.wp.com\/lasprimeras.com.do\/wp-content\/uploads\/2024\/03\/Luis-Fernandez.jpg?resize=525%2C300&ssl=1 1.5x"},"classes":[]}],"jetpack_sharing_enabled":true,"_links":{"self":[{"href":"https:\/\/lasprimeras.com.do\/index.php\/wp-json\/wp\/v2\/posts\/90869","targetHints":{"allow":["GET"]}}],"collection":[{"href":"https:\/\/lasprimeras.com.do\/index.php\/wp-json\/wp\/v2\/posts"}],"about":[{"href":"https:\/\/lasprimeras.com.do\/index.php\/wp-json\/wp\/v2\/types\/post"}],"author":[{"embeddable":true,"href":"https:\/\/lasprimeras.com.do\/index.php\/wp-json\/wp\/v2\/users\/2"}],"replies":[{"embeddable":true,"href":"https:\/\/lasprimeras.com.do\/index.php\/wp-json\/wp\/v2\/comments?post=90869"}],"version-history":[{"count":1,"href":"https:\/\/lasprimeras.com.do\/index.php\/wp-json\/wp\/v2\/posts\/90869\/revisions"}],"predecessor-version":[{"id":90871,"href":"https:\/\/lasprimeras.com.do\/index.php\/wp-json\/wp\/v2\/posts\/90869\/revisions\/90871"}],"wp:featuredmedia":[{"embeddable":true,"href":"https:\/\/lasprimeras.com.do\/index.php\/wp-json\/wp\/v2\/media\/90870"}],"wp:attachment":[{"href":"https:\/\/lasprimeras.com.do\/index.php\/wp-json\/wp\/v2\/media?parent=90869"}],"wp:term":[{"taxonomy":"category","embeddable":true,"href":"https:\/\/lasprimeras.com.do\/index.php\/wp-json\/wp\/v2\/categories?post=90869"},{"taxonomy":"post_tag","embeddable":true,"href":"https:\/\/lasprimeras.com.do\/index.php\/wp-json\/wp\/v2\/tags?post=90869"}],"curies":[{"name":"wp","href":"https:\/\/api.w.org\/{rel}","templated":true}]}}