{"id":90872,"date":"2024-11-02T18:36:37","date_gmt":"2024-11-02T22:36:37","guid":{"rendered":"https:\/\/lasprimeras.com.do\/?p=90872"},"modified":"2024-11-02T18:36:38","modified_gmt":"2024-11-02T22:36:38","slug":"bloque-opositor-de-venezuela-exige-la-liberacion-de-dirigente-detenido-hace-tres-meses","status":"publish","type":"post","link":"https:\/\/lasprimeras.com.do\/index.php\/2024\/11\/02\/bloque-opositor-de-venezuela-exige-la-liberacion-de-dirigente-detenido-hace-tres-meses\/","title":{"rendered":"Bloque opositor de Venezuela exige la liberaci\u00f3n de dirigente detenido hace tres meses"},"content":{"rendered":"\n<p>Caracas,(EFE).- La mayor coalici\u00f3n opositora de Venezuela, Plataforma Unitaria Democr\u00e1tica (PUD), exigi\u00f3 este s\u00e1bado la liberaci\u00f3n del dirigente antichavista Roland Carre\u00f1o, de quien asegura que fue detenido por &#8220;cuerpos de inteligencia del r\u00e9gimen de Nicol\u00e1s Maduro&#8221; el pasado agosto.<\/p>\n\n\n\n<p>A trav\u00e9s de X, la PUD exigi\u00f3 que se libere &#8220;de inmediato&#8221; al colaborador de la formaci\u00f3n Voluntad Popular (VP), as\u00ed como a todos los &#8220;presos pol\u00edticos&#8221;, cifrados en 164 por el partido Vente Venezuela -fundado por la l\u00edder opositora Mar\u00eda Corina Machado-, entre los que cuentan a dirigentes nacionales y personas que ocupaban cargos de elecci\u00f3n popular cuando fueron arrestadas.<\/p>\n\n\n\n<p>&#8220;Querer un cambio para Venezuela no es un crimen. Hacer pol\u00edtica no es delito&#8221;, manifest\u00f3 la PUD.<\/p>\n\n\n\n<p>Esta es la segunda vez que Carre\u00f1o es detenido. Tambi\u00e9n fue arrestado el 26 de octubre de 2020, cuando se le acus\u00f3 de financiamiento al terrorismo, conspiraci\u00f3n contra la forma pol\u00edtica y tr\u00e1fico il\u00edcito de armas de guerra, y excarcelado el 18 de octubre del a\u00f1o pasado tras un acuerdo firmado entonces entre el Gobierno y la PUD en Barbados.<\/p>\n\n\n\n<p>La nueva detenci\u00f3n se produjo despu\u00e9s de las presidenciales del 28 de julio, cuando las autoridades arrestaron a m\u00e1s de 2.400 personas, seg\u00fan el Ejecutivo, algunas de ellas en protestas contra el resultado oficial -que dio la reelecci\u00f3n a Maduro- y otras en operativos policiales y militares ordenados por el Gobierno, que denunci\u00f3 un golpe de Estado en su contra.<\/p>\n\n\n\n<p>Este s\u00e1bado, familiares de detenidos en Venezuela culminaron una vigilia de oraci\u00f3n que comenz\u00f3 un d\u00eda antes cerca de la c\u00e1rcel de Tocuyito, en el estado Carabobo (norte), para pedir la libertad de todos los considerados presos pol\u00edticos, seg\u00fan inform\u00f3 la ONG Comit\u00e9 por la Libertad de los Presos Pol\u00edticos.<\/p>\n\n\n\n<p>Recientemente, el canciller venezolano, Yv\u00e1n Gil, asegur\u00f3 que el pa\u00eds caribe\u00f1o est\u00e1 &#8220;libre de presos pol\u00edticos&#8221;, una afirmaci\u00f3n criticada por el antichavismo y diversos sectores sociales. EFE<\/p>\n","protected":false},"excerpt":{"rendered":"<p>Caracas,(EFE).- La mayor coalici\u00f3n opositora de Venezuela, Plataforma Unitaria Democr\u00e1tica (PUD), exigi\u00f3 este s\u00e1bado la liberaci\u00f3n del dirigente antichavista Roland Carre\u00f1o, de quien asegura que fue detenido por &#8220;cuerpos de&hellip;<\/p>\n","protected":false},"author":2,"featured_media":90873,"comment_status":"open","ping_status":"open","sticky":false,"template":"","format":"standard","meta":{"content-type":"","jetpack_post_was_ever_published":false,"_jetpack_newsletter_access":"","_jetpack_dont_email_post_to_subs":false,"_jetpack_newsletter_tier_id":0,"_jetpack_memberships_contains_paywalled_content":false,"_jetpack_memberships_contains_paid_content":false,"footnotes":""},"categories":[1],"tags":[3191,4198,616,2901,3548,13785,420],"class_list":["post-90872","post","type-post","status-publish","format-standard","has-post-thumbnail","hentry","category-sin-categoria","tag-bloque","tag-detenido","tag-dirigente","tag-liberacion","tag-opositor","tag-tres-meses","tag-venezuela"],"jetpack_featured_media_url":"https:\/\/lasprimeras.com.do\/wp-content\/uploads\/2024\/11\/libertad.jpg","jetpack-related-posts":[{"id":86572,"url":"https:\/\/lasprimeras.com.do\/index.php\/2024\/07\/28\/edmundo-gonzalez-inesperado-candidato-opositor-que-pretende-sacar-a-maduro-del-poder-en-venezuela\/","url_meta":{"origin":90872,"position":0},"title":"Edmundo Gonz\u00e1lez, inesperado candidato opositor que pretende sacar a Maduro del poder en Venezuela","author":"Nelson Feliz","date":"28 de julio de 2024","format":false,"excerpt":"BY JORGE RUEDA CARACAS (AP) \u2014 Apenas tres meses antes de la fecha prevista para las elecciones de Venezuela, Edmundo Gonz\u00e1lez Urrutia recibi\u00f3 una encomienda que jam\u00e1s busc\u00f3: ser el candidato de la principal coalici\u00f3n opositora que pretender sacar a Nicol\u00e1s Maduro del poder, tras 25 a\u00f1os de gobiernos socialistas.\u2026","rel":"","context":"En \u00abPORTADA\u00bb","block_context":{"text":"PORTADA","link":"https:\/\/lasprimeras.com.do\/index.php\/category\/portada\/"},"img":{"alt_text":"","src":"https:\/\/i0.wp.com\/lasprimeras.com.do\/wp-content\/uploads\/2024\/07\/Edmundo-Gonzalez-Urrutia-1.png?resize=350%2C200&ssl=1","width":350,"height":200,"srcset":"https:\/\/i0.wp.com\/lasprimeras.com.do\/wp-content\/uploads\/2024\/07\/Edmundo-Gonzalez-Urrutia-1.png?resize=350%2C200&ssl=1 1x, https:\/\/i0.wp.com\/lasprimeras.com.do\/wp-content\/uploads\/2024\/07\/Edmundo-Gonzalez-Urrutia-1.png?resize=525%2C300&ssl=1 1.5x, https:\/\/i0.wp.com\/lasprimeras.com.do\/wp-content\/uploads\/2024\/07\/Edmundo-Gonzalez-Urrutia-1.png?resize=700%2C400&ssl=1 2x"},"classes":[]},{"id":91790,"url":"https:\/\/lasprimeras.com.do\/index.php\/2024\/12\/01\/familias-de-presos-politicos-en-venezuela-exigen-su-libertad-y-el-cese-de-la-represion\/","url_meta":{"origin":90872,"position":1},"title":"Familias de &#8220;presos pol\u00edticos&#8221; en Venezuela exigen su libertad y el cese de la &#8220;represi\u00f3n&#8221;","author":"Nelson Feliz","date":"1 de diciembre de 2024","format":false,"excerpt":"Caracas, (EFE).- Familiares y amigos de los considerados \"presos pol\u00edticos\" en Venezuela, acompa\u00f1ados de activistas y otros ciudadanos, llevaron a cabo este domingo una vigilia en una plaza de Caracas para exigir la liberaci\u00f3n de estos detenidos, as\u00ed como el \"cese de la represi\u00f3n\" en el pa\u00eds. Al grito de\u2026","rel":"","context":"En \u00abINTERNACIONALES\u00bb","block_context":{"text":"INTERNACIONALES","link":"https:\/\/lasprimeras.com.do\/index.php\/category\/sin-categoria\/internacionales\/"},"img":{"alt_text":"","src":"https:\/\/i0.wp.com\/lasprimeras.com.do\/wp-content\/uploads\/2024\/12\/familiares.jpg?resize=350%2C200&ssl=1","width":350,"height":200,"srcset":"https:\/\/i0.wp.com\/lasprimeras.com.do\/wp-content\/uploads\/2024\/12\/familiares.jpg?resize=350%2C200&ssl=1 1x, https:\/\/i0.wp.com\/lasprimeras.com.do\/wp-content\/uploads\/2024\/12\/familiares.jpg?resize=525%2C300&ssl=1 1.5x"},"classes":[]},{"id":121658,"url":"https:\/\/lasprimeras.com.do\/index.php\/2026\/02\/08\/liberan-al-lider-opositor-venezolano-juan-pablo-guanipa-tras-ocho-meses-de-prision\/","url_meta":{"origin":90872,"position":2},"title":"Liberan al l\u00edder opositor venezolano Juan Pablo Guanipa tras ocho meses de prisi\u00f3n","author":"Nelson Feliz","date":"8 de febrero de 2026","format":false,"excerpt":"CARACAS, Venezuela (AP) \u2014 El l\u00edder opositor venezolano Juan Pablo Guanipa fue liberado el domingo despu\u00e9s de m\u00e1s de ocho meses en prisi\u00f3n, dijo en un video publicado en las redes sociales. Guanipa, uno de los aliados m\u00e1s cercanos de la poderosa opositora Mar\u00eda Corina Machado, hab\u00eda estado detenido en\u2026","rel":"","context":"En \u00abINTERNACIONALES\u00bb","block_context":{"text":"INTERNACIONALES","link":"https:\/\/lasprimeras.com.do\/index.php\/category\/sin-categoria\/internacionales\/"},"img":{"alt_text":"","src":"https:\/\/i0.wp.com\/lasprimeras.com.do\/wp-content\/uploads\/2026\/02\/guanipa.jpg?resize=350%2C200&ssl=1","width":350,"height":200,"srcset":"https:\/\/i0.wp.com\/lasprimeras.com.do\/wp-content\/uploads\/2026\/02\/guanipa.jpg?resize=350%2C200&ssl=1 1x, https:\/\/i0.wp.com\/lasprimeras.com.do\/wp-content\/uploads\/2026\/02\/guanipa.jpg?resize=525%2C300&ssl=1 1.5x, https:\/\/i0.wp.com\/lasprimeras.com.do\/wp-content\/uploads\/2026\/02\/guanipa.jpg?resize=700%2C400&ssl=1 2x"},"classes":[]},{"id":91816,"url":"https:\/\/lasprimeras.com.do\/index.php\/2024\/12\/03\/familiares-desesperados-por-traslado-de-presas-politicas-dice-un-partido-antichavista\/","url_meta":{"origin":90872,"position":3},"title":"Familiares &#8220;desesperados&#8221; por traslado de &#8220;presas pol\u00edticas&#8221;, dice un partido antichavista","author":"Nelson Feliz","date":"3 de diciembre de 2024","format":false,"excerpt":"Caracas,(EFE).- Familiares de \"presas pol\u00edticas\" en Venezuela est\u00e1n \"desesperados\" luego de que trasladaran a 29 mujeres desde el estado Anzo\u00e1tegui (este) hasta un centro penitenciario en Miranda (norte, cercano a Caracas), asegur\u00f3 este martes el Comit\u00e9 de Derechos Humanos de Vente Venezuela (VV), partido liderado por la opositora Mar\u00eda Corina\u2026","rel":"","context":"En \u00abINTERNACIONALES\u00bb","block_context":{"text":"INTERNACIONALES","link":"https:\/\/lasprimeras.com.do\/index.php\/category\/sin-categoria\/internacionales\/"},"img":{"alt_text":"","src":"https:\/\/i0.wp.com\/lasprimeras.com.do\/wp-content\/uploads\/2024\/12\/ANTICHAVISTAS.jpg?resize=350%2C200&ssl=1","width":350,"height":200,"srcset":"https:\/\/i0.wp.com\/lasprimeras.com.do\/wp-content\/uploads\/2024\/12\/ANTICHAVISTAS.jpg?resize=350%2C200&ssl=1 1x, https:\/\/i0.wp.com\/lasprimeras.com.do\/wp-content\/uploads\/2024\/12\/ANTICHAVISTAS.jpg?resize=525%2C300&ssl=1 1.5x, https:\/\/i0.wp.com\/lasprimeras.com.do\/wp-content\/uploads\/2024\/12\/ANTICHAVISTAS.jpg?resize=700%2C400&ssl=1 2x"},"classes":[]},{"id":89545,"url":"https:\/\/lasprimeras.com.do\/index.php\/2024\/09\/28\/chavista-y-opositores-se-manifiestan-en-regiones-de-venezuela-tras-dos-meses-de-comicios\/","url_meta":{"origin":90872,"position":4},"title":"Chavista y opositores se manifiestan en regiones de Venezuela tras dos meses de comicios","author":"Nelson Feliz","date":"28 de septiembre de 2024","format":false,"excerpt":"Caracas,(EFE).- Cientos de chavistas y opositores se manifestaron este s\u00e1bado en diferentes regiones de Venezuela a favor y en contra, respectivamente, de los resultados de los comicios presidenciales que se celebraron hace dos meses, el 28 de julio, en los que el Consejo Nacional Electoral (CNE) proclam\u00f3 como ganador a\u2026","rel":"","context":"En \u00abSin categor\u00eda\u00bb","block_context":{"text":"Sin categor\u00eda","link":"https:\/\/lasprimeras.com.do\/index.php\/category\/sin-categoria\/"},"img":{"alt_text":"","src":"https:\/\/i0.wp.com\/lasprimeras.com.do\/wp-content\/uploads\/2024\/09\/Chavista-y-opositores-1.jpg?resize=350%2C200&ssl=1","width":350,"height":200,"srcset":"https:\/\/i0.wp.com\/lasprimeras.com.do\/wp-content\/uploads\/2024\/09\/Chavista-y-opositores-1.jpg?resize=350%2C200&ssl=1 1x, https:\/\/i0.wp.com\/lasprimeras.com.do\/wp-content\/uploads\/2024\/09\/Chavista-y-opositores-1.jpg?resize=525%2C300&ssl=1 1.5x"},"classes":[]},{"id":122140,"url":"https:\/\/lasprimeras.com.do\/index.php\/2026\/02\/14\/familiares-se-reencuentran-con-17-presos-liberados-en-venezuela-otros-aguardan-ley-de-amnistia\/","url_meta":{"origin":90872,"position":5},"title":"Familiares se reencuentran con 17 presos liberados en Venezuela; otros aguardan Ley de Amnist\u00eda","author":"Nelson Feliz","date":"14 de febrero de 2026","format":false,"excerpt":"POR JUAN ARR\u00c1EZ CARACAS (AP) \u2014 Al menos 17 personas que permanec\u00edan detenidas por motivos pol\u00edticos en una prisi\u00f3n del este de Caracas se reencontraron la madrugada del s\u00e1bado con sus familiares tras ser liberados, al tiempo que crece la presi\u00f3n sobre el gobierno de la presidenta encargada Delcy Rodr\u00edguez\u2026","rel":"","context":"En \u00abINTERNACIONALES\u00bb","block_context":{"text":"INTERNACIONALES","link":"https:\/\/lasprimeras.com.do\/index.php\/category\/sin-categoria\/internacionales\/"},"img":{"alt_text":"","src":"https:\/\/i0.wp.com\/lasprimeras.com.do\/wp-content\/uploads\/2026\/02\/liberados.jpg?resize=350%2C200&ssl=1","width":350,"height":200,"srcset":"https:\/\/i0.wp.com\/lasprimeras.com.do\/wp-content\/uploads\/2026\/02\/liberados.jpg?resize=350%2C200&ssl=1 1x, https:\/\/i0.wp.com\/lasprimeras.com.do\/wp-content\/uploads\/2026\/02\/liberados.jpg?resize=525%2C300&ssl=1 1.5x, https:\/\/i0.wp.com\/lasprimeras.com.do\/wp-content\/uploads\/2026\/02\/liberados.jpg?resize=700%2C400&ssl=1 2x"},"classes":[]}],"jetpack_sharing_enabled":true,"_links":{"self":[{"href":"https:\/\/lasprimeras.com.do\/index.php\/wp-json\/wp\/v2\/posts\/90872","targetHints":{"allow":["GET"]}}],"collection":[{"href":"https:\/\/lasprimeras.com.do\/index.php\/wp-json\/wp\/v2\/posts"}],"about":[{"href":"https:\/\/lasprimeras.com.do\/index.php\/wp-json\/wp\/v2\/types\/post"}],"author":[{"embeddable":true,"href":"https:\/\/lasprimeras.com.do\/index.php\/wp-json\/wp\/v2\/users\/2"}],"replies":[{"embeddable":true,"href":"https:\/\/lasprimeras.com.do\/index.php\/wp-json\/wp\/v2\/comments?post=90872"}],"version-history":[{"count":1,"href":"https:\/\/lasprimeras.com.do\/index.php\/wp-json\/wp\/v2\/posts\/90872\/revisions"}],"predecessor-version":[{"id":90874,"href":"https:\/\/lasprimeras.com.do\/index.php\/wp-json\/wp\/v2\/posts\/90872\/revisions\/90874"}],"wp:featuredmedia":[{"embeddable":true,"href":"https:\/\/lasprimeras.com.do\/index.php\/wp-json\/wp\/v2\/media\/90873"}],"wp:attachment":[{"href":"https:\/\/lasprimeras.com.do\/index.php\/wp-json\/wp\/v2\/media?parent=90872"}],"wp:term":[{"taxonomy":"category","embeddable":true,"href":"https:\/\/lasprimeras.com.do\/index.php\/wp-json\/wp\/v2\/categories?post=90872"},{"taxonomy":"post_tag","embeddable":true,"href":"https:\/\/lasprimeras.com.do\/index.php\/wp-json\/wp\/v2\/tags?post=90872"}],"curies":[{"name":"wp","href":"https:\/\/api.w.org\/{rel}","templated":true}]}}