{"id":90875,"date":"2024-11-02T18:41:08","date_gmt":"2024-11-02T22:41:08","guid":{"rendered":"https:\/\/lasprimeras.com.do\/?p=90875"},"modified":"2024-11-02T18:41:08","modified_gmt":"2024-11-02T22:41:08","slug":"el-fbi-dice-que-son-falsos-los-videos-sobre-fraude-electoral-y-el-esposo-de-kamala-harris","status":"publish","type":"post","link":"https:\/\/lasprimeras.com.do\/index.php\/2024\/11\/02\/el-fbi-dice-que-son-falsos-los-videos-sobre-fraude-electoral-y-el-esposo-de-kamala-harris\/","title":{"rendered":"El FBI dice que son falsos los videos sobre fraude electoral y el esposo de Kamala Harris"},"content":{"rendered":"\n<p>Nueva York, (EFE).- La Oficina Federal de Investigaci\u00f3n (FBI) de Estados Unidos dijo este s\u00e1bado que son falsos dos videos relacionados con la seguridad electoral que afirman ser de la agencia: uno dice que ha detenido a tres grupos vinculados que cometen fraude electoral, mientras el otro involucra a Doug Emhoff, el esposo de la vicepresidenta y candidata dem\u00f3crata a la Casa Blanca, Kamala Harris.<\/p>\n\n\n\n<p>\u201cEstos videos no son aut\u00e9nticos, no son del FBI y el contenido que muestran es falso\u201d, apunta la agencia en un comunicado.<\/p>\n\n\n\n<p>El FBI asegura este s\u00e1bado que los intentos de enga\u00f1ar al p\u00fablico con contenido falso sobre las operaciones de la agencia socavan el proceso democr\u00e1tico y tienen como objetivo erosionar la confianza en el sistema electoral.<\/p>\n\n\n\n<p>&#8220;El FBI alienta a todos a buscar informaci\u00f3n sobre las elecciones y la votaci\u00f3n en fuentes confiables, como su oficina electoral local. Y si sospecha de una actividad delictiva, le pedimos que informe a las fuerzas del orden estatales o locales o a su oficina local del FBI&#8221;, concluye el comunicado.<\/p>\n\n\n\n<p>Agencia EFE<\/p>\n","protected":false},"excerpt":{"rendered":"<p>Nueva York, (EFE).- La Oficina Federal de Investigaci\u00f3n (FBI) de Estados Unidos dijo este s\u00e1bado que son falsos dos videos relacionados con la seguridad electoral que afirman ser de la&hellip;<\/p>\n","protected":false},"author":2,"featured_media":90876,"comment_status":"open","ping_status":"open","sticky":false,"template":"","format":"standard","meta":{"content-type":"","jetpack_post_was_ever_published":false,"_jetpack_newsletter_access":"","_jetpack_dont_email_post_to_subs":false,"_jetpack_newsletter_tier_id":0,"_jetpack_memberships_contains_paywalled_content":false,"_jetpack_memberships_contains_paid_content":false,"footnotes":""},"categories":[1],"tags":[1659,16257,793,11400,2291,13297],"class_list":["post-90875","post","type-post","status-publish","format-standard","has-post-thumbnail","hentry","category-sin-categoria","tag-esposo","tag-falsos","tag-fbi","tag-fraude-electoral","tag-kamala-harris","tag-videos"],"jetpack_featured_media_url":"https:\/\/lasprimeras.com.do\/wp-content\/uploads\/2024\/11\/Kamala-Harris-7.jpg","jetpack-related-posts":[{"id":90966,"url":"https:\/\/lasprimeras.com.do\/index.php\/2024\/11\/04\/kamala-harris-sorprende-con-un-cameo-junto-a-su-imitadora-en-saturday-night-live\/","url_meta":{"origin":90875,"position":0},"title":"Kamala Harris sorprende con un cameo junto a su imitadora en Saturday Night Live","author":"Nelson Feliz","date":"4 de noviembre de 2024","format":false,"excerpt":"Nueva York, (EFE).- La candidata dem\u00f3crata a la presidencia, la vicepresidenta K\u00e1mala Harris, apareci\u00f3 por sorpresa en la noche del s\u00e1bado en el programa de la televisi\u00f3n estadounidense 'Saturday Night Live', junto con su imitadora, la actriz Maya Rudolph, para pedir que voten por ella y hacer bromas sobre su\u2026","rel":"","context":"En \u00abINTERNACIONALES\u00bb","block_context":{"text":"INTERNACIONALES","link":"https:\/\/lasprimeras.com.do\/index.php\/category\/sin-categoria\/internacionales\/"},"img":{"alt_text":"kamala and kamala","src":"https:\/\/i0.wp.com\/lasprimeras.com.do\/wp-content\/uploads\/2024\/11\/kamala-and-kamala-1.jpg?resize=350%2C200&ssl=1","width":350,"height":200,"srcset":"https:\/\/i0.wp.com\/lasprimeras.com.do\/wp-content\/uploads\/2024\/11\/kamala-and-kamala-1.jpg?resize=350%2C200&ssl=1 1x, https:\/\/i0.wp.com\/lasprimeras.com.do\/wp-content\/uploads\/2024\/11\/kamala-and-kamala-1.jpg?resize=525%2C300&ssl=1 1.5x"},"classes":[]},{"id":72917,"url":"https:\/\/lasprimeras.com.do\/index.php\/2024\/01\/04\/fbi-determina-que-amenazas-de-bomba-a-capitolios-estatales-en-ee-uu-eran-falsas\/","url_meta":{"origin":90875,"position":1},"title":"FBI determina que amenazas de bomba a capitolios estatales en EE.UU. eran falsas","author":"Nelson Feliz","date":"4 de enero de 2024","format":false,"excerpt":"Las advertencias se produjeron tras una oleada de noticias falsas de tiroteos en los domicilios de funcionarios p\u00fablicos en los \u00faltimos d\u00edas. Por Rebecca Reynolds Funcionarios de varios estados recibieron correos electr\u00f3nicos con amenazas de bomba este mi\u00e9rcoles, las cuales afectaron asuntos gubernamentales y obligaron a evacuar algunos capitolios estatales,\u2026","rel":"","context":"En \u00abSin categor\u00eda\u00bb","block_context":{"text":"Sin categor\u00eda","link":"https:\/\/lasprimeras.com.do\/index.php\/category\/sin-categoria\/"},"img":{"alt_text":"capitolios estatales","src":"https:\/\/i0.wp.com\/lasprimeras.com.do\/wp-content\/uploads\/2024\/01\/capitolios-estatales.jpg?resize=350%2C200&ssl=1","width":350,"height":200,"srcset":"https:\/\/i0.wp.com\/lasprimeras.com.do\/wp-content\/uploads\/2024\/01\/capitolios-estatales.jpg?resize=350%2C200&ssl=1 1x, https:\/\/i0.wp.com\/lasprimeras.com.do\/wp-content\/uploads\/2024\/01\/capitolios-estatales.jpg?resize=525%2C300&ssl=1 1.5x, https:\/\/i0.wp.com\/lasprimeras.com.do\/wp-content\/uploads\/2024\/01\/capitolios-estatales.jpg?resize=700%2C400&ssl=1 2x"},"classes":[]},{"id":90979,"url":"https:\/\/lasprimeras.com.do\/index.php\/2024\/11\/04\/harris-y-trump-queman-sus-ultimos-cartuchos-electorales-para-las-presidenciales\/","url_meta":{"origin":90875,"position":2},"title":"Harris y Trump queman sus \u00faltimos cartuchos electorales para las presidenciales","author":"Nelson Feliz","date":"4 de noviembre de 2024","format":false,"excerpt":"Ryan Collerd con Danny Kemp en Washington Kamala Harris y Donald Trump apuran sus \u00faltimas horas de campa\u00f1a este lunes en el estado de Pensilvania, en el \u00faltimo d\u00eda de unas elecciones muy re\u00f1idas que tienen en ascuas al mundo. La vicepresidenta dem\u00f3crata y su rival, el expresidente republicano, pelean\u2026","rel":"","context":"En \u00abINTERNACIONALES\u00bb","block_context":{"text":"INTERNACIONALES","link":"https:\/\/lasprimeras.com.do\/index.php\/category\/sin-categoria\/internacionales\/"},"img":{"alt_text":"Kamala Harris y Donald Trump","src":"https:\/\/i0.wp.com\/lasprimeras.com.do\/wp-content\/uploads\/2024\/11\/Kamala-Harris-y-Donald-Trump-1.jpg?resize=350%2C200&ssl=1","width":350,"height":200,"srcset":"https:\/\/i0.wp.com\/lasprimeras.com.do\/wp-content\/uploads\/2024\/11\/Kamala-Harris-y-Donald-Trump-1.jpg?resize=350%2C200&ssl=1 1x, https:\/\/i0.wp.com\/lasprimeras.com.do\/wp-content\/uploads\/2024\/11\/Kamala-Harris-y-Donald-Trump-1.jpg?resize=525%2C300&ssl=1 1.5x"},"classes":[]},{"id":89812,"url":"https:\/\/lasprimeras.com.do\/index.php\/2024\/10\/06\/harris-promete-ayuda-federal-en-su-visita-a-carolina-del-norte-para-evaluar-secuelas-de-helene\/","url_meta":{"origin":90875,"position":3},"title":"Harris promete ayuda federal en su visita a Carolina del Norte para evaluar secuelas de Helene","author":"Nelson Feliz","date":"6 de octubre de 2024","format":false,"excerpt":"COLLEEN LONG y AYANNA ALEXANDER CHARLOTTE, Carolina del Norte, EE.UU. (AP) \u2014 La candidata presidencial dem\u00f3crata Kamala Harris prometi\u00f3 apoyo federal continuo y elogi\u00f3 a los \u201ch\u00e9roes entre nosotros\u201d cuando visit\u00f3 Carolina del Norte el s\u00e1bado despu\u00e9s del paso del hurac\u00e1n Helene, su segundo viaje en cuatro d\u00edas a la\u2026","rel":"","context":"En \u00abSin categor\u00eda\u00bb","block_context":{"text":"Sin categor\u00eda","link":"https:\/\/lasprimeras.com.do\/index.php\/category\/sin-categoria\/"},"img":{"alt_text":"La candidata presidencial dem\u00f3crata Kamala Harris, centro, conversa con Stacey Carless, izquierda, y Melissa Funderburk, trabajadoras de un centro de recepci\u00f3n y distribuci\u00f3n de art\u00edculos y alimentos, luego de recibir una actualizaci\u00f3n de los da\u00f1os causados en la regi\u00f3n por el hurac\u00e1n Helene, el s\u00e1bado 5 de octubre de 2024, en Charlotte, Carolina del Norte","src":"https:\/\/i0.wp.com\/lasprimeras.com.do\/wp-content\/uploads\/2024\/10\/harris.jpg?resize=350%2C200&ssl=1","width":350,"height":200,"srcset":"https:\/\/i0.wp.com\/lasprimeras.com.do\/wp-content\/uploads\/2024\/10\/harris.jpg?resize=350%2C200&ssl=1 1x, https:\/\/i0.wp.com\/lasprimeras.com.do\/wp-content\/uploads\/2024\/10\/harris.jpg?resize=525%2C300&ssl=1 1.5x, https:\/\/i0.wp.com\/lasprimeras.com.do\/wp-content\/uploads\/2024\/10\/harris.jpg?resize=700%2C400&ssl=1 2x"},"classes":[]},{"id":88911,"url":"https:\/\/lasprimeras.com.do\/index.php\/2024\/09\/10\/trump-acusa-a-los-inmigrantes-de-comerse-perros-y-gatos-ante-la-mirada-atonita-de-harris\/","url_meta":{"origin":90875,"position":4},"title":"Trump acusa a los inmigrantes de comerse perros y gatos ante la mirada at\u00f3nita de Harris","author":"Nelson Feliz","date":"10 de septiembre de 2024","format":false,"excerpt":"Filadelfia (EE.UU.),(EFE).- El candidato republicano a la presidencia estadounidense, Donald Trump, acus\u00f3 este martes a los inmigrantes que llegan a Estados Unidos de comerse los perros y los gatos de los ciudadanos que viven en las ciudades fronterizas, ante una at\u00f3nita Kamala Harris, su rival dem\u00f3crata en las elecciones del\u2026","rel":"","context":"En \u00abSin categor\u00eda\u00bb","block_context":{"text":"Sin categor\u00eda","link":"https:\/\/lasprimeras.com.do\/index.php\/category\/sin-categoria\/"},"img":{"alt_text":"Donald Trump y Kamala Harris","src":"https:\/\/i0.wp.com\/lasprimeras.com.do\/wp-content\/uploads\/2024\/09\/Donald-Trump-y-Kamala-Harris.jpg?resize=350%2C200&ssl=1","width":350,"height":200,"srcset":"https:\/\/i0.wp.com\/lasprimeras.com.do\/wp-content\/uploads\/2024\/09\/Donald-Trump-y-Kamala-Harris.jpg?resize=350%2C200&ssl=1 1x, https:\/\/i0.wp.com\/lasprimeras.com.do\/wp-content\/uploads\/2024\/09\/Donald-Trump-y-Kamala-Harris.jpg?resize=525%2C300&ssl=1 1.5x"},"classes":[]},{"id":90991,"url":"https:\/\/lasprimeras.com.do\/index.php\/2024\/11\/05\/donald-trump-sigue-por-delante-de-harris-tras-imponerse-en-florida-y-otros-7-estados\/","url_meta":{"origin":90875,"position":5},"title":"Donald Trump sigue por delante de Harris tras imponerse en Florida y otros 7 estados","author":"Nelson Feliz","date":"5 de noviembre de 2024","format":false,"excerpt":"Washington, (EFE).- El candidato republicano a la Casa Blanca, Donald Trump, gan\u00f3 este martes las elecciones en los estados de Florida, Tennessee, Alabama, Arkansas, Misisip\u00ed, Misuri, Carolina del Sur y Oklahoma, mientras que la vicepresidenta dem\u00f3crata, Kamala Harris, se hizo con Massachusetts, Maryland, Rhode Island, Connecticut y el Distrito de\u2026","rel":"","context":"En \u00abINTERNACIONALES\u00bb","block_context":{"text":"INTERNACIONALES","link":"https:\/\/lasprimeras.com.do\/index.php\/category\/sin-categoria\/internacionales\/"},"img":{"alt_text":"","src":"https:\/\/i0.wp.com\/lasprimeras.com.do\/wp-content\/uploads\/2024\/11\/voto.jpg?resize=350%2C200&ssl=1","width":350,"height":200,"srcset":"https:\/\/i0.wp.com\/lasprimeras.com.do\/wp-content\/uploads\/2024\/11\/voto.jpg?resize=350%2C200&ssl=1 1x, https:\/\/i0.wp.com\/lasprimeras.com.do\/wp-content\/uploads\/2024\/11\/voto.jpg?resize=525%2C300&ssl=1 1.5x, https:\/\/i0.wp.com\/lasprimeras.com.do\/wp-content\/uploads\/2024\/11\/voto.jpg?resize=700%2C400&ssl=1 2x"},"classes":[]}],"jetpack_sharing_enabled":true,"_links":{"self":[{"href":"https:\/\/lasprimeras.com.do\/index.php\/wp-json\/wp\/v2\/posts\/90875","targetHints":{"allow":["GET"]}}],"collection":[{"href":"https:\/\/lasprimeras.com.do\/index.php\/wp-json\/wp\/v2\/posts"}],"about":[{"href":"https:\/\/lasprimeras.com.do\/index.php\/wp-json\/wp\/v2\/types\/post"}],"author":[{"embeddable":true,"href":"https:\/\/lasprimeras.com.do\/index.php\/wp-json\/wp\/v2\/users\/2"}],"replies":[{"embeddable":true,"href":"https:\/\/lasprimeras.com.do\/index.php\/wp-json\/wp\/v2\/comments?post=90875"}],"version-history":[{"count":1,"href":"https:\/\/lasprimeras.com.do\/index.php\/wp-json\/wp\/v2\/posts\/90875\/revisions"}],"predecessor-version":[{"id":90877,"href":"https:\/\/lasprimeras.com.do\/index.php\/wp-json\/wp\/v2\/posts\/90875\/revisions\/90877"}],"wp:featuredmedia":[{"embeddable":true,"href":"https:\/\/lasprimeras.com.do\/index.php\/wp-json\/wp\/v2\/media\/90876"}],"wp:attachment":[{"href":"https:\/\/lasprimeras.com.do\/index.php\/wp-json\/wp\/v2\/media?parent=90875"}],"wp:term":[{"taxonomy":"category","embeddable":true,"href":"https:\/\/lasprimeras.com.do\/index.php\/wp-json\/wp\/v2\/categories?post=90875"},{"taxonomy":"post_tag","embeddable":true,"href":"https:\/\/lasprimeras.com.do\/index.php\/wp-json\/wp\/v2\/tags?post=90875"}],"curies":[{"name":"wp","href":"https:\/\/api.w.org\/{rel}","templated":true}]}}