{"id":90878,"date":"2024-11-02T19:01:15","date_gmt":"2024-11-02T23:01:15","guid":{"rendered":"https:\/\/lasprimeras.com.do\/?p=90878"},"modified":"2024-11-02T19:01:16","modified_gmt":"2024-11-02T23:01:16","slug":"ricardo-nieves-deplora-demanda-de-la-gobernadora-de-santiago-a-luna-tv-el-poder-no-es-para-intimidar","status":"publish","type":"post","link":"https:\/\/lasprimeras.com.do\/index.php\/2024\/11\/02\/ricardo-nieves-deplora-demanda-de-la-gobernadora-de-santiago-a-luna-tv-el-poder-no-es-para-intimidar\/","title":{"rendered":"Ricardo Nieves deplora demanda de la gobernadora de Santiago a Luna TV: \u201cEl poder no es para intimidar\u201d"},"content":{"rendered":"\n<p>El comunicador Ricardo Nieves expres\u00f3 su solidaridad con los periodistas y empresarios de la comunicaci\u00f3n Roberto Tineo y David Lantigua ante la demanda interpuesta por la controvertida gobernadora de Santiago, Rosa Santos, contra Luna TV, medio que presiden ambos profesionales.<\/p>\n\n\n\n<p>Nieves defendi\u00f3 el derecho a la libertad de prensa y cuestion\u00f3 la actitud defensiva de la representante del Poder Ejecutivo frente a las cr\u00edticas que recibe en su rol de servidora p\u00fablica.<\/p>\n\n\n\n<p>Afirm\u00f3 que \u201cel funcionario p\u00fablico est\u00e1 en un nivel donde el cuestionamiento, la cr\u00edtica y la duda est\u00e1n admitidos; d\u00e9jese de ponderaciones. Lo razonable es que usted se dirija a ese comunicador y fije su posici\u00f3n con el derecho que le asiste de responder y replicar. Contradiga al comunicador, pero esa pr\u00e1ctica de intimidar para callar no funciona\u201d.<\/p>\n\n\n\n<p>Exhort\u00f3 a la representante del Gobierno en la provincia a mostrar mayor respeto por la opini\u00f3n p\u00fablica y a promover la conciliaci\u00f3n y el derecho a r\u00e9plica ante las cr\u00edticas, en lugar de intentar, seg\u00fan \u00e9l, coartar las posturas de los l\u00edderes de la comunicaci\u00f3n.<\/p>\n\n\n\n<p>\u201cHay gente que se vuelve loca en el poder; le doy mi respaldo y mi apoyo a todo el personal de Luna TV, a Roberto Tineo y a David Lantigua\u201d, puntualiz\u00f3 el comunicador i productor &#8220;El Caf\u00e9 con Nieves&#8221;.<\/p>\n\n\n\n<p>Ricardo Nieves subray\u00f3 que los actores de la comunicaci\u00f3n forman una gran familia y a\u00f1adi\u00f3 que en los nuevos tiempos existe libertad de prensa: \u201cEsos miedos viejos ya se enterraron en este pa\u00eds\u201d.<\/p>\n","protected":false},"excerpt":{"rendered":"<p>El comunicador Ricardo Nieves expres\u00f3 su solidaridad con los periodistas y empresarios de la comunicaci\u00f3n Roberto Tineo y David Lantigua ante la demanda interpuesta por la controvertida gobernadora de Santiago,&hellip;<\/p>\n","protected":false},"author":2,"featured_media":90879,"comment_status":"open","ping_status":"open","sticky":false,"template":"","format":"standard","meta":{"content-type":"","jetpack_post_was_ever_published":false,"_jetpack_newsletter_access":"","_jetpack_dont_email_post_to_subs":false,"_jetpack_newsletter_tier_id":0,"_jetpack_memberships_contains_paywalled_content":false,"_jetpack_memberships_contains_paid_content":false,"footnotes":""},"categories":[35],"tags":[1085,3000,16258,14071,1049],"class_list":["post-90878","post","type-post","status-publish","format-standard","has-post-thumbnail","hentry","category-nacionales","tag-demanda","tag-gobernadora","tag-luna-tv","tag-ricardo-nieves","tag-santiago"],"jetpack_featured_media_url":"https:\/\/lasprimeras.com.do\/wp-content\/uploads\/2024\/11\/Ricardo-Nieves.jpg","jetpack-related-posts":[{"id":90883,"url":"https:\/\/lasprimeras.com.do\/index.php\/2024\/11\/02\/gobernadora-de-santiago-pide-cierre-del-canal-luna-tv\/","url_meta":{"origin":90878,"position":0},"title":"Gobernadora de Santiago pide cierre del canal Luna TV","author":"Nelson Feliz","date":"2 de noviembre de 2024","format":false,"excerpt":"Demand\u00f3 a periodistas Roberto Tineo, David Lantigua y Carlos Benoit y pide 550 millones de pesos de indemnizaci\u00f3n. Reputados comunicadores de Santiago y el canal de televisi\u00f3n Luna TV deploraron este viernes que la gobernadora provincial, Rosa Santos, en un acto avasallante, temerario y sin precedentes atente contra la libertad\u2026","rel":"","context":"En \u00abNACIONALES\u00bb","block_context":{"text":"NACIONALES","link":"https:\/\/lasprimeras.com.do\/index.php\/category\/nacionales\/"},"img":{"alt_text":"Luna TV","src":"https:\/\/i0.wp.com\/lasprimeras.com.do\/wp-content\/uploads\/2024\/11\/Luna-TV-1.jpg?resize=350%2C200&ssl=1","width":350,"height":200,"srcset":"https:\/\/i0.wp.com\/lasprimeras.com.do\/wp-content\/uploads\/2024\/11\/Luna-TV-1.jpg?resize=350%2C200&ssl=1 1x, https:\/\/i0.wp.com\/lasprimeras.com.do\/wp-content\/uploads\/2024\/11\/Luna-TV-1.jpg?resize=525%2C300&ssl=1 1.5x"},"classes":[]},{"id":85959,"url":"https:\/\/lasprimeras.com.do\/index.php\/2024\/07\/13\/icardo-nieves-llama-al-prm-a-tomar-en-cuenta-a-sus-mejores-hombres\/","url_meta":{"origin":90878,"position":1},"title":"icardo Nieves llama al PRM a tomar en cuenta a sus mejores hombres","author":"Nelson Feliz","date":"13 de julio de 2024","format":false,"excerpt":"Domingo Ram\u00edrez es uno de ellos. El reputado periodista y comunicador, Ricardo Nieves llam\u00f3 a la alta dirigencia del Partido Revolucionario Moderno (PRM), a tomar en cuenta a sus mejores hombres, y uno de ellos es el licenciado en Derecho y Ciencias Pol\u00edticas, Domingo Ram\u00edrez. El comentarista del programa \"El\u2026","rel":"","context":"En \u00abNACIONALES\u00bb","block_context":{"text":"NACIONALES","link":"https:\/\/lasprimeras.com.do\/index.php\/category\/nacionales\/"},"img":{"alt_text":"","src":"https:\/\/i0.wp.com\/lasprimeras.com.do\/wp-content\/uploads\/2024\/07\/Domingo-Ramirez.jpg?resize=350%2C200&ssl=1","width":350,"height":200,"srcset":"https:\/\/i0.wp.com\/lasprimeras.com.do\/wp-content\/uploads\/2024\/07\/Domingo-Ramirez.jpg?resize=350%2C200&ssl=1 1x, https:\/\/i0.wp.com\/lasprimeras.com.do\/wp-content\/uploads\/2024\/07\/Domingo-Ramirez.jpg?resize=525%2C300&ssl=1 1.5x, https:\/\/i0.wp.com\/lasprimeras.com.do\/wp-content\/uploads\/2024\/07\/Domingo-Ramirez.jpg?resize=700%2C400&ssl=1 2x"},"classes":[]},{"id":86646,"url":"https:\/\/lasprimeras.com.do\/index.php\/2024\/07\/28\/ricardo-nieves-procuraduria-ambiental-y-direccion-de-migracion-actuan-irresponsablemente-frente-a-destrozo-de-ecosistemas\/","url_meta":{"origin":90878,"position":2},"title":"Ricardo Nieves: &#8220;Procuradur\u00eda Ambiental y Direcci\u00f3n de Migraci\u00f3n act\u00faan irresponsablemente frente a destrozo de ecosistemas\u201d","author":"Nelson Feliz","date":"28 de julio de 2024","format":false,"excerpt":"El experimentado comunicador y comentarista Ricardo Nieves critic\u00f3 la manera irresponsable que en que act\u00faan la Procuradur\u00eda Ambiental y Direcci\u00f3n de Migraci\u00f3n frente al destrozo de los ecosistemas en el pa\u00eds, puntualmente la tala y deforestaci\u00f3n indiscriminada que esta siendo sometida la Cordillera Central, por familias dominicanas y haitianas. Refiri\u00f3\u2026","rel":"","context":"En \u00abNACIONALES\u00bb","block_context":{"text":"NACIONALES","link":"https:\/\/lasprimeras.com.do\/index.php\/category\/nacionales\/"},"img":{"alt_text":"","src":"https:\/\/i0.wp.com\/lasprimeras.com.do\/wp-content\/uploads\/2024\/07\/desforetacion-1.jpg?resize=350%2C200&ssl=1","width":350,"height":200,"srcset":"https:\/\/i0.wp.com\/lasprimeras.com.do\/wp-content\/uploads\/2024\/07\/desforetacion-1.jpg?resize=350%2C200&ssl=1 1x, https:\/\/i0.wp.com\/lasprimeras.com.do\/wp-content\/uploads\/2024\/07\/desforetacion-1.jpg?resize=525%2C300&ssl=1 1.5x, https:\/\/i0.wp.com\/lasprimeras.com.do\/wp-content\/uploads\/2024\/07\/desforetacion-1.jpg?resize=700%2C400&ssl=1 2x"},"classes":[]},{"id":73377,"url":"https:\/\/lasprimeras.com.do\/index.php\/2024\/01\/09\/tormenta-invernal-deja-lluvia-nieve-y-fuertes-vientos-en-sur\/","url_meta":{"origin":90878,"position":3},"title":"Tormenta invernal deja lluvia, nieve y fuertes vientos en sur","author":"BIMARY DE JES\u00daS Matos","date":"9 de enero de 2024","format":false,"excerpt":"Florida.- Una extensa tormenta invernal desat\u00f3 el martes torrenciales aguaceros y fuertes vientos que derribaron techos de casas y lanzaron muebles en el sur de Estados Unidos, mientras en el centro-occidente del pa\u00eds caus\u00f3 nevadas que paralizaron ciudades y dejaron a viajeros varados en carreteras. La tormenta, que engendr\u00f3 vientos\u2026","rel":"","context":"En \u00abSin categor\u00eda\u00bb","block_context":{"text":"Sin categor\u00eda","link":"https:\/\/lasprimeras.com.do\/index.php\/category\/sin-categoria\/"},"img":{"alt_text":"","src":"https:\/\/i0.wp.com\/lasprimeras.com.do\/wp-content\/uploads\/2024\/01\/Noticias-de-energia-2024-01-09T121924.120-1.webp?resize=350%2C200&ssl=1","width":350,"height":200,"srcset":"https:\/\/i0.wp.com\/lasprimeras.com.do\/wp-content\/uploads\/2024\/01\/Noticias-de-energia-2024-01-09T121924.120-1.webp?resize=350%2C200&ssl=1 1x, https:\/\/i0.wp.com\/lasprimeras.com.do\/wp-content\/uploads\/2024\/01\/Noticias-de-energia-2024-01-09T121924.120-1.webp?resize=525%2C300&ssl=1 1.5x"},"classes":[]},{"id":122409,"url":"https:\/\/lasprimeras.com.do\/index.php\/2026\/02\/17\/defensa-publica-recibe-conferencia-magistral-sobre-etica-y-existencialismo-impartida-por-ricardo-nieves\/","url_meta":{"origin":90878,"position":4},"title":"Defensa P\u00fablica recibe conferencia magistral sobre \u00e9tica y existencialismo impartida por Ricardo Nieves","author":"Nelson Feliz","date":"17 de febrero de 2026","format":false,"excerpt":"La Oficina Nacional de Defensa P\u00fablica (ONDP) realiz\u00f3 la conferencia magistral \u201cLa \u00e9tica ante los grandes dilemas y desaf\u00edos del existencialismo\u201d, impartida por el destacado comunicador y acad\u00e9mico Dr. Ricardo Nieves, en una jornada formativa dirigida al personal de la instituci\u00f3n. El evento se llev\u00f3 a cabo en el sal\u00f3n\u2026","rel":"","context":"En \u00abNACIONALES\u00bb","block_context":{"text":"NACIONALES","link":"https:\/\/lasprimeras.com.do\/index.php\/category\/nacionales\/"},"img":{"alt_text":"","src":"https:\/\/i0.wp.com\/lasprimeras.com.do\/wp-content\/uploads\/2026\/02\/IMG-20260217-WA0576.jpg?resize=350%2C200&ssl=1","width":350,"height":200,"srcset":"https:\/\/i0.wp.com\/lasprimeras.com.do\/wp-content\/uploads\/2026\/02\/IMG-20260217-WA0576.jpg?resize=350%2C200&ssl=1 1x, https:\/\/i0.wp.com\/lasprimeras.com.do\/wp-content\/uploads\/2026\/02\/IMG-20260217-WA0576.jpg?resize=525%2C300&ssl=1 1.5x, https:\/\/i0.wp.com\/lasprimeras.com.do\/wp-content\/uploads\/2026\/02\/IMG-20260217-WA0576.jpg?resize=700%2C400&ssl=1 2x, https:\/\/i0.wp.com\/lasprimeras.com.do\/wp-content\/uploads\/2026\/02\/IMG-20260217-WA0576.jpg?resize=1050%2C600&ssl=1 3x, https:\/\/i0.wp.com\/lasprimeras.com.do\/wp-content\/uploads\/2026\/02\/IMG-20260217-WA0576.jpg?resize=1400%2C800&ssl=1 4x"},"classes":[]},{"id":93158,"url":"https:\/\/lasprimeras.com.do\/index.php\/2025\/01\/26\/grupo-de-medios-panorama-da-inicio-a-su-transmision-especial-desde-puerto-rico\/","url_meta":{"origin":90878,"position":5},"title":"Grupo de Medios Panorama da inicio a su transmisi\u00f3n especial desde Puerto Rico","author":"Nelson Feliz","date":"26 de enero de 2025","format":false,"excerpt":"El Grupo de Medios Panorama se encuentra en Puerto Rico, desde hoy domingo y hasta los d\u00edas 27, 28 y 29 de este mes para realizar una transmisi\u00f3n especial de la mano de sus redes de medios de comunicaci\u00f3n VTV, canal 32, Panorama 96.9 FM y el peri\u00f3dico Panorama. Durante\u2026","rel":"","context":"En \u00abENTRETENIMIENTO\u00bb","block_context":{"text":"ENTRETENIMIENTO","link":"https:\/\/lasprimeras.com.do\/index.php\/category\/entretenimiento\/"},"img":{"alt_text":"","src":"https:\/\/i0.wp.com\/lasprimeras.com.do\/wp-content\/uploads\/2025\/01\/grupo-medios-panorama.jpg?resize=350%2C200&ssl=1","width":350,"height":200,"srcset":"https:\/\/i0.wp.com\/lasprimeras.com.do\/wp-content\/uploads\/2025\/01\/grupo-medios-panorama.jpg?resize=350%2C200&ssl=1 1x, https:\/\/i0.wp.com\/lasprimeras.com.do\/wp-content\/uploads\/2025\/01\/grupo-medios-panorama.jpg?resize=525%2C300&ssl=1 1.5x, https:\/\/i0.wp.com\/lasprimeras.com.do\/wp-content\/uploads\/2025\/01\/grupo-medios-panorama.jpg?resize=700%2C400&ssl=1 2x"},"classes":[]}],"jetpack_sharing_enabled":true,"_links":{"self":[{"href":"https:\/\/lasprimeras.com.do\/index.php\/wp-json\/wp\/v2\/posts\/90878","targetHints":{"allow":["GET"]}}],"collection":[{"href":"https:\/\/lasprimeras.com.do\/index.php\/wp-json\/wp\/v2\/posts"}],"about":[{"href":"https:\/\/lasprimeras.com.do\/index.php\/wp-json\/wp\/v2\/types\/post"}],"author":[{"embeddable":true,"href":"https:\/\/lasprimeras.com.do\/index.php\/wp-json\/wp\/v2\/users\/2"}],"replies":[{"embeddable":true,"href":"https:\/\/lasprimeras.com.do\/index.php\/wp-json\/wp\/v2\/comments?post=90878"}],"version-history":[{"count":1,"href":"https:\/\/lasprimeras.com.do\/index.php\/wp-json\/wp\/v2\/posts\/90878\/revisions"}],"predecessor-version":[{"id":90880,"href":"https:\/\/lasprimeras.com.do\/index.php\/wp-json\/wp\/v2\/posts\/90878\/revisions\/90880"}],"wp:featuredmedia":[{"embeddable":true,"href":"https:\/\/lasprimeras.com.do\/index.php\/wp-json\/wp\/v2\/media\/90879"}],"wp:attachment":[{"href":"https:\/\/lasprimeras.com.do\/index.php\/wp-json\/wp\/v2\/media?parent=90878"}],"wp:term":[{"taxonomy":"category","embeddable":true,"href":"https:\/\/lasprimeras.com.do\/index.php\/wp-json\/wp\/v2\/categories?post=90878"},{"taxonomy":"post_tag","embeddable":true,"href":"https:\/\/lasprimeras.com.do\/index.php\/wp-json\/wp\/v2\/tags?post=90878"}],"curies":[{"name":"wp","href":"https:\/\/api.w.org\/{rel}","templated":true}]}}