{"id":90889,"date":"2024-11-02T20:02:49","date_gmt":"2024-11-03T00:02:49","guid":{"rendered":"https:\/\/lasprimeras.com.do\/?p=90889"},"modified":"2024-11-02T20:02:51","modified_gmt":"2024-11-03T00:02:51","slug":"comision-del-senado-que-estudia-codigo-laboral-establece-cronograma-de-trabajo","status":"publish","type":"post","link":"https:\/\/lasprimeras.com.do\/index.php\/2024\/11\/02\/comision-del-senado-que-estudia-codigo-laboral-establece-cronograma-de-trabajo\/","title":{"rendered":"Comisi\u00f3n del Senado que estudia C\u00f3digo Laboral; establece cronograma de trabajo"},"content":{"rendered":"\n<p>La Comisi\u00f3n Especial designada por el Senado de la Rep\u00fablica para el estudio del proyecto de ley del C\u00f3digo Laboral se reuni\u00f3 por primera vez este jueves.<\/p>\n\n\n\n<p>En el encuentro, los senadores definieron el cronograma de trabajo con el que estudiar\u00e1n la pieza, as\u00ed como la agenda con la que recibir\u00e1n a los representantes de los diferentes sectores interesados en el tema.<\/p>\n\n\n\n<p>Seg\u00fan inform\u00f3 el presidente de la comisi\u00f3n, el senador Rafael Bar\u00f3n Duluc, se leer\u00e1 la pieza mediante un cuadro comparativo con el c\u00f3digo anterior y las modificaciones que se proponen, y luego se establecer\u00e1 una agenda para recibir a los diferentes grupos que han expresado su inter\u00e9s, iniciando con el Ministerio de Trabajo, y los dem\u00e1s sectores de trabajadores y empleadores.<\/p>\n\n\n\n<p>Sostuvo que el proyecto contiene muchos cambios importantes, interesantes y beneficiosos para el pa\u00eds. \u201cPara nadie es un secreto que el principal punto controversial es la cesant\u00eda, y ese es un tema que conoceremos aqu\u00ed\u201d, dijo.<\/p>\n\n\n\n<p>La Comisi\u00f3n Especial volver\u00e1 a reunirse el pr\u00f3ximo martes 12 de noviembre. Participaron en el encuentro, adem\u00e1s, los senadores Julito Fulcar, Mar\u00eda Mercedes Ortiz, Eduard Espiritusanto, Crist\u00f3bal Castillo, Ram\u00f3n Rogelio Genao y Antonio Marte.<\/p>\n","protected":false},"excerpt":{"rendered":"<p>La Comisi\u00f3n Especial designada por el Senado de la Rep\u00fablica para el estudio del proyecto de ley del C\u00f3digo Laboral se reuni\u00f3 por primera vez este jueves. En el encuentro,&hellip;<\/p>\n","protected":false},"author":2,"featured_media":90890,"comment_status":"open","ping_status":"open","sticky":false,"template":"","format":"standard","meta":{"content-type":"","jetpack_post_was_ever_published":false,"_jetpack_newsletter_access":"","_jetpack_dont_email_post_to_subs":false,"_jetpack_newsletter_tier_id":0,"_jetpack_memberships_contains_paywalled_content":false,"_jetpack_memberships_contains_paid_content":false,"footnotes":""},"categories":[39],"tags":[11111,950,8533,10060,413,967],"class_list":["post-90889","post","type-post","status-publish","format-standard","has-post-thumbnail","hentry","category-economia","tag-codigo-laboral","tag-comision","tag-cronograma","tag-estudia","tag-senado","tag-trabajo"],"jetpack_featured_media_url":"https:\/\/lasprimeras.com.do\/wp-content\/uploads\/2024\/11\/Comision-Especial.jpg","jetpack-related-posts":[{"id":98985,"url":"https:\/\/lasprimeras.com.do\/index.php\/2025\/05\/14\/comision-especial-del-senado-que-estudia-codigo-de-trabajo-aprobo-no-hacer-cambios-a-la-cesantia\/","url_meta":{"origin":90889,"position":0},"title":"Comisi\u00f3n Especial del Senado que estudia C\u00f3digo de Trabajo aprob\u00f3 no hacer cambios a la cesant\u00eda","author":"Nelson Feliz","date":"14 de mayo de 2025","format":false,"excerpt":"Por Israel Figueroa La Comisi\u00f3n Especial del Senado designada para estudiar el Proyecto de Ley que introduce modificaciones a la Ley n\u00fam. 16-92, del 29 de mayo de 1992 que aprueba el C\u00f3digo de Trabajo, aprob\u00f3 este mi\u00e9rcoles a unanimidad, mantener como est\u00e1 en la legislaci\u00f3n vigente, los art\u00edculos relacionados\u2026","rel":"","context":"En \u00abECONOM\u00cdA\u00bb","block_context":{"text":"ECONOM\u00cdA","link":"https:\/\/lasprimeras.com.do\/index.php\/category\/economia\/"},"img":{"alt_text":"","src":"https:\/\/i0.wp.com\/lasprimeras.com.do\/wp-content\/uploads\/2025\/05\/Comision-Especial-del-Senado.jpg?resize=350%2C200&ssl=1","width":350,"height":200,"srcset":"https:\/\/i0.wp.com\/lasprimeras.com.do\/wp-content\/uploads\/2025\/05\/Comision-Especial-del-Senado.jpg?resize=350%2C200&ssl=1 1x, https:\/\/i0.wp.com\/lasprimeras.com.do\/wp-content\/uploads\/2025\/05\/Comision-Especial-del-Senado.jpg?resize=525%2C300&ssl=1 1.5x, https:\/\/i0.wp.com\/lasprimeras.com.do\/wp-content\/uploads\/2025\/05\/Comision-Especial-del-Senado.jpg?resize=700%2C400&ssl=1 2x"},"classes":[]},{"id":96071,"url":"https:\/\/lasprimeras.com.do\/index.php\/2025\/03\/25\/comision-especial-estudia-modificaciones-al-codigo-laboral-termina-de-escuchar-sectores\/","url_meta":{"origin":90889,"position":1},"title":"Comisi\u00f3n Especial estudia modificaciones al C\u00f3digo Laboral termina de escuchar sectores","author":"Nelson Feliz","date":"25 de marzo de 2025","format":false,"excerpt":"Por Israel Figueroa La Comisi\u00f3n Especial del Senado que estudia las modificaciones al C\u00f3digo de Trabajo termin\u00f3 este lunes de escuchar a los representantes de diferentes sectores interesados en opinar y proponer cambios a la pieza.\u00a0Seg\u00fan inform\u00f3 el presidente de la comisi\u00f3n, el senador Rafael Bar\u00f3n Duluc, los senadores se\u2026","rel":"","context":"En \u00abECONOM\u00cdA\u00bb","block_context":{"text":"ECONOM\u00cdA","link":"https:\/\/lasprimeras.com.do\/index.php\/category\/economia\/"},"img":{"alt_text":"","src":"https:\/\/i0.wp.com\/lasprimeras.com.do\/wp-content\/uploads\/2025\/03\/Rafael-Baron-Duluc-1.jpg?resize=350%2C200&ssl=1","width":350,"height":200,"srcset":"https:\/\/i0.wp.com\/lasprimeras.com.do\/wp-content\/uploads\/2025\/03\/Rafael-Baron-Duluc-1.jpg?resize=350%2C200&ssl=1 1x, https:\/\/i0.wp.com\/lasprimeras.com.do\/wp-content\/uploads\/2025\/03\/Rafael-Baron-Duluc-1.jpg?resize=525%2C300&ssl=1 1.5x, https:\/\/i0.wp.com\/lasprimeras.com.do\/wp-content\/uploads\/2025\/03\/Rafael-Baron-Duluc-1.jpg?resize=700%2C400&ssl=1 2x"},"classes":[]},{"id":91899,"url":"https:\/\/lasprimeras.com.do\/index.php\/2024\/12\/05\/presidente-del-senado-garantiza-derechos-adquiridos-de-los-trabajadores-en-codigo-laboral\/","url_meta":{"origin":90889,"position":2},"title":"Presidente del Senado garantiza derechos adquiridos de los trabajadores en C\u00f3digo Laboral","author":"Nelson Feliz","date":"5 de diciembre de 2024","format":false,"excerpt":"Afirma comisi\u00f3n especial escucha a todos los sectores de la sociedad. El presidente del Senado, Ricardo De los Santos, dijo este jueves que la comisi\u00f3n especial que estudia el C\u00f3digo Laboral est\u00e1 escuchando todos los sectores de la sociedad y quienes no han participado, se les est\u00e1 concediendo el tiempo\u2026","rel":"","context":"En \u00abECONOM\u00cdA\u00bb","block_context":{"text":"ECONOM\u00cdA","link":"https:\/\/lasprimeras.com.do\/index.php\/category\/economia\/"},"img":{"alt_text":"","src":"","width":0,"height":0},"classes":[]},{"id":91375,"url":"https:\/\/lasprimeras.com.do\/index.php\/2024\/11\/19\/comision-que-estudia-codigo-laboral-escucha-al-ministro-de-trabajo\/","url_meta":{"origin":90889,"position":3},"title":"Comisi\u00f3n que estudia C\u00f3digo Laboral escucha al ministro de Trabajo","author":"Nelson Feliz","date":"19 de noviembre de 2024","format":false,"excerpt":"La Comisi\u00f3n Especial que tiene a su cargo el estudio del proyecto de ley que para las modificaciones del C\u00f3digo de Trabajo escuch\u00f3 este martes, los planteamientos del ministro de Trabajo, Luis Miguel Decamps quien asegur\u00f3 que el tema de la cesant\u00eda laboral est\u00e1 incluido en el proyecto remitido por\u2026","rel":"","context":"En \u00abNACIONALES\u00bb","block_context":{"text":"NACIONALES","link":"https:\/\/lasprimeras.com.do\/index.php\/category\/nacionales\/"},"img":{"alt_text":"","src":"https:\/\/i0.wp.com\/lasprimeras.com.do\/wp-content\/uploads\/2024\/11\/Luis-Miguel-Decamps.jpg?resize=350%2C200&ssl=1","width":350,"height":200,"srcset":"https:\/\/i0.wp.com\/lasprimeras.com.do\/wp-content\/uploads\/2024\/11\/Luis-Miguel-Decamps.jpg?resize=350%2C200&ssl=1 1x, https:\/\/i0.wp.com\/lasprimeras.com.do\/wp-content\/uploads\/2024\/11\/Luis-Miguel-Decamps.jpg?resize=525%2C300&ssl=1 1.5x, https:\/\/i0.wp.com\/lasprimeras.com.do\/wp-content\/uploads\/2024\/11\/Luis-Miguel-Decamps.jpg?resize=700%2C400&ssl=1 2x"},"classes":[]},{"id":95443,"url":"https:\/\/lasprimeras.com.do\/index.php\/2025\/03\/13\/comision-especial-que-estudia-modificaciones-al-codigo-de-trabajo-escucha-opiniones-defensor-del-pueblo\/","url_meta":{"origin":90889,"position":4},"title":"Comisi\u00f3n Especial que estudia modificaciones al C\u00f3digo de Trabajo escucha opiniones Defensor del Pueblo","author":"Nelson Feliz","date":"13 de marzo de 2025","format":false,"excerpt":"Los senadores recibir\u00e1n la pr\u00f3xima semana al ministro de Trabajo, Eddy Olivares La Comisi\u00f3n Especial del Senado que estudia las modificaciones al C\u00f3digo de Trabajo escuch\u00f3 este mi\u00e9rcoles las opiniones del defensor del Pueblo, Pablo Ulloa y de la especialista en derecho laboral, Rosalina Trueba, quienes expresaron sus puntos de\u2026","rel":"","context":"En \u00abNACIONALES\u00bb","block_context":{"text":"NACIONALES","link":"https:\/\/lasprimeras.com.do\/index.php\/category\/nacionales\/"},"img":{"alt_text":"Rafael Bar\u00f3n Duluc","src":"https:\/\/i0.wp.com\/lasprimeras.com.do\/wp-content\/uploads\/2025\/03\/Rafael-Baron-Duluc.jpg?resize=350%2C200&ssl=1","width":350,"height":200,"srcset":"https:\/\/i0.wp.com\/lasprimeras.com.do\/wp-content\/uploads\/2025\/03\/Rafael-Baron-Duluc.jpg?resize=350%2C200&ssl=1 1x, https:\/\/i0.wp.com\/lasprimeras.com.do\/wp-content\/uploads\/2025\/03\/Rafael-Baron-Duluc.jpg?resize=525%2C300&ssl=1 1.5x, https:\/\/i0.wp.com\/lasprimeras.com.do\/wp-content\/uploads\/2025\/03\/Rafael-Baron-Duluc.jpg?resize=700%2C400&ssl=1 2x"},"classes":[]},{"id":102724,"url":"https:\/\/lasprimeras.com.do\/index.php\/2025\/07\/08\/comision-especial-que-estudia-codigo-de-trabajo-finaliza-analisis-de-pieza\/","url_meta":{"origin":90889,"position":5},"title":"Comisi\u00f3n Especial que estudia C\u00f3digo de Trabajo finaliza an\u00e1lisis de pieza","author":"Nelson Feliz","date":"8 de julio de 2025","format":false,"excerpt":"La reuni\u00f3n de este lunes cont\u00f3 con la presencia del presidente del Senado de la Rep\u00fablica, Ricardo de los Santos. Por Israel Figueroa\u00a0La Comisi\u00f3n Especial del Senado designada para estudiar el Proyecto de Ley que introduce modificaciones a la Ley n\u00fam. 16-92, del 29 de mayo de 1992 que aprueba\u2026","rel":"","context":"En \u00abNACIONALES\u00bb","block_context":{"text":"NACIONALES","link":"https:\/\/lasprimeras.com.do\/index.php\/category\/nacionales\/"},"img":{"alt_text":"","src":"https:\/\/i0.wp.com\/lasprimeras.com.do\/wp-content\/uploads\/2025\/07\/ct-1.jpg?resize=350%2C200&ssl=1","width":350,"height":200,"srcset":"https:\/\/i0.wp.com\/lasprimeras.com.do\/wp-content\/uploads\/2025\/07\/ct-1.jpg?resize=350%2C200&ssl=1 1x, https:\/\/i0.wp.com\/lasprimeras.com.do\/wp-content\/uploads\/2025\/07\/ct-1.jpg?resize=525%2C300&ssl=1 1.5x, https:\/\/i0.wp.com\/lasprimeras.com.do\/wp-content\/uploads\/2025\/07\/ct-1.jpg?resize=700%2C400&ssl=1 2x"},"classes":[]}],"jetpack_sharing_enabled":true,"_links":{"self":[{"href":"https:\/\/lasprimeras.com.do\/index.php\/wp-json\/wp\/v2\/posts\/90889","targetHints":{"allow":["GET"]}}],"collection":[{"href":"https:\/\/lasprimeras.com.do\/index.php\/wp-json\/wp\/v2\/posts"}],"about":[{"href":"https:\/\/lasprimeras.com.do\/index.php\/wp-json\/wp\/v2\/types\/post"}],"author":[{"embeddable":true,"href":"https:\/\/lasprimeras.com.do\/index.php\/wp-json\/wp\/v2\/users\/2"}],"replies":[{"embeddable":true,"href":"https:\/\/lasprimeras.com.do\/index.php\/wp-json\/wp\/v2\/comments?post=90889"}],"version-history":[{"count":1,"href":"https:\/\/lasprimeras.com.do\/index.php\/wp-json\/wp\/v2\/posts\/90889\/revisions"}],"predecessor-version":[{"id":90891,"href":"https:\/\/lasprimeras.com.do\/index.php\/wp-json\/wp\/v2\/posts\/90889\/revisions\/90891"}],"wp:featuredmedia":[{"embeddable":true,"href":"https:\/\/lasprimeras.com.do\/index.php\/wp-json\/wp\/v2\/media\/90890"}],"wp:attachment":[{"href":"https:\/\/lasprimeras.com.do\/index.php\/wp-json\/wp\/v2\/media?parent=90889"}],"wp:term":[{"taxonomy":"category","embeddable":true,"href":"https:\/\/lasprimeras.com.do\/index.php\/wp-json\/wp\/v2\/categories?post=90889"},{"taxonomy":"post_tag","embeddable":true,"href":"https:\/\/lasprimeras.com.do\/index.php\/wp-json\/wp\/v2\/tags?post=90889"}],"curies":[{"name":"wp","href":"https:\/\/api.w.org\/{rel}","templated":true}]}}