{"id":90892,"date":"2024-11-02T20:08:53","date_gmt":"2024-11-03T00:08:53","guid":{"rendered":"https:\/\/lasprimeras.com.do\/?p=90892"},"modified":"2024-11-02T20:08:53","modified_gmt":"2024-11-03T00:08:53","slug":"pastor-construye-iglesia-en-terreno-de-una-propiedad-privada","status":"publish","type":"post","link":"https:\/\/lasprimeras.com.do\/index.php\/2024\/11\/02\/pastor-construye-iglesia-en-terreno-de-una-propiedad-privada\/","title":{"rendered":"Pastor construye iglesia en terreno de una propiedad privada"},"content":{"rendered":"\n<p>Denuncian que el pastor Pedro Mart\u00ednez, de una iglesia evang\u00e9lica en el municipio Santo Domingo Oeste, espec\u00edficamente en Hato Nuevo de Manoguayabo, se quiere adue\u00f1ar de unos terreno de 1,200 metros, propiedad del Banco Nacional de Exportaci\u00f3n de la Rep\u00fablica Dominicana (Bandex).<\/p>\n\n\n\n<p>El denominado pastor invasor reconoce que no esos terrenos donde est\u00e1n construyendo una iglesia son propiedad del Bandex, pero que quieren llegar a un acuerdo con el banco.<\/p>\n\n\n\n<p>Seg\u00fan la informaci\u00f3n este terreno es propiedad de un empresario de la zona que tiene todas su documentaci\u00f3n y t\u00edtulo del terreno.<\/p>\n\n\n\n<p>Aunque los pastores en nombre de la Fez Cristiana, quieren apoderarse del unos terrenos privados, que ellos mismos reconocen que son invasores de dicho espacio territorial.<\/p>\n\n\n\n<p>El religioso agradece el apoyo muchas gentes, pero que no conoce el pastor Carlos Pe\u00f1a por lo desconoce el real inter\u00e9s del pol\u00edtico para estar defendiendo la causa.<\/p>\n\n\n\n<p>Finalmente le exhort\u00f3 al presidente de Generaci\u00f3n de Servidores , no hablar en su nombre, porque \u00e9l tiene el apoyo de Dios.<\/p>\n\n\n\n<p><strong>Certificaci\u00f3n del Estado Jur\u00eddico del Inmueble<\/strong><\/p>\n\n\n\n<p>El inmueble identificado como 309403575613, matr\u00edcula No. 2400085879, con una superficie de 4,211.08 metros cuadrados, ubicado en Santo Domingo se encuentra registrado el asiento con el n\u00famero 240623148, de derecho de propiedad a favor de LUGEL, S. R. L., RNC 1-30-94354-2.<\/p>\n\n\n\n<p>El derecho fue adquirido por Banco Nacional de desarrollo de las Exportaciones (Bandex) RNC 1-01-02283-3.<\/p>\n\n\n\n<p>El documento fue asentado el 28 agosto 2024. Inscrito en el Registro Complementario libro 2864, folio 125 en fecha viernes 05 de julio de 2024. En el Registro Complementario constan los siguientes derechos.<\/p>\n","protected":false},"excerpt":{"rendered":"<p>Denuncian que el pastor Pedro Mart\u00ednez, de una iglesia evang\u00e9lica en el municipio Santo Domingo Oeste, espec\u00edficamente en Hato Nuevo de Manoguayabo, se quiere adue\u00f1ar de unos terreno de 1,200&hellip;<\/p>\n","protected":false},"author":2,"featured_media":90893,"comment_status":"open","ping_status":"open","sticky":false,"template":"","format":"standard","meta":{"content-type":"","jetpack_post_was_ever_published":false,"_jetpack_newsletter_access":"","_jetpack_dont_email_post_to_subs":false,"_jetpack_newsletter_tier_id":0,"_jetpack_memberships_contains_paywalled_content":false,"_jetpack_memberships_contains_paid_content":false,"footnotes":""},"categories":[35],"tags":[8040,2996,9321,16265,12557],"class_list":["post-90892","post","type-post","status-publish","format-standard","has-post-thumbnail","hentry","category-nacionales","tag-construye","tag-iglesia","tag-pastor","tag-propiedad-privada","tag-terreno"],"jetpack_featured_media_url":"https:\/\/lasprimeras.com.do\/wp-content\/uploads\/2024\/11\/WhatsApp-Image-2024-11-01-at-6.41.16-AM.jpeg","jetpack-related-posts":[{"id":52391,"url":"https:\/\/lasprimeras.com.do\/index.php\/2023\/06\/09\/iad-recupera-terrenos-de-la-reforma-agraria-en-monte-plata\/","url_meta":{"origin":90892,"position":0},"title":"IAD recupera terrenos de la Reforma Agraria en Monte Plata","author":"prenxa100","date":"9 de junio de 2023","format":false,"excerpt":"Por Nelson Feliz El Instituto Agrario Dominicano (IAD), a trav\u00e9s de su Departamento Jur\u00eddico, apoya acciones legales emprendidas por las autoridades para el desalojo de invasores que se encontraban en la parcela 28, distrito catastral n\u00famero 11, paraje La Luisa Blanca, sector El Laurel, en Monte Plata. Estas medidas de\u2026","rel":"","context":"En \u00abNACIONALES\u00bb","block_context":{"text":"NACIONALES","link":"https:\/\/lasprimeras.com.do\/index.php\/category\/nacionales\/"},"img":{"alt_text":"","src":"","width":0,"height":0},"classes":[]},{"id":101937,"url":"https:\/\/lasprimeras.com.do\/index.php\/2025\/06\/29\/abinader-entrega-titulos-de-propiedad-a-familias-de-la-yaguita-del-pastor-santiago\/","url_meta":{"origin":90892,"position":1},"title":"Abinader entrega t\u00edtulos de propiedad a familias de La Yag\u00fcita del Pastor, Santiago","author":"Nelson Feliz","date":"29 de junio de 2025","format":false,"excerpt":"El presidente Luis Abinader entreg\u00f3 este domingo 537 t\u00edtulos de propiedad a residentes en la Yaguita de Pastor, Santiago, como parte de llevarles justicia social, esperanza y transformaci\u00f3n a las comunidades. Con sonrisas en sus rostros, los beneficiarios recibieron al mandatario y le agradecieron por hacer posible este momento, en\u2026","rel":"","context":"En \u00abNACIONALES\u00bb","block_context":{"text":"NACIONALES","link":"https:\/\/lasprimeras.com.do\/index.php\/category\/nacionales\/"},"img":{"alt_text":"","src":"https:\/\/i0.wp.com\/lasprimeras.com.do\/wp-content\/uploads\/2025\/06\/Luis-Abinader-3-1.jpg?resize=350%2C200&ssl=1","width":350,"height":200,"srcset":"https:\/\/i0.wp.com\/lasprimeras.com.do\/wp-content\/uploads\/2025\/06\/Luis-Abinader-3-1.jpg?resize=350%2C200&ssl=1 1x, https:\/\/i0.wp.com\/lasprimeras.com.do\/wp-content\/uploads\/2025\/06\/Luis-Abinader-3-1.jpg?resize=525%2C300&ssl=1 1.5x, https:\/\/i0.wp.com\/lasprimeras.com.do\/wp-content\/uploads\/2025\/06\/Luis-Abinader-3-1.jpg?resize=700%2C400&ssl=1 2x"},"classes":[]},{"id":95042,"url":"https:\/\/lasprimeras.com.do\/index.php\/2025\/03\/09\/abinader-entrega-819-titulos-de-propiedad-en-esperanza-provincia-valverde\/","url_meta":{"origin":90892,"position":2},"title":"Abinader entrega 819 t\u00edtulos de propiedad en Esperanza, provincia Valverde","author":"Nelson Feliz","date":"9 de marzo de 2025","format":false,"excerpt":"El presidente de la Rep\u00fablica, Luis Abinader, encabez\u00f3 hoy la entrega de 819 t\u00edtulos de propiedad a familias del municipio de Esperanza, en la provincia Valverde, como parte de un proyecto que beneficiar\u00e1 a cerca de 7,900 personas. Si cada beneficiario hubiera realizado el proceso por cuenta propia para conseguir\u2026","rel":"","context":"En \u00abECONOM\u00cdA\u00bb","block_context":{"text":"ECONOM\u00cdA","link":"https:\/\/lasprimeras.com.do\/index.php\/category\/economia\/"},"img":{"alt_text":"Luis Abinader","src":"https:\/\/i0.wp.com\/lasprimeras.com.do\/wp-content\/uploads\/2025\/03\/Luis-Abinader-1.jpg?resize=350%2C200&ssl=1","width":350,"height":200,"srcset":"https:\/\/i0.wp.com\/lasprimeras.com.do\/wp-content\/uploads\/2025\/03\/Luis-Abinader-1.jpg?resize=350%2C200&ssl=1 1x, https:\/\/i0.wp.com\/lasprimeras.com.do\/wp-content\/uploads\/2025\/03\/Luis-Abinader-1.jpg?resize=525%2C300&ssl=1 1.5x, https:\/\/i0.wp.com\/lasprimeras.com.do\/wp-content\/uploads\/2025\/03\/Luis-Abinader-1.jpg?resize=700%2C400&ssl=1 2x"},"classes":[]},{"id":94491,"url":"https:\/\/lasprimeras.com.do\/index.php\/2025\/03\/02\/acusan-al-ministro-andres-bautista-de-intentar-despojar-a-una-familia-de-sus-terrenos-en-el-santo-cerro\/","url_meta":{"origin":90892,"position":3},"title":"Acusan al Ministro Andr\u00e9s Bautista de intentar despojar a una familia de sus terrenos en el Santo Cerro","author":"Nelson Feliz","date":"2 de marzo de 2025","format":false,"excerpt":"Por Winston Hern\u00e1ndez@winstonnoticias La Vega. \u2013 La familia Ramos denunci\u00f3 que el ministro Andr\u00e9s Bautista intenta despojarlos de sus terrenos en la comunidad del Santo Cerro. Seg\u00fan afirman, un grupo de hombres fuertemente armados lleg\u00f3 a la propiedad en un intento de cercarla y presionarlos para que la vendan a\u2026","rel":"","context":"En \u00abNACIONALES\u00bb","block_context":{"text":"NACIONALES","link":"https:\/\/lasprimeras.com.do\/index.php\/category\/nacionales\/"},"img":{"alt_text":"","src":"https:\/\/i0.wp.com\/lasprimeras.com.do\/wp-content\/uploads\/2025\/03\/familia.jpg?resize=350%2C200&ssl=1","width":350,"height":200,"srcset":"https:\/\/i0.wp.com\/lasprimeras.com.do\/wp-content\/uploads\/2025\/03\/familia.jpg?resize=350%2C200&ssl=1 1x, https:\/\/i0.wp.com\/lasprimeras.com.do\/wp-content\/uploads\/2025\/03\/familia.jpg?resize=525%2C300&ssl=1 1.5x, https:\/\/i0.wp.com\/lasprimeras.com.do\/wp-content\/uploads\/2025\/03\/familia.jpg?resize=700%2C400&ssl=1 2x, https:\/\/i0.wp.com\/lasprimeras.com.do\/wp-content\/uploads\/2025\/03\/familia.jpg?resize=1050%2C600&ssl=1 3x, https:\/\/i0.wp.com\/lasprimeras.com.do\/wp-content\/uploads\/2025\/03\/familia.jpg?resize=1400%2C800&ssl=1 4x"},"classes":[]},{"id":90502,"url":"https:\/\/lasprimeras.com.do\/index.php\/2024\/10\/22\/alcalde-de-cabral-bajo-fuego-por-supuesto-sobrecosto-en-compra-de-terrenos\/","url_meta":{"origin":90892,"position":4},"title":"Alcalde de Cabral bajo fuego por supuesto sobrecosto en compra de terrenos","author":"Nelson Feliz","date":"22 de octubre de 2024","format":false,"excerpt":"El alcalde de Cabral, Rolbik Urb\u00e1ez, enfrenta una fuerte pol\u00e9mica tras denuncias sobre un posible sobrecosto en la compra de terrenos para el municipio, lo que ha desatado inquietudes y cr\u00edticas sobre la transparencia de la transacci\u00f3n. En septiembre, Urb\u00e1ez solicit\u00f3 al Concejo de Regidores la aprobaci\u00f3n de un pr\u00e9stamo\u2026","rel":"","context":"En \u00abECONOM\u00cdA\u00bb","block_context":{"text":"ECONOM\u00cdA","link":"https:\/\/lasprimeras.com.do\/index.php\/category\/economia\/"},"img":{"alt_text":"","src":"https:\/\/i0.wp.com\/lasprimeras.com.do\/wp-content\/uploads\/2024\/10\/Rolbik-Urbaez.jpg?resize=350%2C200&ssl=1","width":350,"height":200,"srcset":"https:\/\/i0.wp.com\/lasprimeras.com.do\/wp-content\/uploads\/2024\/10\/Rolbik-Urbaez.jpg?resize=350%2C200&ssl=1 1x, https:\/\/i0.wp.com\/lasprimeras.com.do\/wp-content\/uploads\/2024\/10\/Rolbik-Urbaez.jpg?resize=525%2C300&ssl=1 1.5x, https:\/\/i0.wp.com\/lasprimeras.com.do\/wp-content\/uploads\/2024\/10\/Rolbik-Urbaez.jpg?resize=700%2C400&ssl=1 2x"},"classes":[]},{"id":91303,"url":"https:\/\/lasprimeras.com.do\/index.php\/2024\/11\/16\/abinader-entrega-394-nuevos-certificados-de-titulo-de-propiedad-en-san-pedro-de-macoris\/","url_meta":{"origin":90892,"position":5},"title":"Abinader entrega 394 nuevos certificados de t\u00edtulo de propiedad en San Pedro de Macor\u00eds","author":"Nelson Feliz","date":"16 de noviembre de 2024","format":false,"excerpt":"El presidente Luis Abinader hizo entrega de 394 nuevos t\u00edtulos de propiedad a igual n\u00famero de familias, que se traduce en beneficio para 1,600 personas del municipio Ram\u00f3n Santana en San Pedro de Macor\u00eds. Es la primera entrega de t\u00edtulos en esta demarcaci\u00f3n que lleva a los beneficiarios la seguridad\u2026","rel":"","context":"En \u00abNACIONALES\u00bb","block_context":{"text":"NACIONALES","link":"https:\/\/lasprimeras.com.do\/index.php\/category\/nacionales\/"},"img":{"alt_text":"","src":"https:\/\/i0.wp.com\/lasprimeras.com.do\/wp-content\/uploads\/2024\/11\/Luis-Abinader-441.jpg?resize=350%2C200&ssl=1","width":350,"height":200,"srcset":"https:\/\/i0.wp.com\/lasprimeras.com.do\/wp-content\/uploads\/2024\/11\/Luis-Abinader-441.jpg?resize=350%2C200&ssl=1 1x, https:\/\/i0.wp.com\/lasprimeras.com.do\/wp-content\/uploads\/2024\/11\/Luis-Abinader-441.jpg?resize=525%2C300&ssl=1 1.5x"},"classes":[]}],"jetpack_sharing_enabled":true,"_links":{"self":[{"href":"https:\/\/lasprimeras.com.do\/index.php\/wp-json\/wp\/v2\/posts\/90892","targetHints":{"allow":["GET"]}}],"collection":[{"href":"https:\/\/lasprimeras.com.do\/index.php\/wp-json\/wp\/v2\/posts"}],"about":[{"href":"https:\/\/lasprimeras.com.do\/index.php\/wp-json\/wp\/v2\/types\/post"}],"author":[{"embeddable":true,"href":"https:\/\/lasprimeras.com.do\/index.php\/wp-json\/wp\/v2\/users\/2"}],"replies":[{"embeddable":true,"href":"https:\/\/lasprimeras.com.do\/index.php\/wp-json\/wp\/v2\/comments?post=90892"}],"version-history":[{"count":1,"href":"https:\/\/lasprimeras.com.do\/index.php\/wp-json\/wp\/v2\/posts\/90892\/revisions"}],"predecessor-version":[{"id":90894,"href":"https:\/\/lasprimeras.com.do\/index.php\/wp-json\/wp\/v2\/posts\/90892\/revisions\/90894"}],"wp:featuredmedia":[{"embeddable":true,"href":"https:\/\/lasprimeras.com.do\/index.php\/wp-json\/wp\/v2\/media\/90893"}],"wp:attachment":[{"href":"https:\/\/lasprimeras.com.do\/index.php\/wp-json\/wp\/v2\/media?parent=90892"}],"wp:term":[{"taxonomy":"category","embeddable":true,"href":"https:\/\/lasprimeras.com.do\/index.php\/wp-json\/wp\/v2\/categories?post=90892"},{"taxonomy":"post_tag","embeddable":true,"href":"https:\/\/lasprimeras.com.do\/index.php\/wp-json\/wp\/v2\/tags?post=90892"}],"curies":[{"name":"wp","href":"https:\/\/api.w.org\/{rel}","templated":true}]}}