{"id":90895,"date":"2024-11-02T20:14:43","date_gmt":"2024-11-03T00:14:43","guid":{"rendered":"https:\/\/lasprimeras.com.do\/?p=90895"},"modified":"2024-11-02T20:14:44","modified_gmt":"2024-11-03T00:14:44","slug":"senador-ricardo-de-los-santos-encabeza-actividades-en-sanchez-ramirez","status":"publish","type":"post","link":"https:\/\/lasprimeras.com.do\/index.php\/2024\/11\/02\/senador-ricardo-de-los-santos-encabeza-actividades-en-sanchez-ramirez\/","title":{"rendered":"Senador Ricardo de los Santos encabeza actividades en S\u00e1nchez Ram\u00edrez"},"content":{"rendered":"\n<p><strong>El presidente del Senado acompa\u00f1\u00f3 al presidente Lu\u00eds Abinader en la entrega de importantes obras a su provincia.<\/strong><\/p>\n\n\n\n<p>El presidente del Senado, Ricardo de los Santos, particip\u00f3 junto al presidente Luis Abinader, en una serie de actividades oficiales en el municipio de Cotu\u00ed, provincia S\u00e1nchez Ram\u00edrez, que incluy\u00f3 entrega de t\u00edtulos de propiedad, supervisi\u00f3n e inauguraci\u00f3n de obras, y apertura de la Feria Ecotur\u00edstica &#8220;Festur 2024&#8221;.<\/p>\n\n\n\n<p>La inauguraci\u00f3n de Festur S\u00e1nchez Ram\u00edrez 2024, se llev\u00f3 a cabo en las inmediaciones de la presa de Hatillo, d\u00f3nde estuvieron funcionarios del gobierno, autoridades y empresarios locales, entre otras personalidades como el embajador de Jap\u00f3n en Rep\u00fablica Dominicana, Takagi Masahiro.<\/p>\n\n\n\n<p>Esta vez, la feria est\u00e1 dedicada a Jap\u00f3n, y tiene como invitada a la provincia Monse\u00f1or Nouel, y cuenta con el apoyo de varias instituciones y personalidades destacadas, entre ellas el presidente de la C\u00e1mara Alta, Ricardo de los Santos, quien reafirm\u00f3 su compromiso con las acciones que impulsan el desarrollo social y econ\u00f3mico de su provincia S\u00e1nchez Ram\u00edrez.<\/p>\n\n\n\n<p>&#8220;Felicito a los organizadores de esta feria que fomenta el ecoturismo local dando a conocer nuestras maravillas, confieso que me siento orgulloso de acompa\u00f1ar al presidente Luis Abinader en esta y otras actividades en nuestra demarcaci\u00f3n&#8221;, expres\u00f3 el representante de S\u00e1nchez Ram\u00edrez.<\/p>\n\n\n\n<p>El evento, que se celebra desde el jueves 31 de octubre hasta el domingo 3 de noviembre, es organizado por el Consejo de Desarrollo Ecotur\u00edstico que preside Francisco S\u00e1nchez Mena, tiene como objetivo promover el turismo, dando a conocer a los dominicanos y extranjeros las riquezas naturales, culturales, gastron\u00f3micas y deportivas que posee la provincia.<\/p>\n\n\n\n<p>La agenda de Festur 2024, incluye actividades culturales, gastron\u00f3micas, deportivas y educativas, entre ellas: ferias artesanales, exposiciones del primer campamento minero de Am\u00e9rica, del carnaval cotuisano, de artes pl\u00e1sticas; as\u00ed como recorrido por las gu\u00e1caras tainas, cabalgatas, ciclismo, paracaidismo, parapentes, y otras.<\/p>\n\n\n\n<p>El senador Ricardo de los Santos tambi\u00e9n acompa\u00f1\u00f3 al presidente Luis Abinader en la entrega de la Unidad de Cuidados Intensivos (UCI), del Hospital Inmaculada Concepci\u00f3n del municipio de Cotui, obra realizada mediante una alianza p\u00fablico privada entre el Seguro Nacional de Salud (SNS) y la empresa minera Barrick Pueblo Viejo, con una inversi\u00f3n que sobrepasa los 40 millones de pesos.<\/p>\n\n\n\n<p>El presidente del Senado, tambi\u00e9n brind\u00f3 apoyo a la entrega de 752 t\u00edtulos de propiedad a igual n\u00famero de familias que ostentan viviendas, solares y parcelas en terrenos que pertenec\u00edan al Estado. Este acto fue realizado en el polideportivo municipal.<\/p>\n\n\n\n<p>Adem\u00e1s, De los Santos, estuvo en el acto de inauguraci\u00f3n de la tercera sucursal de Banreservas en la provincia S\u00e1nchez Ram\u00edrez, la cual estar\u00e1 disponible para brindar sus servicios a m\u00e1s de 160 mil habitantes que residen en esa demarcaci\u00f3n.<\/p>\n","protected":false},"excerpt":{"rendered":"<p>El presidente del Senado acompa\u00f1\u00f3 al presidente Lu\u00eds Abinader en la entrega de importantes obras a su provincia. El presidente del Senado, Ricardo de los Santos, particip\u00f3 junto al presidente&hellip;<\/p>\n","protected":false},"author":2,"featured_media":90809,"comment_status":"open","ping_status":"open","sticky":false,"template":"","format":"standard","meta":{"content-type":"","jetpack_post_was_ever_published":false,"_jetpack_newsletter_access":"","_jetpack_dont_email_post_to_subs":false,"_jetpack_newsletter_tier_id":0,"_jetpack_memberships_contains_paywalled_content":false,"_jetpack_memberships_contains_paid_content":false,"footnotes":""},"categories":[376],"tags":[1640,2107,8070,1101],"class_list":["post-90895","post","type-post","status-publish","format-standard","has-post-thumbnail","hentry","category-turismo","tag-actividades","tag-ricardo-de-los-santos","tag-sanchez-ramirez","tag-senador"],"jetpack_featured_media_url":"https:\/\/lasprimeras.com.do\/wp-content\/uploads\/2024\/10\/senado-3.jpg","jetpack-related-posts":[{"id":107580,"url":"https:\/\/lasprimeras.com.do\/index.php\/2025\/08\/28\/la-vicepresidenta-raquel-pena-junto-al-senador-ricardo-de-los-santos-entregan-obras-en-sanchez-ramirez\/","url_meta":{"origin":90895,"position":0},"title":"La vicepresidenta Raquel Pe\u00f1a junto al senador Ricardo de los Santos entregan obras en S\u00e1nchez Ram\u00edrez","author":"Nelson Feliz","date":"28 de agosto de 2025","format":false,"excerpt":"Entre las obras inauguradas se destaca una nueva Unidad de Pie Diab\u00e9tico y Oncolog\u00eda en el Hospital Inmaculada Concepci\u00f3n, as\u00ed como varias carreteras en distintos municipios de la provincia. El Senador por la provincia S\u00e1nchez Ram\u00edrez, Ricardo de los Santos, y la vicepresidenta Raquel Pe\u00f1a encabezaron la entrega de varias\u2026","rel":"","context":"En \u00abNACIONALES\u00bb","block_context":{"text":"NACIONALES","link":"https:\/\/lasprimeras.com.do\/index.php\/category\/nacionales\/"},"img":{"alt_text":"","src":"https:\/\/i0.wp.com\/lasprimeras.com.do\/wp-content\/uploads\/2025\/08\/Raquel-Pena-1.jpg?resize=350%2C200&ssl=1","width":350,"height":200,"srcset":"https:\/\/i0.wp.com\/lasprimeras.com.do\/wp-content\/uploads\/2025\/08\/Raquel-Pena-1.jpg?resize=350%2C200&ssl=1 1x, https:\/\/i0.wp.com\/lasprimeras.com.do\/wp-content\/uploads\/2025\/08\/Raquel-Pena-1.jpg?resize=525%2C300&ssl=1 1.5x, https:\/\/i0.wp.com\/lasprimeras.com.do\/wp-content\/uploads\/2025\/08\/Raquel-Pena-1.jpg?resize=700%2C400&ssl=1 2x"},"classes":[]},{"id":89616,"url":"https:\/\/lasprimeras.com.do\/index.php\/2024\/09\/29\/ricardo-de-los-santos-resalta-mejoras-contempladas-en-el-presupuesto-del-ano-2025-para-sanchez-ramirez\/","url_meta":{"origin":90895,"position":1},"title":"Ricardo de los Santos resalta mejoras contempladas en el presupuesto del a\u00f1o 2025 para S\u00e1nchez Ram\u00edrez","author":"Nelson Feliz","date":"29 de septiembre de 2024","format":false,"excerpt":"El senador Ricardo de los Santos resalt\u00f3 las mejoras sustanciales contempladas para la provincia S\u00e1nchez Ram\u00edrez en el Proyecto de Ley de Presupuesto para el a\u00f1o 2025, sometido por el Poder Ejecutivo al Congreso Nacional para su debida evaluaci\u00f3n y aprobaci\u00f3n. Dentro de las conquistas, el presidente del Senado, destac\u00f3\u2026","rel":"","context":"En \u00abECONOM\u00cdA\u00bb","block_context":{"text":"ECONOM\u00cdA","link":"https:\/\/lasprimeras.com.do\/index.php\/category\/economia\/"},"img":{"alt_text":"Ricardo de los Santos","src":"https:\/\/i0.wp.com\/lasprimeras.com.do\/wp-content\/uploads\/2024\/09\/Ricardo-de-los-Santos-01.jpg?resize=350%2C200&ssl=1","width":350,"height":200,"srcset":"https:\/\/i0.wp.com\/lasprimeras.com.do\/wp-content\/uploads\/2024\/09\/Ricardo-de-los-Santos-01.jpg?resize=350%2C200&ssl=1 1x, https:\/\/i0.wp.com\/lasprimeras.com.do\/wp-content\/uploads\/2024\/09\/Ricardo-de-los-Santos-01.jpg?resize=525%2C300&ssl=1 1.5x, https:\/\/i0.wp.com\/lasprimeras.com.do\/wp-content\/uploads\/2024\/09\/Ricardo-de-los-Santos-01.jpg?resize=700%2C400&ssl=1 2x"},"classes":[]},{"id":112292,"url":"https:\/\/lasprimeras.com.do\/index.php\/2025\/10\/20\/senador-ricardo-de-los-santos-inauguracion-de-centros-uasd-e-itla-en-cotui-marcan-un-hito-en-la-provincia\/","url_meta":{"origin":90895,"position":2},"title":"Senador Ricardo de los Santos: inauguraci\u00f3n de centros UASD e ITLA en Cotu\u00ed marcan un hito en la provincia","author":"Nelson Feliz","date":"20 de octubre de 2025","format":false,"excerpt":"Por Patricia Jos\u00e9 El presidente del Senado, Ricardo de los Santos, encabez\u00f3 junto al primer mandatario, Luis Abinader, y al ministro de Vivienda y Edificaciones (MIVED), Carlos Bonilla, la inauguraci\u00f3n del Centro Universitario Regional UASD-Cotu\u00ed y de una extensi\u00f3n del Instituto Tecnol\u00f3gico de las Am\u00e9ricas (ITLA) en la provincia S\u00e1nchez\u2026","rel":"","context":"En \u00abNACIONALES\u00bb","block_context":{"text":"NACIONALES","link":"https:\/\/lasprimeras.com.do\/index.php\/category\/nacionales\/"},"img":{"alt_text":"","src":"https:\/\/i0.wp.com\/lasprimeras.com.do\/wp-content\/uploads\/2025\/10\/Ricardo-de-los-Santos-2.jpg?resize=350%2C200&ssl=1","width":350,"height":200,"srcset":"https:\/\/i0.wp.com\/lasprimeras.com.do\/wp-content\/uploads\/2025\/10\/Ricardo-de-los-Santos-2.jpg?resize=350%2C200&ssl=1 1x, https:\/\/i0.wp.com\/lasprimeras.com.do\/wp-content\/uploads\/2025\/10\/Ricardo-de-los-Santos-2.jpg?resize=525%2C300&ssl=1 1.5x, https:\/\/i0.wp.com\/lasprimeras.com.do\/wp-content\/uploads\/2025\/10\/Ricardo-de-los-Santos-2.jpg?resize=700%2C400&ssl=1 2x"},"classes":[]},{"id":95068,"url":"https:\/\/lasprimeras.com.do\/index.php\/2025\/03\/09\/senador-ricardo-de-los-santos-saluda-entrega-de-electrificacion-en-fantino-cotui\/","url_meta":{"origin":90895,"position":3},"title":"Senador Ricardo de los Santos saluda entrega de electrificaci\u00f3n en Fantino, Cotu\u00ed","author":"Nelson Feliz","date":"9 de marzo de 2025","format":false,"excerpt":"El presidente del Senado, Ricardo de los Santos, en el marco del programa Llevando Luz del Ministerio de Energ\u00eda y Minas (MEM), particip\u00f3 en la inauguraci\u00f3n de importantes obras que llevan energ\u00eda el\u00e9ctrica a localidades de su provincia, S\u00e1nchez Ram\u00edrez, impactando de manera positiva a su comunidad. Durante la convocatoria\u2026","rel":"","context":"En \u00abNACIONALES\u00bb","block_context":{"text":"NACIONALES","link":"https:\/\/lasprimeras.com.do\/index.php\/category\/nacionales\/"},"img":{"alt_text":"Ricardo de los Santos","src":"https:\/\/i0.wp.com\/lasprimeras.com.do\/wp-content\/uploads\/2025\/03\/Ricardo-de-los-Santos-3-1.jpg?resize=350%2C200&ssl=1","width":350,"height":200,"srcset":"https:\/\/i0.wp.com\/lasprimeras.com.do\/wp-content\/uploads\/2025\/03\/Ricardo-de-los-Santos-3-1.jpg?resize=350%2C200&ssl=1 1x, https:\/\/i0.wp.com\/lasprimeras.com.do\/wp-content\/uploads\/2025\/03\/Ricardo-de-los-Santos-3-1.jpg?resize=525%2C300&ssl=1 1.5x, https:\/\/i0.wp.com\/lasprimeras.com.do\/wp-content\/uploads\/2025\/03\/Ricardo-de-los-Santos-3-1.jpg?resize=700%2C400&ssl=1 2x"},"classes":[]},{"id":90762,"url":"https:\/\/lasprimeras.com.do\/index.php\/2024\/10\/27\/senador-ricardo-de-los-santos-invita-a-dominicanos-visitar-festur-2024-en-sanchez-ramirez\/","url_meta":{"origin":90895,"position":4},"title":"Senador Ricardo de los Santos invita a dominicanos visitar FESTUR 2024 en S\u00e1nchez Ram\u00edrez","author":"Nelson Feliz","date":"27 de octubre de 2024","format":false,"excerpt":"El evento que promueve el ecoturismo sostenible en la regi\u00f3n, e incentiva la econom\u00eda local, se llevar\u00e1 a cabo en su natal provincia S\u00e1nchez Ram\u00edrez del 31 de octubre al 4 de noviembre de los corrientes, en la parte perif\u00e9rica de la presa de Hatillo. El presidente del Senado, Ricardo\u2026","rel":"","context":"En \u00abTURISMO\u00bb","block_context":{"text":"TURISMO","link":"https:\/\/lasprimeras.com.do\/index.php\/category\/turismo\/"},"img":{"alt_text":"FESTUR 2024","src":"https:\/\/i0.wp.com\/lasprimeras.com.do\/wp-content\/uploads\/2024\/10\/FESTUR-2024-1.jpg?resize=350%2C200&ssl=1","width":350,"height":200,"srcset":"https:\/\/i0.wp.com\/lasprimeras.com.do\/wp-content\/uploads\/2024\/10\/FESTUR-2024-1.jpg?resize=350%2C200&ssl=1 1x, https:\/\/i0.wp.com\/lasprimeras.com.do\/wp-content\/uploads\/2024\/10\/FESTUR-2024-1.jpg?resize=525%2C300&ssl=1 1.5x, https:\/\/i0.wp.com\/lasprimeras.com.do\/wp-content\/uploads\/2024\/10\/FESTUR-2024-1.jpg?resize=700%2C400&ssl=1 2x"},"classes":[]},{"id":83166,"url":"https:\/\/lasprimeras.com.do\/index.php\/2024\/05\/12\/ricardo-de-los-santos-unidad-del-prm-dara-la-victoria-indiscutible-a-abinader-en-sanchez-ramirez\/","url_meta":{"origin":90895,"position":5},"title":"Ricardo De los Santos: unidad del PRM dar\u00e1 la victoria indiscutible a Abinader en S\u00e1nchez Ram\u00edrez","author":"Nelson Feliz","date":"12 de mayo de 2024","format":false,"excerpt":"El senador y candidato a la misma posici\u00f3n del Partido Revolucionario Moderno (PRM), por S\u00e1nchez Ram\u00edrez, Ricardo de los Santos, asegur\u00f3 que esa organizaci\u00f3n pol\u00edtica por primera vez en la historia de esa provincia ganar\u00e1 las tres diputaciones y retendr\u00e1 la senadur\u00eda con un gran porcentaje de votos. De los\u2026","rel":"","context":"En \u00abPORTADA\u00bb","block_context":{"text":"PORTADA","link":"https:\/\/lasprimeras.com.do\/index.php\/category\/portada\/"},"img":{"alt_text":"Ricardo De los Santos","src":"https:\/\/i0.wp.com\/lasprimeras.com.do\/wp-content\/uploads\/2024\/05\/Ricardo-De-los-Santos-4.jpg?resize=350%2C200&ssl=1","width":350,"height":200,"srcset":"https:\/\/i0.wp.com\/lasprimeras.com.do\/wp-content\/uploads\/2024\/05\/Ricardo-De-los-Santos-4.jpg?resize=350%2C200&ssl=1 1x, https:\/\/i0.wp.com\/lasprimeras.com.do\/wp-content\/uploads\/2024\/05\/Ricardo-De-los-Santos-4.jpg?resize=525%2C300&ssl=1 1.5x, https:\/\/i0.wp.com\/lasprimeras.com.do\/wp-content\/uploads\/2024\/05\/Ricardo-De-los-Santos-4.jpg?resize=700%2C400&ssl=1 2x"},"classes":[]}],"jetpack_sharing_enabled":true,"_links":{"self":[{"href":"https:\/\/lasprimeras.com.do\/index.php\/wp-json\/wp\/v2\/posts\/90895","targetHints":{"allow":["GET"]}}],"collection":[{"href":"https:\/\/lasprimeras.com.do\/index.php\/wp-json\/wp\/v2\/posts"}],"about":[{"href":"https:\/\/lasprimeras.com.do\/index.php\/wp-json\/wp\/v2\/types\/post"}],"author":[{"embeddable":true,"href":"https:\/\/lasprimeras.com.do\/index.php\/wp-json\/wp\/v2\/users\/2"}],"replies":[{"embeddable":true,"href":"https:\/\/lasprimeras.com.do\/index.php\/wp-json\/wp\/v2\/comments?post=90895"}],"version-history":[{"count":1,"href":"https:\/\/lasprimeras.com.do\/index.php\/wp-json\/wp\/v2\/posts\/90895\/revisions"}],"predecessor-version":[{"id":90896,"href":"https:\/\/lasprimeras.com.do\/index.php\/wp-json\/wp\/v2\/posts\/90895\/revisions\/90896"}],"wp:featuredmedia":[{"embeddable":true,"href":"https:\/\/lasprimeras.com.do\/index.php\/wp-json\/wp\/v2\/media\/90809"}],"wp:attachment":[{"href":"https:\/\/lasprimeras.com.do\/index.php\/wp-json\/wp\/v2\/media?parent=90895"}],"wp:term":[{"taxonomy":"category","embeddable":true,"href":"https:\/\/lasprimeras.com.do\/index.php\/wp-json\/wp\/v2\/categories?post=90895"},{"taxonomy":"post_tag","embeddable":true,"href":"https:\/\/lasprimeras.com.do\/index.php\/wp-json\/wp\/v2\/tags?post=90895"}],"curies":[{"name":"wp","href":"https:\/\/api.w.org\/{rel}","templated":true}]}}