{"id":90897,"date":"2024-11-02T20:20:59","date_gmt":"2024-11-03T00:20:59","guid":{"rendered":"https:\/\/lasprimeras.com.do\/?p=90897"},"modified":"2024-11-02T20:21:00","modified_gmt":"2024-11-03T00:21:00","slug":"coba-orienta-a-establecimientos-notificados-por-violar-ley-medio-ambiente","status":"publish","type":"post","link":"https:\/\/lasprimeras.com.do\/index.php\/2024\/11\/02\/coba-orienta-a-establecimientos-notificados-por-violar-ley-medio-ambiente\/","title":{"rendered":"COBA orienta a establecimientos notificados por violar ley Medio Ambiente"},"content":{"rendered":"\n<p><strong>Propietarios son instruidos sobre respeto a normas.<\/strong><\/p>\n\n\n\n<p>El programa de Control de Bebidas Alcoh\u00f3licas (COBA) imparti\u00f3 durante el mes de octubre una charla de orientaci\u00f3n a propietarios de 46 establecimientos dedicados a la venta de bebidas alcoh\u00f3licas, notificados por violaciones a la Ley 64-00 de Protecci\u00f3n al Medio Ambiente.<\/p>\n\n\n\n<p>De los establecimientos involucrados, 16 fueron cerrados temporalmente, mientras que los otros recibieron notificaciones por incumplimiento del horario autorizado y por generar ruidos.<\/p>\n\n\n\n<p>Marx L\u00f3pez, inspector del COBA, explic\u00f3 que estos propietarios fueron convocados con el objetivo de orientarlos sobre el funcionamiento adecuado de sus negocios en conformidad con la legislaci\u00f3n, en \u00e1reas como la contaminaci\u00f3n sonora, la venta de alcohol a menores de edad, poseer armas de fuego sin la debida autorizaci\u00f3n y el uso indebido de las calles, entre otros temas relevantes.<\/p>\n\n\n\n<p>Asimismo, enfatiz\u00f3 que el prop\u00f3sito de estas reuniones es encontrar soluciones a las irregularidades que afectan tanto al medioambiente como a las buenas costumbres en la comunidad.<\/p>\n\n\n\n<p>Las quejas que dieron lugar a estas acciones fueron presentadas por ciudadanos, juntas de vecinos y otros particulares afectados por esas situaciones.<\/p>\n\n\n\n<p>L\u00f3pez record\u00f3 a los propietarios notificados la importancia de contar con las certificaciones y permisos emitidos por las autoridades para garantizar el adecuado funcionamiento de sus establecimientos.<\/p>\n","protected":false},"excerpt":{"rendered":"<p>Propietarios son instruidos sobre respeto a normas. El programa de Control de Bebidas Alcoh\u00f3licas (COBA) imparti\u00f3 durante el mes de octubre una charla de orientaci\u00f3n a propietarios de 46 establecimientos&hellip;<\/p>\n","protected":false},"author":2,"featured_media":90898,"comment_status":"open","ping_status":"open","sticky":false,"template":"","format":"standard","meta":{"content-type":"","jetpack_post_was_ever_published":false,"_jetpack_newsletter_access":"","_jetpack_dont_email_post_to_subs":false,"_jetpack_newsletter_tier_id":0,"_jetpack_memberships_contains_paywalled_content":false,"_jetpack_memberships_contains_paid_content":false,"footnotes":""},"categories":[35],"tags":[16267,16266,411,563,16268,2295],"class_list":["post-90897","post","type-post","status-publish","format-standard","has-post-thumbnail","hentry","category-nacionales","tag-coba","tag-establecimientos","tag-ley","tag-medio-ambiente","tag-notificados","tag-violar"],"jetpack_featured_media_url":"https:\/\/lasprimeras.com.do\/wp-content\/uploads\/2024\/11\/Marx-Lopez.jpg","jetpack-related-posts":[{"id":127018,"url":"https:\/\/lasprimeras.com.do\/index.php\/2026\/04\/07\/policia-nacional-coba-y-antirruidos-clausuran-colmado-tras-pleito-registrado-en-fundacion-de-peravia\/","url_meta":{"origin":90897,"position":0},"title":"Polic\u00eda Nacional, COBA y Antirruidos clausuran colmado tras pleito registrado en Fundaci\u00f3n de Peravia","author":"Nelson Feliz","date":"7 de abril de 2026","format":false,"excerpt":"Miembros de la Polic\u00eda Nacional adscritos a la Direcci\u00f3n Regional Sur Central, junto a agentes del Control de Bebidas Alcoh\u00f3licas (COBA) y miembros de Antirruidos, procedieron a la clausura del colmado \u201cSan Miguel\u201d, ubicado en la comunidad de Fundaci\u00f3n, provincia Peravia. El cierre del negocio se produce, luego de que\u2026","rel":"","context":"En \u00abNACIONALES\u00bb","block_context":{"text":"NACIONALES","link":"https:\/\/lasprimeras.com.do\/index.php\/category\/nacionales\/"},"img":{"alt_text":"","src":"https:\/\/i0.wp.com\/lasprimeras.com.do\/wp-content\/uploads\/2026\/04\/pleito.jpg?resize=350%2C200&ssl=1","width":350,"height":200},"classes":[]},{"id":79483,"url":"https:\/\/lasprimeras.com.do\/index.php\/2024\/03\/27\/prohiben-ventas-de-bebidas-alcoholicas-durante-viernes-santo\/","url_meta":{"origin":90897,"position":1},"title":"Proh\u00edben ventas de bebidas alcoh\u00f3licas durante Viernes Santo","author":"BIMARY DE JES\u00daS Matos","date":"27 de marzo de 2024","format":false,"excerpt":"Santo Domingo.- El Ministerio de Interior y Polic\u00eda prohibi\u00f3 las ventas de bebidas alcoh\u00f3licas desde las 12:01 de la ma\u00f1ana del Viernes Santo, hasta esa misma hora del S\u00e1bado de Gloria, con el objetivo de evitar accidentes, p\u00e9rdidas humanas y para que todas las familias disfruten de la paz y\u2026","rel":"","context":"En \u00abNACIONALES\u00bb","block_context":{"text":"NACIONALES","link":"https:\/\/lasprimeras.com.do\/index.php\/category\/nacionales\/"},"img":{"alt_text":"","src":"https:\/\/i0.wp.com\/lasprimeras.com.do\/wp-content\/uploads\/2024\/03\/WhatsApp-Image-2024-03-27-at-1.17.21-PM-1.jpeg?resize=350%2C200&ssl=1","width":350,"height":200},"classes":[]},{"id":120604,"url":"https:\/\/lasprimeras.com.do\/index.php\/2026\/01\/26\/policia-y-coba-intervienen-negocio-los-chelos-por-contaminacion-sonica-en-los-guaricanos\/","url_meta":{"origin":90897,"position":2},"title":"Polic\u00eda y COBA intervienen negocio \u201cLos Chelos\u201d por contaminaci\u00f3n s\u00f3nica en Los Guaricanos","author":"Nelson Feliz","date":"26 de enero de 2026","format":false,"excerpt":"Centro nocturno Los Chelos Flow Vapers","rel":"","context":"En \u00abMILITARES\u00bb","block_context":{"text":"MILITARES","link":"https:\/\/lasprimeras.com.do\/index.php\/category\/militares\/"},"img":{"alt_text":"chelos gauricanos","src":"https:\/\/i0.wp.com\/lasprimeras.com.do\/wp-content\/uploads\/2026\/01\/chelos-gauricanos.jpg?resize=350%2C200&ssl=1","width":350,"height":200,"srcset":"https:\/\/i0.wp.com\/lasprimeras.com.do\/wp-content\/uploads\/2026\/01\/chelos-gauricanos.jpg?resize=350%2C200&ssl=1 1x, https:\/\/i0.wp.com\/lasprimeras.com.do\/wp-content\/uploads\/2026\/01\/chelos-gauricanos.jpg?resize=525%2C300&ssl=1 1.5x, https:\/\/i0.wp.com\/lasprimeras.com.do\/wp-content\/uploads\/2026\/01\/chelos-gauricanos.jpg?resize=700%2C400&ssl=1 2x"},"classes":[]},{"id":114976,"url":"https:\/\/lasprimeras.com.do\/index.php\/2025\/11\/18\/victor-eddy-mateo-el-coba-debe-ser-convertido-en-una-ley-organica-y-no-seguir-funcionando-como-un-decreto-inconstitucional\/","url_meta":{"origin":90897,"position":3},"title":"V\u00edctor Eddy Mateo: &#8220;El COBA debe ser convertido en una Ley Org\u00e1nica y no seguir funcionando como un Decreto Inconstitucional&#8221;","author":"Nelson Feliz","date":"18 de noviembre de 2025","format":false,"excerpt":"El reconocido abogado y doctor en Derecho, V\u00edctor Eddy Mateo V\u00e1squez, ha generado controversia al declarar que el Programa de Control de Bebidas Alcoh\u00f3licas (COBA), que opera bajo el Decreto 308-06, es inconstitucional y debe ser elevado a rango de Ley Org\u00e1nica. Las declaraciones fueron ofrecidas durante su participaci\u00f3n en\u2026","rel":"","context":"En \u00abNACIONALES\u00bb","block_context":{"text":"NACIONALES","link":"https:\/\/lasprimeras.com.do\/index.php\/category\/nacionales\/"},"img":{"alt_text":"","src":"","width":0,"height":0},"classes":[]},{"id":89897,"url":"https:\/\/lasprimeras.com.do\/index.php\/2024\/10\/06\/cierran-13-negocios-de-la-vega-en-apoyo-a-los-operativos-de-interior-y-policia\/","url_meta":{"origin":90897,"position":4},"title":"Cierran 13 negocios de La Vega en apoyo a los operativos de Interior y Polic\u00eda","author":"Nelson Feliz","date":"6 de octubre de 2024","format":false,"excerpt":"El Ministerio P\u00fablico inform\u00f3 que como parte de las labores que realiza en la Fuerza de Tarea Conjunta en La Vega y en apoyo al programa \"Garant\u00eda de Paz\" del Ministerio de Interior y Polic\u00eda, cerr\u00f3 13 negocios nocturnos y colmados que han violado las disposiciones de la Ley. Entre\u2026","rel":"","context":"En \u00abNACIONALES\u00bb","block_context":{"text":"NACIONALES","link":"https:\/\/lasprimeras.com.do\/index.php\/category\/nacionales\/"},"img":{"alt_text":"Operaci\u00f3n Garant\u00eda de Paz del Interior y Polic\u00eda","src":"https:\/\/i0.wp.com\/lasprimeras.com.do\/wp-content\/uploads\/2024\/10\/Operacion-Garantia-de-Paz-del-Interior-y-Policia.jpg?resize=350%2C200&ssl=1","width":350,"height":200,"srcset":"https:\/\/i0.wp.com\/lasprimeras.com.do\/wp-content\/uploads\/2024\/10\/Operacion-Garantia-de-Paz-del-Interior-y-Policia.jpg?resize=350%2C200&ssl=1 1x, https:\/\/i0.wp.com\/lasprimeras.com.do\/wp-content\/uploads\/2024\/10\/Operacion-Garantia-de-Paz-del-Interior-y-Policia.jpg?resize=525%2C300&ssl=1 1.5x, https:\/\/i0.wp.com\/lasprimeras.com.do\/wp-content\/uploads\/2024\/10\/Operacion-Garantia-de-Paz-del-Interior-y-Policia.jpg?resize=700%2C400&ssl=1 2x"},"classes":[]},{"id":89346,"url":"https:\/\/lasprimeras.com.do\/index.php\/2024\/09\/22\/interior-y-policia-cierra-ocho-negocios-en-la-ciudad-colonial-y-santo-domingo-oeste\/","url_meta":{"origin":90897,"position":5},"title":"Interior y Polic\u00eda cierra ocho negocios en la Ciudad Colonial y Santo Domingo Oeste","author":"Nelson Feliz","date":"22 de septiembre de 2024","format":false,"excerpt":"El Ministerio de Interior y Polic\u00eda cerr\u00f3 ocho negocios nocturnos y levant\u00f3 notificaciones contra otros 24 por infracciones como contaminaci\u00f3n s\u00f3nica, obstrucci\u00f3n de la v\u00eda p\u00fablica y violaci\u00f3n de los horarios para la venta de bebidas alcoh\u00f3licas. La Direcci\u00f3n de Control de Bebidas Alcoh\u00f3licas (COBA) entidad que funciona bajo las\u2026","rel":"","context":"En \u00abNACIONALES\u00bb","block_context":{"text":"NACIONALES","link":"https:\/\/lasprimeras.com.do\/index.php\/category\/nacionales\/"},"img":{"alt_text":"Operaci\u00f3n Garant\u00eda de Paz","src":"https:\/\/i0.wp.com\/lasprimeras.com.do\/wp-content\/uploads\/2024\/09\/Operacion-Garantia-de-Paz-1.jpeg?resize=350%2C200&ssl=1","width":350,"height":200,"srcset":"https:\/\/i0.wp.com\/lasprimeras.com.do\/wp-content\/uploads\/2024\/09\/Operacion-Garantia-de-Paz-1.jpeg?resize=350%2C200&ssl=1 1x, https:\/\/i0.wp.com\/lasprimeras.com.do\/wp-content\/uploads\/2024\/09\/Operacion-Garantia-de-Paz-1.jpeg?resize=525%2C300&ssl=1 1.5x, https:\/\/i0.wp.com\/lasprimeras.com.do\/wp-content\/uploads\/2024\/09\/Operacion-Garantia-de-Paz-1.jpeg?resize=700%2C400&ssl=1 2x, https:\/\/i0.wp.com\/lasprimeras.com.do\/wp-content\/uploads\/2024\/09\/Operacion-Garantia-de-Paz-1.jpeg?resize=1050%2C600&ssl=1 3x, https:\/\/i0.wp.com\/lasprimeras.com.do\/wp-content\/uploads\/2024\/09\/Operacion-Garantia-de-Paz-1.jpeg?resize=1400%2C800&ssl=1 4x"},"classes":[]}],"jetpack_sharing_enabled":true,"_links":{"self":[{"href":"https:\/\/lasprimeras.com.do\/index.php\/wp-json\/wp\/v2\/posts\/90897","targetHints":{"allow":["GET"]}}],"collection":[{"href":"https:\/\/lasprimeras.com.do\/index.php\/wp-json\/wp\/v2\/posts"}],"about":[{"href":"https:\/\/lasprimeras.com.do\/index.php\/wp-json\/wp\/v2\/types\/post"}],"author":[{"embeddable":true,"href":"https:\/\/lasprimeras.com.do\/index.php\/wp-json\/wp\/v2\/users\/2"}],"replies":[{"embeddable":true,"href":"https:\/\/lasprimeras.com.do\/index.php\/wp-json\/wp\/v2\/comments?post=90897"}],"version-history":[{"count":1,"href":"https:\/\/lasprimeras.com.do\/index.php\/wp-json\/wp\/v2\/posts\/90897\/revisions"}],"predecessor-version":[{"id":90899,"href":"https:\/\/lasprimeras.com.do\/index.php\/wp-json\/wp\/v2\/posts\/90897\/revisions\/90899"}],"wp:featuredmedia":[{"embeddable":true,"href":"https:\/\/lasprimeras.com.do\/index.php\/wp-json\/wp\/v2\/media\/90898"}],"wp:attachment":[{"href":"https:\/\/lasprimeras.com.do\/index.php\/wp-json\/wp\/v2\/media?parent=90897"}],"wp:term":[{"taxonomy":"category","embeddable":true,"href":"https:\/\/lasprimeras.com.do\/index.php\/wp-json\/wp\/v2\/categories?post=90897"},{"taxonomy":"post_tag","embeddable":true,"href":"https:\/\/lasprimeras.com.do\/index.php\/wp-json\/wp\/v2\/tags?post=90897"}],"curies":[{"name":"wp","href":"https:\/\/api.w.org\/{rel}","templated":true}]}}