{"id":90991,"date":"2024-11-05T22:55:41","date_gmt":"2024-11-06T02:55:41","guid":{"rendered":"https:\/\/lasprimeras.com.do\/?p=90991"},"modified":"2024-11-05T22:55:43","modified_gmt":"2024-11-06T02:55:43","slug":"donald-trump-sigue-por-delante-de-harris-tras-imponerse-en-florida-y-otros-7-estados","status":"publish","type":"post","link":"https:\/\/lasprimeras.com.do\/index.php\/2024\/11\/05\/donald-trump-sigue-por-delante-de-harris-tras-imponerse-en-florida-y-otros-7-estados\/","title":{"rendered":"Donald Trump sigue por delante de Harris tras imponerse en Florida y otros 7 estados"},"content":{"rendered":"\n<p>Washington, (EFE).- El candidato republicano a la Casa Blanca, Donald Trump, gan\u00f3 este martes las elecciones en los estados de Florida, Tennessee, Alabama, Arkansas, Misisip\u00ed, Misuri, Carolina del Sur y Oklahoma, mientras que la vicepresidenta dem\u00f3crata, Kamala Harris, se hizo con Massachusetts, Maryland, Rhode Island, Connecticut y el Distrito de Columbia, seg\u00fan las proyecciones de los principales medios.<\/p>\n\n\n\n<p>Con estos estados, Trump sigue por delante de Harris en el recuento con 111 delegados frente a 38 en el Colegio Electoral en su objetivo de llegar a los 270 que dan la victoria.<\/p>\n\n\n\n<p>Se trata de victorias previsibles para ambos candidatos en estados que eran sus bastiones en unas elecciones que van a depender de siete estados -Pensilvania, Georgia, Carolina del Sur, M\u00edchigan, Wisconsin, Arizona y Nevada- de los cuales a\u00fan no se saben los resultados.<\/p>\n\n\n\n<p>Los estadounidenses no deciden por voto popular qui\u00e9n ser\u00e1 su pr\u00f3ximo presidente, sino que designan a un n\u00famero de electores en cada estado que conforman el Colegio Electoral y que se encargan de elegir al pr\u00f3ximo inquilino de la Casa Blanca.<\/p>\n\n\n\n<p>El Colegio Electoral tiene 538 compromisarios y, para ganar, Trump o Harris necesitan al menos una mayor\u00eda de 270.<\/p>\n\n\n\n<p>Los colegios electorales de la mitad de los estados de EE.UU. ya han cerrado a las 20.00 hora local (01.00 GMT), incluido Pensilvania, el estado bisagra que m\u00e1s compromisarios otorga para el Colegio Electoral y del que todav\u00eda no se conocen los resultados.<\/p>\n\n\n\n<p>Agencia EFE<\/p>\n","protected":false},"excerpt":{"rendered":"<p>Washington, (EFE).- El candidato republicano a la Casa Blanca, Donald Trump, gan\u00f3 este martes las elecciones en los estados de Florida, Tennessee, Alabama, Arkansas, Misisip\u00ed, Misuri, Carolina del Sur y&hellip;<\/p>\n","protected":false},"author":2,"featured_media":90992,"comment_status":"open","ping_status":"open","sticky":false,"template":"","format":"standard","meta":{"content-type":"","jetpack_post_was_ever_published":false,"_jetpack_newsletter_access":"","_jetpack_dont_email_post_to_subs":false,"_jetpack_newsletter_tier_id":0,"_jetpack_memberships_contains_paywalled_content":false,"_jetpack_memberships_contains_paid_content":false,"footnotes":""},"categories":[16289],"tags":[16303,978,108,2291],"class_list":["post-90991","post","type-post","status-publish","format-standard","has-post-thumbnail","hentry","category-internacionales","tag-7-estados","tag-donald-trump","tag-florida","tag-kamala-harris"],"jetpack_featured_media_url":"https:\/\/lasprimeras.com.do\/wp-content\/uploads\/2024\/11\/voto.jpg","jetpack-related-posts":[{"id":87895,"url":"https:\/\/lasprimeras.com.do\/index.php\/2024\/08\/19\/kamala-harris-supera-a-donald-trump-encuestas-muestran-5-puntos-de-diferencia\/","url_meta":{"origin":90991,"position":0},"title":"Kamala Harris supera a Donald Trump; encuestas muestran 5 puntos de diferencia","author":"Nelson Feliz","date":"19 de agosto de 2024","format":false,"excerpt":"Grethell Anguiano Mon\u00e1rrez Kamala Harris ha tomado la delantera sobre Donald Trump en las encuestas de cara a las elecciones presidenciales en Estados Unidos. Nuevas encuestas fechadas este domingo 18 de agosto indican que la candidata dem\u00f3crata tiene una ventaja del 50% frente al 45% del republicano Trump. La diferencia\u2026","rel":"","context":"En \u00abSin categor\u00eda\u00bb","block_context":{"text":"Sin categor\u00eda","link":"https:\/\/lasprimeras.com.do\/index.php\/category\/sin-categoria\/"},"img":{"alt_text":"Kamala Harris supera a Donald Trump","src":"https:\/\/i0.wp.com\/lasprimeras.com.do\/wp-content\/uploads\/2024\/08\/Kamala-Harris-supera-a-Donald-Trump.jpg?resize=350%2C200&ssl=1","width":350,"height":200,"srcset":"https:\/\/i0.wp.com\/lasprimeras.com.do\/wp-content\/uploads\/2024\/08\/Kamala-Harris-supera-a-Donald-Trump.jpg?resize=350%2C200&ssl=1 1x, https:\/\/i0.wp.com\/lasprimeras.com.do\/wp-content\/uploads\/2024\/08\/Kamala-Harris-supera-a-Donald-Trump.jpg?resize=525%2C300&ssl=1 1.5x"},"classes":[]},{"id":97996,"url":"https:\/\/lasprimeras.com.do\/index.php\/2025\/04\/30\/kamala-harris-planea-un-discurso-criticando-duramente-las-politicas-de-donald-trump\/","url_meta":{"origin":90991,"position":1},"title":"Kamala Harris planea un discurso criticando duramente las pol\u00edticas de Donald Trump","author":"Nelson Feliz","date":"30 de abril de 2025","format":false,"excerpt":"Por MICHAEL R. BLOOD LOS \u00c1NGELES (AP) \u2014 La exvicepresidenta Kamala Harris planea usar un discurso de alto perfil el mi\u00e9rcoles para criticar duramente al presidente Donald Trump en medio de especulaciones sobre si montar\u00e1 otra campa\u00f1a presidencial u optar\u00e1 por postularse para gobernadora de California. Harris hablar\u00e1 en la\u2026","rel":"","context":"En \u00abINTERNACIONALES\u00bb","block_context":{"text":"INTERNACIONALES","link":"https:\/\/lasprimeras.com.do\/index.php\/category\/sin-categoria\/internacionales\/"},"img":{"alt_text":"","src":"https:\/\/i0.wp.com\/lasprimeras.com.do\/wp-content\/uploads\/2025\/04\/Kamala-Harris.jpg?resize=350%2C200&ssl=1","width":350,"height":200,"srcset":"https:\/\/i0.wp.com\/lasprimeras.com.do\/wp-content\/uploads\/2025\/04\/Kamala-Harris.jpg?resize=350%2C200&ssl=1 1x, https:\/\/i0.wp.com\/lasprimeras.com.do\/wp-content\/uploads\/2025\/04\/Kamala-Harris.jpg?resize=525%2C300&ssl=1 1.5x, https:\/\/i0.wp.com\/lasprimeras.com.do\/wp-content\/uploads\/2025\/04\/Kamala-Harris.jpg?resize=700%2C400&ssl=1 2x"},"classes":[]},{"id":90474,"url":"https:\/\/lasprimeras.com.do\/index.php\/2024\/10\/22\/perezosa-como-el-infierno-loca-y-lo-peor-crecen-insultos-de-donald-trump-contra-kamala-harris\/","url_meta":{"origin":90991,"position":2},"title":"\u201cPerezosa como el infierno\u201d, \u201cloca\u201d y \u201clo peor\u201d: crecen insultos de Donald Trump contra Kamala Harris","author":"Nelson Feliz","date":"22 de octubre de 2024","format":false,"excerpt":"Historia de Lenys Moreno El candidato presidencial republicano en Estados Unidos, Donald Trump, contin\u00faa en su descarga con insultos en contra de su rival dem\u00f3crata Kamala Harris. Durante un evento de campa\u00f1a de divulgaci\u00f3n latina en Miami, este martes el expresidente se afinc\u00f3 con calificativos negativos en contra de la\u2026","rel":"","context":"En \u00abSin categor\u00eda\u00bb","block_context":{"text":"Sin categor\u00eda","link":"https:\/\/lasprimeras.com.do\/index.php\/category\/sin-categoria\/"},"img":{"alt_text":"","src":"https:\/\/i0.wp.com\/lasprimeras.com.do\/wp-content\/uploads\/2024\/10\/Donald-Trump.jpg?resize=350%2C200&ssl=1","width":350,"height":200,"srcset":"https:\/\/i0.wp.com\/lasprimeras.com.do\/wp-content\/uploads\/2024\/10\/Donald-Trump.jpg?resize=350%2C200&ssl=1 1x, https:\/\/i0.wp.com\/lasprimeras.com.do\/wp-content\/uploads\/2024\/10\/Donald-Trump.jpg?resize=525%2C300&ssl=1 1.5x"},"classes":[]},{"id":87406,"url":"https:\/\/lasprimeras.com.do\/index.php\/2024\/08\/11\/donald-trump-habria-llamado-perra-a-kamala-harris\/","url_meta":{"origin":90991,"position":3},"title":"Donald Trump habr\u00eda llamado &#8220;perra&#8221; a Kamala Harris","author":"Nelson Feliz","date":"11 de agosto de 2024","format":false,"excerpt":"Seg\u00fan fuentes de NYT, el candidato presidencial republicano se ha mostrado a menudo de mal humor en las \u00faltimas semanas. El exmandatario estadounidense y candidato presidencial republicano, Donald Trump, utiliza en privado un lenguaje obsceno cuando habla de su rival dem\u00f3crata Kamala Harris, informa The New York Times. De acuerdo\u2026","rel":"","context":"En \u00abSin categor\u00eda\u00bb","block_context":{"text":"Sin categor\u00eda","link":"https:\/\/lasprimeras.com.do\/index.php\/category\/sin-categoria\/"},"img":{"alt_text":"DONALD Y KAMALA","src":"https:\/\/i0.wp.com\/lasprimeras.com.do\/wp-content\/uploads\/2024\/08\/DONALD-Y-KAMALA.jpg?resize=350%2C200&ssl=1","width":350,"height":200,"srcset":"https:\/\/i0.wp.com\/lasprimeras.com.do\/wp-content\/uploads\/2024\/08\/DONALD-Y-KAMALA.jpg?resize=350%2C200&ssl=1 1x, https:\/\/i0.wp.com\/lasprimeras.com.do\/wp-content\/uploads\/2024\/08\/DONALD-Y-KAMALA.jpg?resize=525%2C300&ssl=1 1.5x, https:\/\/i0.wp.com\/lasprimeras.com.do\/wp-content\/uploads\/2024\/08\/DONALD-Y-KAMALA.jpg?resize=700%2C400&ssl=1 2x"},"classes":[]},{"id":88914,"url":"https:\/\/lasprimeras.com.do\/index.php\/2024\/09\/10\/funcionarios-de-la-era-trump-apoyan-a-harris-y-avisan-del-peligro-de-su-vuelta-al-gobierno\/","url_meta":{"origin":90991,"position":4},"title":"Funcionarios de la era Trump apoyan a Harris y avisan del peligro de su vuelta al Gobierno","author":"Nelson Feliz","date":"10 de septiembre de 2024","format":false,"excerpt":"Filadelfia (EE.UU.), (EFE).- Exmiembros del Gobierno de Donald Trump (2017-2021) alertaron este martes de los \"peligros\" de que el expresidente regrese a la Casa Blanca y, en un encuentro con medios en el marco del debate que enfrentar\u00e1 esta noche a los dos candidatos, mostraron su apoyo a la vicepresidenta\u2026","rel":"","context":"En \u00abSin categor\u00eda\u00bb","block_context":{"text":"Sin categor\u00eda","link":"https:\/\/lasprimeras.com.do\/index.php\/category\/sin-categoria\/"},"img":{"alt_text":"","src":"https:\/\/i0.wp.com\/lasprimeras.com.do\/wp-content\/uploads\/2024\/09\/funcionarios.jpg?resize=350%2C200&ssl=1","width":350,"height":200,"srcset":"https:\/\/i0.wp.com\/lasprimeras.com.do\/wp-content\/uploads\/2024\/09\/funcionarios.jpg?resize=350%2C200&ssl=1 1x, https:\/\/i0.wp.com\/lasprimeras.com.do\/wp-content\/uploads\/2024\/09\/funcionarios.jpg?resize=525%2C300&ssl=1 1.5x"},"classes":[]},{"id":90996,"url":"https:\/\/lasprimeras.com.do\/index.php\/2024\/11\/05\/colegio-electoral-trump-188-harris-102-270-para-ganar\/","url_meta":{"origin":90991,"position":5},"title":"Colegio Electoral: Trump 188, Harris 102 (270 para ganar)","author":"Nelson Feliz","date":"5 de noviembre de 2024","format":false,"excerpt":"Washington, (EFE).- El candidato republicano a la Casa Blanca, Donald Trump, aventaja a la vicepresidenta dem\u00f3crata, Kamala Harris, por 188 delegados frente a 102, seg\u00fan las proyecciones de los principales medios estadounidenses. Trump se acaba de adjudicar los 17 delegados de Ohio y un tercer compromisario en Nebraska. El Colegio\u2026","rel":"","context":"En \u00abINTERNACIONALES\u00bb","block_context":{"text":"INTERNACIONALES","link":"https:\/\/lasprimeras.com.do\/index.php\/category\/sin-categoria\/internacionales\/"},"img":{"alt_text":"","src":"https:\/\/i0.wp.com\/lasprimeras.com.do\/wp-content\/uploads\/2024\/11\/Donald-Trump-y-Kamala-Harris.jpg?resize=350%2C200&ssl=1","width":350,"height":200,"srcset":"https:\/\/i0.wp.com\/lasprimeras.com.do\/wp-content\/uploads\/2024\/11\/Donald-Trump-y-Kamala-Harris.jpg?resize=350%2C200&ssl=1 1x, https:\/\/i0.wp.com\/lasprimeras.com.do\/wp-content\/uploads\/2024\/11\/Donald-Trump-y-Kamala-Harris.jpg?resize=525%2C300&ssl=1 1.5x, https:\/\/i0.wp.com\/lasprimeras.com.do\/wp-content\/uploads\/2024\/11\/Donald-Trump-y-Kamala-Harris.jpg?resize=700%2C400&ssl=1 2x"},"classes":[]}],"jetpack_sharing_enabled":true,"_links":{"self":[{"href":"https:\/\/lasprimeras.com.do\/index.php\/wp-json\/wp\/v2\/posts\/90991","targetHints":{"allow":["GET"]}}],"collection":[{"href":"https:\/\/lasprimeras.com.do\/index.php\/wp-json\/wp\/v2\/posts"}],"about":[{"href":"https:\/\/lasprimeras.com.do\/index.php\/wp-json\/wp\/v2\/types\/post"}],"author":[{"embeddable":true,"href":"https:\/\/lasprimeras.com.do\/index.php\/wp-json\/wp\/v2\/users\/2"}],"replies":[{"embeddable":true,"href":"https:\/\/lasprimeras.com.do\/index.php\/wp-json\/wp\/v2\/comments?post=90991"}],"version-history":[{"count":1,"href":"https:\/\/lasprimeras.com.do\/index.php\/wp-json\/wp\/v2\/posts\/90991\/revisions"}],"predecessor-version":[{"id":90993,"href":"https:\/\/lasprimeras.com.do\/index.php\/wp-json\/wp\/v2\/posts\/90991\/revisions\/90993"}],"wp:featuredmedia":[{"embeddable":true,"href":"https:\/\/lasprimeras.com.do\/index.php\/wp-json\/wp\/v2\/media\/90992"}],"wp:attachment":[{"href":"https:\/\/lasprimeras.com.do\/index.php\/wp-json\/wp\/v2\/media?parent=90991"}],"wp:term":[{"taxonomy":"category","embeddable":true,"href":"https:\/\/lasprimeras.com.do\/index.php\/wp-json\/wp\/v2\/categories?post=90991"},{"taxonomy":"post_tag","embeddable":true,"href":"https:\/\/lasprimeras.com.do\/index.php\/wp-json\/wp\/v2\/tags?post=90991"}],"curies":[{"name":"wp","href":"https:\/\/api.w.org\/{rel}","templated":true}]}}