{"id":91021,"date":"2024-11-07T22:53:27","date_gmt":"2024-11-08T02:53:27","guid":{"rendered":"https:\/\/lasprimeras.com.do\/?p=91021"},"modified":"2024-11-07T22:53:28","modified_gmt":"2024-11-08T02:53:28","slug":"cuba-suspende-la-feria-de-la-habana-tras-el-azote-del-huracan-rafael","status":"publish","type":"post","link":"https:\/\/lasprimeras.com.do\/index.php\/2024\/11\/07\/cuba-suspende-la-feria-de-la-habana-tras-el-azote-del-huracan-rafael\/","title":{"rendered":"Cuba suspende la Feria de La Habana tras el azote del hurac\u00e1n Rafael"},"content":{"rendered":"\n<p>La Habana, (EFE).- El impacto del hurac\u00e1n Rafael en la regi\u00f3n occidental de Cuba -incluida su capital- provoc\u00f3 la suspensi\u00f3n de la Feria Internacional de La Habana (Fihav), la mayor cita comercial del pa\u00eds, informaron este jueves sus organizadores.<\/p>\n\n\n\n<p>Las actividades de la 40 edici\u00f3n de Fihav comenzaron el pasado lunes en el recinto ferial Expocuba, el cual sufri\u00f3 los efectos del hurac\u00e1n Rafael, sobre todo en dos de sus pabellones, seg\u00fan explic\u00f3 el ministro de Comercio Exterior y la Inversi\u00f3n Extranjera (Mincex), \u00d3scar P\u00e9rez-Oliva, citado por medios oficiales.<\/p>\n\n\n\n<p>Adem\u00e1s, se\u00f1al\u00f3 que se registran afectaciones como ca\u00edda de \u00e1rboles y la interrupci\u00f3n de los servicios de agua potable, electricidad y telecomunicaciones en las instalaciones donde se desarrolla este evento.<\/p>\n\n\n\n<p>La feria reuni\u00f3 este a\u00f1o a representantes de unas 700 empresas de 63 pa\u00edses y en esta ocasi\u00f3n se enfoc\u00f3 en promover la inversi\u00f3n exterior en un contexto de grave crisis econ\u00f3mica y energ\u00e9tica.<\/p>\n\n\n\n<p>El titular del Mincex y presidente del comit\u00e9 organizador de la Feria dijo que &#8220;nunca antes se hab\u00eda tenido que tomar una decisi\u00f3n de esta magnitud&#8221;, porque ning\u00fan fen\u00f3meno meteorol\u00f3gico hab\u00eda frenado esta cita.<\/p>\n\n\n\n<p>Pero indic\u00f3 que ante esta experiencia se ha decidido trasladar la realizaci\u00f3n a otra etapa del a\u00f1o en la que no exista el peligro de un cicl\u00f3n tropical.<\/p>\n\n\n\n<p>No obstante, expuso que aunque no existen condiciones en Expocuba para continuar desarrollando la feria, las reuniones de negocios que las empresas hab\u00edan previsto se celebrar\u00e1n en dos hoteles habaneros.<\/p>\n\n\n\n<p>En los 19.000 metros cuadrados de ExpoCuba, en las afueras de La Habana, se reunieron empresas cubanas, tanto estatales como privadas, y entre las extranjeras Espa\u00f1a, con 63 empresas, trajo la mayor representaci\u00f3n, aunque tambi\u00e9n destacaron las chinas, rusas, vietnamitas y mexicanas.<\/p>\n\n\n\n<p>El hurac\u00e1n Rafael -de categor\u00eda 3 (en la escala m\u00e1xima de 5)- cruz\u00f3 este mi\u00e9rcoles de sur a norte la isla por la provincia occidental Artemisa que result\u00f3 con las mayores da\u00f1os provocados por las lluvias y fuertes vientos de este cicl\u00f3n, aunque tambi\u00e9n fueron afectadas sus vecinas La Habana y Mayabeque.<\/p>\n\n\n\n<p>Pero el azote de este hurac\u00e1n -el segundo que toca tierra en Cuba en las \u00faltimas dos semanas- tambi\u00e9n ocasion\u00f3 la desconexi\u00f3n total del Sistema El\u00e9ctrico Nacional (SEN).<\/p>\n\n\n\n<p>Fuente Agencia EFE<\/p>\n","protected":false},"excerpt":{"rendered":"<p>La Habana, (EFE).- El impacto del hurac\u00e1n Rafael en la regi\u00f3n occidental de Cuba -incluida su capital- provoc\u00f3 la suspensi\u00f3n de la Feria Internacional de La Habana (Fihav), la mayor&hellip;<\/p>\n","protected":false},"author":2,"featured_media":91022,"comment_status":"open","ping_status":"open","sticky":false,"template":"","format":"standard","meta":{"content-type":"","jetpack_post_was_ever_published":false,"_jetpack_newsletter_access":"","_jetpack_dont_email_post_to_subs":false,"_jetpack_newsletter_tier_id":0,"_jetpack_memberships_contains_paywalled_content":false,"_jetpack_memberships_contains_paid_content":false,"footnotes":""},"categories":[16289],"tags":[16315,5053,1146,16316,6408,1524],"class_list":["post-91021","post","type-post","status-publish","format-standard","has-post-thumbnail","hentry","category-internacionales","tag-azote","tag-cuba","tag-feria","tag-huracan-rafael","tag-la-habana","tag-suspende"],"jetpack_featured_media_url":"https:\/\/lasprimeras.com.do\/wp-content\/uploads\/2024\/11\/cuba.jpg","jetpack-related-posts":[{"id":91024,"url":"https:\/\/lasprimeras.com.do\/index.php\/2024\/11\/07\/el-dia-despues-en-la-zona-cero-del-azote-de-rafael-en-cuba-nunca-habia-visto-algo-asi\/","url_meta":{"origin":91021,"position":0},"title":"El d\u00eda despu\u00e9s en la zona cero del azote de Rafael en Cuba: &#8220;Nunca hab\u00eda visto algo as\u00ed&#8221;","author":"Nelson Feliz","date":"7 de noviembre de 2024","format":false,"excerpt":"Corojal (Cuba),(EFE).- Cuando Yusim\u00ed regres\u00f3 a su casa la ma\u00f1ana siguiente de que el hurac\u00e1n Rafael -de categor\u00eda tres de cinco- tocara tierra en Playa Majana (Artemisa, oeste de Cuba), ya no quedaba nada. Solo un par de paredes de madera y algunas vigas. Esta mujer de 46 a\u00f1os se\u2026","rel":"","context":"En \u00abINTERNACIONALES\u00bb","block_context":{"text":"INTERNACIONALES","link":"https:\/\/lasprimeras.com.do\/index.php\/category\/sin-categoria\/internacionales\/"},"img":{"alt_text":"","src":"https:\/\/i0.wp.com\/lasprimeras.com.do\/wp-content\/uploads\/2024\/11\/cuba-2.jpg?resize=350%2C200&ssl=1","width":350,"height":200,"srcset":"https:\/\/i0.wp.com\/lasprimeras.com.do\/wp-content\/uploads\/2024\/11\/cuba-2.jpg?resize=350%2C200&ssl=1 1x, https:\/\/i0.wp.com\/lasprimeras.com.do\/wp-content\/uploads\/2024\/11\/cuba-2.jpg?resize=525%2C300&ssl=1 1.5x"},"classes":[]},{"id":90982,"url":"https:\/\/lasprimeras.com.do\/index.php\/2024\/11\/05\/la-tormenta-rafael-se-convierte-en-un-huracan-en-su-ruta-a-las-islas-caiman-y-cuba\/","url_meta":{"origin":91021,"position":1},"title":"La tormenta Rafael se convierte en un hurac\u00e1n en su ruta a las Islas Caim\u00e1n y Cuba","author":"Nelson Feliz","date":"5 de noviembre de 2024","format":false,"excerpt":"Miami (EE.UU.), (EFE).- La tormenta tropical Rafael se ha intensificado este martes hasta convertirse en una hurac\u00e1n de categor\u00eda 1 en la escala Saffir-Simpson, mientras se aproxima a las Islas Caim\u00e1n y Cuba, inform\u00f3 el Centro Nacional de Huracanes (NHC, en ingl\u00e9s) de EE.UU. Rafael presenta vientos m\u00e1ximos sostenidos de\u2026","rel":"","context":"En \u00abINTERNACIONALES\u00bb","block_context":{"text":"INTERNACIONALES","link":"https:\/\/lasprimeras.com.do\/index.php\/category\/sin-categoria\/internacionales\/"},"img":{"alt_text":"","src":"https:\/\/i0.wp.com\/lasprimeras.com.do\/wp-content\/uploads\/2024\/11\/Tormenta-Rafael.jpg?resize=350%2C200&ssl=1","width":350,"height":200,"srcset":"https:\/\/i0.wp.com\/lasprimeras.com.do\/wp-content\/uploads\/2024\/11\/Tormenta-Rafael.jpg?resize=350%2C200&ssl=1 1x, https:\/\/i0.wp.com\/lasprimeras.com.do\/wp-content\/uploads\/2024\/11\/Tormenta-Rafael.jpg?resize=525%2C300&ssl=1 1.5x"},"classes":[]},{"id":62546,"url":"https:\/\/lasprimeras.com.do\/index.php\/2023\/10\/05\/cuba-al-menos-tres-muertos-por-derrumbe-edificio-en-la-habana\/","url_meta":{"origin":91021,"position":2},"title":"CUBA: Al menos tres muertos por derrumbe edificio en La Habana","author":"BIMARY DE JES\u00daS Matos","date":"5 de octubre de 2023","format":false,"excerpt":"LA HABANA.- Al menos tres personas han fallecido tras el derrumbe de un edificio en la capital de Cuba, La Habana, que deja adem\u00e1s varias personas atrapadas entre los escombros. Dos de los muertos son rescatistas que se encontraban buscando a personas entre los restos del edificio. As\u00ed lo ha\u2026","rel":"","context":"En \u00abSin categor\u00eda\u00bb","block_context":{"text":"Sin categor\u00eda","link":"https:\/\/lasprimeras.com.do\/index.php\/category\/sin-categoria\/"},"img":{"alt_text":"","src":"https:\/\/i0.wp.com\/lasprimeras.com.do\/wp-content\/uploads\/2023\/10\/WhatsApp-Image-2023-10-04-at-5.20.12-PM-10.jpeg?resize=350%2C200&ssl=1","width":350,"height":200,"srcset":"https:\/\/i0.wp.com\/lasprimeras.com.do\/wp-content\/uploads\/2023\/10\/WhatsApp-Image-2023-10-04-at-5.20.12-PM-10.jpeg?resize=350%2C200&ssl=1 1x, https:\/\/i0.wp.com\/lasprimeras.com.do\/wp-content\/uploads\/2023\/10\/WhatsApp-Image-2023-10-04-at-5.20.12-PM-10.jpeg?resize=525%2C300&ssl=1 1.5x, https:\/\/i0.wp.com\/lasprimeras.com.do\/wp-content\/uploads\/2023\/10\/WhatsApp-Image-2023-10-04-at-5.20.12-PM-10.jpeg?resize=700%2C400&ssl=1 2x, https:\/\/i0.wp.com\/lasprimeras.com.do\/wp-content\/uploads\/2023\/10\/WhatsApp-Image-2023-10-04-at-5.20.12-PM-10.jpeg?resize=1050%2C600&ssl=1 3x"},"classes":[]},{"id":60493,"url":"https:\/\/lasprimeras.com.do\/index.php\/2023\/09\/15\/presidente-abinader-viaja-este-viernes-a-cuba-y-el-domingo-a-ny\/","url_meta":{"origin":91021,"position":3},"title":"Presidente Abinader viaja este viernes a Cuba y el domingo a NY","author":"Nelson Feliz","date":"15 de septiembre de 2023","format":false,"excerpt":"Tanto en su participaci\u00f3n en la reuni\u00f3n del Grupo de los 77 y China, en La Habana, como en la Asamblea General de la ONU, en NY, el mandatario se pronunciar\u00e1 sobre la situaci\u00f3n de Hait\u00ed. El presidente de la Rep\u00fablica Luis Abinader, viajar\u00e1 hoy a La Habana, Cuba, donde\u2026","rel":"","context":"En \u00abNACIONALES\u00bb","block_context":{"text":"NACIONALES","link":"https:\/\/lasprimeras.com.do\/index.php\/category\/nacionales\/"},"img":{"alt_text":"","src":"https:\/\/i0.wp.com\/lasprimeras.com.do\/wp-content\/uploads\/2023\/09\/Luis-Viaja.jpg?resize=350%2C200&ssl=1","width":350,"height":200,"srcset":"https:\/\/i0.wp.com\/lasprimeras.com.do\/wp-content\/uploads\/2023\/09\/Luis-Viaja.jpg?resize=350%2C200&ssl=1 1x, https:\/\/i0.wp.com\/lasprimeras.com.do\/wp-content\/uploads\/2023\/09\/Luis-Viaja.jpg?resize=525%2C300&ssl=1 1.5x, https:\/\/i0.wp.com\/lasprimeras.com.do\/wp-content\/uploads\/2023\/09\/Luis-Viaja.jpg?resize=700%2C400&ssl=1 2x"},"classes":[]},{"id":58017,"url":"https:\/\/lasprimeras.com.do\/index.php\/2023\/08\/18\/eeuu-reabrira-oficina-en-la-habana-para-tramites-de-reunificacion-familiar\/","url_meta":{"origin":91021,"position":4},"title":"EEUU reabrir\u00e1 oficina en La Habana para tr\u00e1mites de reunificaci\u00f3n familiar","author":"Nelson Feliz","date":"18 de agosto de 2023","format":false,"excerpt":"Eva RODRIGUEZ LORENZO Estados Unidos anunci\u00f3 que reabrir\u00e1 una oficina en La Habana que se encargar\u00e1 de los tr\u00e1mites para la reunificaci\u00f3n familiar y las solicitudes de parientes de refugiados. En un comunicado el Departamento de Seguridad Interior (DHS) inform\u00f3 que la oficina de los Servicios de Ciudadan\u00eda e Inmigraci\u00f3n\u2026","rel":"","context":"En \u00abSin categor\u00eda\u00bb","block_context":{"text":"Sin categor\u00eda","link":"https:\/\/lasprimeras.com.do\/index.php\/category\/sin-categoria\/"},"img":{"alt_text":"estados unidos","src":"https:\/\/i0.wp.com\/lasprimeras.com.do\/wp-content\/uploads\/2023\/08\/estados-unidos.jpg?resize=350%2C200&ssl=1","width":350,"height":200,"srcset":"https:\/\/i0.wp.com\/lasprimeras.com.do\/wp-content\/uploads\/2023\/08\/estados-unidos.jpg?resize=350%2C200&ssl=1 1x, https:\/\/i0.wp.com\/lasprimeras.com.do\/wp-content\/uploads\/2023\/08\/estados-unidos.jpg?resize=525%2C300&ssl=1 1.5x, https:\/\/i0.wp.com\/lasprimeras.com.do\/wp-content\/uploads\/2023\/08\/estados-unidos.jpg?resize=700%2C400&ssl=1 2x"},"classes":[]},{"id":113006,"url":"https:\/\/lasprimeras.com.do\/index.php\/2025\/10\/28\/raul-castro-insta-a-la-disciplina-ante-paso-de-melissa-por-cuba\/","url_meta":{"origin":91021,"position":5},"title":"Ra\u00fal Castro insta a la disciplina ante paso de Melissa por Cuba","author":"Nelson Feliz","date":"28 de octubre de 2025","format":false,"excerpt":"La Habana, (Prensa Latina) El l\u00edder de la Revoluci\u00f3n cubana, Ra\u00fal Castro, insisti\u00f3 hoy en la importancia de mantener las medidas de prevenci\u00f3n durante el paso del hurac\u00e1n Melissa por el pa\u00eds caribe\u00f1o. Al intervenir por videoconferencia en el Consejo de Defensa Nacional, encabezado por el presidente Miguel D\u00edaz-Canel, expres\u00f3\u2026","rel":"","context":"En \u00abINTERNACIONALES\u00bb","block_context":{"text":"INTERNACIONALES","link":"https:\/\/lasprimeras.com.do\/index.php\/category\/sin-categoria\/internacionales\/"},"img":{"alt_text":"Consejo de Defensa Nacional","src":"https:\/\/i0.wp.com\/lasprimeras.com.do\/wp-content\/uploads\/2025\/10\/Cuba-CDN-mensaje-Raul-1.jpg?resize=350%2C200&ssl=1","width":350,"height":200,"srcset":"https:\/\/i0.wp.com\/lasprimeras.com.do\/wp-content\/uploads\/2025\/10\/Cuba-CDN-mensaje-Raul-1.jpg?resize=350%2C200&ssl=1 1x, https:\/\/i0.wp.com\/lasprimeras.com.do\/wp-content\/uploads\/2025\/10\/Cuba-CDN-mensaje-Raul-1.jpg?resize=525%2C300&ssl=1 1.5x, https:\/\/i0.wp.com\/lasprimeras.com.do\/wp-content\/uploads\/2025\/10\/Cuba-CDN-mensaje-Raul-1.jpg?resize=700%2C400&ssl=1 2x"},"classes":[]}],"jetpack_sharing_enabled":true,"_links":{"self":[{"href":"https:\/\/lasprimeras.com.do\/index.php\/wp-json\/wp\/v2\/posts\/91021","targetHints":{"allow":["GET"]}}],"collection":[{"href":"https:\/\/lasprimeras.com.do\/index.php\/wp-json\/wp\/v2\/posts"}],"about":[{"href":"https:\/\/lasprimeras.com.do\/index.php\/wp-json\/wp\/v2\/types\/post"}],"author":[{"embeddable":true,"href":"https:\/\/lasprimeras.com.do\/index.php\/wp-json\/wp\/v2\/users\/2"}],"replies":[{"embeddable":true,"href":"https:\/\/lasprimeras.com.do\/index.php\/wp-json\/wp\/v2\/comments?post=91021"}],"version-history":[{"count":1,"href":"https:\/\/lasprimeras.com.do\/index.php\/wp-json\/wp\/v2\/posts\/91021\/revisions"}],"predecessor-version":[{"id":91023,"href":"https:\/\/lasprimeras.com.do\/index.php\/wp-json\/wp\/v2\/posts\/91021\/revisions\/91023"}],"wp:featuredmedia":[{"embeddable":true,"href":"https:\/\/lasprimeras.com.do\/index.php\/wp-json\/wp\/v2\/media\/91022"}],"wp:attachment":[{"href":"https:\/\/lasprimeras.com.do\/index.php\/wp-json\/wp\/v2\/media?parent=91021"}],"wp:term":[{"taxonomy":"category","embeddable":true,"href":"https:\/\/lasprimeras.com.do\/index.php\/wp-json\/wp\/v2\/categories?post=91021"},{"taxonomy":"post_tag","embeddable":true,"href":"https:\/\/lasprimeras.com.do\/index.php\/wp-json\/wp\/v2\/tags?post=91021"}],"curies":[{"name":"wp","href":"https:\/\/api.w.org\/{rel}","templated":true}]}}