{"id":91059,"date":"2024-11-08T22:25:18","date_gmt":"2024-11-09T02:25:18","guid":{"rendered":"https:\/\/lasprimeras.com.do\/?p=91059"},"modified":"2024-11-08T22:25:20","modified_gmt":"2024-11-09T02:25:20","slug":"efemerides-patrias-conmemora-el-216-aniversario-de-la-batalla-de-palo-hincado","status":"publish","type":"post","link":"https:\/\/lasprimeras.com.do\/index.php\/2024\/11\/08\/efemerides-patrias-conmemora-el-216-aniversario-de-la-batalla-de-palo-hincado\/","title":{"rendered":"Efem\u00e9rides Patrias conmemora el 216 aniversario de la Batalla de Palo Hincado"},"content":{"rendered":"\n<p><strong>Juan Pablo Uribe, pronunci\u00f3 un discurso en el que ponder\u00f3 la impronta de la Batalla de Palo Hincado, liderada por el brigadier, Juan S\u00e1nchez Ram\u00edrez en la construcci\u00f3n existencial de la dominicanidad.<\/strong><\/p>\n\n\n\n<p>La Comisi\u00f3n Permanente de Efem\u00e9rides Patrias, el Ministerio de Defensa, Ministerio de Educaci\u00f3n, la Gobernaci\u00f3n Provincial de El Seibo y el Ayuntamiento de El Seibo, conmemoraron el 216 aniversario de la Batalla de Palo Hincado, gesta que fue comandada por el Brigadier Juan S\u00e1nchez Ram\u00edrez, quien derrot\u00f3 a las tropas del ej\u00e9rcito imperial franc\u00e9s, comandado por el general Jean-Louis Ferrand, un siete de noviembre del a\u00f1o 1808.<\/p>\n\n\n\n<p>El acto inici\u00f3 en la explanada frontal de la Gobernaci\u00f3n de El Seibo a las 8:00 de la ma\u00f1ana con el enhestamiento de la Bandera Nacional e interpretaci\u00f3n del Himno Nacional a cargo de la banda de m\u00fasica del Ej\u00e9rcito de Rep\u00fablica Dominicana ERD. Seguido de una caminata patri\u00f3tica, c\u00edvico, militar hacia la Iglesia Parroquia Santa Cruz para la celebraci\u00f3n de un Tedeum en honor a los h\u00e9roes de la Batalla de Palo Hincado.<\/p>\n\n\n\n<p>Luego, en el imponente monumento en Cerro Palo Hincado, escenario de los fieros combates realizaron el enhestamiento de la Bandera Nacional e interpretaci\u00f3n del Himno Nacional a cargo de la banda de m\u00fasica del Ej\u00e9rcito de la Rep\u00fablica Dominicana ERD, lectura de la orden del d\u00eda por el Ministerio de Defensa, los honores militares de estilo y el dep\u00f3sito de ofrendas florales por diferentes instituciones, al comp\u00e1s con el toque de ofrenda.<\/p>\n\n\n\n<p>Estuvo encabezado por el alcalde de El Seibo, Leo Francis Zorrilla, quien hizo una rese\u00f1a hist\u00f3rica de la gesta y habl\u00f3 de la importancia de El Seibo en la defensa de la naci\u00f3n, Magaly Tabar Manzur, Gobernadora Civil, dio las palabras de bienvenida y la rese\u00f1a militar estuvo a cargo del General Kelvin Melo Castillo, Director del Comando Conjunto Este del Ministerio de Defensa. A nombre de los estudiantes habl\u00f3 la joven Shantal \u00c1vila.<\/p>\n\n\n\n<p>El presidente de Efem\u00e9rides Patrias, Juan Pablo Uribe, pronunci\u00f3 un discurso en el que ponder\u00f3 la impronta de la Batalla de Palo Hincado, liderada por el brigadier, Juan S\u00e1nchez Ram\u00edrez en la construcci\u00f3n existencial de la dominicanidad, se\u00f1alando \u201cque la misma no fue una casualidad de la historia sino un proceso fenot\u00edpico, cultural, ling\u00fc\u00edstico, espiritual, psicosocial, pol\u00edtico y \u00e9pico que se direccion\u00f3 en el tiempo a la Independencia Ef\u00edmera de 1821 y luego a la gesta independentista de febrero de 1844, definitivamente debe verse Palo Hincado como un presagio b\u00e9lico patri\u00f3tico de la naci\u00f3n dominicana estructurada\u201d.<\/p>\n\n\n\n<p>Uribe resalt\u00f3 que \u201cEfem\u00e9rides como esta batalla nos animan en el esp\u00edritu nacionalista de proteger la soberan\u00eda nacional, la autodeterminaci\u00f3n y la identidad dominicana ante cualquier pretensi\u00f3n perversa en contra del pa\u00eds.<\/p>\n\n\n\n<p>Los ciudadanos que amamos esta tierra tocada por la mano de la providencia sentimos el eco de Palo Hincado dici\u00e9ndonos: dominicanos ayer, dominicanos hoy, dominicanos siempre\u201d, concluy\u00f3 Uribe.<\/p>\n\n\n\n<p>El emotivo acto patri\u00f3tico cont\u00f3 con la participaci\u00f3n de cientos de estudiantes acompa\u00f1ados de sus maestros.<\/p>\n","protected":false},"excerpt":{"rendered":"<p>Juan Pablo Uribe, pronunci\u00f3 un discurso en el que ponder\u00f3 la impronta de la Batalla de Palo Hincado, liderada por el brigadier, Juan S\u00e1nchez Ram\u00edrez en la construcci\u00f3n existencial de&hellip;<\/p>\n","protected":false},"author":2,"featured_media":91060,"comment_status":"open","ping_status":"open","sticky":false,"template":"","format":"standard","meta":{"content-type":"","jetpack_post_was_ever_published":false,"_jetpack_newsletter_access":"","_jetpack_dont_email_post_to_subs":false,"_jetpack_newsletter_tier_id":0,"_jetpack_memberships_contains_paywalled_content":false,"_jetpack_memberships_contains_paid_content":false,"footnotes":""},"categories":[482],"tags":[16330,16331,1588,10020],"class_list":["post-91059","post","type-post","status-publish","format-standard","has-post-thumbnail","hentry","category-historia","tag-216-aniversario","tag-batalla-de-palo-hincado","tag-conmemora","tag-efemerides-patrias"],"jetpack_featured_media_url":"https:\/\/lasprimeras.com.do\/wp-content\/uploads\/2024\/11\/Foto-1-principal.jpg","jetpack-related-posts":[{"id":71432,"url":"https:\/\/lasprimeras.com.do\/index.php\/2023\/12\/19\/efemerides-patrias-conmemora-el-58-aniversario-de-la-batalla-constitucionalista-del-hotel-matum\/","url_meta":{"origin":91059,"position":0},"title":"Efem\u00e9rides Patrias conmemora el 58 aniversario de la batalla constitucionalista del hotel Matum","author":"Nelson Feliz","date":"19 de diciembre de 2023","format":false,"excerpt":"La Presidencia de la Rep\u00fablica, a trav\u00e9s de la Comisi\u00f3n Permanente de Efem\u00e9rides Patrias, el Ministerio de Defensa, el Ministerio de Educaci\u00f3n, la Gobernaci\u00f3n Provincial de Santiago, la Fundaci\u00f3n Coronel Juan Mar\u00eda Lora Fern\u00e1ndez y la Empresa Distribuidora de Electricidad (Edenorte), conmemoraron el 58 aniversario de la Batalla del Hotel\u2026","rel":"","context":"En \u00abHISTORIA\u00bb","block_context":{"text":"HISTORIA","link":"https:\/\/lasprimeras.com.do\/index.php\/category\/historia\/"},"img":{"alt_text":"Juan Pablo Uribe, habla, al lado de los ni\u00f1os abanderados.","src":"https:\/\/i0.wp.com\/lasprimeras.com.do\/wp-content\/uploads\/2023\/12\/Juan-pablo-Uribe-junto-a-estudiantes-y-educadores-en-el-acto-patriotico.jpg?resize=350%2C200&ssl=1","width":350,"height":200,"srcset":"https:\/\/i0.wp.com\/lasprimeras.com.do\/wp-content\/uploads\/2023\/12\/Juan-pablo-Uribe-junto-a-estudiantes-y-educadores-en-el-acto-patriotico.jpg?resize=350%2C200&ssl=1 1x, https:\/\/i0.wp.com\/lasprimeras.com.do\/wp-content\/uploads\/2023\/12\/Juan-pablo-Uribe-junto-a-estudiantes-y-educadores-en-el-acto-patriotico.jpg?resize=525%2C300&ssl=1 1.5x, https:\/\/i0.wp.com\/lasprimeras.com.do\/wp-content\/uploads\/2023\/12\/Juan-pablo-Uribe-junto-a-estudiantes-y-educadores-en-el-acto-patriotico.jpg?resize=700%2C400&ssl=1 2x"},"classes":[]},{"id":78760,"url":"https:\/\/lasprimeras.com.do\/index.php\/2024\/03\/19\/efemerides-patrias-conmemora-el-180-aniversario-de-la-batalla-de-azua\/","url_meta":{"origin":91059,"position":1},"title":"Efem\u00e9rides Patrias conmemora el 180 aniversario de la Batalla de Azua","author":"Nelson Feliz","date":"19 de marzo de 2024","format":false,"excerpt":"Azua.-\u00a0La\u00a0Presidencia de la Rep\u00fablica, a trav\u00e9s de la Comisi\u00f3n Permanente de Efem\u00e9rides Patrias, el Ministerio de Defensa, la Gobernaci\u00f3n Provincial de Azua, el Ayuntamiento de Azua y el Ministerio de Educaci\u00f3n, conmemoraron el 180 aniversario de la Batalla del 19 de Marzo, un emotivo acto patri\u00f3tico que estuvo encabezado por\u2026","rel":"","context":"En \u00abHISTORIA\u00bb","block_context":{"text":"HISTORIA","link":"https:\/\/lasprimeras.com.do\/index.php\/category\/historia\/"},"img":{"alt_text":"","src":"https:\/\/i0.wp.com\/lasprimeras.com.do\/wp-content\/uploads\/2024\/03\/Las-estudiantes-abanderadas-desfilaron-con-orgullo-y-fervor-patriotico.jpg?resize=350%2C200&ssl=1","width":350,"height":200,"srcset":"https:\/\/i0.wp.com\/lasprimeras.com.do\/wp-content\/uploads\/2024\/03\/Las-estudiantes-abanderadas-desfilaron-con-orgullo-y-fervor-patriotico.jpg?resize=350%2C200&ssl=1 1x, https:\/\/i0.wp.com\/lasprimeras.com.do\/wp-content\/uploads\/2024\/03\/Las-estudiantes-abanderadas-desfilaron-con-orgullo-y-fervor-patriotico.jpg?resize=525%2C300&ssl=1 1.5x, https:\/\/i0.wp.com\/lasprimeras.com.do\/wp-content\/uploads\/2024\/03\/Las-estudiantes-abanderadas-desfilaron-con-orgullo-y-fervor-patriotico.jpg?resize=700%2C400&ssl=1 2x"},"classes":[]},{"id":90740,"url":"https:\/\/lasprimeras.com.do\/index.php\/2024\/10\/27\/en-el-179-aniversario-de-la-batalla-de-beller-efemerides-patrias-recuerda-que-en-la-frontera-comienza-la-patria\/","url_meta":{"origin":91059,"position":2},"title":"En el 179 aniversario de la \u201cBatalla de Beller Efem\u00e9rides Patrias\u201d recuerda que en la frontera comienza la patria","author":"Nelson Feliz","date":"27 de octubre de 2024","format":false,"excerpt":"La Presidencia de la Rep\u00fablica, a trav\u00e9s de la Comisi\u00f3n Permanente de Efem\u00e9rides Patrias, el Ministerio de Defensa, Ministerio de Educaci\u00f3n, la Gobernaci\u00f3n Provincial de Dajab\u00f3n y el Ayuntamiento de Dajab\u00f3n conmemoraron el 179 aniversario de la Batalla de Beller, que tuvo lugar el 27 de octubre de 1845, en\u2026","rel":"","context":"En \u00abNACIONALES\u00bb","block_context":{"text":"NACIONALES","link":"https:\/\/lasprimeras.com.do\/index.php\/category\/nacionales\/"},"img":{"alt_text":"Juan Pablo Uribe y Santiago River\u00f3n, al centro, encabezaron el acto en Dajab\u00f3n.","src":"https:\/\/i0.wp.com\/lasprimeras.com.do\/wp-content\/uploads\/2024\/10\/Juan-Pablo-Uribe-y-Santiago-Riveron-al-centro-encabezaron-el-acto-en-Dajabon.jpg?resize=350%2C200&ssl=1","width":350,"height":200,"srcset":"https:\/\/i0.wp.com\/lasprimeras.com.do\/wp-content\/uploads\/2024\/10\/Juan-Pablo-Uribe-y-Santiago-Riveron-al-centro-encabezaron-el-acto-en-Dajabon.jpg?resize=350%2C200&ssl=1 1x, https:\/\/i0.wp.com\/lasprimeras.com.do\/wp-content\/uploads\/2024\/10\/Juan-Pablo-Uribe-y-Santiago-Riveron-al-centro-encabezaron-el-acto-en-Dajabon.jpg?resize=525%2C300&ssl=1 1.5x, https:\/\/i0.wp.com\/lasprimeras.com.do\/wp-content\/uploads\/2024\/10\/Juan-Pablo-Uribe-y-Santiago-Riveron-al-centro-encabezaron-el-acto-en-Dajabon.jpg?resize=700%2C400&ssl=1 2x"},"classes":[]},{"id":66538,"url":"https:\/\/lasprimeras.com.do\/index.php\/2023\/11\/07\/senado-realiza-sesion-ordinaria-en-la-provincia-el-seibo\/","url_meta":{"origin":91059,"position":3},"title":"Senado realiza sesi\u00f3n ordinaria en la provincia El Seibo","author":"Nelson Feliz","date":"7 de noviembre de 2023","format":false,"excerpt":"Por Martin Restituyo El Senado de la Rep\u00fablica realiz\u00f3 una sesi\u00f3n ordinaria en la provincia El Seibo, al conmemorar esa provincia el 523 aniversario de su fundaci\u00f3n y por los 215 a\u00f1os de la Batalla de Palo Hincado. El pleno del Senado se traslad\u00f3 a esta demarcaci\u00f3n para dar cumplimiento\u2026","rel":"","context":"En \u00abNACIONALES\u00bb","block_context":{"text":"NACIONALES","link":"https:\/\/lasprimeras.com.do\/index.php\/category\/nacionales\/"},"img":{"alt_text":"Ricardo de los Santos","src":"https:\/\/i0.wp.com\/lasprimeras.com.do\/wp-content\/uploads\/2023\/11\/Ricardo-de-los-Santos-3.jpg?resize=350%2C200&ssl=1","width":350,"height":200,"srcset":"https:\/\/i0.wp.com\/lasprimeras.com.do\/wp-content\/uploads\/2023\/11\/Ricardo-de-los-Santos-3.jpg?resize=350%2C200&ssl=1 1x, https:\/\/i0.wp.com\/lasprimeras.com.do\/wp-content\/uploads\/2023\/11\/Ricardo-de-los-Santos-3.jpg?resize=525%2C300&ssl=1 1.5x, https:\/\/i0.wp.com\/lasprimeras.com.do\/wp-content\/uploads\/2023\/11\/Ricardo-de-los-Santos-3.jpg?resize=700%2C400&ssl=1 2x"},"classes":[]},{"id":82105,"url":"https:\/\/lasprimeras.com.do\/index.php\/2024\/04\/28\/efemerides-patrias-y-el-comite-ruta-de-los-comandos-recuerdan-el-59-aniversario-invasion-militar-extranjera\/","url_meta":{"origin":91059,"position":4},"title":"Efem\u00e9rides Patrias y el Comit\u00e9 Ruta de los Comandos recuerdan el 59 aniversario invasi\u00f3n militar extranjera","author":"Nelson Feliz","date":"28 de abril de 2024","format":false,"excerpt":"La Comisi\u00f3n Permanente de Efem\u00e9rides Patrias, junto con el Comit\u00e9 Ruta de los Comandos Abril 1965, conmemor\u00f3 el 28 de abril, en desagravio, el D\u00eda Nacional de la No Agresi\u00f3n contra los Pueblos y la resistencia a la segunda invasi\u00f3n militar norteamericana, para mantener latente la memoria hist\u00f3rica en la\u2026","rel":"","context":"En \u00abHISTORIA\u00bb","block_context":{"text":"HISTORIA","link":"https:\/\/lasprimeras.com.do\/index.php\/category\/historia\/"},"img":{"alt_text":"Juan Pablo Uribe, ofrece su discurso.","src":"https:\/\/i0.wp.com\/lasprimeras.com.do\/wp-content\/uploads\/2024\/04\/Juan-Pablo-Uribe-ofrece-su-discurso.jpg?resize=350%2C200&ssl=1","width":350,"height":200,"srcset":"https:\/\/i0.wp.com\/lasprimeras.com.do\/wp-content\/uploads\/2024\/04\/Juan-Pablo-Uribe-ofrece-su-discurso.jpg?resize=350%2C200&ssl=1 1x, https:\/\/i0.wp.com\/lasprimeras.com.do\/wp-content\/uploads\/2024\/04\/Juan-Pablo-Uribe-ofrece-su-discurso.jpg?resize=525%2C300&ssl=1 1.5x, https:\/\/i0.wp.com\/lasprimeras.com.do\/wp-content\/uploads\/2024\/04\/Juan-Pablo-Uribe-ofrece-su-discurso.jpg?resize=700%2C400&ssl=1 2x"},"classes":[]},{"id":108175,"url":"https:\/\/lasprimeras.com.do\/index.php\/2025\/09\/03\/efemerides-patrias-recuerda-el-60-aniversario-de-la-renuncia-de-caamano-a-la-presidencia-de-la-republica\/","url_meta":{"origin":91059,"position":5},"title":"Efem\u00e9rides Patrias recuerda el 60 aniversario de la renuncia de Caama\u00f1o a la presidencia de la Rep\u00fablica","author":"Nelson Feliz","date":"3 de septiembre de 2025","format":false,"excerpt":"El 3 de septiembre del a\u00f1o 1965 constituye una fecha sobresaliente en la memoria colectiva de un pueblo que debe resistir los embates de la indiferencia y el deshonor como marcas de la postmodernidad epocal, un pueblo coloso de mil batallas en su historia insular, el cual debe persistir en\u2026","rel":"","context":"En \u00abHISTORIA\u00bb","block_context":{"text":"HISTORIA","link":"https:\/\/lasprimeras.com.do\/index.php\/category\/historia\/"},"img":{"alt_text":"","src":"https:\/\/i0.wp.com\/lasprimeras.com.do\/wp-content\/uploads\/2025\/09\/Juan-Pablo-Uribe.jpg?resize=350%2C200&ssl=1","width":350,"height":200,"srcset":"https:\/\/i0.wp.com\/lasprimeras.com.do\/wp-content\/uploads\/2025\/09\/Juan-Pablo-Uribe.jpg?resize=350%2C200&ssl=1 1x, https:\/\/i0.wp.com\/lasprimeras.com.do\/wp-content\/uploads\/2025\/09\/Juan-Pablo-Uribe.jpg?resize=525%2C300&ssl=1 1.5x, https:\/\/i0.wp.com\/lasprimeras.com.do\/wp-content\/uploads\/2025\/09\/Juan-Pablo-Uribe.jpg?resize=700%2C400&ssl=1 2x"},"classes":[]}],"jetpack_sharing_enabled":true,"_links":{"self":[{"href":"https:\/\/lasprimeras.com.do\/index.php\/wp-json\/wp\/v2\/posts\/91059","targetHints":{"allow":["GET"]}}],"collection":[{"href":"https:\/\/lasprimeras.com.do\/index.php\/wp-json\/wp\/v2\/posts"}],"about":[{"href":"https:\/\/lasprimeras.com.do\/index.php\/wp-json\/wp\/v2\/types\/post"}],"author":[{"embeddable":true,"href":"https:\/\/lasprimeras.com.do\/index.php\/wp-json\/wp\/v2\/users\/2"}],"replies":[{"embeddable":true,"href":"https:\/\/lasprimeras.com.do\/index.php\/wp-json\/wp\/v2\/comments?post=91059"}],"version-history":[{"count":1,"href":"https:\/\/lasprimeras.com.do\/index.php\/wp-json\/wp\/v2\/posts\/91059\/revisions"}],"predecessor-version":[{"id":91061,"href":"https:\/\/lasprimeras.com.do\/index.php\/wp-json\/wp\/v2\/posts\/91059\/revisions\/91061"}],"wp:featuredmedia":[{"embeddable":true,"href":"https:\/\/lasprimeras.com.do\/index.php\/wp-json\/wp\/v2\/media\/91060"}],"wp:attachment":[{"href":"https:\/\/lasprimeras.com.do\/index.php\/wp-json\/wp\/v2\/media?parent=91059"}],"wp:term":[{"taxonomy":"category","embeddable":true,"href":"https:\/\/lasprimeras.com.do\/index.php\/wp-json\/wp\/v2\/categories?post=91059"},{"taxonomy":"post_tag","embeddable":true,"href":"https:\/\/lasprimeras.com.do\/index.php\/wp-json\/wp\/v2\/tags?post=91059"}],"curies":[{"name":"wp","href":"https:\/\/api.w.org\/{rel}","templated":true}]}}