{"id":91062,"date":"2024-11-08T22:31:04","date_gmt":"2024-11-09T02:31:04","guid":{"rendered":"https:\/\/lasprimeras.com.do\/?p=91062"},"modified":"2024-11-08T22:31:05","modified_gmt":"2024-11-09T02:31:05","slug":"la-conferencia-mundial-sin-hambre","status":"publish","type":"post","link":"https:\/\/lasprimeras.com.do\/index.php\/2024\/11\/08\/la-conferencia-mundial-sin-hambre\/","title":{"rendered":"La Conferencia Mundial sin Hambre"},"content":{"rendered":"\n<p>Por: Luis Fern\u00e1ndez<\/p>\n\n\n\n<p>La Rep\u00fablica Democr\u00e1tica Federal de Etiop\u00eda, antiguamente conocida como Abisinia, es uno de los 44 pa\u00edses del mundo que carecen de salida al mar, la que perdi\u00f3 al declararse la independencia de Eritrea en 1993, situada en el cuerno de \u00c1frica, es el segundo pa\u00eds m\u00e1s poblado de ese continente (126 millones, 527 mil 064 habitantes), su capital Ad\u00eds Abeba ser\u00e1 la sede de la Conferencia Mundial sin Hambre.<\/p>\n\n\n\n<p>M\u00e1s de mil 500 participantes se reunir\u00e1n la primera semana de Noviembre, en este evento organizado por el gobierno et\u00edope con la colaboraci\u00f3n de la Organizaci\u00f3n de las Naciones Unidas para el Desarrollo Industrial (ONUDI), la Uni\u00f3n Africana y el correspondiente apoyo tecnico de la organizaci\u00f3n de la ONU para la alimentaci\u00f3n y la agricultura (FAO).<\/p>\n\n\n\n<p>En la Conferencia Mundial sin Hambre participaran Jefes de Estado, responsables pol\u00edticos, instituciones financieras internacionales, empresas privadas, cient\u00edficos destacados, agencias de la ONU, entre otros y se debatira sobre el mayor desaf\u00edo de este tiempo, la lucha contra el hambre aprovechando la tecnolog\u00eda, la innovaci\u00f3n, y la inversi\u00f3n en el sector alimentario y agr\u00edcola.<\/p>\n\n\n\n<p>Con el tema de \u201cMovilizaci\u00f3n de inversiones para iniciativas de seguridad alimentaria sostenible\u201d, el objetivo principal del foro ser\u00e1 crear una plataforma din\u00e1mica para que los gobiernos, las peque\u00f1as y medianas empresas (mipymes) y las de nueva creaci\u00f3n presenten a inversores potenciales proyectos centrados en lograr un mundo sin hambre y un compromiso renovado a adoptar y aplicar pol\u00edticas que apoyen a los peque\u00f1os productores.<\/p>\n\n\n\n<p>En un momento en que el hambre afecta a millones de personas y las crisis clim\u00e1ticas y econ\u00f3micas dificultan el acceso a los alimentos, la Conferencia Mundial sin Hambre representa una oportunidad cr\u00edtica para que el mundo act\u00fae de manera coordinada y efectiva promoviendo la sostenibilidad y el aumento de la resiliencia de los sistemas alimentarios en los pa\u00edses m\u00e1s vulnerables.<\/p>\n\n\n\n<p>Al comentar el tema el Ministro de Industria de Etiop\u00eda, Melaku Alebel, se\u00f1al\u00f3 que, \u201cla inversi\u00f3n sostenible en agronegocios y sistemas alimentarios debe ser el centro de las acciones gubernamentales si se quiere alcanzar el Objetivo de Desarrollo Sostenible de un mundo sin hambre\u201d, advirtiendo que, \u201clos recientes avances en esa lucha se revirtieron debido a nuevos desaf\u00edos como la desaceleraci\u00f3n de las econom\u00edas, la crisis medioambiental y los conflictos\u201d.<\/p>\n\n\n\n<p>La Conferencia Mundial sin Hambre tiene el compromiso y la urgencia de actuar ante una problem\u00e1tica global que exige respuestas integradas y un compromiso renovado, los l\u00edderes que participan en esta conferencia, est\u00e1n llamados a adoptar pol\u00edticas dirigidas al desarrollo de infraestructura, la innovaci\u00f3n y la digitalizaci\u00f3n, el cambio clim\u00e1tico, la transici\u00f3n energ\u00e9tica y el comercio justo.<\/p>\n\n\n\n<p>La Conferencia Mundial sin Hambre no solo debe servir para el intercambio de conocimientos y experiencias, sino tambi\u00e9n como un foro para que los participantes puedan comprometerse p\u00fablicamente con planes y acciones concretas. para reducir el hambre y crear sistemas alimentarios inclusivos y sostenibles, ante una problem\u00e1tica global que exige respuestas integradas y un compromiso renovado.<\/p>\n\n\n\n<p>Por otra parte el director de Agronegocios e infraestructura de la ONUDI Dejene Tezera afirmo que el Hambre esta lejos de terminar y se\u00f1al\u00f3 que, \u201cInvertir en agroindustrializaci\u00f3n es fundamental para desbloquear pr\u00e1cticas agr\u00edcolas sostenibles y construir sistemas alimentarios resilientes en el esfuerzo por resolver el problema del hambre en el mundo\u201d.<\/p>\n\n\n\n<p>Este importante evento que se realiza en Africa, region del planeta donde mas rapido crece el hambre y que seg\u00fan las previsiones para 2030, se estima que 433 millones de personas en el continente pasar\u00e1n hambre y miles de ninos sufren la falta de comida a causa de sequ\u00edas y conflictos armados, como los de Somalia o Sud\u00e1n del Sur, necesita la atenci\u00f3n responsable de sus lideres.<\/p>\n\n\n\n<p>La inseguridad alimentaria crece en muchas partes del mundo La desnutrici\u00f3n hace estragos en m\u00e1s de 90 millones de ni\u00f1os menores de cinco a\u00f1os, muchos de los cuales viven en campos de refugiados,la mayor\u00eda de las personas que sufren hambre viven en situaci\u00f3n de desigualdad, pobreza o pobreza extrema con ingresos de menos de 1 euro al d\u00eda, lo que les limita el acceso a una alimentaci\u00f3n adecuada.<\/p>\n\n\n\n<p>La Conferencia mundial sin Hambre deber\u00e1 ser un foro de alto nivel, que prepare el escenario para debatir y hacer compromisos reales en la lucha contra las desigualdades, la pobreza y la seguridad alimentaria y una buena y efectiva coordinacion internacional para enfrentar los grandes desafios y buscar soluciones mediante acuerdos y planes contra la lucha global contra el hambre.<\/p>\n\n\n\n<p>Luis Fern\u00e1ndez, Pol\u00edtico, Escritor y comunicador<\/p>\n","protected":false},"excerpt":{"rendered":"<p>Por: Luis Fern\u00e1ndez La Rep\u00fablica Democr\u00e1tica Federal de Etiop\u00eda, antiguamente conocida como Abisinia, es uno de los 44 pa\u00edses del mundo que carecen de salida al mar, la que perdi\u00f3&hellip;<\/p>\n","protected":false},"author":2,"featured_media":0,"comment_status":"open","ping_status":"open","sticky":false,"template":"","format":"standard","meta":{"content-type":"","jetpack_post_was_ever_published":false,"_jetpack_newsletter_access":"","_jetpack_dont_email_post_to_subs":false,"_jetpack_newsletter_tier_id":0,"_jetpack_memberships_contains_paywalled_content":false,"_jetpack_memberships_contains_paid_content":false,"footnotes":""},"categories":[95],"tags":[16332],"class_list":["post-91062","post","type-post","status-publish","format-standard","hentry","category-opinion","tag-la-conferencia-mundial-sin-hambre"],"jetpack_featured_media_url":"","jetpack-related-posts":[{"id":54603,"url":"https:\/\/lasprimeras.com.do\/index.php\/2023\/07\/12\/onu-el-hambre-se-estabiliza-en-el-mundo-pero-sigue-muy-por-encima-de-niveles-prepandemia\/","url_meta":{"origin":91062,"position":0},"title":"ONU: el hambre se estabiliza en el mundo, pero sigue muy por encima de niveles prepandemia","author":"Nelson Feliz","date":"12 de julio de 2023","format":false,"excerpt":"Hambre en el mundo se estabiliza en 2022, pero sigue siendo un desaf\u00edo. El hambre en el mundo se estabiliz\u00f3 en 2022, con mejoras en algunas regiones como Latinoam\u00e9rica y Asia, pero contin\u00faa muy por encima de los niveles previos a la pandemia, seg\u00fan un informe publicado este mi\u00e9rcoles por\u2026","rel":"","context":"En \u00abSin categor\u00eda\u00bb","block_context":{"text":"Sin categor\u00eda","link":"https:\/\/lasprimeras.com.do\/index.php\/category\/sin-categoria\/"},"img":{"alt_text":"El hambre ha seguido empeorando en otras zonas, principalmente en Asia Occidental, el Caribe y todas las regiones de \u00c1frica","src":"https:\/\/i0.wp.com\/lasprimeras.com.do\/wp-content\/uploads\/2023\/07\/El-hambre.jpg?resize=350%2C200&ssl=1","width":350,"height":200,"srcset":"https:\/\/i0.wp.com\/lasprimeras.com.do\/wp-content\/uploads\/2023\/07\/El-hambre.jpg?resize=350%2C200&ssl=1 1x, https:\/\/i0.wp.com\/lasprimeras.com.do\/wp-content\/uploads\/2023\/07\/El-hambre.jpg?resize=525%2C300&ssl=1 1.5x, https:\/\/i0.wp.com\/lasprimeras.com.do\/wp-content\/uploads\/2023\/07\/El-hambre.jpg?resize=700%2C400&ssl=1 2x"},"classes":[]},{"id":59564,"url":"https:\/\/lasprimeras.com.do\/index.php\/2023\/09\/05\/luis-el-gallo-dice-el-principal-problema-de-ninos-rd-es-el-hambre-extrema-y-la-desnutricion-desbordada\/","url_meta":{"origin":91062,"position":1},"title":"Luis \u201cEl Gallo\u201d dice el principal problema de ni\u00f1os RD es el hambre extrema y la desnutrici\u00f3n desbordada","author":"Nelson Feliz","date":"5 de septiembre de 2023","format":false,"excerpt":"El presidente de la Uni\u00f3n Dem\u00f3crata Cristiana -UDC-, Luis Acosta Moreta, Luis \u201cEl Gallo\u201d dijo hoy que el principal problema de los ni\u00f1os dominicanos es el hambre extrema, la desnutrici\u00f3n, la parasitosis y la anemia originada por comer cualquier cosa que est\u00e9 a su alcance. Dijo que respeta el concepto\u2026","rel":"","context":"En \u00abPORTADA\u00bb","block_context":{"text":"PORTADA","link":"https:\/\/lasprimeras.com.do\/index.php\/category\/portada\/"},"img":{"alt_text":"Luis Acosta Moreta","src":"https:\/\/i0.wp.com\/lasprimeras.com.do\/wp-content\/uploads\/2023\/09\/Luis-Acosta-Moreta.jpg?resize=350%2C200&ssl=1","width":350,"height":200,"srcset":"https:\/\/i0.wp.com\/lasprimeras.com.do\/wp-content\/uploads\/2023\/09\/Luis-Acosta-Moreta.jpg?resize=350%2C200&ssl=1 1x, https:\/\/i0.wp.com\/lasprimeras.com.do\/wp-content\/uploads\/2023\/09\/Luis-Acosta-Moreta.jpg?resize=525%2C300&ssl=1 1.5x, https:\/\/i0.wp.com\/lasprimeras.com.do\/wp-content\/uploads\/2023\/09\/Luis-Acosta-Moreta.jpg?resize=700%2C400&ssl=1 2x"},"classes":[]},{"id":112047,"url":"https:\/\/lasprimeras.com.do\/index.php\/2025\/10\/16\/en-dia-mundial-de-la-alimentacion-gobierno-reafirma-compromiso-con-la-eliminacion-del-hambre\/","url_meta":{"origin":91062,"position":2},"title":"En D\u00eda Mundial de la Alimentaci\u00f3n gobierno reafirma compromiso con la eliminaci\u00f3n del hambre","author":"Nelson Feliz","date":"16 de octubre de 2025","format":false,"excerpt":"El director general de la reci\u00e9n creada Direcci\u00f3n de Asistencia Social y Alimentaci\u00f3n Comunitaria (DASAC), Edgar Augusto F\u00e9liz M\u00e9ndez, explic\u00f3 que alimentar no es solo servir comida, es cuidar, acompa\u00f1ar y tender la mano a quien m\u00e1s lo necesita. Con motivo del Dia Mundial de la Alimentaci\u00f3n, el director general\u2026","rel":"","context":"En \u00abNACIONALES\u00bb","block_context":{"text":"NACIONALES","link":"https:\/\/lasprimeras.com.do\/index.php\/category\/nacionales\/"},"img":{"alt_text":"","src":"https:\/\/i0.wp.com\/lasprimeras.com.do\/wp-content\/uploads\/2025\/10\/Edgar-Augusto-Feliz-Mendez.jpg?resize=350%2C200&ssl=1","width":350,"height":200,"srcset":"https:\/\/i0.wp.com\/lasprimeras.com.do\/wp-content\/uploads\/2025\/10\/Edgar-Augusto-Feliz-Mendez.jpg?resize=350%2C200&ssl=1 1x, https:\/\/i0.wp.com\/lasprimeras.com.do\/wp-content\/uploads\/2025\/10\/Edgar-Augusto-Feliz-Mendez.jpg?resize=525%2C300&ssl=1 1.5x, https:\/\/i0.wp.com\/lasprimeras.com.do\/wp-content\/uploads\/2025\/10\/Edgar-Augusto-Feliz-Mendez.jpg?resize=700%2C400&ssl=1 2x"},"classes":[]},{"id":48796,"url":"https:\/\/lasprimeras.com.do\/index.php\/2023\/05\/04\/el-hambre-en-el-mundo-sigue-aumentando-segun-informe-de-la-onu\/","url_meta":{"origin":91062,"position":3},"title":"El hambre en el mundo sigue aumentando, seg\u00fan informe de la ONU","author":"prenxa100","date":"4 de mayo de 2023","format":false,"excerpt":"Roma, Italia, AFP.-.El n\u00famero de personas que se enfrentan a la inseguridad alimentaria grave y requieren ayuda urgente aument\u00f3 por cuarto a\u00f1o consecutivo en 2022, seg\u00fan el Informe Mundial sobre las Crisis Alimentarias (GRFC) divulgado este mi\u00e9rcoles en Roma. El informe anual, producido por la red de agencias de Naciones\u2026","rel":"","context":"En \u00abECONOM\u00cdA\u00bb","block_context":{"text":"ECONOM\u00cdA","link":"https:\/\/lasprimeras.com.do\/index.php\/category\/economia\/"},"img":{"alt_text":"","src":"","width":0,"height":0},"classes":[]},{"id":90673,"url":"https:\/\/lasprimeras.com.do\/index.php\/2024\/10\/26\/presidente-del-senado-se-compromete-a-priorizar-su-aprobacion-de-la-ley-de-alimentacion-escolar\/","url_meta":{"origin":91062,"position":4},"title":"Presidente del Senado se compromete a priorizar su aprobaci\u00f3n de la Ley de Alimentaci\u00f3n Escolar","author":"Nelson Feliz","date":"26 de octubre de 2024","format":false,"excerpt":"La C\u00e1mara de Diputados, INABIE , el Frente Parlamentario Contra el Hambre y FAO desarrollaron el 1er Foro Nacional sobre Alimentaci\u00f3n Escolar en el que se reconoci\u00f3 la importancia de esta iniciativa social para garantizar un derecho humano fundamental En el marco del D\u00eda Mundial de la Alimentaci\u00f3n, la C\u00e1mara\u2026","rel":"","context":"En \u00abNACIONALES\u00bb","block_context":{"text":"NACIONALES","link":"https:\/\/lasprimeras.com.do\/index.php\/category\/nacionales\/"},"img":{"alt_text":"","src":"https:\/\/i0.wp.com\/lasprimeras.com.do\/wp-content\/uploads\/2024\/10\/ORO-DE-ALIMENTACION.jpg?resize=350%2C200&ssl=1","width":350,"height":200,"srcset":"https:\/\/i0.wp.com\/lasprimeras.com.do\/wp-content\/uploads\/2024\/10\/ORO-DE-ALIMENTACION.jpg?resize=350%2C200&ssl=1 1x, https:\/\/i0.wp.com\/lasprimeras.com.do\/wp-content\/uploads\/2024\/10\/ORO-DE-ALIMENTACION.jpg?resize=525%2C300&ssl=1 1.5x"},"classes":[]},{"id":111895,"url":"https:\/\/lasprimeras.com.do\/index.php\/2025\/10\/15\/programa-mundial-de-alimentos-advierte-que-recortes-de-donantes-empujan-a-millones-mas-al-hambre\/","url_meta":{"origin":91062,"position":5},"title":"Programa Mundial de Alimentos advierte que recortes de donantes empujan a millones m\u00e1s al hambre","author":"Nelson Feliz","date":"15 de octubre de 2025","format":false,"excerpt":"POR JAMEY KEATEN GINEBRA (AP) \u2014 La agencia de ayuda alimentaria de Naciones Unidas advirti\u00f3 el mi\u00e9rcoles que los severos recortes de financiaci\u00f3n por parte de sus principales donantes est\u00e1n afectando a sus operaciones en seis pa\u00edses y se\u00f1al\u00f3 que cerca de 14 millones de personas podr\u00edan verse abocadas a\u2026","rel":"","context":"En \u00abINTERNACIONALES\u00bb","block_context":{"text":"INTERNACIONALES","link":"https:\/\/lasprimeras.com.do\/index.php\/category\/sin-categoria\/internacionales\/"},"img":{"alt_text":"","src":"https:\/\/i0.wp.com\/lasprimeras.com.do\/wp-content\/uploads\/2025\/10\/hambre.jpg?resize=350%2C200&ssl=1","width":350,"height":200,"srcset":"https:\/\/i0.wp.com\/lasprimeras.com.do\/wp-content\/uploads\/2025\/10\/hambre.jpg?resize=350%2C200&ssl=1 1x, https:\/\/i0.wp.com\/lasprimeras.com.do\/wp-content\/uploads\/2025\/10\/hambre.jpg?resize=525%2C300&ssl=1 1.5x, https:\/\/i0.wp.com\/lasprimeras.com.do\/wp-content\/uploads\/2025\/10\/hambre.jpg?resize=700%2C400&ssl=1 2x"},"classes":[]}],"jetpack_sharing_enabled":true,"_links":{"self":[{"href":"https:\/\/lasprimeras.com.do\/index.php\/wp-json\/wp\/v2\/posts\/91062","targetHints":{"allow":["GET"]}}],"collection":[{"href":"https:\/\/lasprimeras.com.do\/index.php\/wp-json\/wp\/v2\/posts"}],"about":[{"href":"https:\/\/lasprimeras.com.do\/index.php\/wp-json\/wp\/v2\/types\/post"}],"author":[{"embeddable":true,"href":"https:\/\/lasprimeras.com.do\/index.php\/wp-json\/wp\/v2\/users\/2"}],"replies":[{"embeddable":true,"href":"https:\/\/lasprimeras.com.do\/index.php\/wp-json\/wp\/v2\/comments?post=91062"}],"version-history":[{"count":1,"href":"https:\/\/lasprimeras.com.do\/index.php\/wp-json\/wp\/v2\/posts\/91062\/revisions"}],"predecessor-version":[{"id":91063,"href":"https:\/\/lasprimeras.com.do\/index.php\/wp-json\/wp\/v2\/posts\/91062\/revisions\/91063"}],"wp:attachment":[{"href":"https:\/\/lasprimeras.com.do\/index.php\/wp-json\/wp\/v2\/media?parent=91062"}],"wp:term":[{"taxonomy":"category","embeddable":true,"href":"https:\/\/lasprimeras.com.do\/index.php\/wp-json\/wp\/v2\/categories?post=91062"},{"taxonomy":"post_tag","embeddable":true,"href":"https:\/\/lasprimeras.com.do\/index.php\/wp-json\/wp\/v2\/tags?post=91062"}],"curies":[{"name":"wp","href":"https:\/\/api.w.org\/{rel}","templated":true}]}}