{"id":91070,"date":"2024-11-08T23:00:53","date_gmt":"2024-11-09T03:00:53","guid":{"rendered":"https:\/\/lasprimeras.com.do\/?p=91070"},"modified":"2024-11-08T23:00:55","modified_gmt":"2024-11-09T03:00:55","slug":"abinader-inaugurara-varias-obras-en-la-provincia-maria-trinidad-sanchez","status":"publish","type":"post","link":"https:\/\/lasprimeras.com.do\/index.php\/2024\/11\/08\/abinader-inaugurara-varias-obras-en-la-provincia-maria-trinidad-sanchez\/","title":{"rendered":"Abinader inaugurar\u00e1 varias obras en la provincia Mar\u00eda Trinidad S\u00e1nchez"},"content":{"rendered":"\n<p><strong>El mandatario encabezar\u00e1 graduaci\u00f3n del curso b\u00e1sico de formaci\u00f3n policial en Gaspar Hern\u00e1ndez.<\/strong><\/p>\n\n\n\n<p>El presidente Luis Abinader inaugurar\u00e1 varias obras este s\u00e1bado en la provincia Mar\u00eda Trinidad S\u00e1nchez, y el domingo encabezar\u00e1 la graduaci\u00f3n del curso b\u00e1sico de formaci\u00f3n policial en Gaspar Hern\u00e1ndez.<\/p>\n\n\n\n<p>Mar\u00eda Trinidad S\u00e1nchez<\/p>\n\n\n\n<p>La agenda del gobernante iniciar\u00e1 el s\u00e1bado a las 11:00 de la ma\u00f1ana con la supervisi\u00f3n del avance de los trabajos en el malec\u00f3n de Nagua.<\/p>\n\n\n\n<p>Posteriormente, el jefe de Estado encabezar\u00e1 la inauguraci\u00f3n del polideportivo en La Capitalista y, luego, presidir\u00e1 la apertura de las oficinas del Banco de Reservas en el centro de la ciudad.<\/p>\n\n\n\n<p>M\u00e1s adelante, el presidente Abinader se reunir\u00e1 con representantes de la comunidad y de la sociedad civil de la provincia, en la Universidad Aut\u00f3noma de Santo Domingo, (UASD).<\/p>\n\n\n\n<p>Asimismo, inaugurar\u00e1 el remozamiento del Hospital Municipal Dr. Virgilio A. Garc\u00eda de Cabrera y la remodelaci\u00f3n de la Laguna Gri Gri en R\u00edo San Juan.<\/p>\n\n\n\n<p>Para culminar su agenda en esta provincia, el presidente Abinader inaugurar\u00e1 una Guarder\u00eda Infantil Tipo A.<\/p>\n\n\n\n<p>Espaillat<\/p>\n\n\n\n<p>El domingo, el jefe de Estado se trasladar\u00e1 a la provincia Espaillat, donde encabezar\u00e1 el acto de graduaci\u00f3n del curso b\u00e1sico de formaci\u00f3n policial en el municipio de Gaspar Hern\u00e1ndez.<\/p>\n","protected":false},"excerpt":{"rendered":"<p>El mandatario encabezar\u00e1 graduaci\u00f3n del curso b\u00e1sico de formaci\u00f3n policial en Gaspar Hern\u00e1ndez. El presidente Luis Abinader inaugurar\u00e1 varias obras este s\u00e1bado en la provincia Mar\u00eda Trinidad S\u00e1nchez, y el&hellip;<\/p>\n","protected":false},"author":2,"featured_media":91071,"comment_status":"open","ping_status":"open","sticky":false,"template":"","format":"standard","meta":{"content-type":"","jetpack_post_was_ever_published":false,"_jetpack_newsletter_access":"","_jetpack_dont_email_post_to_subs":false,"_jetpack_newsletter_tier_id":0,"_jetpack_memberships_contains_paywalled_content":false,"_jetpack_memberships_contains_paid_content":false,"footnotes":""},"categories":[35,25],"tags":[67,8291,374],"class_list":["post-91070","post","type-post","status-publish","format-standard","has-post-thumbnail","hentry","category-nacionales","category-portada","tag-luis-abinader","tag-maria-trinidad-sanchez","tag-obras"],"jetpack_featured_media_url":"https:\/\/lasprimeras.com.do\/wp-content\/uploads\/2024\/11\/Luis-Abinader-c.jpg","jetpack-related-posts":[{"id":128593,"url":"https:\/\/lasprimeras.com.do\/index.php\/2026\/04\/24\/abinader-inaugurara-nueve-obras-en-la-vega-santiago-duarte-y-maria-trinidad-sanchez-este-fin-de-semana\/","url_meta":{"origin":91070,"position":0},"title":"Abinader inaugurar\u00e1 nueve obras en La Vega, Santiago, Duarte y Mar\u00eda Trinidad S\u00e1nchez este fin de semana","author":"Nelson Feliz","date":"24 de abril de 2026","format":false,"excerpt":"Las obras a inaugurar incluyen siete carreteras y dos centros educativos; tambi\u00e9n participar\u00e1 en la Feria Regional del Libro y la Cultura; entre otras. El presidente de la Rep\u00fablica, Luis Abinader, desarrollar\u00e1 este fin de semana una agenda de actividades oficiales que incluye inauguraciones de carreteras, visitas de supervisi\u00f3n y\u2026","rel":"","context":"En \u00abNACIONALES\u00bb","block_context":{"text":"NACIONALES","link":"https:\/\/lasprimeras.com.do\/index.php\/category\/nacionales\/"},"img":{"alt_text":"Luis Abinader","src":"https:\/\/i0.wp.com\/lasprimeras.com.do\/wp-content\/uploads\/2026\/03\/Luis-Abinader-7-1.jpg?resize=350%2C200&ssl=1","width":350,"height":200,"srcset":"https:\/\/i0.wp.com\/lasprimeras.com.do\/wp-content\/uploads\/2026\/03\/Luis-Abinader-7-1.jpg?resize=350%2C200&ssl=1 1x, https:\/\/i0.wp.com\/lasprimeras.com.do\/wp-content\/uploads\/2026\/03\/Luis-Abinader-7-1.jpg?resize=525%2C300&ssl=1 1.5x, https:\/\/i0.wp.com\/lasprimeras.com.do\/wp-content\/uploads\/2026\/03\/Luis-Abinader-7-1.jpg?resize=700%2C400&ssl=1 2x"},"classes":[]},{"id":91093,"url":"https:\/\/lasprimeras.com.do\/index.php\/2024\/11\/09\/abinader-inaugura-remozamientos-de-varias-obras-en-maria-trinidad-sanchez\/","url_meta":{"origin":91070,"position":1},"title":"Abinader inaugura remozamientos de varias obras en Mar\u00eda Trinidad S\u00e1nchez","author":"Nelson Feliz","date":"9 de noviembre de 2024","format":false,"excerpt":"El presidente Luis Abinader inaugur\u00f3 los remozamientos del Hospital Municipal Doctor Virgilio Garc\u00eda y la Laguna Gri-Gri, un polideportivo, una oficina BanReservas y una Estancia Infantil en Gaspar Hern\u00e1ndez, las provincias Mar\u00eda Trinidad S\u00e1nchez y Espaillat. El remozado y ampliado Hospital Municipal Doctor Virgilio Garc\u00eda en el municipio Cabrera, beneficia\u2026","rel":"","context":"En \u00abECONOM\u00cdA\u00bb","block_context":{"text":"ECONOM\u00cdA","link":"https:\/\/lasprimeras.com.do\/index.php\/category\/economia\/"},"img":{"alt_text":"","src":"https:\/\/i0.wp.com\/lasprimeras.com.do\/wp-content\/uploads\/2024\/11\/mitur.jpg?resize=350%2C200&ssl=1","width":350,"height":200,"srcset":"https:\/\/i0.wp.com\/lasprimeras.com.do\/wp-content\/uploads\/2024\/11\/mitur.jpg?resize=350%2C200&ssl=1 1x, https:\/\/i0.wp.com\/lasprimeras.com.do\/wp-content\/uploads\/2024\/11\/mitur.jpg?resize=525%2C300&ssl=1 1.5x"},"classes":[]},{"id":62761,"url":"https:\/\/lasprimeras.com.do\/index.php\/2023\/10\/06\/abinader-va-este-fin-de-semana-a-espaillat-maria-trinidad-sanchez-y-samana\/","url_meta":{"origin":91070,"position":2},"title":"Abinader va este fin de semana a Espaillat, Mar\u00eda Trinidad S\u00e1nchez y Saman\u00e1","author":"Nelson Feliz","date":"6 de octubre de 2023","format":false,"excerpt":"Mandatario inaugurar\u00e1 hospitales, estancias infantiles, carreteras, varios play, proyectos de redes de iluminaci\u00f3n, centros educativos y un muelle de pescadores. El presidente Luis Abinader agotar\u00e1 una apretada agenda este fin de semana en las provincias Espaillat, Mar\u00eda Trinidad S\u00e1nchez y Saman\u00e1, en donde inaugurar\u00e1 hospitales, estancias infantiles, carreteras, varios pley,\u2026","rel":"","context":"En \u00abPORTADA\u00bb","block_context":{"text":"PORTADA","link":"https:\/\/lasprimeras.com.do\/index.php\/category\/portada\/"},"img":{"alt_text":"Luis Abinader","src":"https:\/\/i0.wp.com\/lasprimeras.com.do\/wp-content\/uploads\/2023\/10\/Luis-Abinader-7.jpg?resize=350%2C200&ssl=1","width":350,"height":200,"srcset":"https:\/\/i0.wp.com\/lasprimeras.com.do\/wp-content\/uploads\/2023\/10\/Luis-Abinader-7.jpg?resize=350%2C200&ssl=1 1x, https:\/\/i0.wp.com\/lasprimeras.com.do\/wp-content\/uploads\/2023\/10\/Luis-Abinader-7.jpg?resize=525%2C300&ssl=1 1.5x, https:\/\/i0.wp.com\/lasprimeras.com.do\/wp-content\/uploads\/2023\/10\/Luis-Abinader-7.jpg?resize=700%2C400&ssl=1 2x"},"classes":[]},{"id":123526,"url":"https:\/\/lasprimeras.com.do\/index.php\/2026\/03\/02\/consul-rd-ny-partidario-se-alojen-en-bahia-principe-personas-afectadas-por-las-inundaciones-en-gaspar-hernandez\/","url_meta":{"origin":91070,"position":3},"title":"C\u00f3nsul RD-NY partidario se alojen en Bah\u00eda Pr\u00edncipe personas afectadas por las inundaciones en Gaspar Hern\u00e1ndez","author":"Nelson Feliz","date":"2 de marzo de 2026","format":false,"excerpt":"https:\/\/www.youtube.com\/watch?v=kMX5jH8i4es Por Ram\u00f3n Mercedes NUEVA YORK.\u2013 El c\u00f3nsul dominicano en esta ciudad, Jes\u00fas V\u00e1squez (Ch\u00fa), se mostr\u00f3 de acuerdo en que el Estado dominicano busque cualquier v\u00eda para brindar alojamiento a los damnificados de la reciente tragedia acaecida en Gaspar Hern\u00e1ndez. Entrevistado por este reportero con relaci\u00f3n a la solicitud\u2026","rel":"","context":"En \u00abINTERNACIONALES\u00bb","block_context":{"text":"INTERNACIONALES","link":"https:\/\/lasprimeras.com.do\/index.php\/category\/sin-categoria\/internacionales\/"},"img":{"alt_text":"Jes\u00fas V\u00e1squez Mart\u00ednez","src":"https:\/\/i0.wp.com\/lasprimeras.com.do\/wp-content\/uploads\/2023\/09\/Jesus-Vasquez-Martinez.jpg?resize=350%2C200&ssl=1","width":350,"height":200,"srcset":"https:\/\/i0.wp.com\/lasprimeras.com.do\/wp-content\/uploads\/2023\/09\/Jesus-Vasquez-Martinez.jpg?resize=350%2C200&ssl=1 1x, https:\/\/i0.wp.com\/lasprimeras.com.do\/wp-content\/uploads\/2023\/09\/Jesus-Vasquez-Martinez.jpg?resize=525%2C300&ssl=1 1.5x, https:\/\/i0.wp.com\/lasprimeras.com.do\/wp-content\/uploads\/2023\/09\/Jesus-Vasquez-Martinez.jpg?resize=700%2C400&ssl=1 2x"},"classes":[]},{"id":112198,"url":"https:\/\/lasprimeras.com.do\/index.php\/2025\/10\/19\/abinader-inaugura-extension-itla-en-cotui\/","url_meta":{"origin":91070,"position":4},"title":"Abinader inaugura extensi\u00f3n ITLA en Cotu\u00ed","author":"Nelson Feliz","date":"19 de octubre de 2025","format":false,"excerpt":"Su capacidad es de 125 estudiantes simult\u00e1neamente, con una proyecci\u00f3n de formar a m\u00e1s de 1,500 personas cada a\u00f1o; impactar\u00e1 municipios de Cotu\u00ed, Villa La Mata, Fantino y Cevicos, as\u00ed como varios distritos municipales En respaldo al avance tecnol\u00f3gico y el desarrollo profesional y personal de la poblaci\u00f3n joven y\u2026","rel":"","context":"En \u00abPORTADA\u00bb","block_context":{"text":"PORTADA","link":"https:\/\/lasprimeras.com.do\/index.php\/category\/portada\/"},"img":{"alt_text":"","src":"https:\/\/i0.wp.com\/lasprimeras.com.do\/wp-content\/uploads\/2025\/10\/Luis-Abinader-6.jpg?resize=350%2C200&ssl=1","width":350,"height":200,"srcset":"https:\/\/i0.wp.com\/lasprimeras.com.do\/wp-content\/uploads\/2025\/10\/Luis-Abinader-6.jpg?resize=350%2C200&ssl=1 1x, https:\/\/i0.wp.com\/lasprimeras.com.do\/wp-content\/uploads\/2025\/10\/Luis-Abinader-6.jpg?resize=525%2C300&ssl=1 1.5x, https:\/\/i0.wp.com\/lasprimeras.com.do\/wp-content\/uploads\/2025\/10\/Luis-Abinader-6.jpg?resize=700%2C400&ssl=1 2x"},"classes":[]},{"id":124424,"url":"https:\/\/lasprimeras.com.do\/index.php\/2026\/03\/12\/defensa-publica-inaugura-nueva-oficina-en-nagua-provincia-maria-trinidad-sanchez\/","url_meta":{"origin":91070,"position":5},"title":"Defensa P\u00fablica inaugura nueva oficina en Nagua, provincia Mar\u00eda Trinidad S\u00e1nchez","author":"Nelson Feliz","date":"12 de marzo de 2026","format":false,"excerpt":"La Oficina Nacional de Defensa P\u00fablica dej\u00f3 inaugurada una nueva oficina de servicios en el municipio de Nagua, provincia Mar\u00eda Trinidad S\u00e1nchez, como parte de su proceso de expansi\u00f3n institucional orientado a fortalecer el acceso a la justicia y garantizar el derecho a la defensa de la ciudadan\u00eda. El acto\u2026","rel":"","context":"En \u00abNACIONALES\u00bb","block_context":{"text":"NACIONALES","link":"https:\/\/lasprimeras.com.do\/index.php\/category\/nacionales\/"},"img":{"alt_text":"","src":"https:\/\/i0.wp.com\/lasprimeras.com.do\/wp-content\/uploads\/2026\/03\/IMG-20260311-WA0361-scaled.jpg?resize=350%2C200&ssl=1","width":350,"height":200,"srcset":"https:\/\/i0.wp.com\/lasprimeras.com.do\/wp-content\/uploads\/2026\/03\/IMG-20260311-WA0361-scaled.jpg?resize=350%2C200&ssl=1 1x, https:\/\/i0.wp.com\/lasprimeras.com.do\/wp-content\/uploads\/2026\/03\/IMG-20260311-WA0361-scaled.jpg?resize=525%2C300&ssl=1 1.5x, https:\/\/i0.wp.com\/lasprimeras.com.do\/wp-content\/uploads\/2026\/03\/IMG-20260311-WA0361-scaled.jpg?resize=700%2C400&ssl=1 2x, https:\/\/i0.wp.com\/lasprimeras.com.do\/wp-content\/uploads\/2026\/03\/IMG-20260311-WA0361-scaled.jpg?resize=1050%2C600&ssl=1 3x, https:\/\/i0.wp.com\/lasprimeras.com.do\/wp-content\/uploads\/2026\/03\/IMG-20260311-WA0361-scaled.jpg?resize=1400%2C800&ssl=1 4x"},"classes":[]}],"jetpack_sharing_enabled":true,"_links":{"self":[{"href":"https:\/\/lasprimeras.com.do\/index.php\/wp-json\/wp\/v2\/posts\/91070","targetHints":{"allow":["GET"]}}],"collection":[{"href":"https:\/\/lasprimeras.com.do\/index.php\/wp-json\/wp\/v2\/posts"}],"about":[{"href":"https:\/\/lasprimeras.com.do\/index.php\/wp-json\/wp\/v2\/types\/post"}],"author":[{"embeddable":true,"href":"https:\/\/lasprimeras.com.do\/index.php\/wp-json\/wp\/v2\/users\/2"}],"replies":[{"embeddable":true,"href":"https:\/\/lasprimeras.com.do\/index.php\/wp-json\/wp\/v2\/comments?post=91070"}],"version-history":[{"count":1,"href":"https:\/\/lasprimeras.com.do\/index.php\/wp-json\/wp\/v2\/posts\/91070\/revisions"}],"predecessor-version":[{"id":91072,"href":"https:\/\/lasprimeras.com.do\/index.php\/wp-json\/wp\/v2\/posts\/91070\/revisions\/91072"}],"wp:featuredmedia":[{"embeddable":true,"href":"https:\/\/lasprimeras.com.do\/index.php\/wp-json\/wp\/v2\/media\/91071"}],"wp:attachment":[{"href":"https:\/\/lasprimeras.com.do\/index.php\/wp-json\/wp\/v2\/media?parent=91070"}],"wp:term":[{"taxonomy":"category","embeddable":true,"href":"https:\/\/lasprimeras.com.do\/index.php\/wp-json\/wp\/v2\/categories?post=91070"},{"taxonomy":"post_tag","embeddable":true,"href":"https:\/\/lasprimeras.com.do\/index.php\/wp-json\/wp\/v2\/tags?post=91070"}],"curies":[{"name":"wp","href":"https:\/\/api.w.org\/{rel}","templated":true}]}}