{"id":91084,"date":"2024-11-09T19:22:55","date_gmt":"2024-11-09T23:22:55","guid":{"rendered":"https:\/\/lasprimeras.com.do\/?p=91084"},"modified":"2024-11-09T19:22:57","modified_gmt":"2024-11-09T23:22:57","slug":"petro-suspende-viaje-a-azerbaiyan-para-la-cop29-por-inundaciones-en-departamento-del-choco","status":"publish","type":"post","link":"https:\/\/lasprimeras.com.do\/index.php\/2024\/11\/09\/petro-suspende-viaje-a-azerbaiyan-para-la-cop29-por-inundaciones-en-departamento-del-choco\/","title":{"rendered":"Petro suspende viaje a Azerbaiy\u00e1n para la COP29 por inundaciones en departamento del Choc\u00f3"},"content":{"rendered":"\n<p>Bogot\u00e1,(EFE).- El presidente de Colombia, Gustavo Petro, suspendi\u00f3 este s\u00e1bado el viaje que iba a hacer la pr\u00f3xima semana a Azerbaiy\u00e1n para participar en la Conferencia de la ONU sobre el Clima (COP29), debido a las inundaciones en el departamento del Choc\u00f3, en la costa pac\u00edfica.<\/p>\n\n\n\n<p>La COP29 se celebrar\u00e1 del 11 al 22 de noviembre en Bak\u00fa, capital de Azerbaiy\u00e1n, con el objetivo de discutir estrategias para enfrentar el cambio clim\u00e1tico y Petro estaba entre los mandatarios confirmados.<\/p>\n\n\n\n<p>&#8220;He suspendido mi viaje a Azerbaiy\u00e1n para la COP29 por el colapso clim\u00e1tico. Ser\u00e1 decretada la emergencia y con los escasos recursos que tenemos afrontaremos los primeros auxilios y las reubicaciones de las v\u00edctimas clim\u00e1ticas en el Choc\u00f3&#8221;, manifest\u00f3 el presidente en su cuenta de X.<\/p>\n\n\n\n<p>La gobernadora del Choc\u00f3, Nubia Carolina C\u00f3rdoba, dijo este s\u00e1bado que en ese departamento llueve sin parar desde hace 72 horas lo que ha subido los niveles de agua de los r\u00edos.<\/p>\n\n\n\n<p>&#8220;Nos han reportado afectaciones en el 85 % del territorio, 25 de nuestros municipios est\u00e1n lidiando con desbordamientos, inundaciones y deslizamientos. El agua est\u00e1 en las casas y se ha llevado enceres (sic) y cultivos&#8221;, escribi\u00f3 la gobernadora en X.<\/p>\n\n\n\n<p>C\u00f3rdoba agreg\u00f3 que las inundaciones ocurren principalmente en las cuencas de los r\u00edos Atrato y San Juan, donde adem\u00e1s la guerrilla del Ej\u00e9rcito de Liberaci\u00f3n Nacional (ELN) orden\u00f3 un &#8216;paro armado&#8217; a partir de hoy.<\/p>\n\n\n\n<p>La funcionaria pidi\u00f3 ayuda a Petro y a la vicepresidenta Francia M\u00e1rquez para enfrentar las inundaciones y les dijo: &#8220;No esperemos una tragedia para reaccionar en tiempo y articuladamente. Este panorama rebasa absolutamente la capacidad local&#8221;.<\/p>\n\n\n\n<p>Por su parte, la Unidad Nacional para la Gesti\u00f3n del Riesgo de Desastres (UNGRD) se\u00f1al\u00f3 que en el Choc\u00f3 hay 16.819 familias damnificadas en los municipios de Alto Baud\u00f3, Riosucio, Litoral de San Juan, Atrato, Bagad\u00f3, Bah\u00eda Solano, Bajo Baud\u00f3 y Carmen del Dari\u00e9n.<\/p>\n\n\n\n<p>Ante la ausencia de Petro en la COP29 del clima, es probable que la delegaci\u00f3n colombiana en esa reuni\u00f3n sea encabezada por la ministra de Ambiente y Desarrollo Sostenible, Susana Muhamad, quien el mes pasado fue presidenta y anfitriona de la COP16 de Biodiversidad celebrada en Cali.<\/p>\n\n\n\n<p>Agencia EFE<\/p>\n","protected":false},"excerpt":{"rendered":"<p>Bogot\u00e1,(EFE).- El presidente de Colombia, Gustavo Petro, suspendi\u00f3 este s\u00e1bado el viaje que iba a hacer la pr\u00f3xima semana a Azerbaiy\u00e1n para participar en la Conferencia de la ONU sobre&hellip;<\/p>\n","protected":false},"author":2,"featured_media":91085,"comment_status":"open","ping_status":"open","sticky":false,"template":"","format":"standard","meta":{"content-type":"","jetpack_post_was_ever_published":false,"_jetpack_newsletter_access":"","_jetpack_dont_email_post_to_subs":false,"_jetpack_newsletter_tier_id":0,"_jetpack_memberships_contains_paywalled_content":false,"_jetpack_memberships_contains_paid_content":false,"footnotes":""},"categories":[16289],"tags":[14498,2757,16339,16340,3423,1516,1524,2334],"class_list":["post-91084","post","type-post","status-publish","format-standard","has-post-thumbnail","hentry","category-internacionales","tag-azerbaiyan","tag-colombia","tag-cop29","tag-departamento-del-choco","tag-gustavo-petro","tag-inundaciones","tag-suspende","tag-viaje"],"jetpack_featured_media_url":"https:\/\/lasprimeras.com.do\/wp-content\/uploads\/2024\/11\/Gustavo-Petro-1.jpg","jetpack-related-posts":[{"id":86867,"url":"https:\/\/lasprimeras.com.do\/index.php\/2024\/08\/02\/juan-ariel-jimenez-asesora-al-gobierno-de-azerbaiyan-para-diversificar-su-economia\/","url_meta":{"origin":91084,"position":0},"title":"Juan Ariel Jim\u00e9nez asesora al gobierno de Azerbaiy\u00e1n para diversificar su econom\u00eda","author":"Nelson Feliz","date":"2 de agosto de 2024","format":false,"excerpt":"El economista y profesor de Harvard, Juan Ariel Jim\u00e9nez, se encuentra asesorando al gobierno de Azerbaiy\u00e1n en temas de desarrollo econ\u00f3mico y diversificaci\u00f3n de su econom\u00eda. El catedr\u00e1tico, que integra el equipo del Laboratorio de Crecimiento (Growth Lab) de Harvard Kennedy School, hizo un recorrido por agro-parques y empresas industriales\u2026","rel":"","context":"En \u00abECONOM\u00cdA\u00bb","block_context":{"text":"ECONOM\u00cdA","link":"https:\/\/lasprimeras.com.do\/index.php\/category\/economia\/"},"img":{"alt_text":"","src":"https:\/\/i0.wp.com\/lasprimeras.com.do\/wp-content\/uploads\/2024\/08\/JAJ-Azerbaiyan-2.jpg?resize=350%2C200&ssl=1","width":350,"height":200,"srcset":"https:\/\/i0.wp.com\/lasprimeras.com.do\/wp-content\/uploads\/2024\/08\/JAJ-Azerbaiyan-2.jpg?resize=350%2C200&ssl=1 1x, https:\/\/i0.wp.com\/lasprimeras.com.do\/wp-content\/uploads\/2024\/08\/JAJ-Azerbaiyan-2.jpg?resize=525%2C300&ssl=1 1.5x, https:\/\/i0.wp.com\/lasprimeras.com.do\/wp-content\/uploads\/2024\/08\/JAJ-Azerbaiyan-2.jpg?resize=700%2C400&ssl=1 2x"},"classes":[]},{"id":121335,"url":"https:\/\/lasprimeras.com.do\/index.php\/2026\/02\/03\/trump-recibe-a-petro-en-la-casa-blanca-tras-acusarlo-de-fomentar-el-narcotrafico\/","url_meta":{"origin":91084,"position":1},"title":"Trump recibe a Petro en la Casa Blanca tras acusarlo de fomentar el narcotr\u00e1fico","author":"Nelson Feliz","date":"3 de febrero de 2026","format":false,"excerpt":"POR AAMER MADHANI and ASTRID SU\u00c1REZ WASHINGTON (AP) \u2014 El presidente estadounidense Donald Trump mantuvo conversaciones con el mandatario colombiano Gustavo Petro en la Casa Blanca el martes, solo semanas despu\u00e9s de amenazar con una acci\u00f3n militar contra el pa\u00eds sudamericano y acusar al l\u00edder de inundar Estados Unidos con\u2026","rel":"","context":"En \u00abINTERNACIONALES\u00bb","block_context":{"text":"INTERNACIONALES","link":"https:\/\/lasprimeras.com.do\/index.php\/category\/sin-categoria\/internacionales\/"},"img":{"alt_text":"Gustavo Petro","src":"https:\/\/i0.wp.com\/lasprimeras.com.do\/wp-content\/uploads\/2026\/02\/Gustavo-Petro.jpg?resize=350%2C200&ssl=1","width":350,"height":200,"srcset":"https:\/\/i0.wp.com\/lasprimeras.com.do\/wp-content\/uploads\/2026\/02\/Gustavo-Petro.jpg?resize=350%2C200&ssl=1 1x, https:\/\/i0.wp.com\/lasprimeras.com.do\/wp-content\/uploads\/2026\/02\/Gustavo-Petro.jpg?resize=525%2C300&ssl=1 1.5x, https:\/\/i0.wp.com\/lasprimeras.com.do\/wp-content\/uploads\/2026\/02\/Gustavo-Petro.jpg?resize=700%2C400&ssl=1 2x"},"classes":[]},{"id":124488,"url":"https:\/\/lasprimeras.com.do\/index.php\/2026\/03\/13\/se-suspende-encuentro-entre-delcy-rodriguez-y-gustavo-petro\/","url_meta":{"origin":91084,"position":2},"title":"Se suspende encuentro entre Delcy Rodr\u00edguez y Gustavo Petro","author":"Nelson Feliz","date":"13 de marzo de 2026","format":false,"excerpt":"La reuni\u00f3n ser\u00e1 reprogramada para \"una fecha pr\u00f3xima\" que a\u00fan no ha sido fijada. El Gobierno de Venezuela confirm\u00f3 este jueves la suspensi\u00f3n del encuentro bilateral que iban a mantener en una zona fronteriza la presidenta encargada Delcy Rodr\u00edguez y el presidente colombiano, Gustavo Petro, a causa de \"motivos de\u2026","rel":"","context":"En \u00abINTERNACIONALES\u00bb","block_context":{"text":"INTERNACIONALES","link":"https:\/\/lasprimeras.com.do\/index.php\/category\/sin-categoria\/internacionales\/"},"img":{"alt_text":"","src":"https:\/\/i0.wp.com\/lasprimeras.com.do\/wp-content\/uploads\/2026\/03\/Delcy-Rodriguez.jpg?resize=350%2C200&ssl=1","width":350,"height":200,"srcset":"https:\/\/i0.wp.com\/lasprimeras.com.do\/wp-content\/uploads\/2026\/03\/Delcy-Rodriguez.jpg?resize=350%2C200&ssl=1 1x, https:\/\/i0.wp.com\/lasprimeras.com.do\/wp-content\/uploads\/2026\/03\/Delcy-Rodriguez.jpg?resize=525%2C300&ssl=1 1.5x, https:\/\/i0.wp.com\/lasprimeras.com.do\/wp-content\/uploads\/2026\/03\/Delcy-Rodriguez.jpg?resize=700%2C400&ssl=1 2x, https:\/\/i0.wp.com\/lasprimeras.com.do\/wp-content\/uploads\/2026\/03\/Delcy-Rodriguez.jpg?resize=1050%2C600&ssl=1 3x"},"classes":[]},{"id":83587,"url":"https:\/\/lasprimeras.com.do\/index.php\/2024\/05\/19\/el-helicoptero-que-transportaba-al-presidente-de-iran-sufre-un-aterrizaje-forzoso-dice-la-television-estatal\/","url_meta":{"origin":91084,"position":3},"title":"El helic\u00f3ptero que transportaba al presidente de Ir\u00e1n sufre un &#8220;aterrizaje forzoso&#8221;, dice la televisi\u00f3n estatal","author":"Nelson Feliz","date":"19 de mayo de 2024","format":false,"excerpt":"El rescate Ebrahim Raisi est\u00e1 en marcha. POR JON GAMBRELL DUBAI, Emiratos \u00c1rabes Unidos (AP) \u2014 Un helic\u00f3ptero que transportaba al presidente iran\u00ed, Ebrahim Raisi, sufri\u00f3 un \u201caterrizaje forzoso\u201d el domingo, informaron los medios estatales iran\u00edes, sin dar m\u00e1s detalles. Algunos comenzaron a instar al p\u00fablico a orar por Raisi\u2026","rel":"","context":"En \u00abSin categor\u00eda\u00bb","block_context":{"text":"Sin categor\u00eda","link":"https:\/\/lasprimeras.com.do\/index.php\/category\/sin-categoria\/"},"img":{"alt_text":"","src":"https:\/\/i0.wp.com\/lasprimeras.com.do\/wp-content\/uploads\/2024\/05\/PRESIDENTE-1.jpg?resize=350%2C200&ssl=1","width":350,"height":200,"srcset":"https:\/\/i0.wp.com\/lasprimeras.com.do\/wp-content\/uploads\/2024\/05\/PRESIDENTE-1.jpg?resize=350%2C200&ssl=1 1x, https:\/\/i0.wp.com\/lasprimeras.com.do\/wp-content\/uploads\/2024\/05\/PRESIDENTE-1.jpg?resize=525%2C300&ssl=1 1.5x, https:\/\/i0.wp.com\/lasprimeras.com.do\/wp-content\/uploads\/2024\/05\/PRESIDENTE-1.jpg?resize=700%2C400&ssl=1 2x"},"classes":[]},{"id":103725,"url":"https:\/\/lasprimeras.com.do\/index.php\/2025\/07\/17\/el-presidente-de-colombia-hara-este-viernes-y-sabado-una-visita-a-haiti\/","url_meta":{"origin":91084,"position":4},"title":"El presidente de Colombia har\u00e1 este viernes y s\u00e1bado una visita a Hait\u00ed","author":"Nelson Feliz","date":"17 de julio de 2025","format":false,"excerpt":"Esta ser\u00e1 su segunda visita este a\u00f1o al pa\u00eds antillano que realiza Gustavo Petro Puerto Pr\u00edncipe,EFE - El presidente colombiano, Gustavo Petro, viajar\u00e1 este viernes a Hait\u00ed, en lo que ser\u00e1 su segunda visita este a\u00f1o al pa\u00eds antillano, con el fin de expresar su apoyo a las autoridades de\u2026","rel":"","context":"En \u00abINTERNACIONALES\u00bb","block_context":{"text":"INTERNACIONALES","link":"https:\/\/lasprimeras.com.do\/index.php\/category\/sin-categoria\/internacionales\/"},"img":{"alt_text":"","src":"https:\/\/i0.wp.com\/lasprimeras.com.do\/wp-content\/uploads\/2025\/07\/Gustavo-Petro.jpg?resize=350%2C200&ssl=1","width":350,"height":200,"srcset":"https:\/\/i0.wp.com\/lasprimeras.com.do\/wp-content\/uploads\/2025\/07\/Gustavo-Petro.jpg?resize=350%2C200&ssl=1 1x, https:\/\/i0.wp.com\/lasprimeras.com.do\/wp-content\/uploads\/2025\/07\/Gustavo-Petro.jpg?resize=525%2C300&ssl=1 1.5x, https:\/\/i0.wp.com\/lasprimeras.com.do\/wp-content\/uploads\/2025\/07\/Gustavo-Petro.jpg?resize=700%2C400&ssl=1 2x"},"classes":[]},{"id":91822,"url":"https:\/\/lasprimeras.com.do\/index.php\/2024\/12\/03\/petro-dice-que-los-venezolanos-ya-no-saben-si-su-pais-es-una-democracia\/","url_meta":{"origin":91084,"position":5},"title":"Petro dice que los venezolanos ya no saben si su pa\u00eds es una democracia","author":"Nelson Feliz","date":"3 de diciembre de 2024","format":false,"excerpt":"Bogot\u00e1, (EFE).- El presidente colombiano, Gustavo Petro, dijo este martes que el pueblo venezolano ya no sabe si en su pa\u00eds hay una democracia o no, al tiempo que sugiri\u00f3 que ellos ya no quieren al chavismo en el poder. Petro se refiri\u00f3 a la situaci\u00f3n de Venezuela al intervenir\u2026","rel":"","context":"En \u00abINTERNACIONALES\u00bb","block_context":{"text":"INTERNACIONALES","link":"https:\/\/lasprimeras.com.do\/index.php\/category\/sin-categoria\/internacionales\/"},"img":{"alt_text":"Gustavo Petro","src":"https:\/\/i0.wp.com\/lasprimeras.com.do\/wp-content\/uploads\/2024\/12\/Gustavo-Petro.jpg?resize=350%2C200&ssl=1","width":350,"height":200,"srcset":"https:\/\/i0.wp.com\/lasprimeras.com.do\/wp-content\/uploads\/2024\/12\/Gustavo-Petro.jpg?resize=350%2C200&ssl=1 1x, https:\/\/i0.wp.com\/lasprimeras.com.do\/wp-content\/uploads\/2024\/12\/Gustavo-Petro.jpg?resize=525%2C300&ssl=1 1.5x, https:\/\/i0.wp.com\/lasprimeras.com.do\/wp-content\/uploads\/2024\/12\/Gustavo-Petro.jpg?resize=700%2C400&ssl=1 2x"},"classes":[]}],"jetpack_sharing_enabled":true,"_links":{"self":[{"href":"https:\/\/lasprimeras.com.do\/index.php\/wp-json\/wp\/v2\/posts\/91084","targetHints":{"allow":["GET"]}}],"collection":[{"href":"https:\/\/lasprimeras.com.do\/index.php\/wp-json\/wp\/v2\/posts"}],"about":[{"href":"https:\/\/lasprimeras.com.do\/index.php\/wp-json\/wp\/v2\/types\/post"}],"author":[{"embeddable":true,"href":"https:\/\/lasprimeras.com.do\/index.php\/wp-json\/wp\/v2\/users\/2"}],"replies":[{"embeddable":true,"href":"https:\/\/lasprimeras.com.do\/index.php\/wp-json\/wp\/v2\/comments?post=91084"}],"version-history":[{"count":1,"href":"https:\/\/lasprimeras.com.do\/index.php\/wp-json\/wp\/v2\/posts\/91084\/revisions"}],"predecessor-version":[{"id":91086,"href":"https:\/\/lasprimeras.com.do\/index.php\/wp-json\/wp\/v2\/posts\/91084\/revisions\/91086"}],"wp:featuredmedia":[{"embeddable":true,"href":"https:\/\/lasprimeras.com.do\/index.php\/wp-json\/wp\/v2\/media\/91085"}],"wp:attachment":[{"href":"https:\/\/lasprimeras.com.do\/index.php\/wp-json\/wp\/v2\/media?parent=91084"}],"wp:term":[{"taxonomy":"category","embeddable":true,"href":"https:\/\/lasprimeras.com.do\/index.php\/wp-json\/wp\/v2\/categories?post=91084"},{"taxonomy":"post_tag","embeddable":true,"href":"https:\/\/lasprimeras.com.do\/index.php\/wp-json\/wp\/v2\/tags?post=91084"}],"curies":[{"name":"wp","href":"https:\/\/api.w.org\/{rel}","templated":true}]}}