{"id":91105,"date":"2024-11-09T21:24:57","date_gmt":"2024-11-10T01:24:57","guid":{"rendered":"https:\/\/lasprimeras.com.do\/?p=91105"},"modified":"2024-11-09T21:24:57","modified_gmt":"2024-11-10T01:24:57","slug":"gobierno-supervisa-avances-de-proyecto-de-acceso-a-agua-con-energia-renovable-en-zonas-rurales","status":"publish","type":"post","link":"https:\/\/lasprimeras.com.do\/index.php\/2024\/11\/09\/gobierno-supervisa-avances-de-proyecto-de-acceso-a-agua-con-energia-renovable-en-zonas-rurales\/","title":{"rendered":"Gobierno supervisa avances de proyecto de acceso a agua con energ\u00eda renovable en zonas rurales"},"content":{"rendered":"\n<p>El vicepresidente ejecutivo del Consejo Nacional para el Cambio Clim\u00e1tico y Mecanismo de Desarrollo Limpio, Max Puig; y el director general de Desarrollo de la Comunidad, Modesto Guzm\u00e1n, supervisaron los avances del proyecto que llevar\u00e1 agua para riego agr\u00edcola y uso dom\u00e9stico en 6 comunidades rurales del pa\u00eds.&nbsp;<\/p>\n\n\n\n<p>La visita se centr\u00f3 en las comunidades de Bohech\u00edo, en la provincia San Juan, y Padre Las Casa, en Azua, donde este proyecto irrigar\u00e1 los cultivos y beneficiar\u00e1 de manera directa a m\u00e1s de 4 mil personas.<\/p>\n\n\n\n<p>Los representantes de estas instituciones destacaron, durante una visita a la zona, que, con este proyecto de \u201cMejora de la resiliencia clim\u00e1tica mediante la implementaci\u00f3n de soluciones de agua a trav\u00e9s de energ\u00eda renovable en comunidades rurales vulnerables de Rep\u00fablica Dominicana\u201d.<\/p>\n\n\n\n<p>Asegurar\u00e1n la provisi\u00f3n y servicio de agua para el uso humano y agr\u00edcola en varias comunidades, impulsando el desarrollo econ\u00f3mico y social de manera sostenible en esas localidades.<\/p>\n\n\n\n<p>Puig, destac\u00f3 la importancia del trabajo conjunto entre el Consejo, la Direcci\u00f3n General de Desarrollo de la Comunidad y diversas instituciones p\u00fablicas y autoridades municipales en la creaci\u00f3n de este proyecto h\u00eddrico.<\/p>\n\n\n\n<p>Por su parte, el director de Desarrollo de la Comunidad, Modesto Guzm\u00e1n, resalt\u00f3 la trascendencia de estas obras, afirmando que representa un cambio positivo para miles de personas.<\/p>\n\n\n\n<p>La obra de construcci\u00f3n de infraestructura de agua y sistemas de bombeo para riego agr\u00edcola, a trav\u00e9s de energ\u00eda renovable, que se espera sea inaugurada a inicios del pr\u00f3ximo a\u00f1o, es financiada por la Uni\u00f3n Europea a trav\u00e9s del Centro para Cambio Clim\u00e1tico de los Pa\u00edses Cariforum y cuya inversi\u00f3n supera los 650 mil euros.<\/p>\n\n\n\n<p>Este proyecto beneficiar\u00e1 a comunidades de los municipios de Padre Las Casas (Azua), Bohech\u00edo (San Juan), La Gu\u00e1zara (Barahona), Jacagua (Santiago) y El Firme (San Francisco de Macor\u00eds).<\/p>\n\n\n\n<p>En Bohech\u00edo y Padre Las Casas ya se completaron los trabajos de obra civil, incluyendo la construcci\u00f3n de reservorios, tomas de agua y rutas de acceso.<\/p>\n\n\n\n<p>En el recorrido estuvieron presentes tambi\u00e9n los alcaldes de Bohech\u00edo, Domingo Susa\u00f1a, y de Padre Las Casas, M\u00e1ximo Romero, as\u00ed como productores y residentes de las comunidades, quienes expresaron su optimismo ante la mejora que este proyecto representa.<\/p>\n","protected":false},"excerpt":{"rendered":"<p>El vicepresidente ejecutivo del Consejo Nacional para el Cambio Clim\u00e1tico y Mecanismo de Desarrollo Limpio, Max Puig; y el director general de Desarrollo de la Comunidad, Modesto Guzm\u00e1n, supervisaron los&hellip;<\/p>\n","protected":false},"author":2,"featured_media":91106,"comment_status":"open","ping_status":"open","sticky":false,"template":"","format":"standard","meta":{"content-type":"","jetpack_post_was_ever_published":false,"_jetpack_newsletter_access":"","_jetpack_dont_email_post_to_subs":false,"_jetpack_newsletter_tier_id":0,"_jetpack_memberships_contains_paywalled_content":false,"_jetpack_memberships_contains_paid_content":false,"footnotes":""},"categories":[35],"tags":[16347,6912,171,276,9905],"class_list":["post-91105","post","type-post","status-publish","format-standard","has-post-thumbnail","hentry","category-nacionales","tag-acceso-a-agua","tag-energia-renovable","tag-gobierno","tag-proyecto","tag-zonas-rurales"],"jetpack_featured_media_url":"https:\/\/lasprimeras.com.do\/wp-content\/uploads\/2024\/11\/puig-y-guzman.jpg","jetpack-related-posts":[{"id":95994,"url":"https:\/\/lasprimeras.com.do\/index.php\/2025\/03\/23\/director-de-la-caasd-supervisa-obras-que-seguiran-optimizando-abastecimiento-y-suministro-en-el-dn\/","url_meta":{"origin":91105,"position":0},"title":"Director de la CAASD supervisa obras que seguir\u00e1n optimizando abastecimiento y suministro en el DN","author":"Nelson Feliz","date":"23 de marzo de 2025","format":false,"excerpt":"El director general de la Corporaci\u00f3n del Acueducto y Alcantarillado de Santo Domingo (CAASD), Felipe-Fellito-Suberv\u00ed, realiz\u00f3 un recorrido de supervisi\u00f3n m\u00faltiples obras y proyectos en ejecuci\u00f3n que seguir\u00e1n contribuyendo con la optimizaci\u00f3n del abastecimiento de agua potable en el Distrito Nacional, beneficiando a miles de familias. Durante la visita, Fellito\u2026","rel":"","context":"En \u00abNACIONALES\u00bb","block_context":{"text":"NACIONALES","link":"https:\/\/lasprimeras.com.do\/index.php\/category\/nacionales\/"},"img":{"alt_text":"","src":"https:\/\/i0.wp.com\/lasprimeras.com.do\/wp-content\/uploads\/2025\/03\/Director-de-la-CAASD-durante-el-recorrido-en-el-DN.jpg?resize=350%2C200&ssl=1","width":350,"height":200,"srcset":"https:\/\/i0.wp.com\/lasprimeras.com.do\/wp-content\/uploads\/2025\/03\/Director-de-la-CAASD-durante-el-recorrido-en-el-DN.jpg?resize=350%2C200&ssl=1 1x, https:\/\/i0.wp.com\/lasprimeras.com.do\/wp-content\/uploads\/2025\/03\/Director-de-la-CAASD-durante-el-recorrido-en-el-DN.jpg?resize=525%2C300&ssl=1 1.5x, https:\/\/i0.wp.com\/lasprimeras.com.do\/wp-content\/uploads\/2025\/03\/Director-de-la-CAASD-durante-el-recorrido-en-el-DN.jpg?resize=700%2C400&ssl=1 2x"},"classes":[]},{"id":49322,"url":"https:\/\/lasprimeras.com.do\/index.php\/2023\/05\/10\/world-vision-y-cepm-facilitaran-el-acceso-a-agua-potable-en-30-escuelas\/","url_meta":{"origin":91105,"position":1},"title":"World Vision y CEPM facilitar\u00e1n el acceso a agua potable en 30 escuelas","author":"prenxa100","date":"10 de mayo de 2023","format":false,"excerpt":"Ver\u00f3n, La Altagracia. - La organizaci\u00f3n internacional World Vision Rep\u00fablica Dominicana, con el financiamiento del Consorcio Energ\u00e9tico Punta Cana-Macao (CEPM), ha procedido a la instalaci\u00f3n de un total de 30 tinacos para el almacenamiento de agua potable en centros educativos de la zona este, beneficiando a m\u00e1s de 4,500 ni\u00f1os,\u2026","rel":"","context":"En \u00abNACIONALES\u00bb","block_context":{"text":"NACIONALES","link":"https:\/\/lasprimeras.com.do\/index.php\/category\/nacionales\/"},"img":{"alt_text":"","src":"","width":0,"height":0},"classes":[]},{"id":93427,"url":"https:\/\/lasprimeras.com.do\/index.php\/2025\/02\/09\/abinader-supervisa-avances-centro-clinico-y-diagnostico-en-sabana-perdida\/","url_meta":{"origin":91105,"position":2},"title":"Abinader supervisa avances Centro Cl\u00ednico y Diagn\u00f3stico en Sabana Perdida","author":"Nelson Feliz","date":"9 de febrero de 2025","format":false,"excerpt":"El presidente de la Rep\u00fablica, Luis Abinader, acompa\u00f1ado por el director del Servicio Nacional de Salud (SNS), Mario Lama, visit\u00f3 las instalaciones en construcci\u00f3n del Centro Cl\u00ednico y Diagn\u00f3stico Lotes y Servicios en Sabana P\u00e9rdida, proyecto que promete transformar la atenci\u00f3n m\u00e9dica en la zona. Durante el recorrido, Lama inform\u00f3\u2026","rel":"","context":"En \u00abPORTADA\u00bb","block_context":{"text":"PORTADA","link":"https:\/\/lasprimeras.com.do\/index.php\/category\/portada\/"},"img":{"alt_text":"","src":"https:\/\/i0.wp.com\/lasprimeras.com.do\/wp-content\/uploads\/2025\/02\/Luis-Abinader.jpg?resize=350%2C200&ssl=1","width":350,"height":200,"srcset":"https:\/\/i0.wp.com\/lasprimeras.com.do\/wp-content\/uploads\/2025\/02\/Luis-Abinader.jpg?resize=350%2C200&ssl=1 1x, https:\/\/i0.wp.com\/lasprimeras.com.do\/wp-content\/uploads\/2025\/02\/Luis-Abinader.jpg?resize=525%2C300&ssl=1 1.5x, https:\/\/i0.wp.com\/lasprimeras.com.do\/wp-content\/uploads\/2025\/02\/Luis-Abinader.jpg?resize=700%2C400&ssl=1 2x"},"classes":[]},{"id":73875,"url":"https:\/\/lasprimeras.com.do\/index.php\/2024\/01\/17\/cepal-y-fida-redefiniran-el-concepto-de-ruralidad-para-mejorar-las-politicas-publicas\/","url_meta":{"origin":91105,"position":3},"title":"Cepal y FIDA redefiniran el concepto de ruralidad para mejorar las pol\u00edticas p\u00fablicas","author":"Nelson Feliz","date":"17 de enero de 2024","format":false,"excerpt":"Planean impulsar la agenda de desarrollo socioecon\u00f3mico. La Comisi\u00f3n Econ\u00f3mica para Am\u00e9rica Latina y el Caribe (Cepal) y el Fondo Internacional de Desarrollo Agr\u00edcola (FIDA) proponen una nueva aproximaci\u00f3n al concepto de ruralidad en M\u00e9xico y Am\u00e9rica Latina con el objetivo de focalizar la acci\u00f3n p\u00fablica para reducir las desigualdades\u2026","rel":"","context":"En \u00abECONOM\u00cdA\u00bb","block_context":{"text":"ECONOM\u00cdA","link":"https:\/\/lasprimeras.com.do\/index.php\/category\/economia\/"},"img":{"alt_text":"Donal Brown, Julio Berdegu\u00e9, Rodrigo Jim\u00e9nez, V\u00edctor Villalobos, Rossana Polastri, Paloma Merodio y Ram\u00f3n Padilla.FUENTE EXTERNA","src":"https:\/\/i0.wp.com\/lasprimeras.com.do\/wp-content\/uploads\/2024\/01\/cepal.jpeg?resize=350%2C200&ssl=1","width":350,"height":200,"srcset":"https:\/\/i0.wp.com\/lasprimeras.com.do\/wp-content\/uploads\/2024\/01\/cepal.jpeg?resize=350%2C200&ssl=1 1x, https:\/\/i0.wp.com\/lasprimeras.com.do\/wp-content\/uploads\/2024\/01\/cepal.jpeg?resize=525%2C300&ssl=1 1.5x, https:\/\/i0.wp.com\/lasprimeras.com.do\/wp-content\/uploads\/2024\/01\/cepal.jpeg?resize=700%2C400&ssl=1 2x"},"classes":[]},{"id":86953,"url":"https:\/\/lasprimeras.com.do\/index.php\/2024\/08\/04\/energia-y-minas-inaugura-proyectos-en-san-jose-de-ocoa\/","url_meta":{"origin":91105,"position":4},"title":"Energ\u00eda y Minas inaugura proyectos en San Jos\u00e9 de Ocoa","author":"Nelson Feliz","date":"4 de agosto de 2024","format":false,"excerpt":"El Ministerio de Energ\u00eda y Minas (MEM), a trav\u00e9s de la Direcci\u00f3n General de Electrificaci\u00f3n Rural y Suburbana (DERS), inaugur\u00f3 dos proyectos de rehabilitaci\u00f3n y extensi\u00f3n de redes el\u00e9ctricas en el municipio San Jos\u00e9 de Ocoa, beneficiando alrededor de mil 800 comunitarios, con una inversi\u00f3n de m\u00e1s de 35 millones\u2026","rel":"","context":"En \u00abECONOM\u00cdA\u00bb","block_context":{"text":"ECONOM\u00cdA","link":"https:\/\/lasprimeras.com.do\/index.php\/category\/economia\/"},"img":{"alt_text":"","src":"https:\/\/i0.wp.com\/lasprimeras.com.do\/wp-content\/uploads\/2024\/08\/Corte-de-cinta-que-deja-inaugurado-los-diferentes-proyectos-de-electrificacion-rural.jpg?resize=350%2C200&ssl=1","width":350,"height":200,"srcset":"https:\/\/i0.wp.com\/lasprimeras.com.do\/wp-content\/uploads\/2024\/08\/Corte-de-cinta-que-deja-inaugurado-los-diferentes-proyectos-de-electrificacion-rural.jpg?resize=350%2C200&ssl=1 1x, https:\/\/i0.wp.com\/lasprimeras.com.do\/wp-content\/uploads\/2024\/08\/Corte-de-cinta-que-deja-inaugurado-los-diferentes-proyectos-de-electrificacion-rural.jpg?resize=525%2C300&ssl=1 1.5x, https:\/\/i0.wp.com\/lasprimeras.com.do\/wp-content\/uploads\/2024\/08\/Corte-de-cinta-que-deja-inaugurado-los-diferentes-proyectos-de-electrificacion-rural.jpg?resize=700%2C400&ssl=1 2x"},"classes":[]},{"id":109403,"url":"https:\/\/lasprimeras.com.do\/index.php\/2025\/09\/17\/abinader-supervisara-este-viernes-planta-electrica-energia-2000-en-manzanillo-y-el-muro-fronterizo-en-dajabon\/","url_meta":{"origin":91105,"position":5},"title":"Abinader supervisar\u00e1 este viernes planta el\u00e9ctrica Energ\u00eda 2000 en Manzanillo y el muro fronterizo en Dajab\u00f3n","author":"Nelson Feliz","date":"17 de septiembre de 2025","format":false,"excerpt":"Tambi\u00e9n inaugurar\u00e1 carretera de acceso a Aguas Blancas, en Constanza El presidente Luis Abinader realizar\u00e1 este viernes una visita a la planta el\u00e9ctrica Energ\u00eda 2000, ubicada en Manzanillo, asimismo, supervisar\u00e1 la continuidad de los trabajos de construcci\u00f3n del muro fronterizo en la provincia Dajab\u00f3n. Abinader constatar\u00e1 los avances de esta\u2026","rel":"","context":"En \u00abNACIONALES\u00bb","block_context":{"text":"NACIONALES","link":"https:\/\/lasprimeras.com.do\/index.php\/category\/nacionales\/"},"img":{"alt_text":"","src":"https:\/\/i0.wp.com\/lasprimeras.com.do\/wp-content\/uploads\/2025\/07\/Luis-Abinader-4-1.jpg?resize=350%2C200&ssl=1","width":350,"height":200,"srcset":"https:\/\/i0.wp.com\/lasprimeras.com.do\/wp-content\/uploads\/2025\/07\/Luis-Abinader-4-1.jpg?resize=350%2C200&ssl=1 1x, https:\/\/i0.wp.com\/lasprimeras.com.do\/wp-content\/uploads\/2025\/07\/Luis-Abinader-4-1.jpg?resize=525%2C300&ssl=1 1.5x, https:\/\/i0.wp.com\/lasprimeras.com.do\/wp-content\/uploads\/2025\/07\/Luis-Abinader-4-1.jpg?resize=700%2C400&ssl=1 2x"},"classes":[]}],"jetpack_sharing_enabled":true,"_links":{"self":[{"href":"https:\/\/lasprimeras.com.do\/index.php\/wp-json\/wp\/v2\/posts\/91105","targetHints":{"allow":["GET"]}}],"collection":[{"href":"https:\/\/lasprimeras.com.do\/index.php\/wp-json\/wp\/v2\/posts"}],"about":[{"href":"https:\/\/lasprimeras.com.do\/index.php\/wp-json\/wp\/v2\/types\/post"}],"author":[{"embeddable":true,"href":"https:\/\/lasprimeras.com.do\/index.php\/wp-json\/wp\/v2\/users\/2"}],"replies":[{"embeddable":true,"href":"https:\/\/lasprimeras.com.do\/index.php\/wp-json\/wp\/v2\/comments?post=91105"}],"version-history":[{"count":1,"href":"https:\/\/lasprimeras.com.do\/index.php\/wp-json\/wp\/v2\/posts\/91105\/revisions"}],"predecessor-version":[{"id":91107,"href":"https:\/\/lasprimeras.com.do\/index.php\/wp-json\/wp\/v2\/posts\/91105\/revisions\/91107"}],"wp:featuredmedia":[{"embeddable":true,"href":"https:\/\/lasprimeras.com.do\/index.php\/wp-json\/wp\/v2\/media\/91106"}],"wp:attachment":[{"href":"https:\/\/lasprimeras.com.do\/index.php\/wp-json\/wp\/v2\/media?parent=91105"}],"wp:term":[{"taxonomy":"category","embeddable":true,"href":"https:\/\/lasprimeras.com.do\/index.php\/wp-json\/wp\/v2\/categories?post=91105"},{"taxonomy":"post_tag","embeddable":true,"href":"https:\/\/lasprimeras.com.do\/index.php\/wp-json\/wp\/v2\/tags?post=91105"}],"curies":[{"name":"wp","href":"https:\/\/api.w.org\/{rel}","templated":true}]}}