{"id":91108,"date":"2024-11-09T21:33:28","date_gmt":"2024-11-10T01:33:28","guid":{"rendered":"https:\/\/lasprimeras.com.do\/?p=91108"},"modified":"2024-11-09T21:33:29","modified_gmt":"2024-11-10T01:33:29","slug":"programas-de-propeep-impactan-familias-vulnerables-de-independencia-y-bahoruco","status":"publish","type":"post","link":"https:\/\/lasprimeras.com.do\/index.php\/2024\/11\/09\/programas-de-propeep-impactan-familias-vulnerables-de-independencia-y-bahoruco\/","title":{"rendered":"Programas de Propeep impactan familias vulnerables de Independencia y Bahoruco"},"content":{"rendered":"\n<p><strong>Roberto \u00c1ngel realiza extenso recorrido por comunidades de la lejana regi\u00f3n Sur del pa\u00eds.<\/strong><\/p>\n\n\n\n<p>La Direcci\u00f3n General de Programas Estrat\u00e9gicos y Especiales de la Presidencia (Propeep) impact\u00f3 con sus jornadas de inclusi\u00f3n social a varios municipios de las provincias Independencia y Bahoruco, beneficiando a miles de familias en condiciones de vulnerabilidad.<\/p>\n\n\n\n<p>El director de Propeep, Roberto \u00c1ngel Salcedo, al encabezar y supervisar las acciones sociales desarrolladas en Angostura, del municipio Mella, y en el municipio Crist\u00f3bal, de la provincia Independencia, as\u00ed como en el municipio Tamayo y el Distrito Municipal Santana de Bahoruco.<\/p>\n\n\n\n<p>Salcedo, dijo que estos programas tienen por objetivos democratizar, eficientizar y dignificar las ayudas y servicios del Gobierno, llev\u00e1ndolos a todas las comunidades del pa\u00eds, no importa lo apartada que se encuentren.<\/p>\n\n\n\n<p>Sostuvo que la visi\u00f3n del presidente Luis Abinader, desde que lleg\u00f3 al Gobierno, es de que las pol\u00edticas p\u00fablicas y las acciones sociales del Estado dominicano lleguen a las familias m\u00e1s humildes del pa\u00eds y que viven en condiciones de pobreza extrema y vulnerabilidad.<\/p>\n\n\n\n<p><strong>Visi\u00f3n de Abinader<\/strong><\/p>\n\n\n\n<p>El funcionario, manifest\u00f3 que es visi\u00f3n e inter\u00e9s del presidente Abinader que las jornadas de inclusi\u00f3n social &#8220;Primero T\u00fa&#8221; y &#8220;Cerca de T\u00ed&#8221; de Propeep se extiendan por todo el territorio nacional, concentrando en un solo lugar los servicios que ofrece junto a otras instituciones del Gobierno, para que la gente los reciba en sus comunidades y no tengan que trasladarse a zonas lejanas de sus residencias.<\/p>\n\n\n\n<p>Destac\u00f3 que estos programas est\u00e1n dirigidos a beneficiar desde los m\u00e1s peque\u00f1os de la casa hasta los adultos mayores que reciben la mano solidaria del Gobierno con alimentos crudos y cocinados, canastillas y prote\u00ednas, son registrados para gestionarles pensiones a trav\u00e9s del CONAPE, las tarjetas SUP\u00c9RATE y de salud del SENASA, pr\u00e9stamos de Promipyme, entre otros servicios.<\/p>\n\n\n\n<p><strong>Autoridades provinciales y municipales<\/strong><\/p>\n\n\n\n<p>Durante su extenso recorrido, Roberto \u00c1ngel estuvo acompa\u00f1ado por las gobernadoras Mercedes Nova, de Independencia, y Mar\u00eda Esther D\u00edaz, de Bahoruco; el senador Dagoberto Rodr\u00edguez<\/p>\n\n\n\n<p>Adames, el alcalde del municipio Mella, Carlos Rodrigo Matos y la alcaldesa del municipio Crist\u00f3bal, Sandra Pe\u00f1a, diputados y otras autoridades civiles y militares de ambas provincias, as\u00ed como funcionarios de Propeep.<\/p>\n","protected":false},"excerpt":{"rendered":"<p>Roberto \u00c1ngel realiza extenso recorrido por comunidades de la lejana regi\u00f3n Sur del pa\u00eds. La Direcci\u00f3n General de Programas Estrat\u00e9gicos y Especiales de la Presidencia (Propeep) impact\u00f3 con sus jornadas&hellip;<\/p>\n","protected":false},"author":2,"featured_media":91109,"comment_status":"open","ping_status":"open","sticky":false,"template":"","format":"standard","meta":{"content-type":"","jetpack_post_was_ever_published":false,"_jetpack_newsletter_access":"","_jetpack_dont_email_post_to_subs":false,"_jetpack_newsletter_tier_id":0,"_jetpack_memberships_contains_paywalled_content":false,"_jetpack_memberships_contains_paid_content":false,"footnotes":""},"categories":[35,25],"tags":[1061,16348,1322,555,215,3181],"class_list":["post-91108","post","type-post","status-publish","format-standard","has-post-thumbnail","hentry","category-nacionales","category-portada","tag-familias","tag-impactan","tag-independencia","tag-programas","tag-propeep","tag-vulnerables"],"jetpack_featured_media_url":"https:\/\/lasprimeras.com.do\/wp-content\/uploads\/2024\/11\/Roberto-Angel-Salcedo-10.jpg","jetpack-related-posts":[{"id":52282,"url":"https:\/\/lasprimeras.com.do\/index.php\/2023\/06\/08\/propeep-da-asistencia-y-repara-viviendas-a-familias-en-tres-provincias-del-sur-afectadas-por-lluvias\/","url_meta":{"origin":91108,"position":0},"title":"Propeep da asistencia y repara viviendas a familias en tres provincias del Sur afectadas por lluvias","author":"prenxa100","date":"8 de junio de 2023","format":false,"excerpt":"Roberto \u00c1ngel Salcedo, afirma que la intervenci\u00f3n realizada en las provincias Indenpencia, Bahoruco y San Juan est\u00e1n dentro las pol\u00edticas sociales del gobierno de Abinader. El director general de Proyectos Estrat\u00e9gicos y Especiales de la Presidencia (Propeep), Roberto \u00c1ngel Salcedo, inici\u00f3 este jueves un recorrido por las provincias del Sur\u2026","rel":"","context":"En \u00abNACIONALES\u00bb","block_context":{"text":"NACIONALES","link":"https:\/\/lasprimeras.com.do\/index.php\/category\/nacionales\/"},"img":{"alt_text":"","src":"","width":0,"height":0},"classes":[]},{"id":52541,"url":"https:\/\/lasprimeras.com.do\/index.php\/2023\/06\/11\/gobierno-asiste-familias-vulnerables-de-duverge-y-oviedo-con-jornadas-primero-tu\/","url_meta":{"origin":91108,"position":1},"title":"Gobierno asiste familias vulnerables de Duverg\u00e9 y Oviedo con jornadas \u201cPrimero T\u00fa\u201d","author":"prenxa100","date":"11 de junio de 2023","format":false,"excerpt":"El director de Propeep, Roberto \u00c1ngel Salcedo, encabez\u00f3 sendas jornadas de inclusi\u00f3n social en las provincias Independencia y en Pedernales. La Direcci\u00f3n de Proyectos Estrat\u00e9gicos y Especiales de la Presidencia (Propeep) benefici\u00f3 este fin de semana a cerca de siete mil personas de comunidades pobres de Independencia y Pedernales, con\u2026","rel":"","context":"En \u00abNACIONALES\u00bb","block_context":{"text":"NACIONALES","link":"https:\/\/lasprimeras.com.do\/index.php\/category\/nacionales\/"},"img":{"alt_text":"","src":"","width":0,"height":0},"classes":[]},{"id":84761,"url":"https:\/\/lasprimeras.com.do\/index.php\/2024\/06\/15\/roberto-angel-destaca-gobierno-mejora-bienestar-de-las-familias-mas-vulnerables\/","url_meta":{"origin":91108,"position":2},"title":"Roberto \u00c1ngel destaca Gobierno mejora bienestar de las familias m\u00e1s vulnerables","author":"Nelson Feliz","date":"15 de junio de 2024","format":false,"excerpt":"Encabeza jornadas de inclusi\u00f3n social en municipios San Francisco de Macor\u00eds, Pimentel, Salcedo y Villa Tapia\u00a0 y visita local donde funcionar\u00e1 el primer Centro de Innovaci\u00f3n Cultural en Salcedo y explic\u00f3 c\u00f3mo funcionar\u00e1. El director general de Proyectos Estrat\u00e9gicos y Especiales de la Presidencia (Propeep), Roberto \u00c1ngel Salcedo, destac\u00f3 los\u2026","rel":"","context":"En \u00abNACIONALES\u00bb","block_context":{"text":"NACIONALES","link":"https:\/\/lasprimeras.com.do\/index.php\/category\/nacionales\/"},"img":{"alt_text":"Roberto \u00c1ngel Salcedo","src":"https:\/\/i0.wp.com\/lasprimeras.com.do\/wp-content\/uploads\/2024\/06\/Roberto-Angel-Salcedo.jpg?resize=350%2C200&ssl=1","width":350,"height":200,"srcset":"https:\/\/i0.wp.com\/lasprimeras.com.do\/wp-content\/uploads\/2024\/06\/Roberto-Angel-Salcedo.jpg?resize=350%2C200&ssl=1 1x, https:\/\/i0.wp.com\/lasprimeras.com.do\/wp-content\/uploads\/2024\/06\/Roberto-Angel-Salcedo.jpg?resize=525%2C300&ssl=1 1.5x"},"classes":[]},{"id":51651,"url":"https:\/\/lasprimeras.com.do\/index.php\/2023\/06\/01\/gobierno-impacta-a-miles-de-familias-con-jornadas-sociales-en-municipios-de-san-cristobal\/","url_meta":{"origin":91108,"position":3},"title":"Gobierno impacta a miles de familias con jornadas sociales en municipios de San Cristobal","author":"prenxa100","date":"1 de junio de 2023","format":false,"excerpt":"Roberto \u00c1ngel Salcedo, director de Propeep, encabez\u00f3 ayer y hoy jornadas \"Primero T\u00fa\" en El Carril, de Haina, y en Cambita Garabitos, donde m\u00e1s de seis mil personas fueron beneficiadas con distintos servicios. San Crist\u00f3bal, RD -La Direcci\u00f3n de Proyectos Estrat\u00e9gicos y Especiales de la Presidencia (Propeep) benefici\u00f3 a miles\u2026","rel":"","context":"En \u00abNACIONALES\u00bb","block_context":{"text":"NACIONALES","link":"https:\/\/lasprimeras.com.do\/index.php\/category\/nacionales\/"},"img":{"alt_text":"","src":"","width":0,"height":0},"classes":[]},{"id":91637,"url":"https:\/\/lasprimeras.com.do\/index.php\/2024\/11\/27\/propeep-realizara-encendido-de-parques-navidenos-en-diferentes-ciudades-del-pais\/","url_meta":{"origin":91108,"position":4},"title":"Propeep realizar\u00e1 encendido de parques navide\u00f1os en diferentes ciudades del pa\u00eds","author":"Nelson Feliz","date":"27 de noviembre de 2024","format":false,"excerpt":"Su director, Roberto \u00c1ngel Salcedo, encabezar\u00e1 los actos y desarrollar\u00e1 una amplia agenda que incluye tambi\u00e9n inauguraciones de \u201cPaseo de los Colores\u201d, la realizaci\u00f3n de almuerzos y cenas en varias provincias y la entrega de dos proyectos de viviendas. La Direcci\u00f3n General de Proyectos Estrat\u00e9gicos y Programas Especiales de la\u2026","rel":"","context":"En \u00abNACIONALES\u00bb","block_context":{"text":"NACIONALES","link":"https:\/\/lasprimeras.com.do\/index.php\/category\/nacionales\/"},"img":{"alt_text":"Roberto \u00c1ngel","src":"https:\/\/i0.wp.com\/lasprimeras.com.do\/wp-content\/uploads\/2024\/11\/Roberto-Angel.jpg?resize=350%2C200&ssl=1","width":350,"height":200,"srcset":"https:\/\/i0.wp.com\/lasprimeras.com.do\/wp-content\/uploads\/2024\/11\/Roberto-Angel.jpg?resize=350%2C200&ssl=1 1x, https:\/\/i0.wp.com\/lasprimeras.com.do\/wp-content\/uploads\/2024\/11\/Roberto-Angel.jpg?resize=525%2C300&ssl=1 1.5x"},"classes":[]},{"id":91476,"url":"https:\/\/lasprimeras.com.do\/index.php\/2024\/11\/24\/propeep-desarrolla-amplia-agenda-de-acciones-sociales-en-puerto-plata\/","url_meta":{"origin":91108,"position":5},"title":"Propeep desarrolla amplia agenda de acciones sociales en Puerto Plata","author":"Nelson Feliz","date":"24 de noviembre de 2024","format":false,"excerpt":"Actividades fueron encabezadas por Jos\u00e9 Ignacio Paliza, ministro de la Presidencia, y Roberto \u00c1ngel Salcedo, director de Propeep; miles de personas resultan beneficiadas. El Gobierno, en su continuo esfuerzo por fortalecer las pol\u00edticas p\u00fablicas, realiz\u00f3 este fin de semana importantes jornadas de inclusi\u00f3n y acciones sociales en diversos sectores y\u2026","rel":"","context":"En \u00abNACIONALES\u00bb","block_context":{"text":"NACIONALES","link":"https:\/\/lasprimeras.com.do\/index.php\/category\/nacionales\/"},"img":{"alt_text":"Roberto \u00c1ngel Salcedo","src":"https:\/\/i0.wp.com\/lasprimeras.com.do\/wp-content\/uploads\/2024\/11\/Roberto-Angel-Salcedo-13.jpg?resize=350%2C200&ssl=1","width":350,"height":200,"srcset":"https:\/\/i0.wp.com\/lasprimeras.com.do\/wp-content\/uploads\/2024\/11\/Roberto-Angel-Salcedo-13.jpg?resize=350%2C200&ssl=1 1x, https:\/\/i0.wp.com\/lasprimeras.com.do\/wp-content\/uploads\/2024\/11\/Roberto-Angel-Salcedo-13.jpg?resize=525%2C300&ssl=1 1.5x, https:\/\/i0.wp.com\/lasprimeras.com.do\/wp-content\/uploads\/2024\/11\/Roberto-Angel-Salcedo-13.jpg?resize=700%2C400&ssl=1 2x"},"classes":[]}],"jetpack_sharing_enabled":true,"_links":{"self":[{"href":"https:\/\/lasprimeras.com.do\/index.php\/wp-json\/wp\/v2\/posts\/91108","targetHints":{"allow":["GET"]}}],"collection":[{"href":"https:\/\/lasprimeras.com.do\/index.php\/wp-json\/wp\/v2\/posts"}],"about":[{"href":"https:\/\/lasprimeras.com.do\/index.php\/wp-json\/wp\/v2\/types\/post"}],"author":[{"embeddable":true,"href":"https:\/\/lasprimeras.com.do\/index.php\/wp-json\/wp\/v2\/users\/2"}],"replies":[{"embeddable":true,"href":"https:\/\/lasprimeras.com.do\/index.php\/wp-json\/wp\/v2\/comments?post=91108"}],"version-history":[{"count":1,"href":"https:\/\/lasprimeras.com.do\/index.php\/wp-json\/wp\/v2\/posts\/91108\/revisions"}],"predecessor-version":[{"id":91110,"href":"https:\/\/lasprimeras.com.do\/index.php\/wp-json\/wp\/v2\/posts\/91108\/revisions\/91110"}],"wp:featuredmedia":[{"embeddable":true,"href":"https:\/\/lasprimeras.com.do\/index.php\/wp-json\/wp\/v2\/media\/91109"}],"wp:attachment":[{"href":"https:\/\/lasprimeras.com.do\/index.php\/wp-json\/wp\/v2\/media?parent=91108"}],"wp:term":[{"taxonomy":"category","embeddable":true,"href":"https:\/\/lasprimeras.com.do\/index.php\/wp-json\/wp\/v2\/categories?post=91108"},{"taxonomy":"post_tag","embeddable":true,"href":"https:\/\/lasprimeras.com.do\/index.php\/wp-json\/wp\/v2\/tags?post=91108"}],"curies":[{"name":"wp","href":"https:\/\/api.w.org\/{rel}","templated":true}]}}