{"id":91111,"date":"2024-11-09T21:39:26","date_gmt":"2024-11-10T01:39:26","guid":{"rendered":"https:\/\/lasprimeras.com.do\/?p=91111"},"modified":"2024-11-09T21:39:27","modified_gmt":"2024-11-10T01:39:27","slug":"jce-realizara-pruebas-que-podrian-afectar-el-servicio-de-la-ciudadania","status":"publish","type":"post","link":"https:\/\/lasprimeras.com.do\/index.php\/2024\/11\/09\/jce-realizara-pruebas-que-podrian-afectar-el-servicio-de-la-ciudadania\/","title":{"rendered":"JCE realizar\u00e1 pruebas que podr\u00edan afectar el servicio de la ciudadan\u00eda"},"content":{"rendered":"\n<p>La Junta Central Electoral (JCE) informa a la ciudadan\u00eda que durante el presente mes de noviembre se estar\u00e1 llevando a cabo un plan de pruebas aprobado por el Comit\u00e9 del Sistema de Gesti\u00f3n Integrado (SGI), conforme lo exige la Norma ISO 22301, de continuidad del negocio, en la cual el \u00f3rgano electoral esta certificada.<\/p>\n\n\n\n<p>La informaci\u00f3n se brinda a la ciudadan\u00eda en caso de que algunos servicios puedan verse afectados temporalmente, seg\u00fan las \u00e1reas que impacte.<\/p>\n\n\n\n<p>Estos ensayos iniciar\u00e1n este lunes 11 de noviembre con la Direcci\u00f3n Nacional de Cedulaci\u00f3n que estar\u00e1 realizando dichas pruebas en horario de 09:00 de la ma\u00f1ana hasta las 04: 00 de la tarde, que solo impactar\u00e1 el centro de cedulaci\u00f3n de la Junta del Distrito 01, donde los servicios estar\u00edan un poco m\u00e1s lentos.<\/p>\n\n\n\n<p>Asimismo, el 23 de noviembre la instituci\u00f3n no tendr\u00e1 disponible la Data Center Principal, por las pruebas que estar\u00e1n realizando las direcciones de Inform\u00e1tica, de Cedulaci\u00f3n y de Registro del Estado Civil, en horario de 02:00 p. m. hasta 04:00 p. m., esto solo impactar\u00e1 al Centro de Servicios de Plaza Central y la a la delegaci\u00f3n de Engombe, donde los servicios igualmente estar\u00edan un poco m\u00e1s lentos.<\/p>\n\n\n\n<p>De igual manera, el 29 de noviembre la Direcci\u00f3n de Seguridad Civil estar\u00e1 realizando la prueba de un simulacro de incendio y evacuaci\u00f3n, en horario de 10:00 a. m. hasta 12:00 p. m.<\/p>\n\n\n\n<p>Tambi\u00e9n habr\u00e1 indisponibilidad por falla el\u00e9ctrica por la Direcci\u00f3n de Infraestructura de 02:00 p. m. hasta 04:00 p. m., prueba que impactar\u00e1 la sede central de la JCE y Almac\u00e9n.<\/p>\n","protected":false},"excerpt":{"rendered":"<p>La Junta Central Electoral (JCE) informa a la ciudadan\u00eda que durante el presente mes de noviembre se estar\u00e1 llevando a cabo un plan de pruebas aprobado por el Comit\u00e9 del&hellip;<\/p>\n","protected":false},"author":2,"featured_media":80193,"comment_status":"open","ping_status":"open","sticky":false,"template":"","format":"standard","meta":{"content-type":"","jetpack_post_was_ever_published":false,"_jetpack_newsletter_access":"","_jetpack_dont_email_post_to_subs":false,"_jetpack_newsletter_tier_id":0,"_jetpack_memberships_contains_paywalled_content":false,"_jetpack_memberships_contains_paid_content":false,"footnotes":""},"categories":[35,25],"tags":[9111,183,2269,865],"class_list":["post-91111","post","type-post","status-publish","format-standard","has-post-thumbnail","hentry","category-nacionales","category-portada","tag-ciudadania","tag-jce","tag-pruebas","tag-servicio"],"jetpack_featured_media_url":"https:\/\/lasprimeras.com.do\/wp-content\/uploads\/2024\/04\/img-Fachada-Normal-JCE-1.jpg","jetpack-related-posts":[{"id":117232,"url":"https:\/\/lasprimeras.com.do\/index.php\/2025\/12\/09\/jce-suspendera-servicios-de-cedulacion-en-48-centros-el-9-y-10-de-diciembre\/","url_meta":{"origin":91111,"position":0},"title":"JCE suspender\u00e1 servicios de cedulaci\u00f3n en 48 centros el 9 y 10 de diciembre","author":"Nelson Feliz","date":"9 de diciembre de 2025","format":false,"excerpt":"La Junta Central Electoral (JCE) informa a la ciudadan\u00eda que ser\u00e1n suspendidos temporalmente los servicios en 48 centros de cedulaci\u00f3n a nivel nacional durante los d\u00edas 9 y 10 de diciembre de 2025 por trabajos t\u00e9cnicos. La suspensi\u00f3n tiene como objetivo realizar trabajos t\u00e9cnicos y jornadas de capacitaci\u00f3n del personal,\u2026","rel":"","context":"En \u00abNACIONALES\u00bb","block_context":{"text":"NACIONALES","link":"https:\/\/lasprimeras.com.do\/index.php\/category\/nacionales\/"},"img":{"alt_text":"","src":"https:\/\/i0.wp.com\/lasprimeras.com.do\/wp-content\/uploads\/2025\/11\/JCE.jpg?resize=350%2C200&ssl=1","width":350,"height":200,"srcset":"https:\/\/i0.wp.com\/lasprimeras.com.do\/wp-content\/uploads\/2025\/11\/JCE.jpg?resize=350%2C200&ssl=1 1x, https:\/\/i0.wp.com\/lasprimeras.com.do\/wp-content\/uploads\/2025\/11\/JCE.jpg?resize=525%2C300&ssl=1 1.5x, https:\/\/i0.wp.com\/lasprimeras.com.do\/wp-content\/uploads\/2025\/11\/JCE.jpg?resize=700%2C400&ssl=1 2x"},"classes":[]},{"id":127521,"url":"https:\/\/lasprimeras.com.do\/index.php\/2026\/04\/13\/jce-inicio-este-domingo-la-renovacion-de-la-nueva-cedula-a-nivel-nacional\/","url_meta":{"origin":91111,"position":1},"title":"JCE inici\u00f3 este domingo la renovaci\u00f3n de la nueva c\u00e9dula a nivel nacional","author":"Nelson Feliz","date":"13 de abril de 2026","format":false,"excerpt":"La Junta Central Electoral (JCE) inici\u00f3 oficialmente este domingo el proceso de renovaci\u00f3n de la c\u00e9dula de identidad y la c\u00e9dula de identidad y electoral en todo el territorio nacional. A partir de esta fecha, la ciudadan\u00eda podr\u00e1 realizar la captura de sus datos biom\u00e9tricos y personales con entrega inmediata\u2026","rel":"","context":"En \u00abNACIONALES\u00bb","block_context":{"text":"NACIONALES","link":"https:\/\/lasprimeras.com.do\/index.php\/category\/nacionales\/"},"img":{"alt_text":"","src":"https:\/\/i0.wp.com\/lasprimeras.com.do\/wp-content\/uploads\/2025\/11\/JCE.jpg?resize=350%2C200&ssl=1","width":350,"height":200,"srcset":"https:\/\/i0.wp.com\/lasprimeras.com.do\/wp-content\/uploads\/2025\/11\/JCE.jpg?resize=350%2C200&ssl=1 1x, https:\/\/i0.wp.com\/lasprimeras.com.do\/wp-content\/uploads\/2025\/11\/JCE.jpg?resize=525%2C300&ssl=1 1.5x, https:\/\/i0.wp.com\/lasprimeras.com.do\/wp-content\/uploads\/2025\/11\/JCE.jpg?resize=700%2C400&ssl=1 2x"},"classes":[]},{"id":126925,"url":"https:\/\/lasprimeras.com.do\/index.php\/2026\/04\/06\/fp-iniciara-este-martes-jornada-de-cedulacion-de-sus-dirigentes-en-coordinacion-con-la-jce\/","url_meta":{"origin":91111,"position":2},"title":"FP iniciar\u00e1 este martes jornada de cedulaci\u00f3n de sus dirigentes en coordinaci\u00f3n con la JCE","author":"Nelson Feliz","date":"6 de abril de 2026","format":false,"excerpt":"Con esta jornada, la FP, al igual que otras organizaciones, respalda a la JCE en el proceso de renovaci\u00f3n del nuevo documento oficial. El partido Fuerza del Pueblo, en coordinaci\u00f3n con la Junta Central Electoral (JCE), iniciar\u00e1 este martes 7 una jornada nacional de cedulaci\u00f3n dirigida a los integrantes de\u2026","rel":"","context":"En \u00abPOLITICA\u00bb","block_context":{"text":"POLITICA","link":"https:\/\/lasprimeras.com.do\/index.php\/category\/politica\/"},"img":{"alt_text":"Henry Mer\u00e1n","src":"https:\/\/i0.wp.com\/lasprimeras.com.do\/wp-content\/uploads\/2026\/04\/Henry-Meran.jpg?resize=350%2C200&ssl=1","width":350,"height":200,"srcset":"https:\/\/i0.wp.com\/lasprimeras.com.do\/wp-content\/uploads\/2026\/04\/Henry-Meran.jpg?resize=350%2C200&ssl=1 1x, https:\/\/i0.wp.com\/lasprimeras.com.do\/wp-content\/uploads\/2026\/04\/Henry-Meran.jpg?resize=525%2C300&ssl=1 1.5x, https:\/\/i0.wp.com\/lasprimeras.com.do\/wp-content\/uploads\/2026\/04\/Henry-Meran.jpg?resize=700%2C400&ssl=1 2x"},"classes":[]},{"id":75760,"url":"https:\/\/lasprimeras.com.do\/index.php\/2024\/02\/04\/jce-suspende-y-traslada-de-servicios-por-montaje-de-las-elecciones\/","url_meta":{"origin":91111,"position":3},"title":"JCE suspende y traslada de servicios por montaje de las elecciones","author":"Nelson Feliz","date":"4 de febrero de 2024","format":false,"excerpt":"La Junta Central Electoral (JCE) inform\u00f3 de la suspensi\u00f3n, traslado de servicios y ajustes de horarios para las dependencias de la instituci\u00f3n que operan en locales de las juntas electorales a partir del pr\u00f3ximo lunes 5 de febrero como parte del proceso de organizaci\u00f3n y montaje de las pr\u00f3ximas elecciones\u2026","rel":"","context":"En \u00abNACIONALES\u00bb","block_context":{"text":"NACIONALES","link":"https:\/\/lasprimeras.com.do\/index.php\/category\/nacionales\/"},"img":{"alt_text":"JCE","src":"https:\/\/i0.wp.com\/lasprimeras.com.do\/wp-content\/uploads\/2023\/07\/JCE.jpg?resize=350%2C200&ssl=1","width":350,"height":200,"srcset":"https:\/\/i0.wp.com\/lasprimeras.com.do\/wp-content\/uploads\/2023\/07\/JCE.jpg?resize=350%2C200&ssl=1 1x, https:\/\/i0.wp.com\/lasprimeras.com.do\/wp-content\/uploads\/2023\/07\/JCE.jpg?resize=525%2C300&ssl=1 1.5x, https:\/\/i0.wp.com\/lasprimeras.com.do\/wp-content\/uploads\/2023\/07\/JCE.jpg?resize=700%2C400&ssl=1 2x"},"classes":[]},{"id":91513,"url":"https:\/\/lasprimeras.com.do\/index.php\/2024\/11\/25\/jce-avanza-trabajos-para-renovacion-cedula-de-identidad-y-de-identidad-electoral\/","url_meta":{"origin":91111,"position":4},"title":"JCE avanza trabajos para renovaci\u00f3n C\u00e9dula de Identidad y de Identidad Electoral","author":"Nelson Feliz","date":"25 de noviembre de 2024","format":false,"excerpt":"La Junta Central Electoral (JCE) se reuni\u00f3 este lunes con delegados y representantes de partidos, movimientos y agrupaciones pol\u00edticas, dando continuidad a lo que ser\u00e1 el proceso de renovaci\u00f3n de la C\u00e9dula de Identidad y C\u00e9dula de Identidad y Electoral. El encuentro fue encabezado por los directores Am\u00e9rico Rodr\u00edguez, de\u2026","rel":"","context":"En \u00abNACIONALES\u00bb","block_context":{"text":"NACIONALES","link":"https:\/\/lasprimeras.com.do\/index.php\/category\/nacionales\/"},"img":{"alt_text":"","src":"https:\/\/i0.wp.com\/lasprimeras.com.do\/wp-content\/uploads\/2024\/11\/jce-cedula.jpg?resize=350%2C200&ssl=1","width":350,"height":200,"srcset":"https:\/\/i0.wp.com\/lasprimeras.com.do\/wp-content\/uploads\/2024\/11\/jce-cedula.jpg?resize=350%2C200&ssl=1 1x, https:\/\/i0.wp.com\/lasprimeras.com.do\/wp-content\/uploads\/2024\/11\/jce-cedula.jpg?resize=525%2C300&ssl=1 1.5x"},"classes":[]},{"id":128862,"url":"https:\/\/lasprimeras.com.do\/index.php\/2026\/04\/27\/jce-236-mil-solicitudes-para-nueva-cedula-en-dos-semanas\/","url_meta":{"origin":91111,"position":5},"title":"JCE: 236 mil solicitudes para nueva c\u00e9dula en dos semanas","author":"Nelson Feliz","date":"27 de abril de 2026","format":false,"excerpt":"La Junta Central Electoral recibi\u00f3 236 mil 358 solicitudes de servicios con miras a obtener la nueva c\u00e9dula de identidad y c\u00e9dula de identidad y electoral desde el domingo 12 al s\u00e1bado 25 de abril del presente a\u00f1o. De esta cifra, han sido entregadas 182,006 c\u00e9dulas en el nuevo formato\u2026","rel":"","context":"En \u00abNACIONALES\u00bb","block_context":{"text":"NACIONALES","link":"https:\/\/lasprimeras.com.do\/index.php\/category\/nacionales\/"},"img":{"alt_text":"","src":"https:\/\/i0.wp.com\/lasprimeras.com.do\/wp-content\/uploads\/2025\/11\/JCE.jpg?resize=350%2C200&ssl=1","width":350,"height":200,"srcset":"https:\/\/i0.wp.com\/lasprimeras.com.do\/wp-content\/uploads\/2025\/11\/JCE.jpg?resize=350%2C200&ssl=1 1x, https:\/\/i0.wp.com\/lasprimeras.com.do\/wp-content\/uploads\/2025\/11\/JCE.jpg?resize=525%2C300&ssl=1 1.5x, https:\/\/i0.wp.com\/lasprimeras.com.do\/wp-content\/uploads\/2025\/11\/JCE.jpg?resize=700%2C400&ssl=1 2x"},"classes":[]}],"jetpack_sharing_enabled":true,"_links":{"self":[{"href":"https:\/\/lasprimeras.com.do\/index.php\/wp-json\/wp\/v2\/posts\/91111","targetHints":{"allow":["GET"]}}],"collection":[{"href":"https:\/\/lasprimeras.com.do\/index.php\/wp-json\/wp\/v2\/posts"}],"about":[{"href":"https:\/\/lasprimeras.com.do\/index.php\/wp-json\/wp\/v2\/types\/post"}],"author":[{"embeddable":true,"href":"https:\/\/lasprimeras.com.do\/index.php\/wp-json\/wp\/v2\/users\/2"}],"replies":[{"embeddable":true,"href":"https:\/\/lasprimeras.com.do\/index.php\/wp-json\/wp\/v2\/comments?post=91111"}],"version-history":[{"count":1,"href":"https:\/\/lasprimeras.com.do\/index.php\/wp-json\/wp\/v2\/posts\/91111\/revisions"}],"predecessor-version":[{"id":91112,"href":"https:\/\/lasprimeras.com.do\/index.php\/wp-json\/wp\/v2\/posts\/91111\/revisions\/91112"}],"wp:featuredmedia":[{"embeddable":true,"href":"https:\/\/lasprimeras.com.do\/index.php\/wp-json\/wp\/v2\/media\/80193"}],"wp:attachment":[{"href":"https:\/\/lasprimeras.com.do\/index.php\/wp-json\/wp\/v2\/media?parent=91111"}],"wp:term":[{"taxonomy":"category","embeddable":true,"href":"https:\/\/lasprimeras.com.do\/index.php\/wp-json\/wp\/v2\/categories?post=91111"},{"taxonomy":"post_tag","embeddable":true,"href":"https:\/\/lasprimeras.com.do\/index.php\/wp-json\/wp\/v2\/tags?post=91111"}],"curies":[{"name":"wp","href":"https:\/\/api.w.org\/{rel}","templated":true}]}}