{"id":91115,"date":"2024-11-09T21:54:45","date_gmt":"2024-11-10T01:54:45","guid":{"rendered":"https:\/\/lasprimeras.com.do\/?p=91115"},"modified":"2024-11-09T21:54:47","modified_gmt":"2024-11-10T01:54:47","slug":"tenares-se-ahoga-entre-el-lodo-y-tierra","status":"publish","type":"post","link":"https:\/\/lasprimeras.com.do\/index.php\/2024\/11\/09\/tenares-se-ahoga-entre-el-lodo-y-tierra\/","title":{"rendered":"Tenares se \u201cahoga\u201d entre el lodo y tierra"},"content":{"rendered":"\n<p>TENARES.- Este municipio se \u201cahoga\u201d entre el lodo y las grandes pilas de tierras que por doquier dejan a sus pasos las brigadas de obreros que trabajan en la construcci\u00f3n del Sistema de Alcantarillado Sanitario, en donde adem\u00e1s expresan que dicha obra y seg\u00fan el ritmo que lleva, apunta a ser de muy mala calidad.<\/p>\n\n\n\n<p>As\u00ed se expresaron los dirigentes comunitarios Leocadio Hidaldo y Martina Guzm\u00e1n, quienes llamaron al Presidente Luis Abinader para que ordene rescindir el contrato con la compa\u00f1\u00eda que construye dicho sistema de alcantarillado de aguas residuales, pues estos alegan que la calidad de la misma no es la que se ajusta a lo que al municipio Tenares les prometieron.<\/p>\n\n\n\n<p>Retroexcavadora, la cual se alista para echar la tierra que fue sacada para introducir la tuber\u00eda.<br>En ese sentido, tanto Hidalgo como Guzm\u00e1n fueron categ\u00f3rico al afirmar, que por muy buenas intenciones que tenga el Presidente Luis Abinader y el director del Instituto Nacional de Agua Potable y Alcantarillados (Inapa), Wellington Arnaud, las supervisiones de rigor no se est\u00e1n haciendo como seg\u00fan los quejosos bien pudiera estar estipulado en el contrato de construcci\u00f3n de dicha obra.<\/p>\n\n\n\n<p>Expresan, que a las grandes zanjas que se abren para introducir las tuber\u00edas de dicho sistema de alcantarillado, les echan la misma tierra que sacan, lo que de manera irremediable producir\u00e1 grandes fallas cuando las calles sean reasfaltadas.<\/p>\n\n\n\n<p>\u201cNosotros en Tenares, creemos que nos merecemos una mejor obra, es por ello que llamamos tanto al Presidente como al director del Inapa, sobre todo a este \u00faltimo que ha mostrado real inter\u00e9s para que a Tenares se le cumpla, para que le quite la obra a esa compa\u00f1\u00eda y que adem\u00e1s, por donde quiera que estos han tapado las zanjas que sean abierta nuevamente para que les saquen esa tierra y les echen material de mina, del bueno, pues si las dejan as\u00ed, es un tollo que lo que tendremos como calles\u201d, dijeron.<\/p>\n\n\n\n<p>Alcald\u00eda hab\u00eda suspendido la obra<\/p>\n\n\n\n<p>Recientemente la alcald\u00eda de este municipio orden\u00f3 la suspensi\u00f3n de los trabajos de construcci\u00f3n del alcantarillado sanitario de esta localidad, los cuales seg\u00fan el alcalde Kelvin Herrera no presentan los est\u00e1ndares de calidad que demanda la misma.<\/p>\n\n\n\n<p>Una de las zanjas en la comunidad El Comaj\u00f3n.<\/p>\n\n\n\n<p>En ese sentido, indic\u00f3, que en la construcci\u00f3n del sistema de aguas residuales no se est\u00e1n usando materiales de calidad, lo que hace suponer que la obra es un verdadero desastre que debe ser corregido a tiempo, o de lo contrario, todos los recursos que en ella se inviertan ser\u00e1n una gran p\u00e9rdida para el Estado dominicano.<\/p>\n\n\n\n<p>Consejo Econ\u00f3mico<\/p>\n\n\n\n<p>Otra entidad que tambi\u00e9n dej\u00f3 sentir su alarma ante la denuncia que hoy hicieron Leocadio Hidaldo y Martina Guzm\u00e1n, fue el presidente del Consejo Econ\u00f3mico de Tenares, Levy Gonz\u00e1lez, el cual dijo que la gran mayor\u00eda de las calles de este municipio se encuentran intransitables, como consecuencia de las grandes cantidades de lodos y las zanjas que hay en los diversos sectores y zona c\u00e9ntrica de aqu\u00ed.<\/p>\n\n\n\n<p>\u201cAl parecer los materiales usados por la empresa constructora, no est\u00e1 usando el material adecuado para rellenar las zanjas y los hoyos que se hacen; esta terrible situaci\u00f3n ha estado prevaleciendo desde el inicio de dichos trabajos, pues desde que la obra comenz\u00f3 seg\u00fan observamos no est\u00e1n usando los materiales adecuados\u201d, concluy\u00f3.<\/p>\n\n\n\n<p>El proyecto<\/p>\n\n\n\n<p>El proyecto contempla la instalaci\u00f3n de 62 kil\u00f3metros de tuber\u00eda recolectora, m\u00e1s de 3,000 acometidas y una planta depuradora.<\/p>\n\n\n\n<p>De igual modo, incluye la construcci\u00f3n de m\u00e1s de 1,000 registros en hormig\u00f3n armado y una planta depuradora con capacidad para tratar un caudal de 550 galones por minuto y la misma beneficiar\u00e1 a una poblaci\u00f3n de 19,000 personas con una inversi\u00f3n de 1,000 millones de pesos.<\/p>\n\n\n\n<p>Fuente ElNacional<\/p>\n","protected":false},"excerpt":{"rendered":"<p>TENARES.- Este municipio se \u201cahoga\u201d entre el lodo y las grandes pilas de tierras que por doquier dejan a sus pasos las brigadas de obreros que trabajan en la construcci\u00f3n&hellip;<\/p>\n","protected":false},"author":2,"featured_media":91116,"comment_status":"open","ping_status":"open","sticky":false,"template":"","format":"standard","meta":{"content-type":"","jetpack_post_was_ever_published":false,"_jetpack_newsletter_access":"","_jetpack_dont_email_post_to_subs":false,"_jetpack_newsletter_tier_id":0,"_jetpack_memberships_contains_paywalled_content":false,"_jetpack_memberships_contains_paid_content":false,"footnotes":""},"categories":[35],"tags":[16352,16351,7772],"class_list":["post-91115","post","type-post","status-publish","format-standard","has-post-thumbnail","hentry","category-nacionales","tag-lodo","tag-tenares","tag-tierra"],"jetpack_featured_media_url":"https:\/\/lasprimeras.com.do\/wp-content\/uploads\/2024\/11\/lodo.jpg","jetpack-related-posts":[{"id":109128,"url":"https:\/\/lasprimeras.com.do\/index.php\/2025\/09\/14\/francisca-padilla-moviliza-la-solidaridad-de-tenares-y-el-amor-a-la-educacion-para-transformar-los-centros-educativos\/","url_meta":{"origin":91115,"position":0},"title":"Francisca Padilla moviliza la solidaridad de Tenares y el amor a la educaci\u00f3n para transformar los centros educativos","author":"Nelson Feliz","date":"14 de septiembre de 2025","format":false,"excerpt":"Un gesto de unidad y compromiso social se vivi\u00f3 en Tenares, donde comunitarios, voluntarios y ciudadanos de buena voluntad respondieron al llamado de la directora del Distrito Educativo 07-01, Francisca Padilla, para trabajar juntos en el remozamiento de varios centros educativos del municipio Tenares, Provincia Hermanas Mirabal. Las manos solidarias\u2026","rel":"","context":"En \u00abNACIONALES\u00bb","block_context":{"text":"NACIONALES","link":"https:\/\/lasprimeras.com.do\/index.php\/category\/nacionales\/"},"img":{"alt_text":"","src":"https:\/\/i0.wp.com\/lasprimeras.com.do\/wp-content\/uploads\/2025\/09\/Francisca-Padilla.jpg?resize=350%2C200&ssl=1","width":350,"height":200,"srcset":"https:\/\/i0.wp.com\/lasprimeras.com.do\/wp-content\/uploads\/2025\/09\/Francisca-Padilla.jpg?resize=350%2C200&ssl=1 1x, https:\/\/i0.wp.com\/lasprimeras.com.do\/wp-content\/uploads\/2025\/09\/Francisca-Padilla.jpg?resize=525%2C300&ssl=1 1.5x, https:\/\/i0.wp.com\/lasprimeras.com.do\/wp-content\/uploads\/2025\/09\/Francisca-Padilla.jpg?resize=700%2C400&ssl=1 2x"},"classes":[]},{"id":95868,"url":"https:\/\/lasprimeras.com.do\/index.php\/2025\/03\/21\/profesor-se-hace-eco-en-nyc-que-en-tenares-estudiantes-reciben-clases-en-funeraria-exhorta-gobierno-actuar\/","url_meta":{"origin":91115,"position":1},"title":"Profesor se hace eco en NYC que en Tenares estudiantes reciben clases en funeraria; exhorta gobierno actuar","author":"Nelson Feliz","date":"21 de marzo de 2025","format":false,"excerpt":"https:\/\/www.youtube.com\/watch?v=ZK-XJhnHT5s Por Ram\u00f3n Mercedes NUEVA YORK.- El profesor dominicano Rafael Encarnaci\u00f3n, certificado en el sistema de educaci\u00f3n del estado de NY, se hizo eco de la noticia publicada en la prensa nacional dando cuenta que estudiantes del municipio de Tenares, provincia Hermanas Mirabal, reciben clases en una funeraria. \u00abEs algo\u2026","rel":"","context":"En \u00abINTERNACIONALES\u00bb","block_context":{"text":"INTERNACIONALES","link":"https:\/\/lasprimeras.com.do\/index.php\/category\/sin-categoria\/internacionales\/"},"img":{"alt_text":"Profesor se hace eco NYC en funeraria Tenares estudiantes reciben clases en funeraria","src":"https:\/\/i0.wp.com\/lasprimeras.com.do\/wp-content\/uploads\/2025\/03\/WhatsApp-Image-2025-03-21-at-5.30.09-AM-2.jpeg?resize=350%2C200&ssl=1","width":350,"height":200,"srcset":"https:\/\/i0.wp.com\/lasprimeras.com.do\/wp-content\/uploads\/2025\/03\/WhatsApp-Image-2025-03-21-at-5.30.09-AM-2.jpeg?resize=350%2C200&ssl=1 1x, https:\/\/i0.wp.com\/lasprimeras.com.do\/wp-content\/uploads\/2025\/03\/WhatsApp-Image-2025-03-21-at-5.30.09-AM-2.jpeg?resize=525%2C300&ssl=1 1.5x, https:\/\/i0.wp.com\/lasprimeras.com.do\/wp-content\/uploads\/2025\/03\/WhatsApp-Image-2025-03-21-at-5.30.09-AM-2.jpeg?resize=700%2C400&ssl=1 2x"},"classes":[]},{"id":117502,"url":"https:\/\/lasprimeras.com.do\/index.php\/2025\/12\/11\/jornada-de-empleo-de-infotep-y-grupo-ramos-selecciona-a-59-aspirantes-para-nueva-tienda-en-tenares\/","url_meta":{"origin":91115,"position":2},"title":"Jornada de empleo de INFOTEP y Grupo Ramos selecciona a 59 aspirantes para nueva tienda en Tenares","author":"Nelson Feliz","date":"11 de diciembre de 2025","format":false,"excerpt":"\u00b7La jornada evidencia el impacto de la formaci\u00f3n t\u00e9cnico profesional en la inserci\u00f3n laboral y el crecimiento econ\u00f3mico de la provincia. El Instituto Nacional de Formaci\u00f3n T\u00e9cnico Profesional (INFOTEP), a trav\u00e9s de su Direcci\u00f3n Regional Cibao Nordeste, desarroll\u00f3 una feria de empleos en coordinaci\u00f3n con el Grupo Ramos, destinada al\u2026","rel":"","context":"En \u00abECONOM\u00cdA\u00bb","block_context":{"text":"ECONOM\u00cdA","link":"https:\/\/lasprimeras.com.do\/index.php\/category\/economia\/"},"img":{"alt_text":"","src":"https:\/\/i0.wp.com\/lasprimeras.com.do\/wp-content\/uploads\/2025\/12\/Jornada-de-empleo-de-INFOTEP-1.jpg?resize=350%2C200&ssl=1","width":350,"height":200,"srcset":"https:\/\/i0.wp.com\/lasprimeras.com.do\/wp-content\/uploads\/2025\/12\/Jornada-de-empleo-de-INFOTEP-1.jpg?resize=350%2C200&ssl=1 1x, https:\/\/i0.wp.com\/lasprimeras.com.do\/wp-content\/uploads\/2025\/12\/Jornada-de-empleo-de-INFOTEP-1.jpg?resize=525%2C300&ssl=1 1.5x, https:\/\/i0.wp.com\/lasprimeras.com.do\/wp-content\/uploads\/2025\/12\/Jornada-de-empleo-de-INFOTEP-1.jpg?resize=700%2C400&ssl=1 2x"},"classes":[]},{"id":90345,"url":"https:\/\/lasprimeras.com.do\/index.php\/2024\/10\/19\/fundacion-julian-flete-javier-anuncia-la-semana-ecologica-tenares-2024\/","url_meta":{"origin":91115,"position":3},"title":"Fundaci\u00f3n Juli\u00e1n Flete Javier anuncia la \u201cSemana Ecol\u00f3gica, Tenares 2024\u201d","author":"Nelson Feliz","date":"19 de octubre de 2024","format":false,"excerpt":"La Fundaci\u00f3n Juli\u00e1n Flete Javier, a trav\u00e9s de su proyecto RD Patria Verde, se complace en anunciar la celebraci\u00f3n de la Semana Ecol\u00f3gica, Tenares 2024, que tendr\u00e1 lugar del domingo 20 al viernes 25 de octubre en el municipio de Tenares. Esta iniciativa tiene como objetivo principal promover la conciencia\u2026","rel":"","context":"En \u00abNACIONALES\u00bb","block_context":{"text":"NACIONALES","link":"https:\/\/lasprimeras.com.do\/index.php\/category\/nacionales\/"},"img":{"alt_text":"","src":"https:\/\/i0.wp.com\/lasprimeras.com.do\/wp-content\/uploads\/2024\/10\/Fundacion-Julian-Flete-Javier.jpg?resize=350%2C200&ssl=1","width":350,"height":200},"classes":[]},{"id":98157,"url":"https:\/\/lasprimeras.com.do\/index.php\/2025\/05\/02\/dominicanos-nyc-muestran-preocupacion-por-constantes-temblores-tierra-rd\/","url_meta":{"origin":91115,"position":4},"title":"Dominicanos NYC muestran preocupaci\u00f3n por constantes temblores tierra RD","author":"Nelson Feliz","date":"2 de mayo de 2025","format":false,"excerpt":"Por Ram\u00f3n Mercedes NUEVA YORK.- Dominicanos en el Alto Manhattan muestran preocupaciones debido a que en los \u00faltimos 16 meses en la Rep\u00fablica Dominicana han ocurrido m\u00e1s de 20 temblores de tierra con magnitudes sobre los 4 grados, sismo significativo, pero con da\u00f1o poco probable. La noche del pasado lunes\u2026","rel":"","context":"En \u00abINTERNACIONALES\u00bb","block_context":{"text":"INTERNACIONALES","link":"https:\/\/lasprimeras.com.do\/index.php\/category\/sin-categoria\/internacionales\/"},"img":{"alt_text":"Dominicanos NYC muestran preocupaci\u00f3n por constantes temblores tierra RD","src":"https:\/\/i0.wp.com\/lasprimeras.com.do\/wp-content\/uploads\/2025\/05\/WhatsApp-Image-2025-05-02-at-6.11.53-AM-1.jpeg?resize=350%2C200&ssl=1","width":350,"height":200,"srcset":"https:\/\/i0.wp.com\/lasprimeras.com.do\/wp-content\/uploads\/2025\/05\/WhatsApp-Image-2025-05-02-at-6.11.53-AM-1.jpeg?resize=350%2C200&ssl=1 1x, https:\/\/i0.wp.com\/lasprimeras.com.do\/wp-content\/uploads\/2025\/05\/WhatsApp-Image-2025-05-02-at-6.11.53-AM-1.jpeg?resize=525%2C300&ssl=1 1.5x, https:\/\/i0.wp.com\/lasprimeras.com.do\/wp-content\/uploads\/2025\/05\/WhatsApp-Image-2025-05-02-at-6.11.53-AM-1.jpeg?resize=700%2C400&ssl=1 2x"},"classes":[]},{"id":91447,"url":"https:\/\/lasprimeras.com.do\/index.php\/2024\/11\/24\/una-riada-deja-mas-de-10-heridos-y-40-viviendas-afectadas-en-zona-de-la-paz\/","url_meta":{"origin":91115,"position":5},"title":"Una riada deja m\u00e1s de 10 heridos y 40 viviendas afectadas en zona de La Paz","author":"Nelson Feliz","date":"24 de noviembre de 2024","format":false,"excerpt":"La Paz, (EFE).- M\u00e1s de una decena de heridos y 40 viviendas afectadas dej\u00f3 una riada con lodo que lleg\u00f3 de golpe a la zona de Bajo Llojeta de La Paz, en Bolivia, despu\u00e9s que cayera una fuerte lluvia en la ciudad, inform\u00f3 este domingo la alcald\u00eda capitalina. Una intensa\u2026","rel":"","context":"En \u00abINTERNACIONALES\u00bb","block_context":{"text":"INTERNACIONALES","link":"https:\/\/lasprimeras.com.do\/index.php\/category\/sin-categoria\/internacionales\/"},"img":{"alt_text":"","src":"https:\/\/i0.wp.com\/lasprimeras.com.do\/wp-content\/uploads\/2024\/11\/riada.jpg?resize=350%2C200&ssl=1","width":350,"height":200},"classes":[]}],"jetpack_sharing_enabled":true,"_links":{"self":[{"href":"https:\/\/lasprimeras.com.do\/index.php\/wp-json\/wp\/v2\/posts\/91115","targetHints":{"allow":["GET"]}}],"collection":[{"href":"https:\/\/lasprimeras.com.do\/index.php\/wp-json\/wp\/v2\/posts"}],"about":[{"href":"https:\/\/lasprimeras.com.do\/index.php\/wp-json\/wp\/v2\/types\/post"}],"author":[{"embeddable":true,"href":"https:\/\/lasprimeras.com.do\/index.php\/wp-json\/wp\/v2\/users\/2"}],"replies":[{"embeddable":true,"href":"https:\/\/lasprimeras.com.do\/index.php\/wp-json\/wp\/v2\/comments?post=91115"}],"version-history":[{"count":1,"href":"https:\/\/lasprimeras.com.do\/index.php\/wp-json\/wp\/v2\/posts\/91115\/revisions"}],"predecessor-version":[{"id":91117,"href":"https:\/\/lasprimeras.com.do\/index.php\/wp-json\/wp\/v2\/posts\/91115\/revisions\/91117"}],"wp:featuredmedia":[{"embeddable":true,"href":"https:\/\/lasprimeras.com.do\/index.php\/wp-json\/wp\/v2\/media\/91116"}],"wp:attachment":[{"href":"https:\/\/lasprimeras.com.do\/index.php\/wp-json\/wp\/v2\/media?parent=91115"}],"wp:term":[{"taxonomy":"category","embeddable":true,"href":"https:\/\/lasprimeras.com.do\/index.php\/wp-json\/wp\/v2\/categories?post=91115"},{"taxonomy":"post_tag","embeddable":true,"href":"https:\/\/lasprimeras.com.do\/index.php\/wp-json\/wp\/v2\/tags?post=91115"}],"curies":[{"name":"wp","href":"https:\/\/api.w.org\/{rel}","templated":true}]}}