{"id":91158,"date":"2024-11-10T22:04:02","date_gmt":"2024-11-11T02:04:02","guid":{"rendered":"https:\/\/lasprimeras.com.do\/?p=91158"},"modified":"2024-11-10T22:04:03","modified_gmt":"2024-11-11T02:04:03","slug":"fp-rechaza-designacion-de-amparo-custodio-como-alcaldesa-de-la-vega","status":"publish","type":"post","link":"https:\/\/lasprimeras.com.do\/index.php\/2024\/11\/10\/fp-rechaza-designacion-de-amparo-custodio-como-alcaldesa-de-la-vega\/","title":{"rendered":"FP rechaza designaci\u00f3n de Amparo Custodio como alcaldesa de La Vega"},"content":{"rendered":"\n<p><strong>Advierten que si asume Alcald\u00eda estar\u00eda usurpando funciones.<\/strong><\/p>\n\n\n\n<p>El partido Fuerza del Pueblo (FP) expres\u00f3 su rechazo a la designaci\u00f3n de Amparo Custodio como alcaldesa del municipio de La Vega y pidi\u00f3 que esta se abstenga de asumir el cargo, pues estar\u00eda usurpando funciones.<\/p>\n\n\n\n<p>La posici\u00f3n del partido liderado por Leonel Fern\u00e1ndez surge despu\u00e9s de que la Sala Capitular de la Alcald\u00eda de La Vega revocara la decisi\u00f3n de la se\u00f1ora Amparo Custodio, a quien, al ser vicealcaldesa, le correspond\u00eda asumir la direcci\u00f3n de la Alcald\u00eda luego de que el presidente Luis Abinader nombrara al alcalde, Kelvin Cruz, como ministro de Deportes, lo que provoc\u00f3 una crisis en el liderazgo municipal.<\/p>\n\n\n\n<p>Tras la renuncia de Custodio en el mes de agosto pasado, en cumplimiento con la ley 176-07, la Sala Capitular design\u00f3 temporalmente al secretario general como alcalde interino mientras se resuelve la situaci\u00f3n.<\/p>\n\n\n\n<p>En la rueda de prensa, en la que se dio conocer la posici\u00f3n de la FP, Ignacio Ditr\u00e9n, secretario de Asuntos Municipales de la organizaci\u00f3n, acompa\u00f1ado de varios dirigentes del partido opositor en La Vega, critic\u00f3 que ahora a la Sala Capitular, pese a que no tiene facultad para ello, pretendan revocar la renuncia de Custodio y designarla como alcaldesa, adem\u00e1s de nombrar un vicealcalde, que actualmente es regidor, lo que constituye un absurdo.<\/p>\n\n\n\n<p>Ditr\u00e9n explic\u00f3 que en un par de meses ver\u00edamos a Amparo Custodio renunciar, para que el regidor vicealcalde que quieren imponer, asuma la direcci\u00f3n de la alcald\u00eda.<\/p>\n\n\n\n<p>Ante este conflicto, la FP y diversas organizaciones han exigido que se convoquen a nuevas elecciones, subrayando la importancia de que se respete la voluntad de los votantes. \u201cHacemos un llamado al respeto de la constituci\u00f3n, de la ley y de la voluntad del pueblo de La Vega\u201d, manifest\u00f3 Ditr\u00e9n en representaci\u00f3n de FP.<\/p>\n\n\n\n<p>En ese mismo sentido, el regidor de la Fuerza del Pueblo, Fernando S\u00e1nchez, se\u00f1al\u00f3 que los regidores ya han cumplido con el mandato de la Ley 176-07, conociendo la renuncia de Amparo Custodio, por lo que ahora \u201cno tiene sentido ni base legal que se quiera volver atr\u00e1s, cuando la ley no dispone este procedimiento\u201d.<\/p>\n\n\n\n<p>\u201cEl pueblo vot\u00f3 por un alcalde y una vicealcaldesa, y los dos de manera irresponsable abandonaron sus cargos\u201d, agreg\u00f3 S\u00e1nchez.<\/p>\n\n\n\n<p>Actualmente, la Alcald\u00eda de La Vega tiene 17 regidores: 12 pertenecen al oficialismo, 3 a la Fuerza del Pueblo y 2 al Partido de la Liberaci\u00f3n Dominicana.<\/p>\n","protected":false},"excerpt":{"rendered":"<p>Advierten que si asume Alcald\u00eda estar\u00eda usurpando funciones. El partido Fuerza del Pueblo (FP) expres\u00f3 su rechazo a la designaci\u00f3n de Amparo Custodio como alcaldesa del municipio de La Vega&hellip;<\/p>\n","protected":false},"author":2,"featured_media":91159,"comment_status":"open","ping_status":"open","sticky":false,"template":"","format":"standard","meta":{"content-type":"","jetpack_post_was_ever_published":false,"_jetpack_newsletter_access":"","_jetpack_dont_email_post_to_subs":false,"_jetpack_newsletter_tier_id":0,"_jetpack_memberships_contains_paywalled_content":false,"_jetpack_memberships_contains_paid_content":false,"footnotes":""},"categories":[1],"tags":[3305,14920,4960,158,940,5528],"class_list":["post-91158","post","type-post","status-publish","format-standard","has-post-thumbnail","hentry","category-sin-categoria","tag-alcaldesa","tag-amparo-custodio","tag-designacion","tag-fuerza-del-pueblo","tag-la-vega","tag-rechaza"],"jetpack_featured_media_url":"https:\/\/lasprimeras.com.do\/wp-content\/uploads\/2024\/11\/Ignacio-Ditren.jpg","jetpack-related-posts":[{"id":87912,"url":"https:\/\/lasprimeras.com.do\/index.php\/2024\/08\/19\/joel-martinez-asume-la-alcaldia-de-la-vega-tras-la-renuncia-de-amparo-custodio\/","url_meta":{"origin":91158,"position":0},"title":"Joel Mart\u00ednez asume la alcald\u00eda de La Vega tras la renuncia de Amparo Custodio","author":"Nelson Feliz","date":"19 de agosto de 2024","format":false,"excerpt":"Joel Mart\u00ednez asume provisionalmente la alcald\u00eda de La Vega tras la renuncia de Amparo Custodio. Mantendr\u00e1 la continuidad del plan de desarrollo municipal establecido por su predecesor, Kelvin Cruz. Por Carlos Santana En un inesperado giro pol\u00edtico, Joel Mart\u00ednez, hasta ahora secretario general del Ayuntamiento de La Vega, ha asumido\u2026","rel":"","context":"En \u00abPORTADA\u00bb","block_context":{"text":"PORTADA","link":"https:\/\/lasprimeras.com.do\/index.php\/category\/portada\/"},"img":{"alt_text":"JOEL MARTINEZ","src":"https:\/\/i0.wp.com\/lasprimeras.com.do\/wp-content\/uploads\/2024\/08\/JOEL-MARTINEZ.jpg?resize=350%2C200&ssl=1","width":350,"height":200,"srcset":"https:\/\/i0.wp.com\/lasprimeras.com.do\/wp-content\/uploads\/2024\/08\/JOEL-MARTINEZ.jpg?resize=350%2C200&ssl=1 1x, https:\/\/i0.wp.com\/lasprimeras.com.do\/wp-content\/uploads\/2024\/08\/JOEL-MARTINEZ.jpg?resize=525%2C300&ssl=1 1.5x"},"classes":[]},{"id":87991,"url":"https:\/\/lasprimeras.com.do\/index.php\/2024\/08\/19\/amparo-custodio-renuncia-a-vicealcaldia-de-la-vega-y-no-asumira-el-cabildo-ante-la-salida-de-kelvin-cruz\/","url_meta":{"origin":91158,"position":1},"title":"Amparo Custodio renuncia a vicealcald\u00eda de La Vega y no asumir\u00e1 el cabildo ante la salida de Kelvin Cruz","author":"Nelson Feliz","date":"19 de agosto de 2024","format":false,"excerpt":"La vicealcaldesa de La Vega, Amparo Custodio, renunci\u00f3 a su cargo, lo que la excluye de ser alcaldesa de ese municipio, tras la designaci\u00f3n del s\u00edndico Kelvin Cruz como ministro de Deportes y Recreaci\u00f3n. A trav\u00e9s de un comunicado, la dirigente del Frente Amplio indic\u00f3 que a pesar de que\u2026","rel":"","context":"En \u00abPORTADA\u00bb","block_context":{"text":"PORTADA","link":"https:\/\/lasprimeras.com.do\/index.php\/category\/portada\/"},"img":{"alt_text":"Amparo Custodio, al centro, al momento de anunciar su renuncia. A la derecha, Mar\u00eda Teresa Cabrera, presidente del Frente Amplio y a la izquierda Heidi Adon, secretaria generalExterna","src":"https:\/\/i0.wp.com\/lasprimeras.com.do\/wp-content\/uploads\/2024\/08\/Amparo-Custodio.jpeg?resize=350%2C200&ssl=1","width":350,"height":200,"srcset":"https:\/\/i0.wp.com\/lasprimeras.com.do\/wp-content\/uploads\/2024\/08\/Amparo-Custodio.jpeg?resize=350%2C200&ssl=1 1x, https:\/\/i0.wp.com\/lasprimeras.com.do\/wp-content\/uploads\/2024\/08\/Amparo-Custodio.jpeg?resize=525%2C300&ssl=1 1.5x, https:\/\/i0.wp.com\/lasprimeras.com.do\/wp-content\/uploads\/2024\/08\/Amparo-Custodio.jpeg?resize=700%2C400&ssl=1 2x"},"classes":[]},{"id":87988,"url":"https:\/\/lasprimeras.com.do\/index.php\/2024\/08\/20\/maria-teresa-cabrera-el-prm-presiono-a-vicealcaldesa-de-la-vega-para-que-renuncie\/","url_meta":{"origin":91158,"position":2},"title":"Mar\u00eda Teresa Cabrera: \u201cEl PRM presion\u00f3 a vicealcaldesa de La Vega para que renuncie\u201d","author":"Nelson Feliz","date":"20 de agosto de 2024","format":false,"excerpt":"La presidenta del Frente Amplio, Mar\u00eda Teresa Cabrera, manifest\u00f3 que la renuncia de la vicealcaldesa de La Vega, Amparo Custodio, para no dirigir ese ayuntamiento, se debi\u00f3 a presiones de miembros del Partido Revolucionario Moderno (PRM) en ese municipio. Cabrera, dijo que militantes y figuras que gravitan en el partido\u2026","rel":"","context":"En \u00abPORTADA\u00bb","block_context":{"text":"PORTADA","link":"https:\/\/lasprimeras.com.do\/index.php\/category\/portada\/"},"img":{"alt_text":"Mar\u00eda Teresa Cabrera","src":"https:\/\/i0.wp.com\/lasprimeras.com.do\/wp-content\/uploads\/2024\/08\/Maria-Teresa-Cabrera.jpg?resize=350%2C200&ssl=1","width":350,"height":200,"srcset":"https:\/\/i0.wp.com\/lasprimeras.com.do\/wp-content\/uploads\/2024\/08\/Maria-Teresa-Cabrera.jpg?resize=350%2C200&ssl=1 1x, https:\/\/i0.wp.com\/lasprimeras.com.do\/wp-content\/uploads\/2024\/08\/Maria-Teresa-Cabrera.jpg?resize=525%2C300&ssl=1 1.5x, https:\/\/i0.wp.com\/lasprimeras.com.do\/wp-content\/uploads\/2024\/08\/Maria-Teresa-Cabrera.jpg?resize=700%2C400&ssl=1 2x, https:\/\/i0.wp.com\/lasprimeras.com.do\/wp-content\/uploads\/2024\/08\/Maria-Teresa-Cabrera.jpg?resize=1050%2C600&ssl=1 3x"},"classes":[]},{"id":91064,"url":"https:\/\/lasprimeras.com.do\/index.php\/2024\/11\/08\/teodoro-considera-solucion-a-la-crisis-institucional-alcaldia-de-la-vega\/","url_meta":{"origin":91158,"position":3},"title":"Teodoro considera soluci\u00f3n a la crisis institucional alcald\u00eda de La Vega","author":"Nelson Feliz","date":"8 de noviembre de 2024","format":false,"excerpt":"El ex presidente del Colegio de Ingenieros, Arquitectos y Agrimensores \u2013CODIA- Ing. Teodoro Tejada favoreci\u00f3 la decisi\u00f3n de la Sala Capitular de la alcald\u00eda del municipio de La Vega, de dejar sin efecto la renuncia que hab\u00eda presentado al cargo la vice alcaldesa Amparo Custodio, para que asuma las funciones\u2026","rel":"","context":"En \u00abPORTADA\u00bb","block_context":{"text":"PORTADA","link":"https:\/\/lasprimeras.com.do\/index.php\/category\/portada\/"},"img":{"alt_text":"","src":"https:\/\/i0.wp.com\/lasprimeras.com.do\/wp-content\/uploads\/2024\/11\/Teodoro-Tejada.jpg?resize=350%2C200&ssl=1","width":350,"height":200,"srcset":"https:\/\/i0.wp.com\/lasprimeras.com.do\/wp-content\/uploads\/2024\/11\/Teodoro-Tejada.jpg?resize=350%2C200&ssl=1 1x, https:\/\/i0.wp.com\/lasprimeras.com.do\/wp-content\/uploads\/2024\/11\/Teodoro-Tejada.jpg?resize=525%2C300&ssl=1 1.5x"},"classes":[]},{"id":105749,"url":"https:\/\/lasprimeras.com.do\/index.php\/2025\/08\/06\/alcaldesa-amparo-custodio-encabeza-coronacion-reina-fiestas-patronales-en-la-vega\/","url_meta":{"origin":91158,"position":4},"title":"Alcaldesa Amparo Custodio encabeza coronaci\u00f3n Reina Fiestas Patronales en La Vega","author":"Nelson Feliz","date":"6 de agosto de 2025","format":false,"excerpt":"Con un despliegue de cultura y tradici\u00f3n, la alcaldesa Amparo Custodio presidi\u00f3 la coronaci\u00f3n de la Reina de las Fiestas Patronales en honor a Nuestra Se\u00f1ora de La Antigua 2025, en este municipio. El evento se realiz\u00f3 en el auditorio del Centro Juvenil Salesiano DOSA. Destac\u00f3 por su organizaci\u00f3n impecable\u2026","rel":"","context":"En \u00abENTRETENIMIENTO\u00bb","block_context":{"text":"ENTRETENIMIENTO","link":"https:\/\/lasprimeras.com.do\/index.php\/category\/entretenimiento\/"},"img":{"alt_text":"","src":"https:\/\/i0.wp.com\/lasprimeras.com.do\/wp-content\/uploads\/2025\/08\/custodio-1.jpg?resize=350%2C200&ssl=1","width":350,"height":200,"srcset":"https:\/\/i0.wp.com\/lasprimeras.com.do\/wp-content\/uploads\/2025\/08\/custodio-1.jpg?resize=350%2C200&ssl=1 1x, https:\/\/i0.wp.com\/lasprimeras.com.do\/wp-content\/uploads\/2025\/08\/custodio-1.jpg?resize=525%2C300&ssl=1 1.5x, https:\/\/i0.wp.com\/lasprimeras.com.do\/wp-content\/uploads\/2025\/08\/custodio-1.jpg?resize=700%2C400&ssl=1 2x"},"classes":[]},{"id":105182,"url":"https:\/\/lasprimeras.com.do\/index.php\/2025\/07\/31\/la-vega-cierra-con-exito-sus-olimpiadas-infantiles-municipales-2025%e2%81%a3%e2%81%a3\/","url_meta":{"origin":91158,"position":5},"title":"La Vega cierra con \u00e9xito sus Olimpiadas Infantiles Municipales 2025\u2063\u2063","author":"Nelson Feliz","date":"31 de julio de 2025","format":false,"excerpt":"El Pabell\u00f3n Deportivo Fernando Teruel fue el escenario del cierre de las Olimpiadas Infantiles Municipales 2025, organizadas por el Ayuntamiento de La Vega, bajo el liderazgo de la alcaldesa Amparo Custodio. \u2063\u2063El evento, que reuni\u00f3 a miles de familias, combin\u00f3 deporte, educaci\u00f3n y espect\u00e1culo. Se consolid\u00f3 como un espacio de\u2026","rel":"","context":"En \u00abNACIONALES\u00bb","block_context":{"text":"NACIONALES","link":"https:\/\/lasprimeras.com.do\/index.php\/category\/nacionales\/"},"img":{"alt_text":"","src":"https:\/\/i0.wp.com\/lasprimeras.com.do\/wp-content\/uploads\/2025\/07\/Olimpiadas-Infantiles-Municipales.jpg?resize=350%2C200&ssl=1","width":350,"height":200,"srcset":"https:\/\/i0.wp.com\/lasprimeras.com.do\/wp-content\/uploads\/2025\/07\/Olimpiadas-Infantiles-Municipales.jpg?resize=350%2C200&ssl=1 1x, https:\/\/i0.wp.com\/lasprimeras.com.do\/wp-content\/uploads\/2025\/07\/Olimpiadas-Infantiles-Municipales.jpg?resize=525%2C300&ssl=1 1.5x, https:\/\/i0.wp.com\/lasprimeras.com.do\/wp-content\/uploads\/2025\/07\/Olimpiadas-Infantiles-Municipales.jpg?resize=700%2C400&ssl=1 2x"},"classes":[]}],"jetpack_sharing_enabled":true,"_links":{"self":[{"href":"https:\/\/lasprimeras.com.do\/index.php\/wp-json\/wp\/v2\/posts\/91158","targetHints":{"allow":["GET"]}}],"collection":[{"href":"https:\/\/lasprimeras.com.do\/index.php\/wp-json\/wp\/v2\/posts"}],"about":[{"href":"https:\/\/lasprimeras.com.do\/index.php\/wp-json\/wp\/v2\/types\/post"}],"author":[{"embeddable":true,"href":"https:\/\/lasprimeras.com.do\/index.php\/wp-json\/wp\/v2\/users\/2"}],"replies":[{"embeddable":true,"href":"https:\/\/lasprimeras.com.do\/index.php\/wp-json\/wp\/v2\/comments?post=91158"}],"version-history":[{"count":1,"href":"https:\/\/lasprimeras.com.do\/index.php\/wp-json\/wp\/v2\/posts\/91158\/revisions"}],"predecessor-version":[{"id":91160,"href":"https:\/\/lasprimeras.com.do\/index.php\/wp-json\/wp\/v2\/posts\/91158\/revisions\/91160"}],"wp:featuredmedia":[{"embeddable":true,"href":"https:\/\/lasprimeras.com.do\/index.php\/wp-json\/wp\/v2\/media\/91159"}],"wp:attachment":[{"href":"https:\/\/lasprimeras.com.do\/index.php\/wp-json\/wp\/v2\/media?parent=91158"}],"wp:term":[{"taxonomy":"category","embeddable":true,"href":"https:\/\/lasprimeras.com.do\/index.php\/wp-json\/wp\/v2\/categories?post=91158"},{"taxonomy":"post_tag","embeddable":true,"href":"https:\/\/lasprimeras.com.do\/index.php\/wp-json\/wp\/v2\/tags?post=91158"}],"curies":[{"name":"wp","href":"https:\/\/api.w.org\/{rel}","templated":true}]}}