{"id":91167,"date":"2024-11-10T22:19:25","date_gmt":"2024-11-11T02:19:25","guid":{"rendered":"https:\/\/lasprimeras.com.do\/?p=91167"},"modified":"2024-11-10T22:19:27","modified_gmt":"2024-11-11T02:19:27","slug":"prd-llevara-al-tsa-caso-alcaldia-de-la-vega","status":"publish","type":"post","link":"https:\/\/lasprimeras.com.do\/index.php\/2024\/11\/10\/prd-llevara-al-tsa-caso-alcaldia-de-la-vega\/","title":{"rendered":"PRD llevar\u00e1 al TSA caso alcald\u00eda de La Vega"},"content":{"rendered":"\n<p>El Secretario de Asuntos Municipales del PRD, Victor Feliz, afirm\u00f3 que el Partido Revolucionario Dominicano est\u00e1 validando la posibilidad de ir al Tribunal Superior Administrativo (TSA) e interponer una denuncia para invalidar, todo lo que est\u00e1 pasando en La Vega, con respecto a la renuncia del alcalde y quien ocupar\u00e1 el puesto.<\/p>\n\n\n\n<p>En una entrevista en el programa Contacto 360, detall\u00f3 que tras la renuncia del alcalde y de la vicealcaldesa de esa localidad y el desconocimiento del Partido Revolucionario Moderno, que se ha burlado del pa\u00eds en cuanto a much\u00edsimos temas, crey\u00f3 que iba ser un episodio en el que se burlar\u00edan del pueblo.<\/p>\n\n\n\n<p>\u201cLa ley es clara, dice que el presidente de la Rep\u00fablica debe nombrar a un sustituto, la sala capitular no puede reunirse para nombrar uno, la ley dice que el presidente de la Rep\u00fablica conoce una comunicaci\u00f3n que le manda el presidente de la sala capitular de La Vega, dici\u00e9ndole que aqu\u00ed hay una vacante y le corresponde a usted designarlo\u201d, resalt\u00f3 al ser entrevistado por Jenkin Orozco, Lorena Herasme y Edward Hidalgo.<\/p>\n\n\n\n<p>El dirigente pol\u00edtico afirm\u00f3, que lo correcto era nombrar un presidente interino y 15 d\u00edas despu\u00e9s fuera designado un alcalde a la luz de la ley anterior.<\/p>\n\n\n\n<p>Revela trama del PRM para poner alcalde en La Vega<\/p>\n\n\n\n<p>F\u00e9liz revel\u00f3 que a ra\u00edz de que la Constituci\u00f3n de 2010, cay\u00f3 en desuso, le agregaron a la reciente Constituci\u00f3n el art\u00edculo 246, que dice que las vacantes que surgen en los gobiernos locales, ser\u00e1n resueltas conforme a lo que establezca la ley, eso tratando de darle vigencia al art\u00edculo 64 que cay\u00f3 en desuso.<\/p>\n\n\n\n<p>\u201cSe olvid\u00f3 que la ley no tiene efecto inmediato, por lo que hay que hacer una ley para ellos, entonces el Congreso Nacional tiene que modificar la ley, para que le de competencia al presidente u otro m\u00e9todo para seleccionar el alcalde de la Vega\u201d, expres\u00f3.<\/p>\n\n\n\n<p>Puntualiz\u00f3 que La Vega es un tema que el PRM, no se ha puesto de acuerdo y los tienen de relajo.<\/p>\n","protected":false},"excerpt":{"rendered":"<p>El Secretario de Asuntos Municipales del PRD, Victor Feliz, afirm\u00f3 que el Partido Revolucionario Dominicano est\u00e1 validando la posibilidad de ir al Tribunal Superior Administrativo (TSA) e interponer una denuncia&hellip;<\/p>\n","protected":false},"author":2,"featured_media":91168,"comment_status":"open","ping_status":"open","sticky":false,"template":"","format":"standard","meta":{"content-type":"","jetpack_post_was_ever_published":false,"_jetpack_newsletter_access":"","_jetpack_dont_email_post_to_subs":false,"_jetpack_newsletter_tier_id":0,"_jetpack_memberships_contains_paywalled_content":false,"_jetpack_memberships_contains_paid_content":false,"footnotes":""},"categories":[1],"tags":[869,1807,940,575,2713],"class_list":["post-91167","post","type-post","status-publish","format-standard","has-post-thumbnail","hentry","category-sin-categoria","tag-alcaldia","tag-caso","tag-la-vega","tag-prd","tag-tsa"],"jetpack_featured_media_url":"https:\/\/lasprimeras.com.do\/wp-content\/uploads\/2024\/11\/Victor-Feliz.jpg","jetpack-related-posts":[{"id":87912,"url":"https:\/\/lasprimeras.com.do\/index.php\/2024\/08\/19\/joel-martinez-asume-la-alcaldia-de-la-vega-tras-la-renuncia-de-amparo-custodio\/","url_meta":{"origin":91167,"position":0},"title":"Joel Mart\u00ednez asume la alcald\u00eda de La Vega tras la renuncia de Amparo Custodio","author":"Nelson Feliz","date":"19 de agosto de 2024","format":false,"excerpt":"Joel Mart\u00ednez asume provisionalmente la alcald\u00eda de La Vega tras la renuncia de Amparo Custodio. Mantendr\u00e1 la continuidad del plan de desarrollo municipal establecido por su predecesor, Kelvin Cruz. Por Carlos Santana En un inesperado giro pol\u00edtico, Joel Mart\u00ednez, hasta ahora secretario general del Ayuntamiento de La Vega, ha asumido\u2026","rel":"","context":"En \u00abPORTADA\u00bb","block_context":{"text":"PORTADA","link":"https:\/\/lasprimeras.com.do\/index.php\/category\/portada\/"},"img":{"alt_text":"JOEL MARTINEZ","src":"https:\/\/i0.wp.com\/lasprimeras.com.do\/wp-content\/uploads\/2024\/08\/JOEL-MARTINEZ.jpg?resize=350%2C200&ssl=1","width":350,"height":200,"srcset":"https:\/\/i0.wp.com\/lasprimeras.com.do\/wp-content\/uploads\/2024\/08\/JOEL-MARTINEZ.jpg?resize=350%2C200&ssl=1 1x, https:\/\/i0.wp.com\/lasprimeras.com.do\/wp-content\/uploads\/2024\/08\/JOEL-MARTINEZ.jpg?resize=525%2C300&ssl=1 1.5x"},"classes":[]},{"id":91158,"url":"https:\/\/lasprimeras.com.do\/index.php\/2024\/11\/10\/fp-rechaza-designacion-de-amparo-custodio-como-alcaldesa-de-la-vega\/","url_meta":{"origin":91167,"position":1},"title":"FP rechaza designaci\u00f3n de Amparo Custodio como alcaldesa de La Vega","author":"Nelson Feliz","date":"10 de noviembre de 2024","format":false,"excerpt":"Advierten que si asume Alcald\u00eda estar\u00eda usurpando funciones. El partido Fuerza del Pueblo (FP) expres\u00f3 su rechazo a la designaci\u00f3n de Amparo Custodio como alcaldesa del municipio de La Vega y pidi\u00f3 que esta se abstenga de asumir el cargo, pues estar\u00eda usurpando funciones. La posici\u00f3n del partido liderado por\u2026","rel":"","context":"En \u00abSin categor\u00eda\u00bb","block_context":{"text":"Sin categor\u00eda","link":"https:\/\/lasprimeras.com.do\/index.php\/category\/sin-categoria\/"},"img":{"alt_text":"Ignacio Ditren","src":"https:\/\/i0.wp.com\/lasprimeras.com.do\/wp-content\/uploads\/2024\/11\/Ignacio-Ditren.jpg?resize=350%2C200&ssl=1","width":350,"height":200,"srcset":"https:\/\/i0.wp.com\/lasprimeras.com.do\/wp-content\/uploads\/2024\/11\/Ignacio-Ditren.jpg?resize=350%2C200&ssl=1 1x, https:\/\/i0.wp.com\/lasprimeras.com.do\/wp-content\/uploads\/2024\/11\/Ignacio-Ditren.jpg?resize=525%2C300&ssl=1 1.5x, https:\/\/i0.wp.com\/lasprimeras.com.do\/wp-content\/uploads\/2024\/11\/Ignacio-Ditren.jpg?resize=700%2C400&ssl=1 2x"},"classes":[]},{"id":87991,"url":"https:\/\/lasprimeras.com.do\/index.php\/2024\/08\/19\/amparo-custodio-renuncia-a-vicealcaldia-de-la-vega-y-no-asumira-el-cabildo-ante-la-salida-de-kelvin-cruz\/","url_meta":{"origin":91167,"position":2},"title":"Amparo Custodio renuncia a vicealcald\u00eda de La Vega y no asumir\u00e1 el cabildo ante la salida de Kelvin Cruz","author":"Nelson Feliz","date":"19 de agosto de 2024","format":false,"excerpt":"La vicealcaldesa de La Vega, Amparo Custodio, renunci\u00f3 a su cargo, lo que la excluye de ser alcaldesa de ese municipio, tras la designaci\u00f3n del s\u00edndico Kelvin Cruz como ministro de Deportes y Recreaci\u00f3n. A trav\u00e9s de un comunicado, la dirigente del Frente Amplio indic\u00f3 que a pesar de que\u2026","rel":"","context":"En \u00abPORTADA\u00bb","block_context":{"text":"PORTADA","link":"https:\/\/lasprimeras.com.do\/index.php\/category\/portada\/"},"img":{"alt_text":"Amparo Custodio, al centro, al momento de anunciar su renuncia. A la derecha, Mar\u00eda Teresa Cabrera, presidente del Frente Amplio y a la izquierda Heidi Adon, secretaria generalExterna","src":"https:\/\/i0.wp.com\/lasprimeras.com.do\/wp-content\/uploads\/2024\/08\/Amparo-Custodio.jpeg?resize=350%2C200&ssl=1","width":350,"height":200,"srcset":"https:\/\/i0.wp.com\/lasprimeras.com.do\/wp-content\/uploads\/2024\/08\/Amparo-Custodio.jpeg?resize=350%2C200&ssl=1 1x, https:\/\/i0.wp.com\/lasprimeras.com.do\/wp-content\/uploads\/2024\/08\/Amparo-Custodio.jpeg?resize=525%2C300&ssl=1 1.5x, https:\/\/i0.wp.com\/lasprimeras.com.do\/wp-content\/uploads\/2024\/08\/Amparo-Custodio.jpeg?resize=700%2C400&ssl=1 2x"},"classes":[]},{"id":88517,"url":"https:\/\/lasprimeras.com.do\/index.php\/2024\/08\/29\/renuncias-en-alcaldia-de-la-vega-dejan-atras-vocacion-de-servicio\/","url_meta":{"origin":91167,"position":3},"title":"Renuncias en alcald\u00eda de La Vega dejan atr\u00e1s vocaci\u00f3n de servicio","author":"Nelson Feliz","date":"29 de agosto de 2024","format":false,"excerpt":"Es una decepci\u00f3n y un mal ejemplo que el alcalde Kelvin Cruz renunciara a la alcald\u00eda de La Vega, afirma Bol\u00edvar Marte, presidente provincial del PLD. El presidente provincial del Partido de la Liberaci\u00f3n Dominicana en La Vega, Bol\u00edvar Marte, consider\u00f3 como una decepci\u00f3n para los veganos la renuncia del\u2026","rel":"","context":"En \u00abPORTADA\u00bb","block_context":{"text":"PORTADA","link":"https:\/\/lasprimeras.com.do\/index.php\/category\/portada\/"},"img":{"alt_text":"Bol\u00edvar Marte","src":"https:\/\/i0.wp.com\/lasprimeras.com.do\/wp-content\/uploads\/2024\/08\/Bolivar-Marte.jpg?resize=350%2C200&ssl=1","width":350,"height":200,"srcset":"https:\/\/i0.wp.com\/lasprimeras.com.do\/wp-content\/uploads\/2024\/08\/Bolivar-Marte.jpg?resize=350%2C200&ssl=1 1x, https:\/\/i0.wp.com\/lasprimeras.com.do\/wp-content\/uploads\/2024\/08\/Bolivar-Marte.jpg?resize=525%2C300&ssl=1 1.5x, https:\/\/i0.wp.com\/lasprimeras.com.do\/wp-content\/uploads\/2024\/08\/Bolivar-Marte.jpg?resize=700%2C400&ssl=1 2x"},"classes":[]},{"id":69526,"url":"https:\/\/lasprimeras.com.do\/index.php\/2023\/12\/04\/karen-serrata-renuncia-del-prd\/","url_meta":{"origin":91167,"position":4},"title":"Karen Serrata renuncia del PRD","author":"Nelson Feliz","date":"4 de diciembre de 2023","format":false,"excerpt":"La dirigente pol\u00edtica era miembro de la comisi\u00f3n pol\u00edtica. La Vicepresidenta Nacional, Secretaria General de la Regi\u00f3n Metropolitana, miembro de la comisi\u00f3n pol\u00edtica y tambi\u00e9n precandidata a la alcald\u00eda de Los Alcarrizos, Karen Serrata, renunci\u00f3 a su militancia en el Partido Revolucionario Dominicano (PRD). La decisi\u00f3n de la dirigente pol\u00edtica\u2026","rel":"","context":"En \u00abSin categor\u00eda\u00bb","block_context":{"text":"Sin categor\u00eda","link":"https:\/\/lasprimeras.com.do\/index.php\/category\/sin-categoria\/"},"img":{"alt_text":"Karen Serrata","src":"https:\/\/i0.wp.com\/lasprimeras.com.do\/wp-content\/uploads\/2023\/12\/Karen-Serrata.jpg?resize=350%2C200&ssl=1","width":350,"height":200,"srcset":"https:\/\/i0.wp.com\/lasprimeras.com.do\/wp-content\/uploads\/2023\/12\/Karen-Serrata.jpg?resize=350%2C200&ssl=1 1x, https:\/\/i0.wp.com\/lasprimeras.com.do\/wp-content\/uploads\/2023\/12\/Karen-Serrata.jpg?resize=525%2C300&ssl=1 1.5x, https:\/\/i0.wp.com\/lasprimeras.com.do\/wp-content\/uploads\/2023\/12\/Karen-Serrata.jpg?resize=700%2C400&ssl=1 2x"},"classes":[]},{"id":103686,"url":"https:\/\/lasprimeras.com.do\/index.php\/2025\/07\/17\/el-prd-rinde-homenaje-postumo-a-rafael-fello-subervi-bonilla\/","url_meta":{"origin":91167,"position":5},"title":"El PRD rinde homenaje p\u00f3stumo a Rafael \u201cFello\u201d Suberv\u00ed Bonilla","author":"Nelson Feliz","date":"17 de julio de 2025","format":false,"excerpt":"El Partido Revolucionario Dominicano (PRD) rindi\u00f3 este jueves tributo a Rafael Suberv\u00ed Bonilla, quien fuera dirigente suyo y alcalde del Distrito Nacional, quien falleciera este la madrugada del martes. La ceremonia, celebrada en la Casa Nacional del PRD, fue presidida por Miguel Vargas Maldonado, presidente de este partido. Cont\u00f3 con\u2026","rel":"","context":"En \u00abNACIONALES\u00bb","block_context":{"text":"NACIONALES","link":"https:\/\/lasprimeras.com.do\/index.php\/category\/nacionales\/"},"img":{"alt_text":"","src":"https:\/\/i0.wp.com\/lasprimeras.com.do\/wp-content\/uploads\/2025\/07\/Miguel-Vargas-Maldonado.jpg?resize=350%2C200&ssl=1","width":350,"height":200,"srcset":"https:\/\/i0.wp.com\/lasprimeras.com.do\/wp-content\/uploads\/2025\/07\/Miguel-Vargas-Maldonado.jpg?resize=350%2C200&ssl=1 1x, https:\/\/i0.wp.com\/lasprimeras.com.do\/wp-content\/uploads\/2025\/07\/Miguel-Vargas-Maldonado.jpg?resize=525%2C300&ssl=1 1.5x, https:\/\/i0.wp.com\/lasprimeras.com.do\/wp-content\/uploads\/2025\/07\/Miguel-Vargas-Maldonado.jpg?resize=700%2C400&ssl=1 2x"},"classes":[]}],"jetpack_sharing_enabled":true,"_links":{"self":[{"href":"https:\/\/lasprimeras.com.do\/index.php\/wp-json\/wp\/v2\/posts\/91167","targetHints":{"allow":["GET"]}}],"collection":[{"href":"https:\/\/lasprimeras.com.do\/index.php\/wp-json\/wp\/v2\/posts"}],"about":[{"href":"https:\/\/lasprimeras.com.do\/index.php\/wp-json\/wp\/v2\/types\/post"}],"author":[{"embeddable":true,"href":"https:\/\/lasprimeras.com.do\/index.php\/wp-json\/wp\/v2\/users\/2"}],"replies":[{"embeddable":true,"href":"https:\/\/lasprimeras.com.do\/index.php\/wp-json\/wp\/v2\/comments?post=91167"}],"version-history":[{"count":1,"href":"https:\/\/lasprimeras.com.do\/index.php\/wp-json\/wp\/v2\/posts\/91167\/revisions"}],"predecessor-version":[{"id":91169,"href":"https:\/\/lasprimeras.com.do\/index.php\/wp-json\/wp\/v2\/posts\/91167\/revisions\/91169"}],"wp:featuredmedia":[{"embeddable":true,"href":"https:\/\/lasprimeras.com.do\/index.php\/wp-json\/wp\/v2\/media\/91168"}],"wp:attachment":[{"href":"https:\/\/lasprimeras.com.do\/index.php\/wp-json\/wp\/v2\/media?parent=91167"}],"wp:term":[{"taxonomy":"category","embeddable":true,"href":"https:\/\/lasprimeras.com.do\/index.php\/wp-json\/wp\/v2\/categories?post=91167"},{"taxonomy":"post_tag","embeddable":true,"href":"https:\/\/lasprimeras.com.do\/index.php\/wp-json\/wp\/v2\/tags?post=91167"}],"curies":[{"name":"wp","href":"https:\/\/api.w.org\/{rel}","templated":true}]}}