{"id":91258,"date":"2024-11-15T22:29:31","date_gmt":"2024-11-16T02:29:31","guid":{"rendered":"https:\/\/lasprimeras.com.do\/?p=91258"},"modified":"2024-11-15T22:29:32","modified_gmt":"2024-11-16T02:29:32","slug":"escuelas-vocacionales-graduan-7-374-estudiantes-de-la-region-sur","status":"publish","type":"post","link":"https:\/\/lasprimeras.com.do\/index.php\/2024\/11\/15\/escuelas-vocacionales-graduan-7-374-estudiantes-de-la-region-sur\/","title":{"rendered":"Escuelas Vocacionales grad\u00faan 7.374 estudiantes de la regi\u00f3n Sur"},"content":{"rendered":"\n<p>El director general de las Escuelas Vocacionales de las Fuerzas Armadas y de la Polic\u00eda Nacional (DIGEV), coronel Jos\u00e9 R. Reyes Su\u00e1rez, encabez\u00f3 el acto de graduaci\u00f3n regional de 7,374 estudiantes pertenecientes a 11 municipios de la regi\u00f3n Sur, quienes fueron capacitados en m\u00e1s de 60 acciones formativas.<\/p>\n\n\n\n<p>La Escuelas Vocacionales informaron que los 7.374 estudiantes graduados ahora tienen herramientas para su inserci\u00f3n laboral o emprende negocios, estos pertenecen a los municipios de Pedernales, Barahona, Azua, Neiba, Duverg\u00e9, Enriquillo, Boca de Cach\u00f3n, Vallejuelo, El\u00edas Pi\u00f1a, Arroyo Cano y las Matas de Farf\u00e1n.<\/p>\n\n\n\n<p>Reyes Su\u00e1rez, indic\u00f3 que esta es la primera graduaci\u00f3n regional que lleva a cabo la instituci\u00f3n educativa, correspondiente al periodo acad\u00e9mico 2024, donde se proyecta graduar una poblaci\u00f3n de m\u00e1s de 40 mil estudiantes como nuevos t\u00e9cnicos en m\u00e1s de 106 acciones formativas.<\/p>\n\n\n\n<p>Los estudiantes fueron formados como t\u00e9cnicos y auxiliares de contabilidad, ingl\u00e9s, franc\u00e9s, hoteler\u00eda, farmacia, ventas, bisuter\u00eda, decoraci\u00f3n de interiores, electricidad, instalador y reparador de l\u00edneas telef\u00f3nicas, refrigeraci\u00f3n, masaje corporal, oratoria y locuci\u00f3n, reparador de computadoras, instalador de redes, reposter\u00eda, secretariado ejecutivo, t\u00e9cnico dental, conductor de veh\u00edculos livianos, tallado en madera, entre otros.<\/p>\n\n\n\n<p>El acto oficial de la graduaci\u00f3n se realiz\u00f3 en las instalaciones de la Universidad Aut\u00f3noma de Santo Domingo de la provincia de Barahona, d\u00f3nde asistieron estudiantes, docentes, personal administrativo, autoridades civiles, militares y policiales de toda la regi\u00f3n Sur.<\/p>\n\n\n\n<p>Discurso<\/p>\n\n\n\n<p>Al pronunciar las palabras de exhortaci\u00f3n del acto, el director general de la DIGEV, coronel Reyes Su\u00e1rez, agradeci\u00f3 al Ministro de Defensa, teniente general Carlos Antonio Fern\u00e1ndez Onofre, por el respaldo constante a nuestra instituci\u00f3n y a sus programas acad\u00e9micos ya que \u00e9ste apoyo ha sido fundamental para que podamos iniciar la ejecuci\u00f3n de diversos proyectos y as\u00ed, aumentar el nivel de la educaci\u00f3n t\u00e9cnica, que nos permita mejorar las oportunidades y aportar significativamente en las comunidades y de igual forma contribuir al desarrollo del pa\u00eds.<\/p>\n\n\n\n<p>Recuerden siempre que el conocimiento es la base de una sociedad que progresa ya que lo aprendido en estas aulas contribuir\u00e1 con un futuro s\u00f3lido y prometedor.<\/p>\n","protected":false},"excerpt":{"rendered":"<p>El director general de las Escuelas Vocacionales de las Fuerzas Armadas y de la Polic\u00eda Nacional (DIGEV), coronel Jos\u00e9 R. Reyes Su\u00e1rez, encabez\u00f3 el acto de graduaci\u00f3n regional de 7,374&hellip;<\/p>\n","protected":false},"author":2,"featured_media":91259,"comment_status":"open","ping_status":"open","sticky":false,"template":"","format":"standard","meta":{"content-type":"","jetpack_post_was_ever_published":false,"_jetpack_newsletter_access":"","_jetpack_dont_email_post_to_subs":false,"_jetpack_newsletter_tier_id":0,"_jetpack_memberships_contains_paywalled_content":false,"_jetpack_memberships_contains_paid_content":false,"footnotes":""},"categories":[3057],"tags":[658,524,16403,6510,659],"class_list":["post-91258","post","type-post","status-publish","format-standard","has-post-thumbnail","hentry","category-militares","tag-escuelas","tag-estudiantes","tag-graduan","tag-region-sur","tag-vocacionales"],"jetpack_featured_media_url":"https:\/\/lasprimeras.com.do\/wp-content\/uploads\/2024\/11\/digevv-1.jpg","jetpack-related-posts":[{"id":91536,"url":"https:\/\/lasprimeras.com.do\/index.php\/2024\/11\/26\/las-escuelas-vocacionales-graduan-4288-estudiantes-de-la-region-norte\/","url_meta":{"origin":91258,"position":0},"title":"Las Escuelas Vocacionales grad\u00faan 4,288 estudiantes de la regi\u00f3n Norte","author":"Nelson Feliz","date":"26 de noviembre de 2024","format":false,"excerpt":"La Direcci\u00f3n General de las Escuelas Vocacionales de las Fuerzas Armadas y Polic\u00eda Nacional (DIGEV) del Ministerio de Defensa (MIDE), realizaron este viernes su cuarta graduaci\u00f3n correspondiente al periodo acad\u00e9mico 2024 donde 4,288 estudiantes de la regi\u00f3n Norte culminaron sus estudios en distintas carreras t\u00e9cnicas y especialidades. Los graduandos provienen\u2026","rel":"","context":"En \u00abMILITARES\u00bb","block_context":{"text":"MILITARES","link":"https:\/\/lasprimeras.com.do\/index.php\/category\/militares\/"},"img":{"alt_text":"","src":"https:\/\/i0.wp.com\/lasprimeras.com.do\/wp-content\/uploads\/2024\/11\/digev-2.jpg?resize=350%2C200&ssl=1","width":350,"height":200,"srcset":"https:\/\/i0.wp.com\/lasprimeras.com.do\/wp-content\/uploads\/2024\/11\/digev-2.jpg?resize=350%2C200&ssl=1 1x, https:\/\/i0.wp.com\/lasprimeras.com.do\/wp-content\/uploads\/2024\/11\/digev-2.jpg?resize=525%2C300&ssl=1 1.5x, https:\/\/i0.wp.com\/lasprimeras.com.do\/wp-content\/uploads\/2024\/11\/digev-2.jpg?resize=700%2C400&ssl=1 2x"},"classes":[]},{"id":91693,"url":"https:\/\/lasprimeras.com.do\/index.php\/2024\/12\/01\/digev-gradua-3935-estudiantes-de-la-region-nordeste\/","url_meta":{"origin":91258,"position":1},"title":"DIGEV grad\u00faa 3,935 estudiantes de la regi\u00f3n Nordeste","author":"Nelson Feliz","date":"1 de diciembre de 2024","format":false,"excerpt":"La Direcci\u00f3n General de las Escuelas Vocacionales de las Fuerzas Armadas y de la Polic\u00eda Nacional (DIGEV) del Ministerio de Defensa (MIDE), realizaron su quinta graduaci\u00f3n correspondiente al periodo acad\u00e9mico 2024, en la cual 3,935 estudiantes de Nagua, Mar\u00eda Trinidad S\u00e1nchez culminaron sus estudios en diversas carreras t\u00e9cnicas y especialidades.\u2026","rel":"","context":"En \u00abMILITARES\u00bb","block_context":{"text":"MILITARES","link":"https:\/\/lasprimeras.com.do\/index.php\/category\/militares\/"},"img":{"alt_text":"graduaci\u00f3n","src":"https:\/\/i0.wp.com\/lasprimeras.com.do\/wp-content\/uploads\/2024\/12\/WhatsApp-Image-2024-11-29-at-7.42.24-PM-1.jpeg?resize=350%2C200&ssl=1","width":350,"height":200,"srcset":"https:\/\/i0.wp.com\/lasprimeras.com.do\/wp-content\/uploads\/2024\/12\/WhatsApp-Image-2024-11-29-at-7.42.24-PM-1.jpeg?resize=350%2C200&ssl=1 1x, https:\/\/i0.wp.com\/lasprimeras.com.do\/wp-content\/uploads\/2024\/12\/WhatsApp-Image-2024-11-29-at-7.42.24-PM-1.jpeg?resize=525%2C300&ssl=1 1.5x, https:\/\/i0.wp.com\/lasprimeras.com.do\/wp-content\/uploads\/2024\/12\/WhatsApp-Image-2024-11-29-at-7.42.24-PM-1.jpeg?resize=700%2C400&ssl=1 2x, https:\/\/i0.wp.com\/lasprimeras.com.do\/wp-content\/uploads\/2024\/12\/WhatsApp-Image-2024-11-29-at-7.42.24-PM-1.jpeg?resize=1050%2C600&ssl=1 3x"},"classes":[]},{"id":68503,"url":"https:\/\/lasprimeras.com.do\/index.php\/2023\/11\/24\/digev-gradua-mas-de-7-mil-mujeres-y-hombres-de-10-municipios-de-la-region-sur\/","url_meta":{"origin":91258,"position":2},"title":"DIGEV grad\u00faa m\u00e1s de 7 mil mujeres y hombres de 10 municipios de la regi\u00f3n Sur","author":"BIMARY DE JES\u00daS Matos","date":"24 de noviembre de 2023","format":false,"excerpt":"Martin restituyo Barahona. -El director general de las Escuelas Vocacionales de las Fuerzas Armadas y de la Polic\u00eda Nacional (DIGEV), general de brigada ERD., Jorge L. Morel De Dios, encabez\u00f3 este viernes la graduaci\u00f3n formal de 7 mil 378 estudiantes pertenecientes a 10 municipios de la regi\u00f3n Sur quienes fueron\u2026","rel":"","context":"En \u00abPORTADA\u00bb","block_context":{"text":"PORTADA","link":"https:\/\/lasprimeras.com.do\/index.php\/category\/portada\/"},"img":{"alt_text":"","src":"https:\/\/i0.wp.com\/lasprimeras.com.do\/wp-content\/uploads\/2023\/11\/WhatsApp-Image-2023-11-24-at-3.21.23-PM.jpeg?resize=350%2C200&ssl=1","width":350,"height":200,"srcset":"https:\/\/i0.wp.com\/lasprimeras.com.do\/wp-content\/uploads\/2023\/11\/WhatsApp-Image-2023-11-24-at-3.21.23-PM.jpeg?resize=350%2C200&ssl=1 1x, https:\/\/i0.wp.com\/lasprimeras.com.do\/wp-content\/uploads\/2023\/11\/WhatsApp-Image-2023-11-24-at-3.21.23-PM.jpeg?resize=525%2C300&ssl=1 1.5x, https:\/\/i0.wp.com\/lasprimeras.com.do\/wp-content\/uploads\/2023\/11\/WhatsApp-Image-2023-11-24-at-3.21.23-PM.jpeg?resize=700%2C400&ssl=1 2x, https:\/\/i0.wp.com\/lasprimeras.com.do\/wp-content\/uploads\/2023\/11\/WhatsApp-Image-2023-11-24-at-3.21.23-PM.jpeg?resize=1050%2C600&ssl=1 3x"},"classes":[]},{"id":71033,"url":"https:\/\/lasprimeras.com.do\/index.php\/2023\/12\/16\/escuelas-vocacionales-cierran-programa-de-graduacion-2023-con-42-mil-300-nuevos-tecnicos-y-auxiliares\/","url_meta":{"origin":91258,"position":3},"title":"Escuelas Vocacionales cierran programa de graduaci\u00f3n 2023 con 42 mil 300 nuevos t\u00e9cnicos y auxiliares","author":"Nelson Feliz","date":"16 de diciembre de 2023","format":false,"excerpt":"Por Martin Restituyo La Direcci\u00f3n General de las Escuelas Vocacionales de las Fuerzas Armadas y de la Polic\u00eda Nacional (DIGEV) cerr\u00f3 hoy con \u00e9xito su programa de graduaci\u00f3n correspondiente al periodo acad\u00e9mico 2023 en donde se invistieron un total 42 mil nuevos t\u00e9cnicos y auxiliares en m\u00e1s de 100 acciones\u2026","rel":"","context":"En \u00abMILITARES\u00bb","block_context":{"text":"MILITARES","link":"https:\/\/lasprimeras.com.do\/index.php\/category\/militares\/"},"img":{"alt_text":"Escuelas Vocacionales","src":"https:\/\/i0.wp.com\/lasprimeras.com.do\/wp-content\/uploads\/2023\/12\/Escuelas-Vocacionales-1.jpg?resize=350%2C200&ssl=1","width":350,"height":200,"srcset":"https:\/\/i0.wp.com\/lasprimeras.com.do\/wp-content\/uploads\/2023\/12\/Escuelas-Vocacionales-1.jpg?resize=350%2C200&ssl=1 1x, https:\/\/i0.wp.com\/lasprimeras.com.do\/wp-content\/uploads\/2023\/12\/Escuelas-Vocacionales-1.jpg?resize=525%2C300&ssl=1 1.5x"},"classes":[]},{"id":69264,"url":"https:\/\/lasprimeras.com.do\/index.php\/2023\/11\/30\/digev-gradua-mas-4700-nuevos-tecnicos-en-la-vega-jarabacoa-moca-sajoma-gaspar-hernandez-y-mao\/","url_meta":{"origin":91258,"position":4},"title":"DIGEV grad\u00faa m\u00e1s 4,700 nuevos t\u00e9cnicos en La Vega, Jarabacoa, Moca, Sajoma, Gaspar Hern\u00e1ndez y Mao","author":"Nelson Feliz","date":"30 de noviembre de 2023","format":false,"excerpt":"Por Martin Restituyo\u00a0El director general de las Escuelas Vocacionales de las Fuerzas Armadas y de la Polic\u00eda Nacional (DIGEV), General de Brigada, Jorge Luis Morel De Dios; encabez\u00f3 el acto de graduaci\u00f3n de 4 mil 746 estudiantes, quienes se graduaron de distintos oficios y carreras t\u00e9cnicas que se imparten en\u2026","rel":"","context":"En \u00abMILITARES\u00bb","block_context":{"text":"MILITARES","link":"https:\/\/lasprimeras.com.do\/index.php\/category\/militares\/"},"img":{"alt_text":"","src":"https:\/\/i0.wp.com\/lasprimeras.com.do\/wp-content\/uploads\/2023\/11\/digev-1.jpg?resize=350%2C200&ssl=1","width":350,"height":200,"srcset":"https:\/\/i0.wp.com\/lasprimeras.com.do\/wp-content\/uploads\/2023\/11\/digev-1.jpg?resize=350%2C200&ssl=1 1x, https:\/\/i0.wp.com\/lasprimeras.com.do\/wp-content\/uploads\/2023\/11\/digev-1.jpg?resize=525%2C300&ssl=1 1.5x, https:\/\/i0.wp.com\/lasprimeras.com.do\/wp-content\/uploads\/2023\/11\/digev-1.jpg?resize=700%2C400&ssl=1 2x"},"classes":[]},{"id":70149,"url":"https:\/\/lasprimeras.com.do\/index.php\/2023\/12\/08\/digev-gradua-1044-privados-de-libertad-de-la-carcel-de-la-victoria\/","url_meta":{"origin":91258,"position":5},"title":"DIGEV grad\u00faa 1,044 privados de libertad de la c\u00e1rcel de La Victoria","author":"Nelson Feliz","date":"8 de diciembre de 2023","format":false,"excerpt":"Por Martin Restituyo\u00a0 El director general de las Escuelas Vocacionales de las Fuerzas Armadas y de la Polic\u00eda Nacional (DIGEV), General de Brigada Jorge Luis Morel De Dios; encabez\u00f3 hoy el acto graduaci\u00f3n de 1,044 privados de libertad de la c\u00e1rcel de La Victoria, Santo Domingo Norte, quienes se graduaron\u2026","rel":"","context":"En \u00abMILITARES\u00bb","block_context":{"text":"MILITARES","link":"https:\/\/lasprimeras.com.do\/index.php\/category\/militares\/"},"img":{"alt_text":"DIGEV","src":"https:\/\/i0.wp.com\/lasprimeras.com.do\/wp-content\/uploads\/2023\/12\/DIGEV-1.jpg?resize=350%2C200&ssl=1","width":350,"height":200,"srcset":"https:\/\/i0.wp.com\/lasprimeras.com.do\/wp-content\/uploads\/2023\/12\/DIGEV-1.jpg?resize=350%2C200&ssl=1 1x, https:\/\/i0.wp.com\/lasprimeras.com.do\/wp-content\/uploads\/2023\/12\/DIGEV-1.jpg?resize=525%2C300&ssl=1 1.5x, https:\/\/i0.wp.com\/lasprimeras.com.do\/wp-content\/uploads\/2023\/12\/DIGEV-1.jpg?resize=700%2C400&ssl=1 2x"},"classes":[]}],"jetpack_sharing_enabled":true,"_links":{"self":[{"href":"https:\/\/lasprimeras.com.do\/index.php\/wp-json\/wp\/v2\/posts\/91258","targetHints":{"allow":["GET"]}}],"collection":[{"href":"https:\/\/lasprimeras.com.do\/index.php\/wp-json\/wp\/v2\/posts"}],"about":[{"href":"https:\/\/lasprimeras.com.do\/index.php\/wp-json\/wp\/v2\/types\/post"}],"author":[{"embeddable":true,"href":"https:\/\/lasprimeras.com.do\/index.php\/wp-json\/wp\/v2\/users\/2"}],"replies":[{"embeddable":true,"href":"https:\/\/lasprimeras.com.do\/index.php\/wp-json\/wp\/v2\/comments?post=91258"}],"version-history":[{"count":1,"href":"https:\/\/lasprimeras.com.do\/index.php\/wp-json\/wp\/v2\/posts\/91258\/revisions"}],"predecessor-version":[{"id":91260,"href":"https:\/\/lasprimeras.com.do\/index.php\/wp-json\/wp\/v2\/posts\/91258\/revisions\/91260"}],"wp:featuredmedia":[{"embeddable":true,"href":"https:\/\/lasprimeras.com.do\/index.php\/wp-json\/wp\/v2\/media\/91259"}],"wp:attachment":[{"href":"https:\/\/lasprimeras.com.do\/index.php\/wp-json\/wp\/v2\/media?parent=91258"}],"wp:term":[{"taxonomy":"category","embeddable":true,"href":"https:\/\/lasprimeras.com.do\/index.php\/wp-json\/wp\/v2\/categories?post=91258"},{"taxonomy":"post_tag","embeddable":true,"href":"https:\/\/lasprimeras.com.do\/index.php\/wp-json\/wp\/v2\/tags?post=91258"}],"curies":[{"name":"wp","href":"https:\/\/api.w.org\/{rel}","templated":true}]}}