{"id":91283,"date":"2024-11-16T20:52:25","date_gmt":"2024-11-17T00:52:25","guid":{"rendered":"https:\/\/lasprimeras.com.do\/?p=91283"},"modified":"2024-11-16T20:52:26","modified_gmt":"2024-11-17T00:52:26","slug":"miles-marchan-en-chile-contra-los-discursos-de-odio-y-en-defensa-de-la-infancia-trans","status":"publish","type":"post","link":"https:\/\/lasprimeras.com.do\/index.php\/2024\/11\/16\/miles-marchan-en-chile-contra-los-discursos-de-odio-y-en-defensa-de-la-infancia-trans\/","title":{"rendered":"Miles marchan en Chile contra los discursos de odio y en defensa de la infancia trans"},"content":{"rendered":"\n<p>Santiago de Chile, (EFE).- Miles de personas se congregaron este s\u00e1bado en el centro de Santiago para defender los derechos de los ni\u00f1os y adolescentes trans y protestar contra los discursos de odio con motivo de la XII versi\u00f3n del Orgullo Parade y el D\u00eda Nacional de la Diversidad.<\/p>\n\n\n\n<p>&#8220;Exigimos, al mismo tiempo, la reforma a Ley Zamudio (contra la discriminaci\u00f3n) y una Ley de Educaci\u00f3n Sexual Integral y protestamos con fuerza contra los discursos de odio hacia las personas LGBTIQ+&#8221;, dijo durante el inicio de la marcha Javiera Z\u00fa\u00f1iga, vocera del Movimiento de Integraci\u00f3n y Liberaci\u00f3n Homosexual (Movilh).<\/p>\n\n\n\n<p>Seg\u00fan la asociaci\u00f3n, organizadora de la concentraci\u00f3n, en el \u00faltimo a\u00f1o los discursos de odio aumentaron un 123 % y se registraron un total de 1.597 casos de abusos contra personas LGBTI, la cifra m\u00e1s alta de la historia.<\/p>\n\n\n\n<p>&#8220;Muchos de quienes apoyaban nuestra causa hace pocos a\u00f1os, hoy guardan silencio frente a las arremetidas de odio. Se han replegado. Los instamos a levantar la voz, a solidarizar con la igualdad y la justicia&#8221;, a\u00f1adi\u00f3 por su parte el dirigente del Movilh, Rolando Jim\u00e9nez.<\/p>\n\n\n\n<p>Tras el Movilh, tom\u00f3 la palabra Natalia Alvarado, una ni\u00f1a trans de 13 a\u00f1os, que record\u00f3 que recientemente la C\u00e1mara de Diputadas y Diputados prohibi\u00f3 al Ministerio de Salud financiar las terapias de hormonizaci\u00f3n a menores de 18 a\u00f1os.<\/p>\n\n\n\n<p>&#8220;Yo tengo la oportunidad de hormonarme, pero s\u00e9 que hay ni\u00f1os y ni\u00f1as trans que no, a los que les cerraron las puertas, lo cual es muy injusto. Hay que visibilizar lo que est\u00e1 pasando y no quedarnos callados&#8221;, indic\u00f3 la joven activista.<\/p>\n\n\n\n<p>La marcha parti\u00f3 desde la c\u00e9ntrica Plaza Italia y concluy\u00f3 en Los H\u00e9roes, donde habr\u00e1 conciertos y espect\u00e1culos hasta la noche.<\/p>\n\n\n\n<p>Chile, un pa\u00eds que era tradicionalmente conservador y con una fuerte influencia del catolicismo, ha ido dando importantes pasos a favor de los derechos sexuales de las minor\u00edas, sobre todo tras el estallido social de 2019.<\/p>\n\n\n\n<p>Chile aprob\u00f3 el matrimonio igualitario en diciembre de 2021 y se convirti\u00f3 en el octavo pa\u00eds de la regi\u00f3n en hacerlo, tras Argentina, Brasil, Colombia, Uruguay, Ecuador, Costa Rica y varios estados de M\u00e9xico.<\/p>\n\n\n\n<p>Hasta entonces, las personas homosexuales solo pod\u00edan unirse bajo la figura jur\u00eddica del Acuerdo de Uni\u00f3n Civil (AUC), que no reconoce derechos de filiaci\u00f3n.<\/p>\n\n\n\n<p>Fuente Agencia EFE<\/p>\n","protected":false},"excerpt":{"rendered":"<p>Santiago de Chile, (EFE).- Miles de personas se congregaron este s\u00e1bado en el centro de Santiago para defender los derechos de los ni\u00f1os y adolescentes trans y protestar contra los&hellip;<\/p>\n","protected":false},"author":2,"featured_media":91284,"comment_status":"open","ping_status":"open","sticky":false,"template":"","format":"standard","meta":{"content-type":"","jetpack_post_was_ever_published":false,"_jetpack_newsletter_access":"","_jetpack_dont_email_post_to_subs":false,"_jetpack_newsletter_tier_id":0,"_jetpack_memberships_contains_paywalled_content":false,"_jetpack_memberships_contains_paid_content":false,"footnotes":""},"categories":[16289],"tags":[763,353,15900,16414,80,9205],"class_list":["post-91283","post","type-post","status-publish","format-standard","has-post-thumbnail","hentry","category-internacionales","tag-chile","tag-defensa","tag-discursos","tag-infancia-trans","tag-marcha","tag-odio"],"jetpack_featured_media_url":"https:\/\/lasprimeras.com.do\/wp-content\/uploads\/2024\/11\/trans.jpg","jetpack-related-posts":[{"id":73769,"url":"https:\/\/lasprimeras.com.do\/index.php\/2024\/01\/16\/ola-de-asesinatos-de-personas-transgenero-en-mexico-provoca-ira-y-protestas-de-la-comunidad-lgbtq\/","url_meta":{"origin":91283,"position":0},"title":"Ola de asesinatos de personas transg\u00e9nero en M\u00e9xico provoca ira y protestas de la comunidad LGBTQ+","author":"Nelson Feliz","date":"16 de enero de 2024","format":false,"excerpt":"POR MEGAN JANETSKY CIUDAD DE M\u00c9XICO (AP) \u2014 Las autoridades de M\u00e9xico dijeron que al menos tres personas transg\u00e9nero fueron asesinadas en las dos primeras semanas de 2024, y grupos de derechos humanos estaban investigando dos casos m\u00e1s de ese tipo. Los asesinatos marcaron un comienzo de a\u00f1o violento en\u2026","rel":"","context":"En \u00abSin categor\u00eda\u00bb","block_context":{"text":"Sin categor\u00eda","link":"https:\/\/lasprimeras.com.do\/index.php\/category\/sin-categoria\/"},"img":{"alt_text":"LGBTQ+","src":"https:\/\/i0.wp.com\/lasprimeras.com.do\/wp-content\/uploads\/2024\/01\/LGBTQ.jpg?resize=350%2C200&ssl=1","width":350,"height":200,"srcset":"https:\/\/i0.wp.com\/lasprimeras.com.do\/wp-content\/uploads\/2024\/01\/LGBTQ.jpg?resize=350%2C200&ssl=1 1x, https:\/\/i0.wp.com\/lasprimeras.com.do\/wp-content\/uploads\/2024\/01\/LGBTQ.jpg?resize=525%2C300&ssl=1 1.5x, https:\/\/i0.wp.com\/lasprimeras.com.do\/wp-content\/uploads\/2024\/01\/LGBTQ.jpg?resize=700%2C400&ssl=1 2x"},"classes":[]},{"id":66355,"url":"https:\/\/lasprimeras.com.do\/index.php\/2023\/11\/06\/embajador-de-rd-en-espana-pide-no-seguir-discurso-y-politicas-que-promuevan-el-odio-contra-haiti\/","url_meta":{"origin":91283,"position":1},"title":"Embajador de RD en Espa\u00f1a pide no seguir &#8220;discurso y pol\u012bticas que promuevan el odio contra Hait\u00ed&#8221;","author":"Nelson Feliz","date":"6 de noviembre de 2023","format":false,"excerpt":"\u201cHaitianos y dominicanos debemos entendernos\u201d. Pide evitar que en 10 a\u00f1os las relaciones de Hait\u00ed y RD se conviertan como las de Israel y Palestina que no pueden convivir pac\u00edficamente. Madrid.- El embajador de la Rep\u00fablica Dominicana ante el reino de Espa\u00f1a,el periodista Juan Bolivar D\u00edaz hizo un llamado a\u2026","rel":"","context":"En \u00abPORTADA\u00bb","block_context":{"text":"PORTADA","link":"https:\/\/lasprimeras.com.do\/index.php\/category\/portada\/"},"img":{"alt_text":"Juan Bolivar Diaz","src":"https:\/\/i0.wp.com\/lasprimeras.com.do\/wp-content\/uploads\/2023\/11\/Juan-Bolivar-Diaz.jpg?resize=350%2C200&ssl=1","width":350,"height":200,"srcset":"https:\/\/i0.wp.com\/lasprimeras.com.do\/wp-content\/uploads\/2023\/11\/Juan-Bolivar-Diaz.jpg?resize=350%2C200&ssl=1 1x, https:\/\/i0.wp.com\/lasprimeras.com.do\/wp-content\/uploads\/2023\/11\/Juan-Bolivar-Diaz.jpg?resize=525%2C300&ssl=1 1.5x"},"classes":[]},{"id":71907,"url":"https:\/\/lasprimeras.com.do\/index.php\/2023\/12\/25\/lula-pide-restaurar-paz-y-unidad-ante-odio-que-dividio-a-brasil\/","url_meta":{"origin":91283,"position":2},"title":"Lula pide restaurar paz y unidad ante \u00abodio que dividi\u00f3\u00bb a Brasil","author":"BIMARY DE JES\u00daS Matos","date":"25 de diciembre de 2023","format":false,"excerpt":"RIO DE JANEIRO.- El presidente de Brasil, Luiz In\u00e1cio Lula da Silva, ha pedido este domingo \u00abrestaurar la paz y la unidad\u00bb en Brasil ante el \u00abodio de algunos contra la democracia\u00bb que \u00abdej\u00f3 cicatrices y dividi\u00f3 al pa\u00eds\u00bb. As\u00ed lo ha expresado el mandatario en un discurso navide\u00f1o televisado,\u2026","rel":"","context":"En \u00abSin categor\u00eda\u00bb","block_context":{"text":"Sin categor\u00eda","link":"https:\/\/lasprimeras.com.do\/index.php\/category\/sin-categoria\/"},"img":{"alt_text":"","src":"https:\/\/i0.wp.com\/lasprimeras.com.do\/wp-content\/uploads\/2023\/12\/Bernie-Williams-le-roba-a-John-Olerud-un-jonron-que-empato-el-juego-con-una-atrapada-fantastica-4.jpg?resize=350%2C200&ssl=1","width":350,"height":200,"srcset":"https:\/\/i0.wp.com\/lasprimeras.com.do\/wp-content\/uploads\/2023\/12\/Bernie-Williams-le-roba-a-John-Olerud-un-jonron-que-empato-el-juego-con-una-atrapada-fantastica-4.jpg?resize=350%2C200&ssl=1 1x, https:\/\/i0.wp.com\/lasprimeras.com.do\/wp-content\/uploads\/2023\/12\/Bernie-Williams-le-roba-a-John-Olerud-un-jonron-que-empato-el-juego-con-una-atrapada-fantastica-4.jpg?resize=525%2C300&ssl=1 1.5x"},"classes":[]},{"id":64592,"url":"https:\/\/lasprimeras.com.do\/index.php\/2023\/10\/21\/cien-mil-marchan-en-londres-para-exigir-cese-bombardeos-de-israel-a-gaza\/","url_meta":{"origin":91283,"position":3},"title":"Cien mil marchan en Londres para exigir cese bombardeos de Israel a Gaza","author":"BIMARY DE JES\u00daS Matos","date":"21 de octubre de 2023","format":false,"excerpt":"EFE.-La Polic\u00eda Metropolitana de Londres ha confirmado la presencia de 100.000 personas en una multitudinaria marcha por Palestina que ha pedido este s\u00e1bado el fin inmediato de los bombardeos israel\u00edes sobre la Franja de Gaza. Israel lanz\u00f3 una campa\u00f1a contra el enclave el 7 de octubre en respuesta a un\u2026","rel":"","context":"En \u00abSin categor\u00eda\u00bb","block_context":{"text":"Sin categor\u00eda","link":"https:\/\/lasprimeras.com.do\/index.php\/category\/sin-categoria\/"},"img":{"alt_text":"","src":"https:\/\/i0.wp.com\/lasprimeras.com.do\/wp-content\/uploads\/2023\/10\/WhatsApp-Image-2023-10-21-at-12.51.33-PM-2.jpeg?resize=350%2C200&ssl=1","width":350,"height":200,"srcset":"https:\/\/i0.wp.com\/lasprimeras.com.do\/wp-content\/uploads\/2023\/10\/WhatsApp-Image-2023-10-21-at-12.51.33-PM-2.jpeg?resize=350%2C200&ssl=1 1x, https:\/\/i0.wp.com\/lasprimeras.com.do\/wp-content\/uploads\/2023\/10\/WhatsApp-Image-2023-10-21-at-12.51.33-PM-2.jpeg?resize=525%2C300&ssl=1 1.5x, https:\/\/i0.wp.com\/lasprimeras.com.do\/wp-content\/uploads\/2023\/10\/WhatsApp-Image-2023-10-21-at-12.51.33-PM-2.jpeg?resize=700%2C400&ssl=1 2x, https:\/\/i0.wp.com\/lasprimeras.com.do\/wp-content\/uploads\/2023\/10\/WhatsApp-Image-2023-10-21-at-12.51.33-PM-2.jpeg?resize=1050%2C600&ssl=1 3x"},"classes":[]},{"id":117719,"url":"https:\/\/lasprimeras.com.do\/index.php\/2025\/12\/14\/jose-antonio-kast-es-presidente-electo-de-chile-promete-un-cambio-real\/","url_meta":{"origin":91283,"position":4},"title":"Jos\u00e9 Antonio Kast es presidente electo de Chile, promete \u201cun cambio real\u201d","author":"Nelson Feliz","date":"14 de diciembre de 2025","format":false,"excerpt":"Chile, AP - Con m\u00e1s de 99% de las mesas escrutadas, ultraderechista Jos\u00e9 Antonio Kast obten\u00eda 58,18% de apoyo frente al 41,82% de Jeannette Jara, la candidata oficialista, para suceder al izquierdista Gabriel Boric como presidente de Chile. \u201cChile necesita orden: orden en las calles, en el Estado, en las\u2026","rel":"","context":"En \u00abINTERNACIONALES\u00bb","block_context":{"text":"INTERNACIONALES","link":"https:\/\/lasprimeras.com.do\/index.php\/category\/sin-categoria\/internacionales\/"},"img":{"alt_text":"Jos\u00e9 Antonio Kast","src":"https:\/\/i0.wp.com\/lasprimeras.com.do\/wp-content\/uploads\/2025\/12\/Jose-Antonio-Kast-2.jpg?resize=350%2C200&ssl=1","width":350,"height":200,"srcset":"https:\/\/i0.wp.com\/lasprimeras.com.do\/wp-content\/uploads\/2025\/12\/Jose-Antonio-Kast-2.jpg?resize=350%2C200&ssl=1 1x, https:\/\/i0.wp.com\/lasprimeras.com.do\/wp-content\/uploads\/2025\/12\/Jose-Antonio-Kast-2.jpg?resize=525%2C300&ssl=1 1.5x, https:\/\/i0.wp.com\/lasprimeras.com.do\/wp-content\/uploads\/2025\/12\/Jose-Antonio-Kast-2.jpg?resize=700%2C400&ssl=1 2x"},"classes":[]},{"id":100508,"url":"https:\/\/lasprimeras.com.do\/index.php\/2025\/06\/08\/marcha-de-orgullo-gay-en-eeuu-protesta-contra-trump\/","url_meta":{"origin":91283,"position":5},"title":"Marcha de orgullo gay en EEUU: protesta contra Trump","author":"Nelson Feliz","date":"8 de junio de 2025","format":false,"excerpt":"WASHINGTON (AP) \u2014 Despu\u00e9s de las ruidosas festividades multicolores del desfile del s\u00e1bado, el d\u00eda final del Orgullo Gay 2025 en la capital de Estados Unidos comenz\u00f3 con una nota m\u00e1s sombr\u00eda. M\u00e1s de 1.000 personas se reunieron bajo cielos grises el domingo por la ma\u00f1ana en el Lincoln Memorial\u2026","rel":"","context":"En \u00abINTERNACIONALES\u00bb","block_context":{"text":"INTERNACIONALES","link":"https:\/\/lasprimeras.com.do\/index.php\/category\/sin-categoria\/internacionales\/"},"img":{"alt_text":"","src":"https:\/\/i0.wp.com\/lasprimeras.com.do\/wp-content\/uploads\/2025\/06\/Marcha-Gay.jpg?resize=350%2C200&ssl=1","width":350,"height":200,"srcset":"https:\/\/i0.wp.com\/lasprimeras.com.do\/wp-content\/uploads\/2025\/06\/Marcha-Gay.jpg?resize=350%2C200&ssl=1 1x, https:\/\/i0.wp.com\/lasprimeras.com.do\/wp-content\/uploads\/2025\/06\/Marcha-Gay.jpg?resize=525%2C300&ssl=1 1.5x, https:\/\/i0.wp.com\/lasprimeras.com.do\/wp-content\/uploads\/2025\/06\/Marcha-Gay.jpg?resize=700%2C400&ssl=1 2x"},"classes":[]}],"jetpack_sharing_enabled":true,"_links":{"self":[{"href":"https:\/\/lasprimeras.com.do\/index.php\/wp-json\/wp\/v2\/posts\/91283","targetHints":{"allow":["GET"]}}],"collection":[{"href":"https:\/\/lasprimeras.com.do\/index.php\/wp-json\/wp\/v2\/posts"}],"about":[{"href":"https:\/\/lasprimeras.com.do\/index.php\/wp-json\/wp\/v2\/types\/post"}],"author":[{"embeddable":true,"href":"https:\/\/lasprimeras.com.do\/index.php\/wp-json\/wp\/v2\/users\/2"}],"replies":[{"embeddable":true,"href":"https:\/\/lasprimeras.com.do\/index.php\/wp-json\/wp\/v2\/comments?post=91283"}],"version-history":[{"count":1,"href":"https:\/\/lasprimeras.com.do\/index.php\/wp-json\/wp\/v2\/posts\/91283\/revisions"}],"predecessor-version":[{"id":91285,"href":"https:\/\/lasprimeras.com.do\/index.php\/wp-json\/wp\/v2\/posts\/91283\/revisions\/91285"}],"wp:featuredmedia":[{"embeddable":true,"href":"https:\/\/lasprimeras.com.do\/index.php\/wp-json\/wp\/v2\/media\/91284"}],"wp:attachment":[{"href":"https:\/\/lasprimeras.com.do\/index.php\/wp-json\/wp\/v2\/media?parent=91283"}],"wp:term":[{"taxonomy":"category","embeddable":true,"href":"https:\/\/lasprimeras.com.do\/index.php\/wp-json\/wp\/v2\/categories?post=91283"},{"taxonomy":"post_tag","embeddable":true,"href":"https:\/\/lasprimeras.com.do\/index.php\/wp-json\/wp\/v2\/tags?post=91283"}],"curies":[{"name":"wp","href":"https:\/\/api.w.org\/{rel}","templated":true}]}}