{"id":91286,"date":"2024-11-16T20:58:34","date_gmt":"2024-11-17T00:58:34","guid":{"rendered":"https:\/\/lasprimeras.com.do\/?p=91286"},"modified":"2024-11-16T20:58:34","modified_gmt":"2024-11-17T00:58:34","slug":"venezuela-libera-a-decenas-de-detenidos-tras-las-elecciones-presidenciales","status":"publish","type":"post","link":"https:\/\/lasprimeras.com.do\/index.php\/2024\/11\/16\/venezuela-libera-a-decenas-de-detenidos-tras-las-elecciones-presidenciales\/","title":{"rendered":"Venezuela libera a decenas de detenidos tras las elecciones presidenciales"},"content":{"rendered":"\n<p>France 24<\/p>\n\n\n\n<p>Al menos 60 detenidos en las manifestaciones tras las elecciones presidenciales en Venezuela fueron liberados este s\u00e1bado 16 de noviembre, seg\u00fan las ONG Foro Penal y el Comit\u00e9 por la Libertad de Presos Pol\u00edticos.<\/p>\n\n\n\n<p>La Fiscal\u00eda anunci\u00f3 el viernes que revisar\u00eda los casos de 225 arrestados, entre un total de 2.400 contabilizados por el Gobierno de Nicol\u00e1s Maduro.<\/p>\n\n\n\n<p>Las ONG Foro Penal y el Comit\u00e9 por la Libertad de los Presos Pol\u00edticos informaron este s\u00e1bado, 16 de noviembre, las excarcelaciones en diferentes centros penitenciarios del norte del pa\u00eds de los considerados por esos organismos como &#8220;presos pol\u00edticos&#8221;.<\/p>\n\n\n\n<p>Los liberados este s\u00e1bado forman parte de los miles de detenidos luego de las protestas contra el resultado oficial de las elecciones presidenciales del 28 de julio, en las que fue declarado ganador el presidente Nicol\u00e1s Maduro, en medio de denuncias de fraude.<\/p>\n\n\n\n<p>El presidente de Foro Penal, Alfredo Romero, indic\u00f3 en Instagram que en el centro penitenciario del estado de Aragua (norte), conocido como Tocor\u00f3n, han sido liberados hasta ahora 50 j\u00f3venes adultos, con medidas cautelares.<\/p>\n\n\n\n<p>&#8220;Hay que recordar que en Tocor\u00f3n hay m\u00e1s de 900 presos pol\u00edticos por situaci\u00f3n postelectoral&#8221;, a\u00f1adi\u00f3 Romero.<\/p>\n\n\n\n<p>La ONG Fundehullan comparti\u00f3 una fotograf\u00eda de Luis Alarc\u00f3n, un joven de 22 a\u00f1os que padece diabetes y que fue uno de los liberados de la c\u00e1rcel de Tocor\u00f3n.<\/p>\n\n\n\n<p>Con Reuters y EFE<\/p>\n","protected":false},"excerpt":{"rendered":"<p>France 24 Al menos 60 detenidos en las manifestaciones tras las elecciones presidenciales en Venezuela fueron liberados este s\u00e1bado 16 de noviembre, seg\u00fan las ONG Foro Penal y el Comit\u00e9&hellip;<\/p>\n","protected":false},"author":2,"featured_media":91287,"comment_status":"open","ping_status":"open","sticky":false,"template":"","format":"standard","meta":{"content-type":"","jetpack_post_was_ever_published":false,"_jetpack_newsletter_access":"","_jetpack_dont_email_post_to_subs":false,"_jetpack_newsletter_tier_id":0,"_jetpack_memberships_contains_paywalled_content":false,"_jetpack_memberships_contains_paid_content":false,"footnotes":""},"categories":[16289],"tags":[597,182,2854,1504,420],"class_list":["post-91286","post","type-post","status-publish","format-standard","has-post-thumbnail","hentry","category-internacionales","tag-detenidos","tag-elecciones","tag-libera","tag-presidenciales","tag-venezuela"],"jetpack_featured_media_url":"https:\/\/lasprimeras.com.do\/wp-content\/uploads\/2024\/11\/Venezuela-libera-a-decenas-de-detenidos.jpg","jetpack-related-posts":[{"id":91277,"url":"https:\/\/lasprimeras.com.do\/index.php\/2024\/11\/16\/maria-corina-machado-dice-que-presos-politicos-liberados-sufrieron-danos-irreparables\/","url_meta":{"origin":91286,"position":0},"title":"Mar\u00eda Corina Machado dice que &#8220;presos pol\u00edticos&#8221; liberados sufrieron &#8220;da\u00f1os irreparables&#8221;","author":"Nelson Feliz","date":"16 de noviembre de 2024","format":false,"excerpt":"Caracas, (EFE).- La l\u00edder opositora de Venezuela Mar\u00eda Corina Machado afirm\u00f3 este s\u00e1bado que los considerados \"presos pol\u00edticos\" que han sido liberados durante esta jornada de varias c\u00e1rceles del norte del pa\u00eds han sufrido \"da\u00f1os irreparables\", por lo que -indic\u00f3- merecen la \"libertad plena\", sin medidas posteriores \"a merced\" de\u2026","rel":"","context":"En \u00abINTERNACIONALES\u00bb","block_context":{"text":"INTERNACIONALES","link":"https:\/\/lasprimeras.com.do\/index.php\/category\/sin-categoria\/internacionales\/"},"img":{"alt_text":"Mar\u00eda Corina Machado","src":"https:\/\/i0.wp.com\/lasprimeras.com.do\/wp-content\/uploads\/2024\/11\/Maria-Corina-Machado.jpg?resize=350%2C200&ssl=1","width":350,"height":200,"srcset":"https:\/\/i0.wp.com\/lasprimeras.com.do\/wp-content\/uploads\/2024\/11\/Maria-Corina-Machado.jpg?resize=350%2C200&ssl=1 1x, https:\/\/i0.wp.com\/lasprimeras.com.do\/wp-content\/uploads\/2024\/11\/Maria-Corina-Machado.jpg?resize=525%2C300&ssl=1 1.5x"},"classes":[]},{"id":122765,"url":"https:\/\/lasprimeras.com.do\/index.php\/2026\/02\/22\/venezuela-evalua-medidas-de-gracia-en-medio-de-las-criticas-por-exclusiones-de-la-amnistia\/","url_meta":{"origin":91286,"position":1},"title":"Venezuela eval\u00faa \u00abmedidas de gracia\u00bb en medio de las cr\u00edticas por exclusiones de la amnist\u00eda","author":"Nelson Feliz","date":"22 de febrero de 2026","format":false,"excerpt":"Jorge Rodr\u00edguez","rel":"","context":"En \u00abINTERNACIONALES\u00bb","block_context":{"text":"INTERNACIONALES","link":"https:\/\/lasprimeras.com.do\/index.php\/category\/sin-categoria\/internacionales\/"},"img":{"alt_text":"","src":"https:\/\/i0.wp.com\/lasprimeras.com.do\/wp-content\/uploads\/2026\/02\/Jorge-Rodriguez.jpg?resize=350%2C200&ssl=1","width":350,"height":200,"srcset":"https:\/\/i0.wp.com\/lasprimeras.com.do\/wp-content\/uploads\/2026\/02\/Jorge-Rodriguez.jpg?resize=350%2C200&ssl=1 1x, https:\/\/i0.wp.com\/lasprimeras.com.do\/wp-content\/uploads\/2026\/02\/Jorge-Rodriguez.jpg?resize=525%2C300&ssl=1 1.5x, https:\/\/i0.wp.com\/lasprimeras.com.do\/wp-content\/uploads\/2026\/02\/Jorge-Rodriguez.jpg?resize=700%2C400&ssl=1 2x"},"classes":[]},{"id":90872,"url":"https:\/\/lasprimeras.com.do\/index.php\/2024\/11\/02\/bloque-opositor-de-venezuela-exige-la-liberacion-de-dirigente-detenido-hace-tres-meses\/","url_meta":{"origin":91286,"position":2},"title":"Bloque opositor de Venezuela exige la liberaci\u00f3n de dirigente detenido hace tres meses","author":"Nelson Feliz","date":"2 de noviembre de 2024","format":false,"excerpt":"Caracas,(EFE).- La mayor coalici\u00f3n opositora de Venezuela, Plataforma Unitaria Democr\u00e1tica (PUD), exigi\u00f3 este s\u00e1bado la liberaci\u00f3n del dirigente antichavista Roland Carre\u00f1o, de quien asegura que fue detenido por \"cuerpos de inteligencia del r\u00e9gimen de Nicol\u00e1s Maduro\" el pasado agosto. A trav\u00e9s de X, la PUD exigi\u00f3 que se libere \"de\u2026","rel":"","context":"En \u00abSin categor\u00eda\u00bb","block_context":{"text":"Sin categor\u00eda","link":"https:\/\/lasprimeras.com.do\/index.php\/category\/sin-categoria\/"},"img":{"alt_text":"","src":"https:\/\/i0.wp.com\/lasprimeras.com.do\/wp-content\/uploads\/2024\/11\/libertad.jpg?resize=350%2C200&ssl=1","width":350,"height":200,"srcset":"https:\/\/i0.wp.com\/lasprimeras.com.do\/wp-content\/uploads\/2024\/11\/libertad.jpg?resize=350%2C200&ssl=1 1x, https:\/\/i0.wp.com\/lasprimeras.com.do\/wp-content\/uploads\/2024\/11\/libertad.jpg?resize=525%2C300&ssl=1 1.5x, https:\/\/i0.wp.com\/lasprimeras.com.do\/wp-content\/uploads\/2024\/11\/libertad.jpg?resize=700%2C400&ssl=1 2x"},"classes":[]},{"id":91790,"url":"https:\/\/lasprimeras.com.do\/index.php\/2024\/12\/01\/familias-de-presos-politicos-en-venezuela-exigen-su-libertad-y-el-cese-de-la-represion\/","url_meta":{"origin":91286,"position":3},"title":"Familias de &#8220;presos pol\u00edticos&#8221; en Venezuela exigen su libertad y el cese de la &#8220;represi\u00f3n&#8221;","author":"Nelson Feliz","date":"1 de diciembre de 2024","format":false,"excerpt":"Caracas, (EFE).- Familiares y amigos de los considerados \"presos pol\u00edticos\" en Venezuela, acompa\u00f1ados de activistas y otros ciudadanos, llevaron a cabo este domingo una vigilia en una plaza de Caracas para exigir la liberaci\u00f3n de estos detenidos, as\u00ed como el \"cese de la represi\u00f3n\" en el pa\u00eds. Al grito de\u2026","rel":"","context":"En \u00abINTERNACIONALES\u00bb","block_context":{"text":"INTERNACIONALES","link":"https:\/\/lasprimeras.com.do\/index.php\/category\/sin-categoria\/internacionales\/"},"img":{"alt_text":"","src":"https:\/\/i0.wp.com\/lasprimeras.com.do\/wp-content\/uploads\/2024\/12\/familiares.jpg?resize=350%2C200&ssl=1","width":350,"height":200,"srcset":"https:\/\/i0.wp.com\/lasprimeras.com.do\/wp-content\/uploads\/2024\/12\/familiares.jpg?resize=350%2C200&ssl=1 1x, https:\/\/i0.wp.com\/lasprimeras.com.do\/wp-content\/uploads\/2024\/12\/familiares.jpg?resize=525%2C300&ssl=1 1.5x"},"classes":[]},{"id":91816,"url":"https:\/\/lasprimeras.com.do\/index.php\/2024\/12\/03\/familiares-desesperados-por-traslado-de-presas-politicas-dice-un-partido-antichavista\/","url_meta":{"origin":91286,"position":4},"title":"Familiares &#8220;desesperados&#8221; por traslado de &#8220;presas pol\u00edticas&#8221;, dice un partido antichavista","author":"Nelson Feliz","date":"3 de diciembre de 2024","format":false,"excerpt":"Caracas,(EFE).- Familiares de \"presas pol\u00edticas\" en Venezuela est\u00e1n \"desesperados\" luego de que trasladaran a 29 mujeres desde el estado Anzo\u00e1tegui (este) hasta un centro penitenciario en Miranda (norte, cercano a Caracas), asegur\u00f3 este martes el Comit\u00e9 de Derechos Humanos de Vente Venezuela (VV), partido liderado por la opositora Mar\u00eda Corina\u2026","rel":"","context":"En \u00abINTERNACIONALES\u00bb","block_context":{"text":"INTERNACIONALES","link":"https:\/\/lasprimeras.com.do\/index.php\/category\/sin-categoria\/internacionales\/"},"img":{"alt_text":"","src":"https:\/\/i0.wp.com\/lasprimeras.com.do\/wp-content\/uploads\/2024\/12\/ANTICHAVISTAS.jpg?resize=350%2C200&ssl=1","width":350,"height":200,"srcset":"https:\/\/i0.wp.com\/lasprimeras.com.do\/wp-content\/uploads\/2024\/12\/ANTICHAVISTAS.jpg?resize=350%2C200&ssl=1 1x, https:\/\/i0.wp.com\/lasprimeras.com.do\/wp-content\/uploads\/2024\/12\/ANTICHAVISTAS.jpg?resize=525%2C300&ssl=1 1.5x, https:\/\/i0.wp.com\/lasprimeras.com.do\/wp-content\/uploads\/2024\/12\/ANTICHAVISTAS.jpg?resize=700%2C400&ssl=1 2x"},"classes":[]},{"id":119605,"url":"https:\/\/lasprimeras.com.do\/index.php\/2026\/01\/14\/cientos-mas-en-venezuela-dicen-que-sus-seres-queridos-son-presos-politicos\/","url_meta":{"origin":91286,"position":5},"title":"Cientos m\u00e1s en Venezuela dicen que sus seres queridos son &#8220;presos pol\u00edticos&#8221;","author":"Nelson Feliz","date":"14 de enero de 2026","format":false,"excerpt":"Por Regina Garc\u00eda Cano y MEGAN JANETSKY GUANARE, Venezuela (AP) \u2014 La libertad lleg\u00f3 demasiado tarde para Edilson Torres. El oficial de polic\u00eda fue enterrado el martes en su humilde pueblo natal rural luego de su muerte en una prisi\u00f3n venezolana , donde estuvo incomunicado desde que fue detenido en\u2026","rel":"","context":"En \u00abINTERNACIONALES\u00bb","block_context":{"text":"INTERNACIONALES","link":"https:\/\/lasprimeras.com.do\/index.php\/category\/sin-categoria\/internacionales\/"},"img":{"alt_text":"","src":"https:\/\/i0.wp.com\/lasprimeras.com.do\/wp-content\/uploads\/2026\/01\/VENEZUELA.jpg?resize=350%2C200&ssl=1","width":350,"height":200,"srcset":"https:\/\/i0.wp.com\/lasprimeras.com.do\/wp-content\/uploads\/2026\/01\/VENEZUELA.jpg?resize=350%2C200&ssl=1 1x, https:\/\/i0.wp.com\/lasprimeras.com.do\/wp-content\/uploads\/2026\/01\/VENEZUELA.jpg?resize=525%2C300&ssl=1 1.5x, https:\/\/i0.wp.com\/lasprimeras.com.do\/wp-content\/uploads\/2026\/01\/VENEZUELA.jpg?resize=700%2C400&ssl=1 2x"},"classes":[]}],"jetpack_sharing_enabled":true,"_links":{"self":[{"href":"https:\/\/lasprimeras.com.do\/index.php\/wp-json\/wp\/v2\/posts\/91286","targetHints":{"allow":["GET"]}}],"collection":[{"href":"https:\/\/lasprimeras.com.do\/index.php\/wp-json\/wp\/v2\/posts"}],"about":[{"href":"https:\/\/lasprimeras.com.do\/index.php\/wp-json\/wp\/v2\/types\/post"}],"author":[{"embeddable":true,"href":"https:\/\/lasprimeras.com.do\/index.php\/wp-json\/wp\/v2\/users\/2"}],"replies":[{"embeddable":true,"href":"https:\/\/lasprimeras.com.do\/index.php\/wp-json\/wp\/v2\/comments?post=91286"}],"version-history":[{"count":1,"href":"https:\/\/lasprimeras.com.do\/index.php\/wp-json\/wp\/v2\/posts\/91286\/revisions"}],"predecessor-version":[{"id":91288,"href":"https:\/\/lasprimeras.com.do\/index.php\/wp-json\/wp\/v2\/posts\/91286\/revisions\/91288"}],"wp:featuredmedia":[{"embeddable":true,"href":"https:\/\/lasprimeras.com.do\/index.php\/wp-json\/wp\/v2\/media\/91287"}],"wp:attachment":[{"href":"https:\/\/lasprimeras.com.do\/index.php\/wp-json\/wp\/v2\/media?parent=91286"}],"wp:term":[{"taxonomy":"category","embeddable":true,"href":"https:\/\/lasprimeras.com.do\/index.php\/wp-json\/wp\/v2\/categories?post=91286"},{"taxonomy":"post_tag","embeddable":true,"href":"https:\/\/lasprimeras.com.do\/index.php\/wp-json\/wp\/v2\/tags?post=91286"}],"curies":[{"name":"wp","href":"https:\/\/api.w.org\/{rel}","templated":true}]}}