{"id":91322,"date":"2024-11-17T21:34:08","date_gmt":"2024-11-18T01:34:08","guid":{"rendered":"https:\/\/lasprimeras.com.do\/?p=91322"},"modified":"2024-11-17T21:34:09","modified_gmt":"2024-11-18T01:34:09","slug":"hombre-con-problemas-judiciales-se-refugia-en-el-reloj-del-bulevar-de-la-27-de-febrero","status":"publish","type":"post","link":"https:\/\/lasprimeras.com.do\/index.php\/2024\/11\/17\/hombre-con-problemas-judiciales-se-refugia-en-el-reloj-del-bulevar-de-la-27-de-febrero\/","title":{"rendered":"Hombre con problemas judiciales se refugia en el reloj del Bulevar de la 27 de Febrero"},"content":{"rendered":"\n<p>Agentes de la Polic\u00eda Nacional se presentaron al Bulevar de la avenida 27 de Febrero tras recibir la denuncia de varios transe\u00fantes sobre una persona que se refugia en lo alto del reloj de ese lugar.<\/p>\n\n\n\n<p>Seg\u00fan uno de los agentes de la Polic\u00eda Nacional, la persona que duerme all\u00ed es David Guerrero, quien enfrenta un proceso judicial por violencia de g\u00e9nero .<\/p>\n\n\n\n<p>El agente explic\u00f3 que no lograron encontrar a Guerrero en la zona, ya que, al parecer, solo utiliza la estructura para dormir.<\/p>\n\n\n\n<p>El hombre es buscado por las autoridades policiales mediante la orden de arresto 0592023EPEN00258. Las autoridades explicaron que Guerrero corre peligro, ya que la plataforma que utiliza para dormir est\u00e1 a punto de desprenderse.<\/p>\n\n\n\n<p>Al lugar acudieron tres unidades de la Polic\u00eda Nacional, un equipo de la Alcald\u00eda del Distrito Nacional y una brigada de los Bomberos.<\/p>\n\n\n\n<p>Fuente Diario Libre<\/p>\n","protected":false},"excerpt":{"rendered":"<p>Agentes de la Polic\u00eda Nacional se presentaron al Bulevar de la avenida 27 de Febrero tras recibir la denuncia de varios transe\u00fantes sobre una persona que se refugia en lo&hellip;<\/p>\n","protected":false},"author":2,"featured_media":91324,"comment_status":"open","ping_status":"open","sticky":false,"template":"","format":"standard","meta":{"content-type":"","jetpack_post_was_ever_published":false,"_jetpack_newsletter_access":"","_jetpack_dont_email_post_to_subs":false,"_jetpack_newsletter_tier_id":0,"_jetpack_memberships_contains_paywalled_content":false,"_jetpack_memberships_contains_paid_content":false,"footnotes":""},"categories":[35],"tags":[9727,8066,46,6158,1121,16426,16425],"class_list":["post-91322","post","type-post","status-publish","format-standard","has-post-thumbnail","hentry","category-nacionales","tag-27-de-febrero","tag-bulevar","tag-hombre","tag-judiciales","tag-problemas","tag-reloj","tag-se-refugia"],"jetpack_featured_media_url":"https:\/\/lasprimeras.com.do\/wp-content\/uploads\/2024\/11\/hombre-con-problemas-judiciales-se-refugia-en-el-reloj-del-bulevar-de-la-27-de-febrero.jpg","jetpack-related-posts":[{"id":76035,"url":"https:\/\/lasprimeras.com.do\/index.php\/2024\/02\/06\/agentes-pn-capturan-hombre-en-san-jose-de-ocoa\/","url_meta":{"origin":91322,"position":0},"title":"Agentes PN capturan hombre en San Jos\u00e9 de Ocoa","author":"Nelson Feliz","date":"6 de febrero de 2024","format":false,"excerpt":"Agentes de la Policia Nacional apresaron al nombrado Juan Antonio D\u00edaz Abreu, de 25 a\u00f1os edad, en la calle principal del Municipio Rancho Arriba, San Jos\u00e9 de Ocoa. D\u00edaz Abreu, fue conducido al Departamento de la Polic\u00eda Nacional de ese municipio sure\u00f1o. La detenci\u00f3n se llev\u00f3 a cabo debido a\u2026","rel":"","context":"En \u00abMILITARES\u00bb","block_context":{"text":"MILITARES","link":"https:\/\/lasprimeras.com.do\/index.php\/category\/militares\/"},"img":{"alt_text":"preso-celda","src":"https:\/\/i0.wp.com\/lasprimeras.com.do\/wp-content\/uploads\/2023\/06\/preso-celda.jpg?resize=350%2C200&ssl=1","width":350,"height":200,"srcset":"https:\/\/i0.wp.com\/lasprimeras.com.do\/wp-content\/uploads\/2023\/06\/preso-celda.jpg?resize=350%2C200&ssl=1 1x, https:\/\/i0.wp.com\/lasprimeras.com.do\/wp-content\/uploads\/2023\/06\/preso-celda.jpg?resize=525%2C300&ssl=1 1.5x, https:\/\/i0.wp.com\/lasprimeras.com.do\/wp-content\/uploads\/2023\/06\/preso-celda.jpg?resize=700%2C400&ssl=1 2x"},"classes":[]},{"id":106258,"url":"https:\/\/lasprimeras.com.do\/index.php\/2025\/08\/12\/rescatan-a-hombre-que-intento-lanzarse-de-puente-en-la-avenida-27-de-febrero\/","url_meta":{"origin":91322,"position":1},"title":"Rescatan a hombre que intent\u00f3 lanzarse de puente en la avenida 27 de Febrero","author":"Nelson Feliz","date":"12 de agosto de 2025","format":false,"excerpt":"Presuntamente, el caballero se encuentra afectado por problemas econ\u00f3micos. Un ambiente de tensi\u00f3n se vivi\u00f3 la ma\u00f1ana de este martes en la intersecci\u00f3n de la avenida 27 de Febrero con Carmen Mendoza, cuando un hombre intent\u00f3 atentar contra su vida al amenazar con lanzarse desde el puente peatonal. Nelson B\u00e1ez,\u2026","rel":"","context":"En \u00abNACIONALES\u00bb","block_context":{"text":"NACIONALES","link":"https:\/\/lasprimeras.com.do\/index.php\/category\/nacionales\/"},"img":{"alt_text":"","src":"https:\/\/i0.wp.com\/lasprimeras.com.do\/wp-content\/uploads\/2025\/08\/puente.jpg?resize=350%2C200&ssl=1","width":350,"height":200,"srcset":"https:\/\/i0.wp.com\/lasprimeras.com.do\/wp-content\/uploads\/2025\/08\/puente.jpg?resize=350%2C200&ssl=1 1x, https:\/\/i0.wp.com\/lasprimeras.com.do\/wp-content\/uploads\/2025\/08\/puente.jpg?resize=525%2C300&ssl=1 1.5x"},"classes":[]},{"id":61552,"url":"https:\/\/lasprimeras.com.do\/index.php\/2023\/09\/26\/ministra-de-la-mujer-afirma-haitiana-fue-violada-por-un-policia-en-el-aila\/","url_meta":{"origin":91322,"position":2},"title":"Ministra de la Mujer afirma haitiana fue violada por un polic\u00eda en el AILA","author":"Nelson Feliz","date":"26 de septiembre de 2023","format":false,"excerpt":"La ministra de la Mujer, Mayra Jim\u00e9nez, afirm\u00f3 que el hombre acusado de violar a una mujer de nacionalidad haitiana en el Aeropuerto Internacional de las Am\u00e9ricas, doctor Jos\u00e9 Francisco Pe\u00f1a G\u00f3mez (AILA), es un miembro de la Polic\u00eda Nacional, seg\u00fan le inform\u00f3 a esa instituci\u00f3n la v\u00edctima. El agente\u2026","rel":"","context":"En \u00abNACIONALES\u00bb","block_context":{"text":"NACIONALES","link":"https:\/\/lasprimeras.com.do\/index.php\/category\/nacionales\/"},"img":{"alt_text":"haitiana violada","src":"https:\/\/i0.wp.com\/lasprimeras.com.do\/wp-content\/uploads\/2023\/09\/haitiana-violada.jpeg?resize=350%2C200&ssl=1","width":350,"height":200,"srcset":"https:\/\/i0.wp.com\/lasprimeras.com.do\/wp-content\/uploads\/2023\/09\/haitiana-violada.jpeg?resize=350%2C200&ssl=1 1x, https:\/\/i0.wp.com\/lasprimeras.com.do\/wp-content\/uploads\/2023\/09\/haitiana-violada.jpeg?resize=525%2C300&ssl=1 1.5x, https:\/\/i0.wp.com\/lasprimeras.com.do\/wp-content\/uploads\/2023\/09\/haitiana-violada.jpeg?resize=700%2C400&ssl=1 2x"},"classes":[]},{"id":80083,"url":"https:\/\/lasprimeras.com.do\/index.php\/2024\/04\/03\/policia-apresa-en-gualey-hombre-recibio-cerca-de-30-transferencias-ilicitas-en-perjuicio-de-un-ciudadano\/","url_meta":{"origin":91322,"position":3},"title":"Polic\u00eda apresa en Gualey hombre recibi\u00f3 cerca de 30 transferencias il\u00edcitas en perjuicio de un ciudadano","author":"BIMARY DE JES\u00daS Matos","date":"3 de abril de 2024","format":false,"excerpt":"Martin Restituyo Santo Domingo.-Agentes policiales, adscritos al Departamento de Investigaciones de Cr\u00edmenes y Delitos de Alta Tecnolog\u00eda (DICAT), arrestaron en el sector de Gualey, del Distrito Nacional, a un hombre quien result\u00f3 beneficiario de la suma total de 63,000 pesos por medio de 29 transferencias bancarias de manera il\u00edcita, en\u2026","rel":"","context":"En \u00abNACIONALES\u00bb","block_context":{"text":"NACIONALES","link":"https:\/\/lasprimeras.com.do\/index.php\/category\/nacionales\/"},"img":{"alt_text":"","src":"https:\/\/i0.wp.com\/lasprimeras.com.do\/wp-content\/uploads\/2024\/04\/image_content_8893954_20170930125102-focus-0-0-375-240.jpg?resize=350%2C200&ssl=1","width":350,"height":200},"classes":[]},{"id":79507,"url":"https:\/\/lasprimeras.com.do\/index.php\/2024\/03\/27\/envian-a-prision-a-hombre-que-desafio-policias-a-punta-de-pistola-en-aeropuerto\/","url_meta":{"origin":91322,"position":4},"title":"Env\u00edan a prisi\u00f3n a hombre que desafi\u00f3 polic\u00edas a punta de pistola en aeropuerto","author":"Nelson Feliz","date":"27 de marzo de 2024","format":false,"excerpt":"El imputado Natanael Eleodoro Contreras Padilla, deber\u00e1 de cumplir la medida de coerci\u00f3n por espacio de tres meses en el Centro de Correcci\u00f3n y Rehabilitaci\u00f3n Rafey Hombres de Santiago. La Oficina Judicial de Servicios de Atenci\u00f3n Permanente del distrito judicial de Santiago, dict\u00f3 tres meses de prisi\u00f3n preventiva como medida\u2026","rel":"","context":"En \u00abJUSTICIA\u00bb","block_context":{"text":"JUSTICIA","link":"https:\/\/lasprimeras.com.do\/index.php\/category\/justicia\/"},"img":{"alt_text":"preso-celda","src":"https:\/\/i0.wp.com\/lasprimeras.com.do\/wp-content\/uploads\/2023\/06\/preso-celda.jpg?resize=350%2C200&ssl=1","width":350,"height":200,"srcset":"https:\/\/i0.wp.com\/lasprimeras.com.do\/wp-content\/uploads\/2023\/06\/preso-celda.jpg?resize=350%2C200&ssl=1 1x, https:\/\/i0.wp.com\/lasprimeras.com.do\/wp-content\/uploads\/2023\/06\/preso-celda.jpg?resize=525%2C300&ssl=1 1.5x, https:\/\/i0.wp.com\/lasprimeras.com.do\/wp-content\/uploads\/2023\/06\/preso-celda.jpg?resize=700%2C400&ssl=1 2x"},"classes":[]},{"id":70008,"url":"https:\/\/lasprimeras.com.do\/index.php\/2023\/12\/07\/apresan-antisocial-roba-relojes-de-alto-costo-y-tarjetas-bancarias-en-sde\/","url_meta":{"origin":91322,"position":5},"title":"Apresan antisocial roba relojes de alto costo y tarjetas bancarias en SDE","author":"Nelson Feliz","date":"7 de diciembre de 2023","format":false,"excerpt":"Por Mart\u00edn Restituyo Agentes policiales con asiento en el ensanche Naco, del Distrito Nacional, capturaron en el municipio Santo Domingo Este a un presunto delincuente se\u00f1alado como el responsable del robo de dos relojes de la marca Rolex y tarjetas de diversas entidades bancarias de las cuales fueron realizadas varios\u2026","rel":"","context":"En \u00abMILITARES\u00bb","block_context":{"text":"MILITARES","link":"https:\/\/lasprimeras.com.do\/index.php\/category\/militares\/"},"img":{"alt_text":"Relojes","src":"https:\/\/i0.wp.com\/lasprimeras.com.do\/wp-content\/uploads\/2023\/12\/Relojes.jpg?resize=350%2C200&ssl=1","width":350,"height":200,"srcset":"https:\/\/i0.wp.com\/lasprimeras.com.do\/wp-content\/uploads\/2023\/12\/Relojes.jpg?resize=350%2C200&ssl=1 1x, https:\/\/i0.wp.com\/lasprimeras.com.do\/wp-content\/uploads\/2023\/12\/Relojes.jpg?resize=525%2C300&ssl=1 1.5x, https:\/\/i0.wp.com\/lasprimeras.com.do\/wp-content\/uploads\/2023\/12\/Relojes.jpg?resize=700%2C400&ssl=1 2x"},"classes":[]}],"jetpack_sharing_enabled":true,"_links":{"self":[{"href":"https:\/\/lasprimeras.com.do\/index.php\/wp-json\/wp\/v2\/posts\/91322","targetHints":{"allow":["GET"]}}],"collection":[{"href":"https:\/\/lasprimeras.com.do\/index.php\/wp-json\/wp\/v2\/posts"}],"about":[{"href":"https:\/\/lasprimeras.com.do\/index.php\/wp-json\/wp\/v2\/types\/post"}],"author":[{"embeddable":true,"href":"https:\/\/lasprimeras.com.do\/index.php\/wp-json\/wp\/v2\/users\/2"}],"replies":[{"embeddable":true,"href":"https:\/\/lasprimeras.com.do\/index.php\/wp-json\/wp\/v2\/comments?post=91322"}],"version-history":[{"count":1,"href":"https:\/\/lasprimeras.com.do\/index.php\/wp-json\/wp\/v2\/posts\/91322\/revisions"}],"predecessor-version":[{"id":91323,"href":"https:\/\/lasprimeras.com.do\/index.php\/wp-json\/wp\/v2\/posts\/91322\/revisions\/91323"}],"wp:featuredmedia":[{"embeddable":true,"href":"https:\/\/lasprimeras.com.do\/index.php\/wp-json\/wp\/v2\/media\/91324"}],"wp:attachment":[{"href":"https:\/\/lasprimeras.com.do\/index.php\/wp-json\/wp\/v2\/media?parent=91322"}],"wp:term":[{"taxonomy":"category","embeddable":true,"href":"https:\/\/lasprimeras.com.do\/index.php\/wp-json\/wp\/v2\/categories?post=91322"},{"taxonomy":"post_tag","embeddable":true,"href":"https:\/\/lasprimeras.com.do\/index.php\/wp-json\/wp\/v2\/tags?post=91322"}],"curies":[{"name":"wp","href":"https:\/\/api.w.org\/{rel}","templated":true}]}}