{"id":91333,"date":"2024-11-17T22:07:37","date_gmt":"2024-11-18T02:07:37","guid":{"rendered":"https:\/\/lasprimeras.com.do\/?p=91333"},"modified":"2024-11-17T22:07:39","modified_gmt":"2024-11-18T02:07:39","slug":"siete-personas-resultan-ilesa-tras-volcarse-jeepeta-en-que-viajaban-en-barahona","status":"publish","type":"post","link":"https:\/\/lasprimeras.com.do\/index.php\/2024\/11\/17\/siete-personas-resultan-ilesa-tras-volcarse-jeepeta-en-que-viajaban-en-barahona\/","title":{"rendered":"Siete personas resultan ilesa tras volcarse jeepeta en que viajaban en Barahona"},"content":{"rendered":"\n<p>Un accidente de tr\u00e1nsito ocurrido en la carretera Barahona-El Pe\u00f1\u00f3n que dej\u00f3 como saldo una yipeta volcada, pero afortunadamente, todos sus ocupantes salieron ilesos.<\/p>\n\n\n\n<p>El incidente involucr\u00f3 a siete personas, entre ellos dos menores de edad, que se dirig\u00edan a Neiba tras pasar el d\u00eda en Barahona.<\/p>\n\n\n\n<p>El accidente ocurri\u00f3 cuando el conductor de la yipeta, una Mitsubishi azul, perdi\u00f3 el control del veh\u00edculo al intentar esquivar a un motorista que se atraves\u00f3 en la v\u00eda, seg\u00fan relataron testigos.<\/p>\n\n\n\n<p>El veh\u00edculo termin\u00f3 en una zanja de regad\u00edo perteneciente al CAC, sin que se registraran heridos de gravedad.<\/p>\n\n\n\n<p>Los ocupantes del veh\u00edculo eran el chofer, cuatro mujeres, una ni\u00f1a y un ni\u00f1o, quienes, a pesar del fuerte impacto, no sufrieron lesiones considerables y lograron salir por sus propios medios.<\/p>\n\n\n\n<p>Una de las mujeres que viajaba en la yipeta explic\u00f3 a medios locales que el conductor reaccion\u00f3 r\u00e1pidamente para evitar atropellar al motorista, lo que desencaden\u00f3 el accidente.<\/p>\n\n\n\n<p>Este tramo de la carretera Barahona-El Pe\u00f1\u00f3n es conocido por sus curvas peligrosas y la frecuente presencia de motoristas, lo que aumenta el riesgo de accidentes.<\/p>\n\n\n\n<p>Los residentes y conductores que transitan regularmente por esta ruta hacen un llamado a las autoridades para incrementar la se\u00f1alizaci\u00f3n y medidas de seguridad vial, con el fin de prevenir futuros incidentes.<\/p>\n\n\n\n<p>Las autoridades investigan las circunstancias del accidente para esclarecer los hechos y determinar si hubo alg\u00fan tipo de imprudencia o negligencia por parte del motorista o del conductor del veh\u00edculo.<\/p>\n\n\n\n<p>Fuente www.surinformard.com.do<\/p>\n","protected":false},"excerpt":{"rendered":"<p>Un accidente de tr\u00e1nsito ocurrido en la carretera Barahona-El Pe\u00f1\u00f3n que dej\u00f3 como saldo una yipeta volcada, pero afortunadamente, todos sus ocupantes salieron ilesos. El incidente involucr\u00f3 a siete personas,&hellip;<\/p>\n","protected":false},"author":2,"featured_media":91334,"comment_status":"open","ping_status":"open","sticky":false,"template":"","format":"standard","meta":{"content-type":"","jetpack_post_was_ever_published":false,"_jetpack_newsletter_access":"","_jetpack_dont_email_post_to_subs":false,"_jetpack_newsletter_tier_id":0,"_jetpack_memberships_contains_paywalled_content":false,"_jetpack_memberships_contains_paid_content":false,"footnotes":""},"categories":[35],"tags":[16430,265,234,16431,3904],"class_list":["post-91333","post","type-post","status-publish","format-standard","has-post-thumbnail","hentry","category-nacionales","tag-accidenta","tag-barahona","tag-carretera","tag-el-penon","tag-jeepeta"],"jetpack_featured_media_url":"https:\/\/lasprimeras.com.do\/wp-content\/uploads\/2024\/11\/JEEP.jpeg","jetpack-related-posts":[{"id":125712,"url":"https:\/\/lasprimeras.com.do\/index.php\/2026\/03\/25\/patana-aplasta-yipeta-en-el-km-9-de-la-autopista-duarte-conductor-sale-ileso\/","url_meta":{"origin":91333,"position":0},"title":"Patana aplasta yipeta en el KM 9 de la Autopista Duarte; conductor sale ileso","author":"Nelson Feliz","date":"25 de marzo de 2026","format":false,"excerpt":"Por Abd\u00edas Estrella Un aparatoso accidente de tr\u00e1nsito se registr\u00f3 la tarde de este mi\u00e9rcoles en el kil\u00f3metro 9 de la Autopista Duarte, espec\u00edficamente en la entrada de Villa Marina, sector Los R\u00edos, cuando un cami\u00f3n de carga (patana) cargado de barras de hierro se volc\u00f3 sobre una yipeta. El\u2026","rel":"","context":"En \u00abNACIONALES\u00bb","block_context":{"text":"NACIONALES","link":"https:\/\/lasprimeras.com.do\/index.php\/category\/nacionales\/"},"img":{"alt_text":"","src":"https:\/\/i0.wp.com\/lasprimeras.com.do\/wp-content\/uploads\/2026\/03\/port.jpg?resize=350%2C200&ssl=1","width":350,"height":200,"srcset":"https:\/\/i0.wp.com\/lasprimeras.com.do\/wp-content\/uploads\/2026\/03\/port.jpg?resize=350%2C200&ssl=1 1x, https:\/\/i0.wp.com\/lasprimeras.com.do\/wp-content\/uploads\/2026\/03\/port.jpg?resize=525%2C300&ssl=1 1.5x, https:\/\/i0.wp.com\/lasprimeras.com.do\/wp-content\/uploads\/2026\/03\/port.jpg?resize=700%2C400&ssl=1 2x"},"classes":[]},{"id":66483,"url":"https:\/\/lasprimeras.com.do\/index.php\/2023\/11\/07\/vuelco-de-minibus-tras-choque-con-yipeta-deja-varios-heridos-en-distrito-nacional\/","url_meta":{"origin":91333,"position":1},"title":"Vuelco de minib\u00fas tras choque con yipeta deja varios heridos en Distrito Nacional","author":"Nelson Feliz","date":"7 de noviembre de 2023","format":false,"excerpt":"Unidades del 9-1-1 trasladaron a siete de los lesionados a varios centros de salud. Varias personas resultaron heridas la ma\u00f1ana de este martes durante un accidente de tr\u00e1nsito en el que un minib\u00fas de pasajeros se volc\u00f3, despu\u00e9s de colisionar con una yipeta en el ensanche Julieta, Distrito Nacional. Los\u2026","rel":"","context":"En \u00abNACIONALES\u00bb","block_context":{"text":"NACIONALES","link":"https:\/\/lasprimeras.com.do\/index.php\/category\/nacionales\/"},"img":{"alt_text":"El minib\u00fas se volc\u00f3 tras chocar con la yipeta","src":"https:\/\/i0.wp.com\/lasprimeras.com.do\/wp-content\/uploads\/2023\/11\/El-minibus-se-volco-tras-chocar-con-la-yipeta.jpeg?resize=350%2C200&ssl=1","width":350,"height":200},"classes":[]},{"id":92291,"url":"https:\/\/lasprimeras.com.do\/index.php\/2025\/01\/01\/cuatro-personas-heridas-al-deslizarse-vehiculo-en-la-carretera-el-seibo-hato-mayor\/","url_meta":{"origin":91333,"position":2},"title":"Cuatro personas heridas al deslizarse veh\u00edculo en la carretera El Seibo-Hato Mayor","author":"Nelson Feliz","date":"1 de enero de 2025","format":false,"excerpt":"Un beb\u00e9 de un mes entre los lesionados. Por Irentoni Vega@viphatomayor Al menos cuatro personas resultaron heridas, entre ellas un beb\u00e9 de un mes y 12 d\u00edas de nacido, tras deslizarse una yipeta en la altura del Km\/7 de la carretera El Seibo-Hato Mayor, pr\u00f3ximo al Club Gall\u00edstico. Los lesionados\u2026","rel":"","context":"En \u00abNACIONALES\u00bb","block_context":{"text":"NACIONALES","link":"https:\/\/lasprimeras.com.do\/index.php\/category\/nacionales\/"},"img":{"alt_text":"","src":"https:\/\/i0.wp.com\/lasprimeras.com.do\/wp-content\/uploads\/2025\/01\/dos.jpg?resize=350%2C200&ssl=1","width":350,"height":200,"srcset":"https:\/\/i0.wp.com\/lasprimeras.com.do\/wp-content\/uploads\/2025\/01\/dos.jpg?resize=350%2C200&ssl=1 1x, https:\/\/i0.wp.com\/lasprimeras.com.do\/wp-content\/uploads\/2025\/01\/dos.jpg?resize=525%2C300&ssl=1 1.5x, https:\/\/i0.wp.com\/lasprimeras.com.do\/wp-content\/uploads\/2025\/01\/dos.jpg?resize=700%2C400&ssl=1 2x"},"classes":[]},{"id":85179,"url":"https:\/\/lasprimeras.com.do\/index.php\/2024\/06\/25\/accidente-de-transito-deja-tres-muertos-en-barahona\/","url_meta":{"origin":91333,"position":3},"title":"Accidente de tr\u00e1nsito deja tres muertos en Barahona","author":"Nelson Feliz","date":"25 de junio de 2024","format":false,"excerpt":"Al menos tres personas resultaron muertas y otras cuatro resultaron heridas en un aparatoso accidente de tr\u00e1nsito ocurrido la noche de este lunes a la salida de la zona costera de esta provincia Barahona. Los fallecidos fueron identificados como Lisandro Cuello, miembro de la Armda de la Rep\u00fablica Dominicana (ARD),\u2026","rel":"","context":"En \u00abNACIONALES\u00bb","block_context":{"text":"NACIONALES","link":"https:\/\/lasprimeras.com.do\/index.php\/category\/nacionales\/"},"img":{"alt_text":"","src":"https:\/\/i0.wp.com\/lasprimeras.com.do\/wp-content\/uploads\/2024\/06\/accidentetrafico-750x375-1.jpg?resize=350%2C200&ssl=1","width":350,"height":200,"srcset":"https:\/\/i0.wp.com\/lasprimeras.com.do\/wp-content\/uploads\/2024\/06\/accidentetrafico-750x375-1.jpg?resize=350%2C200&ssl=1 1x, https:\/\/i0.wp.com\/lasprimeras.com.do\/wp-content\/uploads\/2024\/06\/accidentetrafico-750x375-1.jpg?resize=525%2C300&ssl=1 1.5x, https:\/\/i0.wp.com\/lasprimeras.com.do\/wp-content\/uploads\/2024\/06\/accidentetrafico-750x375-1.jpg?resize=700%2C400&ssl=1 2x"},"classes":[]},{"id":79624,"url":"https:\/\/lasprimeras.com.do\/index.php\/2024\/03\/29\/barahona-dos-heridos-de-bala-y-dos-en-accidentes-durante-asueto-de-semana-santa\/","url_meta":{"origin":91333,"position":4},"title":"Barahona: Dos heridos de bala y dos en accidentes durante asueto de Semana Santa","author":"Nelson Feliz","date":"29 de marzo de 2024","format":false,"excerpt":"BENNY RODR\u00cdGUEZ Varios hechos sangrientos se han registrado durante este asueto de Semana Santa en Barahona, donde dos personas resultaron heridas de bala y dos en accidente de tr\u00e1nsito. La madrugada de este Viernes Santo, en que el mundo cat\u00f3lico conmemora la muerte de Jesucristo, el Distrito Municipal Villa Central\u2026","rel":"","context":"En \u00abNACIONALES\u00bb","block_context":{"text":"NACIONALES","link":"https:\/\/lasprimeras.com.do\/index.php\/category\/nacionales\/"},"img":{"alt_text":"","src":"","width":0,"height":0},"classes":[]},{"id":84277,"url":"https:\/\/lasprimeras.com.do\/index.php\/2024\/06\/04\/tres-muertos-y-siete-heridos-en-accidente-multiple-en-sosua-puerto-plata\/","url_meta":{"origin":91333,"position":5},"title":"Tres muertos y siete heridos en accidente m\u00faltiple en Sos\u00faa, Puerto Plata","author":"Nelson Feliz","date":"4 de junio de 2024","format":false,"excerpt":"EDGAR LANTIGUA PUERTO PLATA, RD.-. Tres personas perdieron la vida y siete resultaron heridas en un accidente ocurrido la noche del lunes en la carretera Sos\u00faa-Cabarete, en Puerto Plata, que involucra a tres veh\u00edculos. Los fallecidos son Fredy Garc\u00eda Francisco, de 48 a\u00f1os, quien conduc\u00eda el carro Hyundai N20, de\u2026","rel":"","context":"En \u00abSin categor\u00eda\u00bb","block_context":{"text":"Sin categor\u00eda","link":"https:\/\/lasprimeras.com.do\/index.php\/category\/sin-categoria\/"},"img":{"alt_text":"","src":"https:\/\/i0.wp.com\/lasprimeras.com.do\/wp-content\/uploads\/2024\/06\/accidente.jpeg?resize=350%2C200&ssl=1","width":350,"height":200,"srcset":"https:\/\/i0.wp.com\/lasprimeras.com.do\/wp-content\/uploads\/2024\/06\/accidente.jpeg?resize=350%2C200&ssl=1 1x, https:\/\/i0.wp.com\/lasprimeras.com.do\/wp-content\/uploads\/2024\/06\/accidente.jpeg?resize=525%2C300&ssl=1 1.5x, https:\/\/i0.wp.com\/lasprimeras.com.do\/wp-content\/uploads\/2024\/06\/accidente.jpeg?resize=700%2C400&ssl=1 2x"},"classes":[]}],"jetpack_sharing_enabled":true,"_links":{"self":[{"href":"https:\/\/lasprimeras.com.do\/index.php\/wp-json\/wp\/v2\/posts\/91333","targetHints":{"allow":["GET"]}}],"collection":[{"href":"https:\/\/lasprimeras.com.do\/index.php\/wp-json\/wp\/v2\/posts"}],"about":[{"href":"https:\/\/lasprimeras.com.do\/index.php\/wp-json\/wp\/v2\/types\/post"}],"author":[{"embeddable":true,"href":"https:\/\/lasprimeras.com.do\/index.php\/wp-json\/wp\/v2\/users\/2"}],"replies":[{"embeddable":true,"href":"https:\/\/lasprimeras.com.do\/index.php\/wp-json\/wp\/v2\/comments?post=91333"}],"version-history":[{"count":1,"href":"https:\/\/lasprimeras.com.do\/index.php\/wp-json\/wp\/v2\/posts\/91333\/revisions"}],"predecessor-version":[{"id":91335,"href":"https:\/\/lasprimeras.com.do\/index.php\/wp-json\/wp\/v2\/posts\/91333\/revisions\/91335"}],"wp:featuredmedia":[{"embeddable":true,"href":"https:\/\/lasprimeras.com.do\/index.php\/wp-json\/wp\/v2\/media\/91334"}],"wp:attachment":[{"href":"https:\/\/lasprimeras.com.do\/index.php\/wp-json\/wp\/v2\/media?parent=91333"}],"wp:term":[{"taxonomy":"category","embeddable":true,"href":"https:\/\/lasprimeras.com.do\/index.php\/wp-json\/wp\/v2\/categories?post=91333"},{"taxonomy":"post_tag","embeddable":true,"href":"https:\/\/lasprimeras.com.do\/index.php\/wp-json\/wp\/v2\/tags?post=91333"}],"curies":[{"name":"wp","href":"https:\/\/api.w.org\/{rel}","templated":true}]}}