{"id":91345,"date":"2024-11-18T23:02:23","date_gmt":"2024-11-19T03:02:23","guid":{"rendered":"https:\/\/lasprimeras.com.do\/?p=91345"},"modified":"2024-11-18T23:02:24","modified_gmt":"2024-11-19T03:02:24","slug":"el-canciller-gil-dice-que-borrell-estuvo-cinco-anos-tratando-de-hacer-dano-a-venezuela","status":"publish","type":"post","link":"https:\/\/lasprimeras.com.do\/index.php\/2024\/11\/18\/el-canciller-gil-dice-que-borrell-estuvo-cinco-anos-tratando-de-hacer-dano-a-venezuela\/","title":{"rendered":"El canciller Gil dice que Borrell estuvo cinco a\u00f1os tratando de &#8220;hacer da\u00f1o&#8221; a Venezuela"},"content":{"rendered":"\n<p>Caracas, (EFE).- El canciller de Venezuela, Yv\u00e1n Gil, asegur\u00f3 este lunes que el alto representante de la Uni\u00f3n Europea (UE) para Asuntos Exteriores y Seguridad, Josep Borrell, estuvo cinco a\u00f1os de su mandato tratando de &#8220;mentir y hacer da\u00f1o&#8221; a la naci\u00f3n caribe\u00f1a.<\/p>\n\n\n\n<p>&#8220;Se va Borrell de la UE, despu\u00e9s de 5 a\u00f1os tratando de mentir y hacer da\u00f1o a Venezuela, inspirado en su viejo pensamiento colonialista&#8221;, escribi\u00f3 Gil en un mensaje publicado en Telegram.<\/p>\n\n\n\n<p>El canciller sostuvo que el funcionario europeo termina su labor &#8220;con m\u00e1s mentiras&#8221; sobre Venezuela, &#8220;acomplejado por sus derrotas, las hist\u00f3ricas contra el imperio europeo y las recientes propinadas por la revoluci\u00f3n bolivariana&#8221;.<\/p>\n\n\n\n<p>Este lunes, Borrell celebr\u00f3 la excarcelaci\u00f3n de los considerados &#8220;presos pol\u00edticos&#8221; en Venezuela y asegur\u00f3 que la UE seguir\u00e1 pidiendo la libertad de todos aquellos que siguen encarcelados, en especial los que son ciudadanos europeos.<\/p>\n\n\n\n<p>&#8220;La buena noticia es que las autoridades de Venezuela, el Gobierno de Maduro, ha liberado hoy a un n\u00famero relevante de prisioneros pol\u00edticos&#8221;, afirm\u00f3 el jefe de la diplomacia europea en una rueda de prensa posterior a la reuni\u00f3n de ministros de Asuntos Exteriores del bloque comunitario.<\/p>\n\n\n\n<p>Los Veintisiete abordaron en su reuni\u00f3n la &#8220;situaci\u00f3n pol\u00edtica&#8221; en Venezuela y mantuvieron su &#8220;unidad&#8221; en el no reconocimiento de Nicol\u00e1s Maduro como presidente leg\u00edtimo y elegido democr\u00e1ticamente del pa\u00eds, explic\u00f3 Borrell, que ha presidido, salvo sorpresa, su \u00faltima reuni\u00f3n de titulares de Exteriores de la UE.<\/p>\n\n\n\n<p>&#8220;La Uni\u00f3n Europea sigue unida en su rechazo al reconocimiento de Maduro como un presidente elegido democr\u00e1ticamente y por lo tanto, neg\u00e1ndole la legitimidad que tendr\u00eda si hubiese ganado las elecciones limpiamente&#8221;, indic\u00f3.<\/p>\n\n\n\n<p>El jefe de la diplomacia europea a\u00f1adi\u00f3 que los Veintisiete &#8220;seguir\u00e1n trabajando en revisar el sistema de sanciones&#8221; para que &#8220;no se aplique sobre el pueblo de Venezuela sino sobre sus l\u00edderes y al Gobierno&#8221;.<\/p>\n\n\n\n<p>Fuente Agencia EFE<\/p>\n","protected":false},"excerpt":{"rendered":"<p>Caracas, (EFE).- El canciller de Venezuela, Yv\u00e1n Gil, asegur\u00f3 este lunes que el alto representante de la Uni\u00f3n Europea (UE) para Asuntos Exteriores y Seguridad, Josep Borrell, estuvo cinco a\u00f1os&hellip;<\/p>\n","protected":false},"author":2,"featured_media":91346,"comment_status":"open","ping_status":"open","sticky":false,"template":"","format":"standard","meta":{"content-type":"","jetpack_post_was_ever_published":false,"_jetpack_newsletter_access":"","_jetpack_dont_email_post_to_subs":false,"_jetpack_newsletter_tier_id":0,"_jetpack_memberships_contains_paywalled_content":false,"_jetpack_memberships_contains_paid_content":false,"footnotes":""},"categories":[16289],"tags":[1237,16435,1729,420,16434],"class_list":["post-91345","post","type-post","status-publish","format-standard","has-post-thumbnail","hentry","category-internacionales","tag-canciller","tag-hacer-dano","tag-josep-borrell","tag-venezuela","tag-yvan-gil"],"jetpack_featured_media_url":"https:\/\/lasprimeras.com.do\/wp-content\/uploads\/2024\/11\/Yvan-Gil.jpg","jetpack-related-posts":[{"id":86988,"url":"https:\/\/lasprimeras.com.do\/index.php\/2024\/08\/05\/maduro-ataca-a-la-ue-por-no-reconocer-los-resultados-en-venezuela-por-la-falta-de-pruebas-que-los-respalden\/","url_meta":{"origin":91345,"position":0},"title":"Maduro ataca a la UE por no reconocer los resultados en Venezuela por la falta de \u201cpruebas que los respalden\u201d","author":"Nelson Feliz","date":"5 de agosto de 2024","format":false,"excerpt":"\u201cLa Uni\u00f3n Europea saca su cantaleta, la misma Uni\u00f3n Europea que reconoci\u00f3 a (Juan) Guaid\u00f3, una verg\u00fcenza la Uni\u00f3n Europea, el se\u00f1or Borrell es una verg\u00fcenza, es una verg\u00fcenza que llev\u00f3 a Ucrania a una guerra y ahora se lava las manos\u201d, ha expresado el presidente. Por Newsroom Infobae \u201cLa\u2026","rel":"","context":"En \u00abSin categor\u00eda\u00bb","block_context":{"text":"Sin categor\u00eda","link":"https:\/\/lasprimeras.com.do\/index.php\/category\/sin-categoria\/"},"img":{"alt_text":"Nicolas Maduro","src":"https:\/\/i0.wp.com\/lasprimeras.com.do\/wp-content\/uploads\/2024\/08\/Nicolas-Maduro-1.png?resize=350%2C200&ssl=1","width":350,"height":200,"srcset":"https:\/\/i0.wp.com\/lasprimeras.com.do\/wp-content\/uploads\/2024\/08\/Nicolas-Maduro-1.png?resize=350%2C200&ssl=1 1x, https:\/\/i0.wp.com\/lasprimeras.com.do\/wp-content\/uploads\/2024\/08\/Nicolas-Maduro-1.png?resize=525%2C300&ssl=1 1.5x, https:\/\/i0.wp.com\/lasprimeras.com.do\/wp-content\/uploads\/2024\/08\/Nicolas-Maduro-1.png?resize=700%2C400&ssl=1 2x"},"classes":[]},{"id":88169,"url":"https:\/\/lasprimeras.com.do\/index.php\/2024\/08\/23\/la-ue-no-reconocera-la-presidencia-de-maduro-hasta-que-no-se-verifiquen-las-actas\/","url_meta":{"origin":91345,"position":1},"title":"La UE no reconocer\u00e1 la presidencia de Maduro hasta que no se verifiquen las actas","author":"Nelson Feliz","date":"23 de agosto de 2024","format":false,"excerpt":"Santander, (EFE).- El alto representante de la Uni\u00f3n Europea para Asuntos Exteriores y Pol\u00edtica de Seguridad, Josep Borell, ha avanzado este viernes que la UE no reconocer\u00e1 a Nicol\u00e1s Maduro como presidente de Venezuela hasta que no se entreguen y puedan ser verificadas las actas electorales. \"Y mientras no veamos\u2026","rel":"","context":"En \u00abSin categor\u00eda\u00bb","block_context":{"text":"Sin categor\u00eda","link":"https:\/\/lasprimeras.com.do\/index.php\/category\/sin-categoria\/"},"img":{"alt_text":"Josep Borell","src":"https:\/\/i0.wp.com\/lasprimeras.com.do\/wp-content\/uploads\/2024\/08\/Josep-Borell.jpg?resize=350%2C200&ssl=1","width":350,"height":200,"srcset":"https:\/\/i0.wp.com\/lasprimeras.com.do\/wp-content\/uploads\/2024\/08\/Josep-Borell.jpg?resize=350%2C200&ssl=1 1x, https:\/\/i0.wp.com\/lasprimeras.com.do\/wp-content\/uploads\/2024\/08\/Josep-Borell.jpg?resize=525%2C300&ssl=1 1.5x, https:\/\/i0.wp.com\/lasprimeras.com.do\/wp-content\/uploads\/2024\/08\/Josep-Borell.jpg?resize=700%2C400&ssl=1 2x"},"classes":[]},{"id":113520,"url":"https:\/\/lasprimeras.com.do\/index.php\/2025\/11\/03\/ue-destina-215-millones-a-venezuela-y-haiti-por-la-crisis-humanitaria-y-al-caribe-por-el-huracan-melissa\/","url_meta":{"origin":91345,"position":2},"title":"UE destina 21,5 millones a Venezuela y Hait\u00ed por la crisis humanitaria y al Caribe por el hurac\u00e1n Melissa","author":"Nelson Feliz","date":"3 de noviembre de 2025","format":false,"excerpt":"Bruselas.- La Uni\u00f3n Europea (UE) anunci\u00f3 este lunes la asignaci\u00f3n de otros 21,5 millones de euros ante el agravamiento de la crisis humanitaria en Venezuela y Hait\u00ed y a pa\u00edses del Caribe afectados por el paso del hurac\u00e1n Melissa. La financiaci\u00f3n ayudar\u00e1 a los socios humanitarios de la UE a\u2026","rel":"","context":"En \u00abECONOM\u00cdA\u00bb","block_context":{"text":"ECONOM\u00cdA","link":"https:\/\/lasprimeras.com.do\/index.php\/category\/economia\/"},"img":{"alt_text":"","src":"https:\/\/i0.wp.com\/lasprimeras.com.do\/wp-content\/uploads\/2025\/11\/Diseno-sin-titulo-2.jpg?resize=350%2C200&ssl=1","width":350,"height":200,"srcset":"https:\/\/i0.wp.com\/lasprimeras.com.do\/wp-content\/uploads\/2025\/11\/Diseno-sin-titulo-2.jpg?resize=350%2C200&ssl=1 1x, https:\/\/i0.wp.com\/lasprimeras.com.do\/wp-content\/uploads\/2025\/11\/Diseno-sin-titulo-2.jpg?resize=525%2C300&ssl=1 1.5x, https:\/\/i0.wp.com\/lasprimeras.com.do\/wp-content\/uploads\/2025\/11\/Diseno-sin-titulo-2.jpg?resize=700%2C400&ssl=1 2x"},"classes":[]},{"id":50112,"url":"https:\/\/lasprimeras.com.do\/index.php\/2023\/05\/17\/india-responde-al-llamamiento-de-borrell-a-restringir-la-venta-de-combustible-producido-con-crudo-ruso\/","url_meta":{"origin":91345,"position":3},"title":"India responde al llamamiento de Borrell a restringir la venta de combustible producido con crudo ruso","author":"prenxa100","date":"17 de mayo de 2023","format":false,"excerpt":"El jefe de la diplomacia comunitaria afirma que vender en Europa productos derivados del petr\u00f3leo elaborados con crudo ruso constituye \"una elusi\u00f3n de las sanciones\". India, RT.-.El ministro de Asuntos Exteriores de la India, Subrahmanyam Jaishankar, coment\u00f3 este martes las declaraciones del alto representante de la Uni\u00f3n Europea para Asuntos\u2026","rel":"","context":"En \u00abSin categor\u00eda\u00bb","block_context":{"text":"Sin categor\u00eda","link":"https:\/\/lasprimeras.com.do\/index.php\/category\/sin-categoria\/"},"img":{"alt_text":"","src":"","width":0,"height":0},"classes":[]},{"id":51016,"url":"https:\/\/lasprimeras.com.do\/index.php\/2023\/05\/26\/borrell-insta-cuba-iniciar-proceso-aperturas-economicas-y-sociales\/","url_meta":{"origin":91345,"position":4},"title":"Borrell insta Cuba iniciar proceso aperturas econ\u00f3micas y sociales","author":"prenxa100","date":"26 de mayo de 2023","format":false,"excerpt":"Bruselas,EUROPA PRESS.-.El Alto Representante de la Uni\u00f3n Europea para Pol\u00edtica Exterior, Josep Borrell, ha instado este jueves a Cuba a reforzar los v\u00ednculos con Bruselas, en el marco de las consecuencias generadas tras la invasi\u00f3n rusa de Ucrania. \u00abNuestro deseo es acompa\u00f1ar a Cuba en su proceso de apertura de\u2026","rel":"","context":"En \u00abSin categor\u00eda\u00bb","block_context":{"text":"Sin categor\u00eda","link":"https:\/\/lasprimeras.com.do\/index.php\/category\/sin-categoria\/"},"img":{"alt_text":"","src":"","width":0,"height":0},"classes":[]},{"id":69451,"url":"https:\/\/lasprimeras.com.do\/index.php\/2023\/12\/03\/iran-advierte-que-el-conflicto-en-gaza-podria-expandirse-si-no-se-pone-fin-a-los-crimenes-de-guerra-israelies\/","url_meta":{"origin":91345,"position":5},"title":"Ir\u00e1n advierte que el conflicto en Gaza podr\u00eda expandirse si no se pone fin a los &#8220;cr\u00edmenes de guerra&#8221; israel\u00edes","author":"Nelson Feliz","date":"3 de diciembre de 2023","format":false,"excerpt":"En una conversaci\u00f3n telef\u00f3nica, el canciller iran\u00ed y el alto representante de la UE para Asuntos Exteriores y Pol\u00edtica de Seguridad se\u00f1alaron la necesidad de poner fin a las hostilidades en Gaza lo antes posible. El ministro de Asuntos Exteriores iran\u00ed, Hossein Amir Abdollahian, en una conversaci\u00f3n telef\u00f3nica con el\u2026","rel":"","context":"En \u00abSin categor\u00eda\u00bb","block_context":{"text":"Sin categor\u00eda","link":"https:\/\/lasprimeras.com.do\/index.php\/category\/sin-categoria\/"},"img":{"alt_text":"La Franja de Gaza tras los bombardeos israel\u00edes, el 3 de diciembre de 2023.","src":"https:\/\/i0.wp.com\/lasprimeras.com.do\/wp-content\/uploads\/2023\/12\/bombardeos-israelies.jpg?resize=350%2C200&ssl=1","width":350,"height":200,"srcset":"https:\/\/i0.wp.com\/lasprimeras.com.do\/wp-content\/uploads\/2023\/12\/bombardeos-israelies.jpg?resize=350%2C200&ssl=1 1x, https:\/\/i0.wp.com\/lasprimeras.com.do\/wp-content\/uploads\/2023\/12\/bombardeos-israelies.jpg?resize=525%2C300&ssl=1 1.5x, https:\/\/i0.wp.com\/lasprimeras.com.do\/wp-content\/uploads\/2023\/12\/bombardeos-israelies.jpg?resize=700%2C400&ssl=1 2x"},"classes":[]}],"jetpack_sharing_enabled":true,"_links":{"self":[{"href":"https:\/\/lasprimeras.com.do\/index.php\/wp-json\/wp\/v2\/posts\/91345","targetHints":{"allow":["GET"]}}],"collection":[{"href":"https:\/\/lasprimeras.com.do\/index.php\/wp-json\/wp\/v2\/posts"}],"about":[{"href":"https:\/\/lasprimeras.com.do\/index.php\/wp-json\/wp\/v2\/types\/post"}],"author":[{"embeddable":true,"href":"https:\/\/lasprimeras.com.do\/index.php\/wp-json\/wp\/v2\/users\/2"}],"replies":[{"embeddable":true,"href":"https:\/\/lasprimeras.com.do\/index.php\/wp-json\/wp\/v2\/comments?post=91345"}],"version-history":[{"count":1,"href":"https:\/\/lasprimeras.com.do\/index.php\/wp-json\/wp\/v2\/posts\/91345\/revisions"}],"predecessor-version":[{"id":91347,"href":"https:\/\/lasprimeras.com.do\/index.php\/wp-json\/wp\/v2\/posts\/91345\/revisions\/91347"}],"wp:featuredmedia":[{"embeddable":true,"href":"https:\/\/lasprimeras.com.do\/index.php\/wp-json\/wp\/v2\/media\/91346"}],"wp:attachment":[{"href":"https:\/\/lasprimeras.com.do\/index.php\/wp-json\/wp\/v2\/media?parent=91345"}],"wp:term":[{"taxonomy":"category","embeddable":true,"href":"https:\/\/lasprimeras.com.do\/index.php\/wp-json\/wp\/v2\/categories?post=91345"},{"taxonomy":"post_tag","embeddable":true,"href":"https:\/\/lasprimeras.com.do\/index.php\/wp-json\/wp\/v2\/tags?post=91345"}],"curies":[{"name":"wp","href":"https:\/\/api.w.org\/{rel}","templated":true}]}}